{"id":1561,"date":"2017-11-27T17:00:28","date_gmt":"2017-11-27T16:00:28","guid":{"rendered":"http:\/\/www.daler.ch\/centres-du-sein-et-de-la-prostate\/"},"modified":"2017-12-05T14:34:52","modified_gmt":"2017-12-05T13:34:52","slug":"centres-du-sein-et-de-la-prostate","status":"publish","type":"post","link":"https:\/\/daler.ch\/de\/centres-du-sein-et-de-la-prostate\/","title":{"rendered":"Qualit\u00e4tslabel f\u00fcr das Brustzentrum Freiburg und das Prostatazentrum Freiburg"},"content":{"rendered":"<p><em>Nach mehrj\u00e4hrigen Vorarbeiten sind das Brustzentrum Freiburg sowie das Prostatazentrum Freiburg mit den Qualit\u00e4tslabels der Krebsliga Schweiz bzw. der Deutschen Krebsgesellschaft (DKG) ausgezeichnet worden. Beide Zentren entstanden aus einer engen Zusammenarbeit zwischen dem Daler-Spital und dem freiburger spital (HFR). Die Zertifizierungen zeugen von der hohen Qualit\u00e4t der multidisziplin\u00e4ren und institutions\u00fcbergreifenden Betreuung von Patientinnen und Patienten, die an Brustkrebs bzw. an Prostatakrebs leiden.<\/em><\/p>\n<p>Der Brust- und Prostatakrebs z\u00e4hlen zu den h\u00e4ufigsten Krebserkrankungen bei Frauen und M\u00e4nnern. J\u00e4hrlich wird in der Schweiz bei rund 5\u2018000 M\u00e4nnern Prostatakrebs diagnostiziert; rund 150 bis 200 davon im Kanton Freiburg. Bei den Frauen sind j\u00e4hrlich in der Schweiz rund 6\u2018050 Personen von der Diagnose \u201eBrustkrebs\u201c betroffen, davon rund 220 im Kanton Freiburg. Mit dem steigenden Lebensalter nimmt auch die Anzahl der betroffenen Patientinnen und Patienten zu. Ausgehend von diesen beunruhigenden Zahlen haben die Direktion f\u00fcr Gesundheit und Soziales, das freiburger spital (HFR) sowie das Daler-Spital 2012 beschlossen, allen Betroffenen eine qualitativ hochwertige Krebsbehandlung zu erm\u00f6glichen.<\/p>\n<p><img decoding=\"async\" class=\"alignnone size-full wp-image-1563\" src=\"https:\/\/daler.ch\/wp-content\/uploads\/2017\/11\/2017.11.27_daler_conference_presse_drop-202.jpg\" alt=\"\" width=\"4200\" height=\"2362\" srcset=\"https:\/\/daler.ch\/wp-content\/uploads\/2017\/11\/2017.11.27_daler_conference_presse_drop-202-200x112.jpg 200w, https:\/\/daler.ch\/wp-content\/uploads\/2017\/11\/2017.11.27_daler_conference_presse_drop-202-400x225.jpg 400w, https:\/\/daler.ch\/wp-content\/uploads\/2017\/11\/2017.11.27_daler_conference_presse_drop-202-600x337.jpg 600w, https:\/\/daler.ch\/wp-content\/uploads\/2017\/11\/2017.11.27_daler_conference_presse_drop-202-768x432.jpg 768w, https:\/\/daler.ch\/wp-content\/uploads\/2017\/11\/2017.11.27_daler_conference_presse_drop-202-800x450.jpg 800w, https:\/\/daler.ch\/wp-content\/uploads\/2017\/11\/2017.11.27_daler_conference_presse_drop-202-1200x675.jpg 1200w, https:\/\/daler.ch\/wp-content\/uploads\/2017\/11\/2017.11.27_daler_conference_presse_drop-202.jpg 4200w\" sizes=\"(max-width: 4200px) 100vw, 4200px\" \/><\/p>\n<p><strong>\u00d6ffentlich-private Partnerschaft in der Krebsbehandlung: ein Novum in der Schweiz<\/strong><br \/>\nDieser Entscheid l\u00e4utete eine schweizweit einzigartige \u00f6ffentlich-private Partnerschaft zwischen dem Daler-Spital und dem HFR ein: Erstmals entstand ein Brustzentrum sowie ein Prostatazentrum zwischen einem \u00f6ffentlichen und einem privaten Spital. Obwohl auf zwei Spit\u00e4ler verteilt, verfolgten beide Institutionen ein gemeinsames Ziel: den Freiburgerinnen und Freiburgern eine qualitativ hochstehende medizinische Betreuung zu bieten. Mit den beiden Zentren verf\u00fcgt der Kanton Freiburg in diesem Bereich \u00fcber Einrichtungen, die mit jenen in den benachbarten Kantonen mit Universit\u00e4tsspit\u00e4lern vergleichbar sind.<\/p>\n<p>Der Aufbau eines anerkannten Brust- und Prostatazentrums zwischen dem freiburger spital (HFR) und dem Daler-Spital dauerte mehrere Jahre. Heute werden die beiden Kompetenzzentren mit dem Erhalt des Qualit\u00e4tslabels der Krebsliga Schweiz und der Schweizerischen Gesellschaft f\u00fcr Senologie f\u00fcr das Brustzentrum bzw. der Zertifizierung durch die Deutsche Krebsgesellschaft (DKG) f\u00fcr das Prostatazentrum offiziell eingeweiht, unter Anwesenheit von Anne-Claude Demierre, Staatsr\u00e4tin und Direktorin f\u00fcr Gesundheit und Soziales sowie Vertretern des HFR und des Daler-Spitals. Die Qualit\u00e4tslabel sind eine Auszeichnung f\u00fcr eine hochstehende Betreuung, die sich auf mehrere Prinzipien st\u00fctzt: Zugang zur medizinischen Behandlung f\u00fcr alle Patientinnen und Patienten, konzentrierte und multidisziplin\u00e4re Betreuung, koordinierter Behandlungspfad mit garantierter Betreuung innert kurzer Frist und individualisierte Behandlung. Daneben verpflichten sich die beteiligten Spezialisten zur Teilnahme an klinischen Studien zu Forschungszwecken, zur Anwendung anerkannter klinischer Behandlungspfade, zu internen und externen Evaluationen sowie zur regelm\u00e4ssigen Fortbildung.<\/p>\n<p><strong>Interdisziplin\u00e4re Zusammenarbeit von Experten<\/strong><br \/>\nDie Behandlung von Brust- bzw. Prostatakrebs ist komplex und erfordert eine koordinierte Zusammenarbeit verschiedenster Spezialisten, und dies in allen Behandlungsphasen: Diagnostik, Behandlung und Nachbetreuung. Je nach Fall k\u00f6nnen bis zu einem Dutzend Spezialisten zur bestm\u00f6glichen Betreuung eines Patienten beteiligt sein, darunter Onkologen, Internisten, Urologen, Gyn\u00e4kologen, Chirurgen (inkl. Spezialisten f\u00fcr plastische Rekonstruktionschirurgie), Radioonkologen, Onko-Genetiker, Radiologen, Pathologen, Spezialisten der Nuklearmedizin und Palliativmediziner.<\/p>\n<p>Hinzu kommen Fachpersonen der Pflege, der Ern\u00e4hrungsberatung, Psychoonkologie und Patientenberatung. Zentraler Kern bildet das sogenannte Tumorboard, die w\u00f6chentliche Sitzung eines interdisziplin\u00e4ren Expertenteams, das zur Besprechung der verschiedenen F\u00e4lle dient. F\u00fcr jede Patientin und jeden Patienten wird ein Behandlungsplan nach ihren individuellen Bed\u00fcrfnissen festgelegt. S\u00e4mtliche Patientendossiers werden vor und nach der Behandlung besprochen, um die vollst\u00e4ndige Betreuung jedes Falls sicherzustellen und die Therapie bei Bedarf anzupassen. F\u00fcr Frauen, die an Brustkrebs erkrankt sind, steht ausserdem eine Breast Care Nurse zur Verf\u00fcgung: Sie unterst\u00fctzt die Frauen in allen Belangen w\u00e4hrend der ganzen Behandlung und \u00fcbernimmt die Koordination mit den verschiedenen Ansprechpartnern.<\/p>\n<p>F\u00fcr eine optimale Betreuung der Patientinnen und Patienten arbeiten die Spezialisten des Brust- und Prostatazentrums mit den vor- und nachgelagerten Gesundheitsversorgern zusammen, beispielsweise mit den Haus\u00e4rzten, den Universit\u00e4tsspit\u00e4lern in Bern (Inselspital) und Lausanne (CHUV), dem Interkantonalen Spital der Broye (HIB), der Krebsliga, psychosozialen Diensten und dem mobilen Palliative Care Team Voltigo.<\/p>\n<p><strong>Anstieg der behandelten F\u00e4lle<\/strong><br \/>\nSowohl das Brustzentrum wie auch das Prostatazentrum verzeichneten von Anfang an einen Anstieg der behandelten F\u00e4lle: Das Prostatazentrum registrierte 2015 knapp 135 F\u00e4lle; Ende Oktober 2017 kletterte die Zahl bereits auf \u00fcber 210 behandelter F\u00e4lle (2016: 208 F\u00e4lle). Im Brustzentrum liessen sich 2015 166 Frauen behandeln, Ende Oktober 2017 waren es bereits 161 Frauen (2016: 189 F\u00e4lle). Sowohl das Daler-Spital wie auch das HFR freuen sich, mit den beiden Zentren massgeblich zu einer optimalen Betreuung von Krebspatientinnen und \u2013patienten im Kanton Freiburg beizutragen. Die Zertifizierungen sind das Ergebnis einer gelungenen Zusammenarbeit, die gemeinsam das Wohl der Patientinnen und Patienten zum Ziel hat.<\/p>\n<p><strong>Information und Pr\u00e4vention<\/strong><br \/>\nUm die Bev\u00f6lkerung und Interessierte \u00fcber die Zentren und die Behandlungsm\u00f6glichkeiten zu informieren, haben das Daler-Spital und das HFR je eine Website aufgeschaltet:<\/p>\n<p><a href=\"http:\/\/www.centre-du-sein-fribourg.ch\/de\/\">http:\/\/www.centre-du-sein-fribourg.ch\/de\/<\/a><\/p>\n<p><a href=\"http:\/\/www.centre-de-la-prostate-fribourg.ch\/de\/\">http:\/\/www.centre-de-la-prostate-fribourg.ch\/de\/<\/a><\/p>\n","protected":false},"excerpt":{"rendered":"<p>Nach mehrj\u00e4hrigen Vorarbeiten sind das Brustzentrum Freiburg sowie das Prostatazentrum Freiburg mit den Qualit\u00e4tslabels der Krebsliga Schweiz bzw. der Deutschen Krebsgesellschaft (DKG) ausgezeichnet worden. Beide Zentren entstanden aus einer engen Zusammenarbeit zwischen dem Daler-Spital und dem freiburger spital (HFR). Die [&hellip;]<\/p>\n","protected":false},"author":13,"featured_media":1361,"comment_status":"closed","ping_status":"closed","sticky":false,"template":"","format":"standard","meta":{"footnotes":""},"categories":[2],"tags":[],"class_list":["post-1561","post","type-post","status-publish","format-standard","has-post-thumbnail","hentry","category-unkategorisiert"],"yoast_head":"<!-- This site is optimized with the Yoast SEO plugin v27.5 - https:\/\/yoast.com\/product\/yoast-seo-wordpress\/ -->\n<title>Qualit\u00e4tslabel f\u00fcr das Brustzentrum Freiburg und das Prostatazentrum Freiburg - Daler-Spital<\/title>\n<meta name=\"robots\" content=\"index, follow, max-snippet:-1, max-image-preview:large, max-video-preview:-1\" \/>\n<link rel=\"canonical\" href=\"https:\/\/daler.ch\/centres-du-sein-et-de-la-prostate\/\" \/>\n<meta property=\"og:locale\" content=\"de_DE\" \/>\n<meta property=\"og:type\" content=\"article\" \/>\n<meta property=\"og:title\" content=\"Qualit\u00e4tslabel f\u00fcr das Brustzentrum Freiburg und das Prostatazentrum Freiburg - Daler-Spital\" \/>\n<meta property=\"og:description\" content=\"Nach mehrj\u00e4hrigen Vorarbeiten sind das Brustzentrum Freiburg sowie das Prostatazentrum Freiburg mit den Qualit\u00e4tslabels der Krebsliga Schweiz bzw. der Deutschen Krebsgesellschaft (DKG) ausgezeichnet worden. Beide Zentren entstanden aus einer engen Zusammenarbeit zwischen dem Daler-Spital und dem freiburger spital (HFR). Die [&hellip;]\" \/>\n<meta property=\"og:url\" content=\"https:\/\/daler.ch\/centres-du-sein-et-de-la-prostate\/\" \/>\n<meta property=\"og:site_name\" content=\"Daler-Spital\" \/>\n<meta property=\"article:published_time\" content=\"2017-11-27T16:00:28+00:00\" \/>\n<meta property=\"article:modified_time\" content=\"2017-12-05T13:34:52+00:00\" \/>\n<meta property=\"og:image\" content=\"https:\/\/daler.ch\/wp-content\/uploads\/2017\/10\/Sein.jpg\" \/>\n\t<meta property=\"og:image:width\" content=\"1800\" \/>\n\t<meta property=\"og:image:height\" content=\"500\" \/>\n\t<meta property=\"og:image:type\" content=\"image\/jpeg\" \/>\n<meta name=\"author\" content=\"emblematik-daller\" \/>\n<meta name=\"twitter:card\" content=\"summary_large_image\" \/>\n<meta name=\"twitter:label1\" content=\"Verfasst von\" \/>\n\t<meta name=\"twitter:data1\" content=\"emblematik-daller\" \/>\n\t<meta name=\"twitter:label2\" content=\"Gesch\u00e4tzte Lesezeit\" \/>\n\t<meta name=\"twitter:data2\" content=\"4\u00a0Minuten\" \/>\n<script type=\"application\/ld+json\" class=\"yoast-schema-graph\">{\"@context\":\"https:\\\/\\\/schema.org\",\"@graph\":[{\"@type\":\"Article\",\"@id\":\"https:\\\/\\\/daler.ch\\\/centres-du-sein-et-de-la-prostate\\\/#article\",\"isPartOf\":{\"@id\":\"https:\\\/\\\/daler.ch\\\/centres-du-sein-et-de-la-prostate\\\/\"},\"author\":{\"name\":\"emblematik-daller\",\"@id\":\"https:\\\/\\\/daler.ch\\\/#\\\/schema\\\/person\\\/3efe34bd72d30c33193e0a6142fd126e\"},\"headline\":\"Qualit\u00e4tslabel f\u00fcr das Brustzentrum Freiburg und das Prostatazentrum Freiburg\",\"datePublished\":\"2017-11-27T16:00:28+00:00\",\"dateModified\":\"2017-12-05T13:34:52+00:00\",\"mainEntityOfPage\":{\"@id\":\"https:\\\/\\\/daler.ch\\\/centres-du-sein-et-de-la-prostate\\\/\"},\"wordCount\":791,\"image\":{\"@id\":\"https:\\\/\\\/daler.ch\\\/centres-du-sein-et-de-la-prostate\\\/#primaryimage\"},\"thumbnailUrl\":\"https:\\\/\\\/daler.ch\\\/wp-content\\\/uploads\\\/2017\\\/10\\\/Sein.jpg\",\"articleSection\":[\"Unkategorisiert\"],\"inLanguage\":\"de\"},{\"@type\":\"WebPage\",\"@id\":\"https:\\\/\\\/daler.ch\\\/centres-du-sein-et-de-la-prostate\\\/\",\"url\":\"https:\\\/\\\/daler.ch\\\/centres-du-sein-et-de-la-prostate\\\/\",\"name\":\"Qualit\u00e4tslabel f\u00fcr das Brustzentrum Freiburg und das Prostatazentrum Freiburg - Daler-Spital\",\"isPartOf\":{\"@id\":\"https:\\\/\\\/daler.ch\\\/#website\"},\"primaryImageOfPage\":{\"@id\":\"https:\\\/\\\/daler.ch\\\/centres-du-sein-et-de-la-prostate\\\/#primaryimage\"},\"image\":{\"@id\":\"https:\\\/\\\/daler.ch\\\/centres-du-sein-et-de-la-prostate\\\/#primaryimage\"},\"thumbnailUrl\":\"https:\\\/\\\/daler.ch\\\/wp-content\\\/uploads\\\/2017\\\/10\\\/Sein.jpg\",\"datePublished\":\"2017-11-27T16:00:28+00:00\",\"dateModified\":\"2017-12-05T13:34:52+00:00\",\"author\":{\"@id\":\"https:\\\/\\\/daler.ch\\\/#\\\/schema\\\/person\\\/3efe34bd72d30c33193e0a6142fd126e\"},\"breadcrumb\":{\"@id\":\"https:\\\/\\\/daler.ch\\\/centres-du-sein-et-de-la-prostate\\\/#breadcrumb\"},\"inLanguage\":\"de\",\"potentialAction\":[{\"@type\":\"ReadAction\",\"target\":[\"https:\\\/\\\/daler.ch\\\/centres-du-sein-et-de-la-prostate\\\/\"]}]},{\"@type\":\"ImageObject\",\"inLanguage\":\"de\",\"@id\":\"https:\\\/\\\/daler.ch\\\/centres-du-sein-et-de-la-prostate\\\/#primaryimage\",\"url\":\"https:\\\/\\\/daler.ch\\\/wp-content\\\/uploads\\\/2017\\\/10\\\/Sein.jpg\",\"contentUrl\":\"https:\\\/\\\/daler.ch\\\/wp-content\\\/uploads\\\/2017\\\/10\\\/Sein.jpg\",\"width\":1800,\"height\":500},{\"@type\":\"BreadcrumbList\",\"@id\":\"https:\\\/\\\/daler.ch\\\/centres-du-sein-et-de-la-prostate\\\/#breadcrumb\",\"itemListElement\":[{\"@type\":\"ListItem\",\"position\":1,\"name\":\"Home\",\"item\":\"https:\\\/\\\/daler.ch\\\/de\\\/\"},{\"@type\":\"ListItem\",\"position\":2,\"name\":\"Qualit\u00e4tslabel f\u00fcr das Brustzentrum Freiburg und das Prostatazentrum Freiburg\"}]},{\"@type\":\"WebSite\",\"@id\":\"https:\\\/\\\/daler.ch\\\/#website\",\"url\":\"https:\\\/\\\/daler.ch\\\/\",\"name\":\"Daler-Spital\",\"description\":\"Hopital Daler\",\"potentialAction\":[{\"@type\":\"SearchAction\",\"target\":{\"@type\":\"EntryPoint\",\"urlTemplate\":\"https:\\\/\\\/daler.ch\\\/?s={search_term_string}\"},\"query-input\":{\"@type\":\"PropertyValueSpecification\",\"valueRequired\":true,\"valueName\":\"search_term_string\"}}],\"inLanguage\":\"de\"},{\"@type\":\"Person\",\"@id\":\"https:\\\/\\\/daler.ch\\\/#\\\/schema\\\/person\\\/3efe34bd72d30c33193e0a6142fd126e\",\"name\":\"emblematik-daller\",\"image\":{\"@type\":\"ImageObject\",\"inLanguage\":\"de\",\"@id\":\"https:\\\/\\\/secure.gravatar.com\\\/avatar\\\/a4eebccbc81c422944fd8163ba969d1383db6733d5694ac571ccaf054519f805?s=96&d=mm&r=g\",\"url\":\"https:\\\/\\\/secure.gravatar.com\\\/avatar\\\/a4eebccbc81c422944fd8163ba969d1383db6733d5694ac571ccaf054519f805?s=96&d=mm&r=g\",\"contentUrl\":\"https:\\\/\\\/secure.gravatar.com\\\/avatar\\\/a4eebccbc81c422944fd8163ba969d1383db6733d5694ac571ccaf054519f805?s=96&d=mm&r=g\",\"caption\":\"emblematik-daller\"}}]}<\/script>\n<!-- \/ Yoast SEO plugin. -->","yoast_head_json":{"title":"Qualit\u00e4tslabel f\u00fcr das Brustzentrum Freiburg und das Prostatazentrum Freiburg - Daler-Spital","robots":{"index":"index","follow":"follow","max-snippet":"max-snippet:-1","max-image-preview":"max-image-preview:large","max-video-preview":"max-video-preview:-1"},"canonical":"https:\/\/daler.ch\/centres-du-sein-et-de-la-prostate\/","og_locale":"de_DE","og_type":"article","og_title":"Qualit\u00e4tslabel f\u00fcr das Brustzentrum Freiburg und das Prostatazentrum Freiburg - Daler-Spital","og_description":"Nach mehrj\u00e4hrigen Vorarbeiten sind das Brustzentrum Freiburg sowie das Prostatazentrum Freiburg mit den Qualit\u00e4tslabels der Krebsliga Schweiz bzw. der Deutschen Krebsgesellschaft (DKG) ausgezeichnet worden. Beide Zentren entstanden aus einer engen Zusammenarbeit zwischen dem Daler-Spital und dem freiburger spital (HFR). Die [&hellip;]","og_url":"https:\/\/daler.ch\/centres-du-sein-et-de-la-prostate\/","og_site_name":"Daler-Spital","article_published_time":"2017-11-27T16:00:28+00:00","article_modified_time":"2017-12-05T13:34:52+00:00","og_image":[{"width":1800,"height":500,"url":"https:\/\/daler.ch\/wp-content\/uploads\/2017\/10\/Sein.jpg","type":"image\/jpeg"}],"author":"emblematik-daller","twitter_card":"summary_large_image","twitter_misc":{"Verfasst von":"emblematik-daller","Gesch\u00e4tzte Lesezeit":"4\u00a0Minuten"},"schema":{"@context":"https:\/\/schema.org","@graph":[{"@type":"Article","@id":"https:\/\/daler.ch\/centres-du-sein-et-de-la-prostate\/#article","isPartOf":{"@id":"https:\/\/daler.ch\/centres-du-sein-et-de-la-prostate\/"},"author":{"name":"emblematik-daller","@id":"https:\/\/daler.ch\/#\/schema\/person\/3efe34bd72d30c33193e0a6142fd126e"},"headline":"Qualit\u00e4tslabel f\u00fcr das Brustzentrum Freiburg und das Prostatazentrum Freiburg","datePublished":"2017-11-27T16:00:28+00:00","dateModified":"2017-12-05T13:34:52+00:00","mainEntityOfPage":{"@id":"https:\/\/daler.ch\/centres-du-sein-et-de-la-prostate\/"},"wordCount":791,"image":{"@id":"https:\/\/daler.ch\/centres-du-sein-et-de-la-prostate\/#primaryimage"},"thumbnailUrl":"https:\/\/daler.ch\/wp-content\/uploads\/2017\/10\/Sein.jpg","articleSection":["Unkategorisiert"],"inLanguage":"de"},{"@type":"WebPage","@id":"https:\/\/daler.ch\/centres-du-sein-et-de-la-prostate\/","url":"https:\/\/daler.ch\/centres-du-sein-et-de-la-prostate\/","name":"Qualit\u00e4tslabel f\u00fcr das Brustzentrum Freiburg und das Prostatazentrum Freiburg - Daler-Spital","isPartOf":{"@id":"https:\/\/daler.ch\/#website"},"primaryImageOfPage":{"@id":"https:\/\/daler.ch\/centres-du-sein-et-de-la-prostate\/#primaryimage"},"image":{"@id":"https:\/\/daler.ch\/centres-du-sein-et-de-la-prostate\/#primaryimage"},"thumbnailUrl":"https:\/\/daler.ch\/wp-content\/uploads\/2017\/10\/Sein.jpg","datePublished":"2017-11-27T16:00:28+00:00","dateModified":"2017-12-05T13:34:52+00:00","author":{"@id":"https:\/\/daler.ch\/#\/schema\/person\/3efe34bd72d30c33193e0a6142fd126e"},"breadcrumb":{"@id":"https:\/\/daler.ch\/centres-du-sein-et-de-la-prostate\/#breadcrumb"},"inLanguage":"de","potentialAction":[{"@type":"ReadAction","target":["https:\/\/daler.ch\/centres-du-sein-et-de-la-prostate\/"]}]},{"@type":"ImageObject","inLanguage":"de","@id":"https:\/\/daler.ch\/centres-du-sein-et-de-la-prostate\/#primaryimage","url":"https:\/\/daler.ch\/wp-content\/uploads\/2017\/10\/Sein.jpg","contentUrl":"https:\/\/daler.ch\/wp-content\/uploads\/2017\/10\/Sein.jpg","width":1800,"height":500},{"@type":"BreadcrumbList","@id":"https:\/\/daler.ch\/centres-du-sein-et-de-la-prostate\/#breadcrumb","itemListElement":[{"@type":"ListItem","position":1,"name":"Home","item":"https:\/\/daler.ch\/de\/"},{"@type":"ListItem","position":2,"name":"Qualit\u00e4tslabel f\u00fcr das Brustzentrum Freiburg und das Prostatazentrum Freiburg"}]},{"@type":"WebSite","@id":"https:\/\/daler.ch\/#website","url":"https:\/\/daler.ch\/","name":"Daler-Spital","description":"Hopital Daler","potentialAction":[{"@type":"SearchAction","target":{"@type":"EntryPoint","urlTemplate":"https:\/\/daler.ch\/?s={search_term_string}"},"query-input":{"@type":"PropertyValueSpecification","valueRequired":true,"valueName":"search_term_string"}}],"inLanguage":"de"},{"@type":"Person","@id":"https:\/\/daler.ch\/#\/schema\/person\/3efe34bd72d30c33193e0a6142fd126e","name":"emblematik-daller","image":{"@type":"ImageObject","inLanguage":"de","@id":"https:\/\/secure.gravatar.com\/avatar\/a4eebccbc81c422944fd8163ba969d1383db6733d5694ac571ccaf054519f805?s=96&d=mm&r=g","url":"https:\/\/secure.gravatar.com\/avatar\/a4eebccbc81c422944fd8163ba969d1383db6733d5694ac571ccaf054519f805?s=96&d=mm&r=g","contentUrl":"https:\/\/secure.gravatar.com\/avatar\/a4eebccbc81c422944fd8163ba969d1383db6733d5694ac571ccaf054519f805?s=96&d=mm&r=g","caption":"emblematik-daller"}}]}},"_links":{"self":[{"href":"https:\/\/daler.ch\/de\/wp-json\/wp\/v2\/posts\/1561","targetHints":{"allow":["GET"]}}],"collection":[{"href":"https:\/\/daler.ch\/de\/wp-json\/wp\/v2\/posts"}],"about":[{"href":"https:\/\/daler.ch\/de\/wp-json\/wp\/v2\/types\/post"}],"author":[{"embeddable":true,"href":"https:\/\/daler.ch\/de\/wp-json\/wp\/v2\/users\/13"}],"replies":[{"embeddable":true,"href":"https:\/\/daler.ch\/de\/wp-json\/wp\/v2\/comments?post=1561"}],"version-history":[{"count":2,"href":"https:\/\/daler.ch\/de\/wp-json\/wp\/v2\/posts\/1561\/revisions"}],"predecessor-version":[{"id":1565,"href":"https:\/\/daler.ch\/de\/wp-json\/wp\/v2\/posts\/1561\/revisions\/1565"}],"wp:featuredmedia":[{"embeddable":true,"href":"https:\/\/daler.ch\/de\/wp-json\/wp\/v2\/media\/1361"}],"wp:attachment":[{"href":"https:\/\/daler.ch\/de\/wp-json\/wp\/v2\/media?parent=1561"}],"wp:term":[{"taxonomy":"category","embeddable":true,"href":"https:\/\/daler.ch\/de\/wp-json\/wp\/v2\/categories?post=1561"},{"taxonomy":"post_tag","embeddable":true,"href":"https:\/\/daler.ch\/de\/wp-json\/wp\/v2\/tags?post=1561"}],"curies":[{"name":"wp","href":"https:\/\/api.w.org\/{rel}","templated":true}]}}