{"id":1568,"date":"2017-10-14T13:17:55","date_gmt":"2017-10-14T11:17:55","guid":{"rendered":"http:\/\/www.daler.ch\/journee-commemorative-le-14-octobre-2017\/"},"modified":"2017-12-06T11:52:46","modified_gmt":"2017-12-06T10:52:46","slug":"journee-commemorative-le-14-octobre-2017","status":"publish","type":"post","link":"https:\/\/daler.ch\/de\/journee-commemorative-le-14-octobre-2017\/","title":{"rendered":"Gedenktag"},"content":{"rendered":"<p><strong>Am 14. Oktober 1917 haben sich die Tore des Daler-Spitals ge\u00f6ffnet<\/strong><\/p>\n<p>Nach der Publikation eines Gedenkbuches, einer Pressekonferenz sowie eines offiziellen Abends mit Beitr\u00e4gen renommierter Referenten w\u00e4re es undenkbar gewesen, das 100-j\u00e4hrige Jubil\u00e4um des Daler-Spitals ohne eine k\u00fcnstlerische Note zu feiern. Anl\u00e4sslich des 75-Jahr-Jubil\u00e4ums gestaltete der K\u00fcnstler Jean-Jacques Hofstetter einen Springbrunnen. Vor diesem Hintergrund erschien es geboten, dass auch das 100-j\u00e4hrige Jubil\u00e4um k\u00fcnstlerische und sch\u00f6pferische Spuren im Sand der Zeit hinterl\u00e4sst. Das Werk wird am 14. Oktober &#8211; auf den Tag genau 100 Jahre nach der Er\u00f6ffnung des Daler-Spitals &#8211; im Beisein der Sieger-K\u00fcnstlerin eingeweiht.<\/p>\n<p><strong>K\u00fcnstler-Wettbewerb \u00ab Ein 100-Jahr-Jubil\u00e4um seiner Zeit \u00bb<\/strong><\/p>\n<p>Zun\u00e4chst wurden sechs K\u00fcnstler ausgew\u00e4hlt, wobei besonderes Augenmerk auf die k\u00fcnstlerische, regionale und sprachliche Diversit\u00e4t gelegt wurde. Sie alle erhielten die Aufgabe, ein Kunstprojekt mit einem integrierten funktionst\u00fcchtigen Uhrwerk zu pr\u00e4sentieren. Nach Eingabe der Projekte hat eine Jury drei Gewinner erkoren, die je mit einem Geldpreis belohnt wurden. Der Erstplatzierte bekam zus\u00e4tzlich den Auftrag, sein Werk zu realisieren.<\/p>\n<p><strong>\u201eAiguillheure\u201c ein Projekt von V\u00e9ronique Chuard<\/strong><\/p>\n<p>\u00ab Das Daler-Spital ertr\u00e4gt die Last der Jahre, den Lauf der Zeit nicht, es macht sich ihn zu Nutze. Das Spital entwickelt sich weiter und gewinnt an Erfahrung, die ihm eine gewisse Freiheit verleiht. \u00bb Mit diesen Worten beschreibt die K\u00fcnstlerin V\u00e9ronique Chuard ihre Sicht auf unsere Institution, die sie ihrem Werk zu Grunde gelegt hat. Bestehend aus 12 Teilen steht der \u00ab Aiguillheure \u00bb sowohl f\u00fcr die 12 Stunden als auch f\u00fcr das Datum des Todestags von Jules Daler. Dar\u00fcber hinaus steht die Zahl aber auch f\u00fcr die F\u00fclle an Ereignissen und die Vielzahl der am Daler-Spital behandelten Patienten der vergangenen 100 Jahre.<\/p>\n<p><img decoding=\"async\" class=\"size-full wp-image-1341 aligncenter\" src=\"https:\/\/daler.ch\/wp-content\/uploads\/2017\/10\/CP_JC_II.jpg\" alt=\"\" width=\"800\" height=\"750\" srcset=\"https:\/\/daler.ch\/wp-content\/uploads\/2017\/10\/CP_JC_II-200x188.jpg 200w, https:\/\/daler.ch\/wp-content\/uploads\/2017\/10\/CP_JC_II-400x375.jpg 400w, https:\/\/daler.ch\/wp-content\/uploads\/2017\/10\/CP_JC_II-427x400.jpg 427w, https:\/\/daler.ch\/wp-content\/uploads\/2017\/10\/CP_JC_II-600x563.jpg 600w, https:\/\/daler.ch\/wp-content\/uploads\/2017\/10\/CP_JC_II-768x720.jpg 768w, https:\/\/daler.ch\/wp-content\/uploads\/2017\/10\/CP_JC_II.jpg 800w\" sizes=\"(max-width: 800px) 100vw, 800px\" \/><\/p>\n<p><strong>Das 100-j\u00e4hrige Jubil\u00e4um wird unter einem Zirkuszelt enden<\/strong><\/p>\n<p>\u00c4rzte, Mitarbeiter, Partner, Medienvertreter und Freiburger Bev\u00f6lkerung werden am 31. Oktober 2017 unter dem Zelt des Zirkus Knie zusammenkommen. Insgesamt werden mehr als 2&#8217;000 Personen anwesend sein, darunter 1&#8217;000 gl\u00fcckliche Gewinner des Wettbewerbs, der in Zusammenarbeit mit den lokalen Medien und Radio Freibourg organisiert wurde.<\/p>\n","protected":false},"excerpt":{"rendered":"<p>Am 14. Oktober 1917 haben sich die Tore des Daler-Spitals ge\u00f6ffnet Nach der Publikation eines Gedenkbuches, einer Pressekonferenz sowie eines offiziellen Abends mit Beitr\u00e4gen renommierter Referenten w\u00e4re es undenkbar gewesen, das 100-j\u00e4hrige Jubil\u00e4um des Daler-Spitals ohne eine k\u00fcnstlerische Note zu [&hellip;]<\/p>\n","protected":false},"author":13,"featured_media":1344,"comment_status":"closed","ping_status":"closed","sticky":false,"template":"","format":"standard","meta":{"footnotes":""},"categories":[2],"tags":[],"class_list":["post-1568","post","type-post","status-publish","format-standard","has-post-thumbnail","hentry","category-unkategorisiert"],"yoast_head":"<!-- This site is optimized with the Yoast SEO plugin v27.5 - https:\/\/yoast.com\/product\/yoast-seo-wordpress\/ -->\n<title>Gedenktag - Daler-Spital<\/title>\n<meta name=\"robots\" content=\"index, follow, max-snippet:-1, max-image-preview:large, max-video-preview:-1\" \/>\n<link rel=\"canonical\" href=\"https:\/\/daler.ch\/journee-commemorative-le-14-octobre-2017\/\" \/>\n<meta property=\"og:locale\" content=\"de_DE\" \/>\n<meta property=\"og:type\" content=\"article\" \/>\n<meta property=\"og:title\" content=\"Gedenktag - Daler-Spital\" \/>\n<meta property=\"og:description\" content=\"Am 14. Oktober 1917 haben sich die Tore des Daler-Spitals ge\u00f6ffnet Nach der Publikation eines Gedenkbuches, einer Pressekonferenz sowie eines offiziellen Abends mit Beitr\u00e4gen renommierter Referenten w\u00e4re es undenkbar gewesen, das 100-j\u00e4hrige Jubil\u00e4um des Daler-Spitals ohne eine k\u00fcnstlerische Note zu [&hellip;]\" \/>\n<meta property=\"og:url\" content=\"https:\/\/daler.ch\/journee-commemorative-le-14-octobre-2017\/\" \/>\n<meta property=\"og:site_name\" content=\"Daler-Spital\" \/>\n<meta property=\"article:published_time\" content=\"2017-10-14T11:17:55+00:00\" \/>\n<meta property=\"article:modified_time\" content=\"2017-12-06T10:52:46+00:00\" \/>\n<meta property=\"og:image\" content=\"https:\/\/daler.ch\/wp-content\/uploads\/2017\/10\/CP_JC.jpg\" \/>\n\t<meta property=\"og:image:width\" content=\"1800\" \/>\n\t<meta property=\"og:image:height\" content=\"500\" \/>\n\t<meta property=\"og:image:type\" content=\"image\/jpeg\" \/>\n<meta name=\"author\" content=\"emblematik-daller\" \/>\n<meta name=\"twitter:card\" content=\"summary_large_image\" \/>\n<meta name=\"twitter:label1\" content=\"Verfasst von\" \/>\n\t<meta name=\"twitter:data1\" content=\"emblematik-daller\" \/>\n\t<meta name=\"twitter:label2\" content=\"Gesch\u00e4tzte Lesezeit\" \/>\n\t<meta name=\"twitter:data2\" content=\"2\u00a0Minuten\" \/>\n<script type=\"application\/ld+json\" class=\"yoast-schema-graph\">{\"@context\":\"https:\\\/\\\/schema.org\",\"@graph\":[{\"@type\":\"Article\",\"@id\":\"https:\\\/\\\/daler.ch\\\/journee-commemorative-le-14-octobre-2017\\\/#article\",\"isPartOf\":{\"@id\":\"https:\\\/\\\/daler.ch\\\/journee-commemorative-le-14-octobre-2017\\\/\"},\"author\":{\"name\":\"emblematik-daller\",\"@id\":\"https:\\\/\\\/daler.ch\\\/#\\\/schema\\\/person\\\/3efe34bd72d30c33193e0a6142fd126e\"},\"headline\":\"Gedenktag\",\"datePublished\":\"2017-10-14T11:17:55+00:00\",\"dateModified\":\"2017-12-06T10:52:46+00:00\",\"mainEntityOfPage\":{\"@id\":\"https:\\\/\\\/daler.ch\\\/journee-commemorative-le-14-octobre-2017\\\/\"},\"wordCount\":346,\"image\":{\"@id\":\"https:\\\/\\\/daler.ch\\\/journee-commemorative-le-14-octobre-2017\\\/#primaryimage\"},\"thumbnailUrl\":\"https:\\\/\\\/daler.ch\\\/wp-content\\\/uploads\\\/2017\\\/10\\\/CP_JC.jpg\",\"articleSection\":[\"Unkategorisiert\"],\"inLanguage\":\"de\"},{\"@type\":\"WebPage\",\"@id\":\"https:\\\/\\\/daler.ch\\\/journee-commemorative-le-14-octobre-2017\\\/\",\"url\":\"https:\\\/\\\/daler.ch\\\/journee-commemorative-le-14-octobre-2017\\\/\",\"name\":\"Gedenktag - Daler-Spital\",\"isPartOf\":{\"@id\":\"https:\\\/\\\/daler.ch\\\/#website\"},\"primaryImageOfPage\":{\"@id\":\"https:\\\/\\\/daler.ch\\\/journee-commemorative-le-14-octobre-2017\\\/#primaryimage\"},\"image\":{\"@id\":\"https:\\\/\\\/daler.ch\\\/journee-commemorative-le-14-octobre-2017\\\/#primaryimage\"},\"thumbnailUrl\":\"https:\\\/\\\/daler.ch\\\/wp-content\\\/uploads\\\/2017\\\/10\\\/CP_JC.jpg\",\"datePublished\":\"2017-10-14T11:17:55+00:00\",\"dateModified\":\"2017-12-06T10:52:46+00:00\",\"author\":{\"@id\":\"https:\\\/\\\/daler.ch\\\/#\\\/schema\\\/person\\\/3efe34bd72d30c33193e0a6142fd126e\"},\"breadcrumb\":{\"@id\":\"https:\\\/\\\/daler.ch\\\/journee-commemorative-le-14-octobre-2017\\\/#breadcrumb\"},\"inLanguage\":\"de\",\"potentialAction\":[{\"@type\":\"ReadAction\",\"target\":[\"https:\\\/\\\/daler.ch\\\/journee-commemorative-le-14-octobre-2017\\\/\"]}]},{\"@type\":\"ImageObject\",\"inLanguage\":\"de\",\"@id\":\"https:\\\/\\\/daler.ch\\\/journee-commemorative-le-14-octobre-2017\\\/#primaryimage\",\"url\":\"https:\\\/\\\/daler.ch\\\/wp-content\\\/uploads\\\/2017\\\/10\\\/CP_JC.jpg\",\"contentUrl\":\"https:\\\/\\\/daler.ch\\\/wp-content\\\/uploads\\\/2017\\\/10\\\/CP_JC.jpg\",\"width\":1800,\"height\":500},{\"@type\":\"BreadcrumbList\",\"@id\":\"https:\\\/\\\/daler.ch\\\/journee-commemorative-le-14-octobre-2017\\\/#breadcrumb\",\"itemListElement\":[{\"@type\":\"ListItem\",\"position\":1,\"name\":\"Home\",\"item\":\"https:\\\/\\\/daler.ch\\\/de\\\/\"},{\"@type\":\"ListItem\",\"position\":2,\"name\":\"Gedenktag\"}]},{\"@type\":\"WebSite\",\"@id\":\"https:\\\/\\\/daler.ch\\\/#website\",\"url\":\"https:\\\/\\\/daler.ch\\\/\",\"name\":\"Daler-Spital\",\"description\":\"Hopital Daler\",\"potentialAction\":[{\"@type\":\"SearchAction\",\"target\":{\"@type\":\"EntryPoint\",\"urlTemplate\":\"https:\\\/\\\/daler.ch\\\/?s={search_term_string}\"},\"query-input\":{\"@type\":\"PropertyValueSpecification\",\"valueRequired\":true,\"valueName\":\"search_term_string\"}}],\"inLanguage\":\"de\"},{\"@type\":\"Person\",\"@id\":\"https:\\\/\\\/daler.ch\\\/#\\\/schema\\\/person\\\/3efe34bd72d30c33193e0a6142fd126e\",\"name\":\"emblematik-daller\",\"image\":{\"@type\":\"ImageObject\",\"inLanguage\":\"de\",\"@id\":\"https:\\\/\\\/secure.gravatar.com\\\/avatar\\\/a4eebccbc81c422944fd8163ba969d1383db6733d5694ac571ccaf054519f805?s=96&d=mm&r=g\",\"url\":\"https:\\\/\\\/secure.gravatar.com\\\/avatar\\\/a4eebccbc81c422944fd8163ba969d1383db6733d5694ac571ccaf054519f805?s=96&d=mm&r=g\",\"contentUrl\":\"https:\\\/\\\/secure.gravatar.com\\\/avatar\\\/a4eebccbc81c422944fd8163ba969d1383db6733d5694ac571ccaf054519f805?s=96&d=mm&r=g\",\"caption\":\"emblematik-daller\"}}]}<\/script>\n<!-- \/ Yoast SEO plugin. -->","yoast_head_json":{"title":"Gedenktag - Daler-Spital","robots":{"index":"index","follow":"follow","max-snippet":"max-snippet:-1","max-image-preview":"max-image-preview:large","max-video-preview":"max-video-preview:-1"},"canonical":"https:\/\/daler.ch\/journee-commemorative-le-14-octobre-2017\/","og_locale":"de_DE","og_type":"article","og_title":"Gedenktag - Daler-Spital","og_description":"Am 14. Oktober 1917 haben sich die Tore des Daler-Spitals ge\u00f6ffnet Nach der Publikation eines Gedenkbuches, einer Pressekonferenz sowie eines offiziellen Abends mit Beitr\u00e4gen renommierter Referenten w\u00e4re es undenkbar gewesen, das 100-j\u00e4hrige Jubil\u00e4um des Daler-Spitals ohne eine k\u00fcnstlerische Note zu [&hellip;]","og_url":"https:\/\/daler.ch\/journee-commemorative-le-14-octobre-2017\/","og_site_name":"Daler-Spital","article_published_time":"2017-10-14T11:17:55+00:00","article_modified_time":"2017-12-06T10:52:46+00:00","og_image":[{"width":1800,"height":500,"url":"https:\/\/daler.ch\/wp-content\/uploads\/2017\/10\/CP_JC.jpg","type":"image\/jpeg"}],"author":"emblematik-daller","twitter_card":"summary_large_image","twitter_misc":{"Verfasst von":"emblematik-daller","Gesch\u00e4tzte Lesezeit":"2\u00a0Minuten"},"schema":{"@context":"https:\/\/schema.org","@graph":[{"@type":"Article","@id":"https:\/\/daler.ch\/journee-commemorative-le-14-octobre-2017\/#article","isPartOf":{"@id":"https:\/\/daler.ch\/journee-commemorative-le-14-octobre-2017\/"},"author":{"name":"emblematik-daller","@id":"https:\/\/daler.ch\/#\/schema\/person\/3efe34bd72d30c33193e0a6142fd126e"},"headline":"Gedenktag","datePublished":"2017-10-14T11:17:55+00:00","dateModified":"2017-12-06T10:52:46+00:00","mainEntityOfPage":{"@id":"https:\/\/daler.ch\/journee-commemorative-le-14-octobre-2017\/"},"wordCount":346,"image":{"@id":"https:\/\/daler.ch\/journee-commemorative-le-14-octobre-2017\/#primaryimage"},"thumbnailUrl":"https:\/\/daler.ch\/wp-content\/uploads\/2017\/10\/CP_JC.jpg","articleSection":["Unkategorisiert"],"inLanguage":"de"},{"@type":"WebPage","@id":"https:\/\/daler.ch\/journee-commemorative-le-14-octobre-2017\/","url":"https:\/\/daler.ch\/journee-commemorative-le-14-octobre-2017\/","name":"Gedenktag - Daler-Spital","isPartOf":{"@id":"https:\/\/daler.ch\/#website"},"primaryImageOfPage":{"@id":"https:\/\/daler.ch\/journee-commemorative-le-14-octobre-2017\/#primaryimage"},"image":{"@id":"https:\/\/daler.ch\/journee-commemorative-le-14-octobre-2017\/#primaryimage"},"thumbnailUrl":"https:\/\/daler.ch\/wp-content\/uploads\/2017\/10\/CP_JC.jpg","datePublished":"2017-10-14T11:17:55+00:00","dateModified":"2017-12-06T10:52:46+00:00","author":{"@id":"https:\/\/daler.ch\/#\/schema\/person\/3efe34bd72d30c33193e0a6142fd126e"},"breadcrumb":{"@id":"https:\/\/daler.ch\/journee-commemorative-le-14-octobre-2017\/#breadcrumb"},"inLanguage":"de","potentialAction":[{"@type":"ReadAction","target":["https:\/\/daler.ch\/journee-commemorative-le-14-octobre-2017\/"]}]},{"@type":"ImageObject","inLanguage":"de","@id":"https:\/\/daler.ch\/journee-commemorative-le-14-octobre-2017\/#primaryimage","url":"https:\/\/daler.ch\/wp-content\/uploads\/2017\/10\/CP_JC.jpg","contentUrl":"https:\/\/daler.ch\/wp-content\/uploads\/2017\/10\/CP_JC.jpg","width":1800,"height":500},{"@type":"BreadcrumbList","@id":"https:\/\/daler.ch\/journee-commemorative-le-14-octobre-2017\/#breadcrumb","itemListElement":[{"@type":"ListItem","position":1,"name":"Home","item":"https:\/\/daler.ch\/de\/"},{"@type":"ListItem","position":2,"name":"Gedenktag"}]},{"@type":"WebSite","@id":"https:\/\/daler.ch\/#website","url":"https:\/\/daler.ch\/","name":"Daler-Spital","description":"Hopital Daler","potentialAction":[{"@type":"SearchAction","target":{"@type":"EntryPoint","urlTemplate":"https:\/\/daler.ch\/?s={search_term_string}"},"query-input":{"@type":"PropertyValueSpecification","valueRequired":true,"valueName":"search_term_string"}}],"inLanguage":"de"},{"@type":"Person","@id":"https:\/\/daler.ch\/#\/schema\/person\/3efe34bd72d30c33193e0a6142fd126e","name":"emblematik-daller","image":{"@type":"ImageObject","inLanguage":"de","@id":"https:\/\/secure.gravatar.com\/avatar\/a4eebccbc81c422944fd8163ba969d1383db6733d5694ac571ccaf054519f805?s=96&d=mm&r=g","url":"https:\/\/secure.gravatar.com\/avatar\/a4eebccbc81c422944fd8163ba969d1383db6733d5694ac571ccaf054519f805?s=96&d=mm&r=g","contentUrl":"https:\/\/secure.gravatar.com\/avatar\/a4eebccbc81c422944fd8163ba969d1383db6733d5694ac571ccaf054519f805?s=96&d=mm&r=g","caption":"emblematik-daller"}}]}},"_links":{"self":[{"href":"https:\/\/daler.ch\/de\/wp-json\/wp\/v2\/posts\/1568","targetHints":{"allow":["GET"]}}],"collection":[{"href":"https:\/\/daler.ch\/de\/wp-json\/wp\/v2\/posts"}],"about":[{"href":"https:\/\/daler.ch\/de\/wp-json\/wp\/v2\/types\/post"}],"author":[{"embeddable":true,"href":"https:\/\/daler.ch\/de\/wp-json\/wp\/v2\/users\/13"}],"replies":[{"embeddable":true,"href":"https:\/\/daler.ch\/de\/wp-json\/wp\/v2\/comments?post=1568"}],"version-history":[{"count":2,"href":"https:\/\/daler.ch\/de\/wp-json\/wp\/v2\/posts\/1568\/revisions"}],"predecessor-version":[{"id":1570,"href":"https:\/\/daler.ch\/de\/wp-json\/wp\/v2\/posts\/1568\/revisions\/1570"}],"wp:featuredmedia":[{"embeddable":true,"href":"https:\/\/daler.ch\/de\/wp-json\/wp\/v2\/media\/1344"}],"wp:attachment":[{"href":"https:\/\/daler.ch\/de\/wp-json\/wp\/v2\/media?parent=1568"}],"wp:term":[{"taxonomy":"category","embeddable":true,"href":"https:\/\/daler.ch\/de\/wp-json\/wp\/v2\/categories?post=1568"},{"taxonomy":"post_tag","embeddable":true,"href":"https:\/\/daler.ch\/de\/wp-json\/wp\/v2\/tags?post=1568"}],"curies":[{"name":"wp","href":"https:\/\/api.w.org\/{rel}","templated":true}]}}