{"id":1572,"date":"2017-09-17T13:15:47","date_gmt":"2017-09-17T11:15:47","guid":{"rendered":"http:\/\/www.daler.ch\/renovation-de-la-maternite\/"},"modified":"2017-12-06T12:05:42","modified_gmt":"2017-12-06T11:05:42","slug":"renovation-de-la-maternite","status":"publish","type":"post","link":"https:\/\/daler.ch\/de\/renovation-de-la-maternite\/","title":{"rendered":"Eine renovierte Geburtenabteilung"},"content":{"rendered":"<p>&#8222;Den werdenden M\u00fcttern den Eindruck vermitteln, sich wie zu Hause zu f\u00fchlen, w\u00e4hrend zugleich die Sicherheit f\u00fcr sie und ihr Baby gew\u00e4hrleistet ist\u00bb. Dies ist der Wunsch des Daler-Spitals, dessen Geburtenabteilung zu den gr\u00f6ssten privaten der Schweiz z\u00e4hlt.<\/p>\n<p>Im Rahmen des Renovierungsprojekts der Geburtenabteilung wurde die 1.\u00a0Phase der Umbauarbeiten diesen Sommer verwirklicht; dadurch konnte das Ambiente der R\u00e4umlichkeiten noch angenehmer und einladender gestaltet werden, wobei besonders auf Komfort und Ruhe Wert gelegt wurde.<\/p>\n<p><strong>Der Jubilar wird modernisiert<\/strong><\/p>\n<p>Das Daler-Spital, das dieses Jahr seinen 100-j\u00e4hrigen Geburtstag feiert, wird laufend modernisiert, um der Freiburger Bev\u00f6lkerung in Sachen Pflege und Empfang die beste Qualit\u00e4t zu bieten. Es sei daran erinnert, dass das Spital als anerkannte gemeinn\u00fctzige Privatstiftung seinen Gewinn vollumf\u00e4nglich zugunsten seiner Patientinnen und Patienten reinvestiert.<\/p>\n<p>Das Renovierungsprojekt der Geburtenabteilung hat w\u00e4hrend des Sommers begonnen und die erste Phase ist nun abgeschlossen. Die Arbeiten zielten vor allem darauf ab, das allgemeine Ambiente der Geburtenabteilung zu verbessern; bei Planung und Ausf\u00fchrung wurde auf eine gr\u00f6sstm\u00f6gliche Ruhe f\u00fcr die Patientinnen geachtet. Die ersten R\u00fcckmeldungen von Patientinnen deuten darauf hin, dass dieser Umbau \u00e4usserst gesch\u00e4tzt wird und das vorgegebene Ziel erreicht hat.<\/p>\n<p>Die weiteren Etappen, die demn\u00e4chst festgelegt und geplant werden, betreffen sowohl die Zimmer als auch andere R\u00e4ume f\u00fcr den Gebrauch der Patientinnen.<\/p>\n<p><strong>Ein Kunstwerk eines einheimischen K\u00fcnstlers<\/strong><\/p>\n<p>Die Realisierung eines Wandschmucks, der den Wasserlauf der Saane darstellt, erinnert an die lokale Sensibilit\u00e4t des Spitals. Da die Kunst bereits sehr pr\u00e4sent im Spital ist, kam der Wunsch auf, auch der Geburtenabteilung eine besondere Note zu verleihen; das Werk wurde vom K\u00fcnstler Corentin Meige, 29-j\u00e4hrig, geb\u00fcrtig aus Combremont-le-Grand (Waadtl\u00e4nder Broye), so realit\u00e4tsgetreu wie m\u00f6glich ausgef\u00fchrt und tr\u00e4gt zum gew\u00fcnschten Ambiente in diesen R\u00e4umlichkeiten bei.<\/p>\n<p><img decoding=\"async\" class=\"size-full wp-image-1348 aligncenter\" src=\"https:\/\/daler.ch\/wp-content\/uploads\/2017\/10\/Actu_mat.jpg\" alt=\"\" width=\"1500\" height=\"750\" srcset=\"https:\/\/daler.ch\/wp-content\/uploads\/2017\/10\/Actu_mat-200x100.jpg 200w, https:\/\/daler.ch\/wp-content\/uploads\/2017\/10\/Actu_mat-400x200.jpg 400w, https:\/\/daler.ch\/wp-content\/uploads\/2017\/10\/Actu_mat-600x300.jpg 600w, https:\/\/daler.ch\/wp-content\/uploads\/2017\/10\/Actu_mat-768x384.jpg 768w, https:\/\/daler.ch\/wp-content\/uploads\/2017\/10\/Actu_mat-800x400.jpg 800w, https:\/\/daler.ch\/wp-content\/uploads\/2017\/10\/Actu_mat-1200x600.jpg 1200w, https:\/\/daler.ch\/wp-content\/uploads\/2017\/10\/Actu_mat.jpg 1500w\" sizes=\"(max-width: 1500px) 100vw, 1500px\" \/><\/p>\n<p><strong>Das 1000. Baby des Jahres ist geboren<\/strong><\/p>\n<p>Wie um das Ende der Umbauarbeiten zu feiern, freuten sich die \u00c4rzteschaft und das \u00c4rzte- und Pflegeteam \u00fcber die Geburt des 1000. Babys des Jahres in den neuen R\u00e4umlichkeiten.<\/p>\n<p>Dank der ausgewogenen Mischung von Technologie \u2013 die die Pflegequalit\u00e4t garantiert \u2013 und Modernismus der neuen Geburtenabteilung konnte es unter optimalen Bedingungen willkommen geheissen werden.<\/p>\n","protected":false},"excerpt":{"rendered":"<p>&#8222;Den werdenden M\u00fcttern den Eindruck vermitteln, sich wie zu Hause zu f\u00fchlen, w\u00e4hrend zugleich die Sicherheit f\u00fcr sie und ihr Baby gew\u00e4hrleistet ist\u00bb. Dies ist der Wunsch des Daler-Spitals, dessen Geburtenabteilung zu den gr\u00f6ssten privaten der Schweiz z\u00e4hlt. Im Rahmen [&hellip;]<\/p>\n","protected":false},"author":13,"featured_media":1351,"comment_status":"closed","ping_status":"closed","sticky":false,"template":"","format":"standard","meta":{"footnotes":""},"categories":[2],"tags":[],"class_list":["post-1572","post","type-post","status-publish","format-standard","has-post-thumbnail","hentry","category-unkategorisiert"],"yoast_head":"<!-- This site is optimized with the Yoast SEO plugin v27.5 - https:\/\/yoast.com\/product\/yoast-seo-wordpress\/ -->\n<title>Eine renovierte Geburtenabteilung - Daler-Spital<\/title>\n<meta name=\"robots\" content=\"index, follow, max-snippet:-1, max-image-preview:large, max-video-preview:-1\" \/>\n<link rel=\"canonical\" href=\"https:\/\/daler.ch\/renovation-de-la-maternite\/\" \/>\n<meta property=\"og:locale\" content=\"de_DE\" \/>\n<meta property=\"og:type\" content=\"article\" \/>\n<meta property=\"og:title\" content=\"Eine renovierte Geburtenabteilung - Daler-Spital\" \/>\n<meta property=\"og:description\" content=\"&#8222;Den werdenden M\u00fcttern den Eindruck vermitteln, sich wie zu Hause zu f\u00fchlen, w\u00e4hrend zugleich die Sicherheit f\u00fcr sie und ihr Baby gew\u00e4hrleistet ist\u00bb. Dies ist der Wunsch des Daler-Spitals, dessen Geburtenabteilung zu den gr\u00f6ssten privaten der Schweiz z\u00e4hlt. Im Rahmen [&hellip;]\" \/>\n<meta property=\"og:url\" content=\"https:\/\/daler.ch\/renovation-de-la-maternite\/\" \/>\n<meta property=\"og:site_name\" content=\"Daler-Spital\" \/>\n<meta property=\"article:published_time\" content=\"2017-09-17T11:15:47+00:00\" \/>\n<meta property=\"article:modified_time\" content=\"2017-12-06T11:05:42+00:00\" \/>\n<meta property=\"og:image\" content=\"https:\/\/daler.ch\/wp-content\/uploads\/2017\/10\/Mat.jpg\" \/>\n\t<meta property=\"og:image:width\" content=\"1800\" \/>\n\t<meta property=\"og:image:height\" content=\"500\" \/>\n\t<meta property=\"og:image:type\" content=\"image\/jpeg\" \/>\n<meta name=\"author\" content=\"emblematik-daller\" \/>\n<meta name=\"twitter:card\" content=\"summary_large_image\" \/>\n<meta name=\"twitter:label1\" content=\"Verfasst von\" \/>\n\t<meta name=\"twitter:data1\" content=\"emblematik-daller\" \/>\n\t<meta name=\"twitter:label2\" content=\"Gesch\u00e4tzte Lesezeit\" \/>\n\t<meta name=\"twitter:data2\" content=\"2\u00a0Minuten\" \/>\n<script type=\"application\/ld+json\" class=\"yoast-schema-graph\">{\"@context\":\"https:\\\/\\\/schema.org\",\"@graph\":[{\"@type\":\"Article\",\"@id\":\"https:\\\/\\\/daler.ch\\\/renovation-de-la-maternite\\\/#article\",\"isPartOf\":{\"@id\":\"https:\\\/\\\/daler.ch\\\/renovation-de-la-maternite\\\/\"},\"author\":{\"name\":\"emblematik-daller\",\"@id\":\"https:\\\/\\\/daler.ch\\\/#\\\/schema\\\/person\\\/3efe34bd72d30c33193e0a6142fd126e\"},\"headline\":\"Eine renovierte Geburtenabteilung\",\"datePublished\":\"2017-09-17T11:15:47+00:00\",\"dateModified\":\"2017-12-06T11:05:42+00:00\",\"mainEntityOfPage\":{\"@id\":\"https:\\\/\\\/daler.ch\\\/renovation-de-la-maternite\\\/\"},\"wordCount\":376,\"image\":{\"@id\":\"https:\\\/\\\/daler.ch\\\/renovation-de-la-maternite\\\/#primaryimage\"},\"thumbnailUrl\":\"https:\\\/\\\/daler.ch\\\/wp-content\\\/uploads\\\/2017\\\/10\\\/Mat.jpg\",\"articleSection\":[\"Unkategorisiert\"],\"inLanguage\":\"de\"},{\"@type\":\"WebPage\",\"@id\":\"https:\\\/\\\/daler.ch\\\/renovation-de-la-maternite\\\/\",\"url\":\"https:\\\/\\\/daler.ch\\\/renovation-de-la-maternite\\\/\",\"name\":\"Eine renovierte Geburtenabteilung - Daler-Spital\",\"isPartOf\":{\"@id\":\"https:\\\/\\\/daler.ch\\\/#website\"},\"primaryImageOfPage\":{\"@id\":\"https:\\\/\\\/daler.ch\\\/renovation-de-la-maternite\\\/#primaryimage\"},\"image\":{\"@id\":\"https:\\\/\\\/daler.ch\\\/renovation-de-la-maternite\\\/#primaryimage\"},\"thumbnailUrl\":\"https:\\\/\\\/daler.ch\\\/wp-content\\\/uploads\\\/2017\\\/10\\\/Mat.jpg\",\"datePublished\":\"2017-09-17T11:15:47+00:00\",\"dateModified\":\"2017-12-06T11:05:42+00:00\",\"author\":{\"@id\":\"https:\\\/\\\/daler.ch\\\/#\\\/schema\\\/person\\\/3efe34bd72d30c33193e0a6142fd126e\"},\"breadcrumb\":{\"@id\":\"https:\\\/\\\/daler.ch\\\/renovation-de-la-maternite\\\/#breadcrumb\"},\"inLanguage\":\"de\",\"potentialAction\":[{\"@type\":\"ReadAction\",\"target\":[\"https:\\\/\\\/daler.ch\\\/renovation-de-la-maternite\\\/\"]}]},{\"@type\":\"ImageObject\",\"inLanguage\":\"de\",\"@id\":\"https:\\\/\\\/daler.ch\\\/renovation-de-la-maternite\\\/#primaryimage\",\"url\":\"https:\\\/\\\/daler.ch\\\/wp-content\\\/uploads\\\/2017\\\/10\\\/Mat.jpg\",\"contentUrl\":\"https:\\\/\\\/daler.ch\\\/wp-content\\\/uploads\\\/2017\\\/10\\\/Mat.jpg\",\"width\":1800,\"height\":500},{\"@type\":\"BreadcrumbList\",\"@id\":\"https:\\\/\\\/daler.ch\\\/renovation-de-la-maternite\\\/#breadcrumb\",\"itemListElement\":[{\"@type\":\"ListItem\",\"position\":1,\"name\":\"Home\",\"item\":\"https:\\\/\\\/daler.ch\\\/de\\\/\"},{\"@type\":\"ListItem\",\"position\":2,\"name\":\"Eine renovierte Geburtenabteilung\"}]},{\"@type\":\"WebSite\",\"@id\":\"https:\\\/\\\/daler.ch\\\/#website\",\"url\":\"https:\\\/\\\/daler.ch\\\/\",\"name\":\"Daler-Spital\",\"description\":\"Hopital Daler\",\"potentialAction\":[{\"@type\":\"SearchAction\",\"target\":{\"@type\":\"EntryPoint\",\"urlTemplate\":\"https:\\\/\\\/daler.ch\\\/?s={search_term_string}\"},\"query-input\":{\"@type\":\"PropertyValueSpecification\",\"valueRequired\":true,\"valueName\":\"search_term_string\"}}],\"inLanguage\":\"de\"},{\"@type\":\"Person\",\"@id\":\"https:\\\/\\\/daler.ch\\\/#\\\/schema\\\/person\\\/3efe34bd72d30c33193e0a6142fd126e\",\"name\":\"emblematik-daller\",\"image\":{\"@type\":\"ImageObject\",\"inLanguage\":\"de\",\"@id\":\"https:\\\/\\\/secure.gravatar.com\\\/avatar\\\/a4eebccbc81c422944fd8163ba969d1383db6733d5694ac571ccaf054519f805?s=96&d=mm&r=g\",\"url\":\"https:\\\/\\\/secure.gravatar.com\\\/avatar\\\/a4eebccbc81c422944fd8163ba969d1383db6733d5694ac571ccaf054519f805?s=96&d=mm&r=g\",\"contentUrl\":\"https:\\\/\\\/secure.gravatar.com\\\/avatar\\\/a4eebccbc81c422944fd8163ba969d1383db6733d5694ac571ccaf054519f805?s=96&d=mm&r=g\",\"caption\":\"emblematik-daller\"}}]}<\/script>\n<!-- \/ Yoast SEO plugin. -->","yoast_head_json":{"title":"Eine renovierte Geburtenabteilung - Daler-Spital","robots":{"index":"index","follow":"follow","max-snippet":"max-snippet:-1","max-image-preview":"max-image-preview:large","max-video-preview":"max-video-preview:-1"},"canonical":"https:\/\/daler.ch\/renovation-de-la-maternite\/","og_locale":"de_DE","og_type":"article","og_title":"Eine renovierte Geburtenabteilung - Daler-Spital","og_description":"&#8222;Den werdenden M\u00fcttern den Eindruck vermitteln, sich wie zu Hause zu f\u00fchlen, w\u00e4hrend zugleich die Sicherheit f\u00fcr sie und ihr Baby gew\u00e4hrleistet ist\u00bb. Dies ist der Wunsch des Daler-Spitals, dessen Geburtenabteilung zu den gr\u00f6ssten privaten der Schweiz z\u00e4hlt. Im Rahmen [&hellip;]","og_url":"https:\/\/daler.ch\/renovation-de-la-maternite\/","og_site_name":"Daler-Spital","article_published_time":"2017-09-17T11:15:47+00:00","article_modified_time":"2017-12-06T11:05:42+00:00","og_image":[{"width":1800,"height":500,"url":"https:\/\/daler.ch\/wp-content\/uploads\/2017\/10\/Mat.jpg","type":"image\/jpeg"}],"author":"emblematik-daller","twitter_card":"summary_large_image","twitter_misc":{"Verfasst von":"emblematik-daller","Gesch\u00e4tzte Lesezeit":"2\u00a0Minuten"},"schema":{"@context":"https:\/\/schema.org","@graph":[{"@type":"Article","@id":"https:\/\/daler.ch\/renovation-de-la-maternite\/#article","isPartOf":{"@id":"https:\/\/daler.ch\/renovation-de-la-maternite\/"},"author":{"name":"emblematik-daller","@id":"https:\/\/daler.ch\/#\/schema\/person\/3efe34bd72d30c33193e0a6142fd126e"},"headline":"Eine renovierte Geburtenabteilung","datePublished":"2017-09-17T11:15:47+00:00","dateModified":"2017-12-06T11:05:42+00:00","mainEntityOfPage":{"@id":"https:\/\/daler.ch\/renovation-de-la-maternite\/"},"wordCount":376,"image":{"@id":"https:\/\/daler.ch\/renovation-de-la-maternite\/#primaryimage"},"thumbnailUrl":"https:\/\/daler.ch\/wp-content\/uploads\/2017\/10\/Mat.jpg","articleSection":["Unkategorisiert"],"inLanguage":"de"},{"@type":"WebPage","@id":"https:\/\/daler.ch\/renovation-de-la-maternite\/","url":"https:\/\/daler.ch\/renovation-de-la-maternite\/","name":"Eine renovierte Geburtenabteilung - Daler-Spital","isPartOf":{"@id":"https:\/\/daler.ch\/#website"},"primaryImageOfPage":{"@id":"https:\/\/daler.ch\/renovation-de-la-maternite\/#primaryimage"},"image":{"@id":"https:\/\/daler.ch\/renovation-de-la-maternite\/#primaryimage"},"thumbnailUrl":"https:\/\/daler.ch\/wp-content\/uploads\/2017\/10\/Mat.jpg","datePublished":"2017-09-17T11:15:47+00:00","dateModified":"2017-12-06T11:05:42+00:00","author":{"@id":"https:\/\/daler.ch\/#\/schema\/person\/3efe34bd72d30c33193e0a6142fd126e"},"breadcrumb":{"@id":"https:\/\/daler.ch\/renovation-de-la-maternite\/#breadcrumb"},"inLanguage":"de","potentialAction":[{"@type":"ReadAction","target":["https:\/\/daler.ch\/renovation-de-la-maternite\/"]}]},{"@type":"ImageObject","inLanguage":"de","@id":"https:\/\/daler.ch\/renovation-de-la-maternite\/#primaryimage","url":"https:\/\/daler.ch\/wp-content\/uploads\/2017\/10\/Mat.jpg","contentUrl":"https:\/\/daler.ch\/wp-content\/uploads\/2017\/10\/Mat.jpg","width":1800,"height":500},{"@type":"BreadcrumbList","@id":"https:\/\/daler.ch\/renovation-de-la-maternite\/#breadcrumb","itemListElement":[{"@type":"ListItem","position":1,"name":"Home","item":"https:\/\/daler.ch\/de\/"},{"@type":"ListItem","position":2,"name":"Eine renovierte Geburtenabteilung"}]},{"@type":"WebSite","@id":"https:\/\/daler.ch\/#website","url":"https:\/\/daler.ch\/","name":"Daler-Spital","description":"Hopital Daler","potentialAction":[{"@type":"SearchAction","target":{"@type":"EntryPoint","urlTemplate":"https:\/\/daler.ch\/?s={search_term_string}"},"query-input":{"@type":"PropertyValueSpecification","valueRequired":true,"valueName":"search_term_string"}}],"inLanguage":"de"},{"@type":"Person","@id":"https:\/\/daler.ch\/#\/schema\/person\/3efe34bd72d30c33193e0a6142fd126e","name":"emblematik-daller","image":{"@type":"ImageObject","inLanguage":"de","@id":"https:\/\/secure.gravatar.com\/avatar\/a4eebccbc81c422944fd8163ba969d1383db6733d5694ac571ccaf054519f805?s=96&d=mm&r=g","url":"https:\/\/secure.gravatar.com\/avatar\/a4eebccbc81c422944fd8163ba969d1383db6733d5694ac571ccaf054519f805?s=96&d=mm&r=g","contentUrl":"https:\/\/secure.gravatar.com\/avatar\/a4eebccbc81c422944fd8163ba969d1383db6733d5694ac571ccaf054519f805?s=96&d=mm&r=g","caption":"emblematik-daller"}}]}},"_links":{"self":[{"href":"https:\/\/daler.ch\/de\/wp-json\/wp\/v2\/posts\/1572","targetHints":{"allow":["GET"]}}],"collection":[{"href":"https:\/\/daler.ch\/de\/wp-json\/wp\/v2\/posts"}],"about":[{"href":"https:\/\/daler.ch\/de\/wp-json\/wp\/v2\/types\/post"}],"author":[{"embeddable":true,"href":"https:\/\/daler.ch\/de\/wp-json\/wp\/v2\/users\/13"}],"replies":[{"embeddable":true,"href":"https:\/\/daler.ch\/de\/wp-json\/wp\/v2\/comments?post=1572"}],"version-history":[{"count":3,"href":"https:\/\/daler.ch\/de\/wp-json\/wp\/v2\/posts\/1572\/revisions"}],"predecessor-version":[{"id":1575,"href":"https:\/\/daler.ch\/de\/wp-json\/wp\/v2\/posts\/1572\/revisions\/1575"}],"wp:featuredmedia":[{"embeddable":true,"href":"https:\/\/daler.ch\/de\/wp-json\/wp\/v2\/media\/1351"}],"wp:attachment":[{"href":"https:\/\/daler.ch\/de\/wp-json\/wp\/v2\/media?parent=1572"}],"wp:term":[{"taxonomy":"category","embeddable":true,"href":"https:\/\/daler.ch\/de\/wp-json\/wp\/v2\/categories?post=1572"},{"taxonomy":"post_tag","embeddable":true,"href":"https:\/\/daler.ch\/de\/wp-json\/wp\/v2\/tags?post=1572"}],"curies":[{"name":"wp","href":"https:\/\/api.w.org\/{rel}","templated":true}]}}