{"id":1677,"date":"2018-01-17T11:21:57","date_gmt":"2018-01-17T10:21:57","guid":{"rendered":"http:\/\/www.daler.ch\/un-nouveau-president\/"},"modified":"2018-01-17T11:34:23","modified_gmt":"2018-01-17T10:34:23","slug":"un-nouveau-president","status":"publish","type":"post","link":"https:\/\/daler.ch\/de\/un-nouveau-president\/","title":{"rendered":"Neues Pr\u00e4sidium des Stiftungsrates nach einem gelungenen Jubil\u00e4umsjahr"},"content":{"rendered":"<p><em>Das Jahr 2017 war durch die Feierlichkeiten anl\u00e4sslich des 100j\u00e4hrigen Bestehens des Daler-Spitals sowie durch ein hervorragendes T\u00e4tigkeitsniveau gepr\u00e4gt. 2017 ging auch das Mandat des amtierenden Stiftungsrates zu Ende und seine Erneuerung war f\u00fcr unsere Institution einer der H\u00f6hepunkte zum Jahresbeginn.<\/em><\/p>\n<p><strong>Erfreuliche Bilanz f\u00fcr den abtretenden Pr\u00e4sidenten<\/strong><\/p>\n<p>Nach Professor Dr. Peter H\u00e4nni, dem abtretenden Pr\u00e4sidenten nach knapp 18 Jahren Pr\u00e4sidium, beruht das Daler-Spital heute auf einer \u00absehr soliden Grundlage\u00bb. Als Prof. Dr. H\u00e4nni im April 2000 sein Amt antrat, befand sich unsere Institution in einer sehr schwierigen finanziellen Lage. W\u00e4hrend den darauffolgenden Jahren konnten dank der festgelegten Unternehmenspolitik wichtige Etappen gemeistert werden, wie die finanzielle Verst\u00e4rkung der Stiftung und die Verwirklichung verschiedener Bau- und Renovierungsprojekte. Dies zeugt von der Qualit\u00e4t der Betriebsf\u00fchrung durch den Stiftungsrat w\u00e4hrend dieser gesamten Zeit. Wie es Professor H\u00e4nni in seiner Abschiedsrede festgehalten hat, \u00abist der hervorragende Ruf des Daler-Spitals allen Akteuren zu verdanken &#8211; der akkreditierten \u00c4rzteschaft, allen Mitarbeitenden und der Direktion &#8211; sowie auch der sorgf\u00e4ltigen Ausarbeitung der Statuten\u00bb.<\/p>\n<p>Das Jules Daler-Spital m\u00f6chte sich bei Professor H\u00e4nni f\u00fcr seine Kompetenz und seinen unerm\u00fcdlichen Einsatz w\u00e4hrend den 18 Jahren seiner Pr\u00e4sidentschaft herzlich bedanken. Sein Engagement zum Wohl unserer Institution, bei dem er ihre geltenden Wertvorstellungen und angestrebten Ziele stets geachtet hat, soll dabei besonders hervorgehoben werden.<\/p>\n<p><strong>Ein neuer Pr\u00e4sident<\/strong><\/p>\n<p>Gem\u00e4ss den Statuten erfolgt die Wahl der Mitglieder des Stiftungsrates durch den Kirchgemeinderat der reformierten Kirche Freiburg.<br \/>\nAnl\u00e4sslich der konstituierenden Sitzung vom 8. Januar 2018 hat der Stiftungsrat Herrn Paul-Albert Nobs, technischer Ingenieur und Direktor von Cremo SA, zum Nachfolger von Prof. Dr. Peter H\u00e4nni als Pr\u00e4sident des Stiftungsrates gew\u00e4hlt. Herr Nobs ist seit 2011 Mitglied des Stiftungsrates und verf\u00fcgt \u00fcber eine langj\u00e4hrige Erfahrung im kantonalen wirtschaftlichen Umfeld.<\/p>\n<p>&nbsp;<\/p>\n<p><img decoding=\"async\" class=\"alignnone size-full wp-image-1670\" src=\"https:\/\/daler.ch\/wp-content\/uploads\/2018\/01\/Photo-Paul-Albert-Nobs.jpg\" alt=\"\" width=\"899\" height=\"623\" srcset=\"https:\/\/daler.ch\/wp-content\/uploads\/2018\/01\/Photo-Paul-Albert-Nobs-200x139.jpg 200w, https:\/\/daler.ch\/wp-content\/uploads\/2018\/01\/Photo-Paul-Albert-Nobs-400x277.jpg 400w, https:\/\/daler.ch\/wp-content\/uploads\/2018\/01\/Photo-Paul-Albert-Nobs-577x400.jpg 577w, https:\/\/daler.ch\/wp-content\/uploads\/2018\/01\/Photo-Paul-Albert-Nobs-600x416.jpg 600w, https:\/\/daler.ch\/wp-content\/uploads\/2018\/01\/Photo-Paul-Albert-Nobs-768x532.jpg 768w, https:\/\/daler.ch\/wp-content\/uploads\/2018\/01\/Photo-Paul-Albert-Nobs-800x554.jpg 800w, https:\/\/daler.ch\/wp-content\/uploads\/2018\/01\/Photo-Paul-Albert-Nobs.jpg 899w\" sizes=\"(max-width: 899px) 100vw, 899px\" \/><\/p>\n<p>Photo : \u00a9Vincent Murith<\/p>\n<p><strong>Gesch\u00e4ftsjahr 2017: erneut ein hohes T\u00e4tigkeitsniveau<\/strong><\/p>\n<p>Mit 5218 station\u00e4ren Behandlungen ist das T\u00e4tigkeitsniveau f\u00fcr das Jahr 2017 dem von 2015 praktisch identisch und verzeichnet einen leichten Verzug bez\u00fcglich des Rekordjahres 2016 (-3.6%). Dieses hervorragende Resultat wurde haupts\u00e4chlich dank dem von den Patienten entgegengebrachten Vertrauen in unsere vier medizinischen Hauptbereiche (Urologie, allgemeine und viszerale Chirurgie, Gyn\u00e4kologie und Geburtshilfe) erreicht, die auch den Ruf unserer Institution ausmachen.<\/p>\n<p>Es ist festzuhalten, dass das Daler-Spital im 2017 mit 1492 Geburten zum vierten Jahr in Folge an die 1500 oder mehr Geburten verzeichnet. Dies best\u00e4tigt ein weiteres Mal seine Erstklassigkeit im Bereich der Geburtshilfe und seine Position innerhalb der gr\u00f6ssten Privatkliniken der Schweiz. Die Ergebnisse bez\u00fcglich der station\u00e4ren T\u00e4tigkeiten sind auch f\u00fcr den halbstation\u00e4ren und den ambulanten Bereich geltend.<\/p>\n<p>Ein ausf\u00fchrlicherer Jahresbericht f\u00fcr das Jahr 2017 wird nach Annahme der Betriebsabrechnung durch den Stiftungsrat im Mai 2018 erfolgen.<\/p>\n","protected":false},"excerpt":{"rendered":"<p>Das Jahr 2017 war durch die Feierlichkeiten anl\u00e4sslich des 100j\u00e4hrigen Bestehens des Daler-Spitals sowie durch ein hervorragendes T\u00e4tigkeitsniveau gepr\u00e4gt. 2017 ging auch das Mandat des amtierenden Stiftungsrates zu Ende und seine Erneuerung war f\u00fcr unsere Institution einer der H\u00f6hepunkte zum [&hellip;]<\/p>\n","protected":false},"author":13,"featured_media":479,"comment_status":"closed","ping_status":"closed","sticky":false,"template":"","format":"standard","meta":{"footnotes":""},"categories":[2],"tags":[],"class_list":["post-1677","post","type-post","status-publish","format-standard","has-post-thumbnail","hentry","category-unkategorisiert"],"yoast_head":"<!-- This site is optimized with the Yoast SEO plugin v27.5 - https:\/\/yoast.com\/product\/yoast-seo-wordpress\/ -->\n<title>Neues Pr\u00e4sidium des Stiftungsrates nach einem gelungenen Jubil\u00e4umsjahr - Daler-Spital<\/title>\n<meta name=\"robots\" content=\"index, follow, max-snippet:-1, max-image-preview:large, max-video-preview:-1\" \/>\n<link rel=\"canonical\" href=\"https:\/\/daler.ch\/un-nouveau-president\/\" \/>\n<meta property=\"og:locale\" content=\"de_DE\" \/>\n<meta property=\"og:type\" content=\"article\" \/>\n<meta property=\"og:title\" content=\"Neues Pr\u00e4sidium des Stiftungsrates nach einem gelungenen Jubil\u00e4umsjahr - Daler-Spital\" \/>\n<meta property=\"og:description\" content=\"Das Jahr 2017 war durch die Feierlichkeiten anl\u00e4sslich des 100j\u00e4hrigen Bestehens des Daler-Spitals sowie durch ein hervorragendes T\u00e4tigkeitsniveau gepr\u00e4gt. 2017 ging auch das Mandat des amtierenden Stiftungsrates zu Ende und seine Erneuerung war f\u00fcr unsere Institution einer der H\u00f6hepunkte zum [&hellip;]\" \/>\n<meta property=\"og:url\" content=\"https:\/\/daler.ch\/un-nouveau-president\/\" \/>\n<meta property=\"og:site_name\" content=\"Daler-Spital\" \/>\n<meta property=\"article:published_time\" content=\"2018-01-17T10:21:57+00:00\" \/>\n<meta property=\"article:modified_time\" content=\"2018-01-17T10:34:23+00:00\" \/>\n<meta property=\"og:image\" content=\"https:\/\/daler.ch\/wp-content\/uploads\/2016\/09\/slide01.jpg\" \/>\n\t<meta property=\"og:image:width\" content=\"1800\" \/>\n\t<meta property=\"og:image:height\" content=\"500\" \/>\n\t<meta property=\"og:image:type\" content=\"image\/jpeg\" \/>\n<meta name=\"author\" content=\"emblematik-daller\" \/>\n<meta name=\"twitter:card\" content=\"summary_large_image\" \/>\n<meta name=\"twitter:label1\" content=\"Verfasst von\" \/>\n\t<meta name=\"twitter:data1\" content=\"emblematik-daller\" \/>\n\t<meta name=\"twitter:label2\" content=\"Gesch\u00e4tzte Lesezeit\" \/>\n\t<meta name=\"twitter:data2\" content=\"2\u00a0Minuten\" \/>\n<script type=\"application\/ld+json\" class=\"yoast-schema-graph\">{\"@context\":\"https:\\\/\\\/schema.org\",\"@graph\":[{\"@type\":\"Article\",\"@id\":\"https:\\\/\\\/daler.ch\\\/un-nouveau-president\\\/#article\",\"isPartOf\":{\"@id\":\"https:\\\/\\\/daler.ch\\\/un-nouveau-president\\\/\"},\"author\":{\"name\":\"emblematik-daller\",\"@id\":\"https:\\\/\\\/daler.ch\\\/#\\\/schema\\\/person\\\/3efe34bd72d30c33193e0a6142fd126e\"},\"headline\":\"Neues Pr\u00e4sidium des Stiftungsrates nach einem gelungenen Jubil\u00e4umsjahr\",\"datePublished\":\"2018-01-17T10:21:57+00:00\",\"dateModified\":\"2018-01-17T10:34:23+00:00\",\"mainEntityOfPage\":{\"@id\":\"https:\\\/\\\/daler.ch\\\/un-nouveau-president\\\/\"},\"wordCount\":471,\"image\":{\"@id\":\"https:\\\/\\\/daler.ch\\\/un-nouveau-president\\\/#primaryimage\"},\"thumbnailUrl\":\"https:\\\/\\\/daler.ch\\\/wp-content\\\/uploads\\\/2016\\\/09\\\/slide01.jpg\",\"articleSection\":[\"Unkategorisiert\"],\"inLanguage\":\"de\"},{\"@type\":\"WebPage\",\"@id\":\"https:\\\/\\\/daler.ch\\\/un-nouveau-president\\\/\",\"url\":\"https:\\\/\\\/daler.ch\\\/un-nouveau-president\\\/\",\"name\":\"Neues Pr\u00e4sidium des Stiftungsrates nach einem gelungenen Jubil\u00e4umsjahr - Daler-Spital\",\"isPartOf\":{\"@id\":\"https:\\\/\\\/daler.ch\\\/#website\"},\"primaryImageOfPage\":{\"@id\":\"https:\\\/\\\/daler.ch\\\/un-nouveau-president\\\/#primaryimage\"},\"image\":{\"@id\":\"https:\\\/\\\/daler.ch\\\/un-nouveau-president\\\/#primaryimage\"},\"thumbnailUrl\":\"https:\\\/\\\/daler.ch\\\/wp-content\\\/uploads\\\/2016\\\/09\\\/slide01.jpg\",\"datePublished\":\"2018-01-17T10:21:57+00:00\",\"dateModified\":\"2018-01-17T10:34:23+00:00\",\"author\":{\"@id\":\"https:\\\/\\\/daler.ch\\\/#\\\/schema\\\/person\\\/3efe34bd72d30c33193e0a6142fd126e\"},\"breadcrumb\":{\"@id\":\"https:\\\/\\\/daler.ch\\\/un-nouveau-president\\\/#breadcrumb\"},\"inLanguage\":\"de\",\"potentialAction\":[{\"@type\":\"ReadAction\",\"target\":[\"https:\\\/\\\/daler.ch\\\/un-nouveau-president\\\/\"]}]},{\"@type\":\"ImageObject\",\"inLanguage\":\"de\",\"@id\":\"https:\\\/\\\/daler.ch\\\/un-nouveau-president\\\/#primaryimage\",\"url\":\"https:\\\/\\\/daler.ch\\\/wp-content\\\/uploads\\\/2016\\\/09\\\/slide01.jpg\",\"contentUrl\":\"https:\\\/\\\/daler.ch\\\/wp-content\\\/uploads\\\/2016\\\/09\\\/slide01.jpg\",\"width\":1800,\"height\":500},{\"@type\":\"BreadcrumbList\",\"@id\":\"https:\\\/\\\/daler.ch\\\/un-nouveau-president\\\/#breadcrumb\",\"itemListElement\":[{\"@type\":\"ListItem\",\"position\":1,\"name\":\"Home\",\"item\":\"https:\\\/\\\/daler.ch\\\/de\\\/\"},{\"@type\":\"ListItem\",\"position\":2,\"name\":\"Neues Pr\u00e4sidium des Stiftungsrates nach einem gelungenen Jubil\u00e4umsjahr\"}]},{\"@type\":\"WebSite\",\"@id\":\"https:\\\/\\\/daler.ch\\\/#website\",\"url\":\"https:\\\/\\\/daler.ch\\\/\",\"name\":\"Daler-Spital\",\"description\":\"Hopital Daler\",\"potentialAction\":[{\"@type\":\"SearchAction\",\"target\":{\"@type\":\"EntryPoint\",\"urlTemplate\":\"https:\\\/\\\/daler.ch\\\/?s={search_term_string}\"},\"query-input\":{\"@type\":\"PropertyValueSpecification\",\"valueRequired\":true,\"valueName\":\"search_term_string\"}}],\"inLanguage\":\"de\"},{\"@type\":\"Person\",\"@id\":\"https:\\\/\\\/daler.ch\\\/#\\\/schema\\\/person\\\/3efe34bd72d30c33193e0a6142fd126e\",\"name\":\"emblematik-daller\",\"image\":{\"@type\":\"ImageObject\",\"inLanguage\":\"de\",\"@id\":\"https:\\\/\\\/secure.gravatar.com\\\/avatar\\\/a4eebccbc81c422944fd8163ba969d1383db6733d5694ac571ccaf054519f805?s=96&d=mm&r=g\",\"url\":\"https:\\\/\\\/secure.gravatar.com\\\/avatar\\\/a4eebccbc81c422944fd8163ba969d1383db6733d5694ac571ccaf054519f805?s=96&d=mm&r=g\",\"contentUrl\":\"https:\\\/\\\/secure.gravatar.com\\\/avatar\\\/a4eebccbc81c422944fd8163ba969d1383db6733d5694ac571ccaf054519f805?s=96&d=mm&r=g\",\"caption\":\"emblematik-daller\"}}]}<\/script>\n<!-- \/ Yoast SEO plugin. -->","yoast_head_json":{"title":"Neues Pr\u00e4sidium des Stiftungsrates nach einem gelungenen Jubil\u00e4umsjahr - Daler-Spital","robots":{"index":"index","follow":"follow","max-snippet":"max-snippet:-1","max-image-preview":"max-image-preview:large","max-video-preview":"max-video-preview:-1"},"canonical":"https:\/\/daler.ch\/un-nouveau-president\/","og_locale":"de_DE","og_type":"article","og_title":"Neues Pr\u00e4sidium des Stiftungsrates nach einem gelungenen Jubil\u00e4umsjahr - Daler-Spital","og_description":"Das Jahr 2017 war durch die Feierlichkeiten anl\u00e4sslich des 100j\u00e4hrigen Bestehens des Daler-Spitals sowie durch ein hervorragendes T\u00e4tigkeitsniveau gepr\u00e4gt. 2017 ging auch das Mandat des amtierenden Stiftungsrates zu Ende und seine Erneuerung war f\u00fcr unsere Institution einer der H\u00f6hepunkte zum [&hellip;]","og_url":"https:\/\/daler.ch\/un-nouveau-president\/","og_site_name":"Daler-Spital","article_published_time":"2018-01-17T10:21:57+00:00","article_modified_time":"2018-01-17T10:34:23+00:00","og_image":[{"width":1800,"height":500,"url":"https:\/\/daler.ch\/wp-content\/uploads\/2016\/09\/slide01.jpg","type":"image\/jpeg"}],"author":"emblematik-daller","twitter_card":"summary_large_image","twitter_misc":{"Verfasst von":"emblematik-daller","Gesch\u00e4tzte Lesezeit":"2\u00a0Minuten"},"schema":{"@context":"https:\/\/schema.org","@graph":[{"@type":"Article","@id":"https:\/\/daler.ch\/un-nouveau-president\/#article","isPartOf":{"@id":"https:\/\/daler.ch\/un-nouveau-president\/"},"author":{"name":"emblematik-daller","@id":"https:\/\/daler.ch\/#\/schema\/person\/3efe34bd72d30c33193e0a6142fd126e"},"headline":"Neues Pr\u00e4sidium des Stiftungsrates nach einem gelungenen Jubil\u00e4umsjahr","datePublished":"2018-01-17T10:21:57+00:00","dateModified":"2018-01-17T10:34:23+00:00","mainEntityOfPage":{"@id":"https:\/\/daler.ch\/un-nouveau-president\/"},"wordCount":471,"image":{"@id":"https:\/\/daler.ch\/un-nouveau-president\/#primaryimage"},"thumbnailUrl":"https:\/\/daler.ch\/wp-content\/uploads\/2016\/09\/slide01.jpg","articleSection":["Unkategorisiert"],"inLanguage":"de"},{"@type":"WebPage","@id":"https:\/\/daler.ch\/un-nouveau-president\/","url":"https:\/\/daler.ch\/un-nouveau-president\/","name":"Neues Pr\u00e4sidium des Stiftungsrates nach einem gelungenen Jubil\u00e4umsjahr - Daler-Spital","isPartOf":{"@id":"https:\/\/daler.ch\/#website"},"primaryImageOfPage":{"@id":"https:\/\/daler.ch\/un-nouveau-president\/#primaryimage"},"image":{"@id":"https:\/\/daler.ch\/un-nouveau-president\/#primaryimage"},"thumbnailUrl":"https:\/\/daler.ch\/wp-content\/uploads\/2016\/09\/slide01.jpg","datePublished":"2018-01-17T10:21:57+00:00","dateModified":"2018-01-17T10:34:23+00:00","author":{"@id":"https:\/\/daler.ch\/#\/schema\/person\/3efe34bd72d30c33193e0a6142fd126e"},"breadcrumb":{"@id":"https:\/\/daler.ch\/un-nouveau-president\/#breadcrumb"},"inLanguage":"de","potentialAction":[{"@type":"ReadAction","target":["https:\/\/daler.ch\/un-nouveau-president\/"]}]},{"@type":"ImageObject","inLanguage":"de","@id":"https:\/\/daler.ch\/un-nouveau-president\/#primaryimage","url":"https:\/\/daler.ch\/wp-content\/uploads\/2016\/09\/slide01.jpg","contentUrl":"https:\/\/daler.ch\/wp-content\/uploads\/2016\/09\/slide01.jpg","width":1800,"height":500},{"@type":"BreadcrumbList","@id":"https:\/\/daler.ch\/un-nouveau-president\/#breadcrumb","itemListElement":[{"@type":"ListItem","position":1,"name":"Home","item":"https:\/\/daler.ch\/de\/"},{"@type":"ListItem","position":2,"name":"Neues Pr\u00e4sidium des Stiftungsrates nach einem gelungenen Jubil\u00e4umsjahr"}]},{"@type":"WebSite","@id":"https:\/\/daler.ch\/#website","url":"https:\/\/daler.ch\/","name":"Daler-Spital","description":"Hopital Daler","potentialAction":[{"@type":"SearchAction","target":{"@type":"EntryPoint","urlTemplate":"https:\/\/daler.ch\/?s={search_term_string}"},"query-input":{"@type":"PropertyValueSpecification","valueRequired":true,"valueName":"search_term_string"}}],"inLanguage":"de"},{"@type":"Person","@id":"https:\/\/daler.ch\/#\/schema\/person\/3efe34bd72d30c33193e0a6142fd126e","name":"emblematik-daller","image":{"@type":"ImageObject","inLanguage":"de","@id":"https:\/\/secure.gravatar.com\/avatar\/a4eebccbc81c422944fd8163ba969d1383db6733d5694ac571ccaf054519f805?s=96&d=mm&r=g","url":"https:\/\/secure.gravatar.com\/avatar\/a4eebccbc81c422944fd8163ba969d1383db6733d5694ac571ccaf054519f805?s=96&d=mm&r=g","contentUrl":"https:\/\/secure.gravatar.com\/avatar\/a4eebccbc81c422944fd8163ba969d1383db6733d5694ac571ccaf054519f805?s=96&d=mm&r=g","caption":"emblematik-daller"}}]}},"_links":{"self":[{"href":"https:\/\/daler.ch\/de\/wp-json\/wp\/v2\/posts\/1677","targetHints":{"allow":["GET"]}}],"collection":[{"href":"https:\/\/daler.ch\/de\/wp-json\/wp\/v2\/posts"}],"about":[{"href":"https:\/\/daler.ch\/de\/wp-json\/wp\/v2\/types\/post"}],"author":[{"embeddable":true,"href":"https:\/\/daler.ch\/de\/wp-json\/wp\/v2\/users\/13"}],"replies":[{"embeddable":true,"href":"https:\/\/daler.ch\/de\/wp-json\/wp\/v2\/comments?post=1677"}],"version-history":[{"count":2,"href":"https:\/\/daler.ch\/de\/wp-json\/wp\/v2\/posts\/1677\/revisions"}],"predecessor-version":[{"id":1679,"href":"https:\/\/daler.ch\/de\/wp-json\/wp\/v2\/posts\/1677\/revisions\/1679"}],"wp:featuredmedia":[{"embeddable":true,"href":"https:\/\/daler.ch\/de\/wp-json\/wp\/v2\/media\/479"}],"wp:attachment":[{"href":"https:\/\/daler.ch\/de\/wp-json\/wp\/v2\/media?parent=1677"}],"wp:term":[{"taxonomy":"category","embeddable":true,"href":"https:\/\/daler.ch\/de\/wp-json\/wp\/v2\/categories?post=1677"},{"taxonomy":"post_tag","embeddable":true,"href":"https:\/\/daler.ch\/de\/wp-json\/wp\/v2\/tags?post=1677"}],"curies":[{"name":"wp","href":"https:\/\/api.w.org\/{rel}","templated":true}]}}