{"id":2070,"date":"2018-02-28T12:13:57","date_gmt":"2018-02-28T11:13:57","guid":{"rendered":"http:\/\/www.daler.ch\/nouveau-site-internet\/"},"modified":"2018-02-28T12:35:17","modified_gmt":"2018-02-28T11:35:17","slug":"nouveau-site-internet","status":"publish","type":"post","link":"https:\/\/daler.ch\/de\/nouveau-site-internet\/","title":{"rendered":"Eine neue Webseite"},"content":{"rendered":"<p><em>Am Ende dieses Jahres 2017, w\u00e4hrend dem das Daler-Spital sein 100-j\u00e4hriges Bestehen gefeiert hat, ist es Zeit, in die Zukunft zu blicken und die Aufgabe, die wir uns gestellt haben, fortzusetzen: Der gesamten Freiburger Bev\u00f6lkerung, ohne Ausnahme, hochwertige medizinische Leistungen und eine ausgezeichnete Behandlungsqualit\u00e4t zu bieten.<\/em><\/p>\n<p><em>Um dem Informationsbedarf von jeder und jedem zu entsprechen haben wir eine neue Webseite erstellt, die, moderner und an die mobile Navigation angepasst, st\u00e4ndig aktualisiert wird.<\/em><\/p>\n<p><strong>Ein Spital und eine Webseite f\u00fcr alle<\/strong><\/p>\n<p>5&#8217;200 behandelte Patienten j\u00e4hrlich gehen durch die G\u00e4nge des Daler-Spitals, dar\u00fcber hinaus zahlreiche Besucher, \u00c4rzte und Mitarbeitende. An jeden von ihnen haben wir bei der Neuentwicklung der Internetseite gedacht und die h\u00e4ufig gestellten Fragen (FAQ) geben nun Antwort auf eine Vielzahl von Themen.<\/p>\n<p>Das Daler-Spital z\u00e4hlt auf das t\u00e4gliche Engagement von mehr als 300 Mitarbeiterinnen und Mitarbeitern und geh\u00f6rt damit zu den gr\u00f6ssten Arbeitgebern des Kantons Freiburg. In diesem Zusammenhang wurde auch eine Rubrik \u00abStellenangebote\u00bb, die die offenen Stellen bekannt gibt, geschaffen. Alle Informationen, die das Spital betreffen, werden laufend unter der Rubrik \u00abAktuelles\u00bb ver\u00f6ffentlicht, ebenso in den sozialen Netzwerken.<\/p>\n<p><strong>Das Spital online besichtigen<\/strong><\/p>\n<p>Manche Leute \u00e4ngstigen sich vor einem Spitalaufenthalt, in erster Linie aus Furcht vor dem Unbekannten. Dessen ist sich das Daler-Spital bewusst und tut alles, um die zuk\u00fcnftigen Patienten zu informieren; alle Informationen sind von jetzt an online verf\u00fcgbar, um sich bestm\u00f6glich auf einen Aufenthalt in unserer Einrichtung vorzubereiten. Zudem kann mittels der Bildergalerie das Spital besichtigt und anhand der Fotos die Zimmer, die Geburtsabteilung, der Garten und sogar der Operationstrakt erkundet werden.<\/p>\n<p><strong>Alles beginnt auf der Geburtsabteilung<\/strong><\/p>\n<p>2017 hat die Geburtsabteilung mit 1&#8217;492 Neugeborenen einmal mehr ihre Bedeutung unter Beweis gestellt und damit ihre Position unter den gr\u00f6ssten privaten Geburtsabteilungen der Schweiz best\u00e4tigt.<\/p>\n<p>Vom Wunsch geleitet, noch vielen kleinen Freiburgern auf die Welt zu helfen, haben wir bei der Entwicklung der Internetseite an die werdenden M\u00fctter und ihre Anliegen gedacht. Von der Vorbereitung auf den Aufenthalt \u00fcber die Geburt \u2013 alles ist darauf ausgerichtet, dass jede zuk\u00fcnftige Mutter der bevorstehenden Geburt gelassen und ihren W\u00fcnschen entsprechend entgegensehen kann.<\/p>\n<p><strong>Zwei Zentren zur Behandlung von Brust- und Prostatakrebs<\/strong><\/p>\n<p>Gemeinsam den FreiburgerInnen eine erstklassige Behandlung zu bieten und ein starkes Kompetenzzentrum zu entwickeln ist der Weg, den das Daler-Spital gew\u00e4hlt hat, um, in Zusammenarbeit mit dem HFR, gegen Brust- und Prostatakrebs zu k\u00e4mpfen. Beide Zentren sind ebenfalls online:<\/p>\n<p>Brustzentrum: <a href=\"http:\/\/www.centre-du-sein-fribourg.ch\/de\/\">http:\/\/www.centre-du-sein-fribourg.ch\/de\/<\/a><\/p>\n<p>Prostatazentrum: <a href=\"http:\/\/www.centre-de-la-prostate-fribourg.ch\/de\/\">http:\/\/www.centre-de-la-prostate-fribourg.ch\/de\/<\/a><\/p>\n","protected":false},"excerpt":{"rendered":"<p>Am Ende dieses Jahres 2017, w\u00e4hrend dem das Daler-Spital sein 100-j\u00e4hriges Bestehen gefeiert hat, ist es Zeit, in die Zukunft zu blicken und die Aufgabe, die wir uns gestellt haben, fortzusetzen: Der gesamten Freiburger Bev\u00f6lkerung, ohne Ausnahme, hochwertige medizinische Leistungen [&hellip;]<\/p>\n","protected":false},"author":13,"featured_media":2067,"comment_status":"closed","ping_status":"closed","sticky":false,"template":"","format":"standard","meta":{"footnotes":""},"categories":[2],"tags":[],"class_list":["post-2070","post","type-post","status-publish","format-standard","has-post-thumbnail","hentry","category-unkategorisiert"],"yoast_head":"<!-- This site is optimized with the Yoast SEO plugin v27.5 - https:\/\/yoast.com\/product\/yoast-seo-wordpress\/ -->\n<title>Eine neue Webseite - Daler-Spital<\/title>\n<meta name=\"robots\" content=\"index, follow, max-snippet:-1, max-image-preview:large, max-video-preview:-1\" \/>\n<link rel=\"canonical\" href=\"https:\/\/daler.ch\/nouveau-site-internet\/\" \/>\n<meta property=\"og:locale\" content=\"de_DE\" \/>\n<meta property=\"og:type\" content=\"article\" \/>\n<meta property=\"og:title\" content=\"Eine neue Webseite - Daler-Spital\" \/>\n<meta property=\"og:description\" content=\"Am Ende dieses Jahres 2017, w\u00e4hrend dem das Daler-Spital sein 100-j\u00e4hriges Bestehen gefeiert hat, ist es Zeit, in die Zukunft zu blicken und die Aufgabe, die wir uns gestellt haben, fortzusetzen: Der gesamten Freiburger Bev\u00f6lkerung, ohne Ausnahme, hochwertige medizinische Leistungen [&hellip;]\" \/>\n<meta property=\"og:url\" content=\"https:\/\/daler.ch\/nouveau-site-internet\/\" \/>\n<meta property=\"og:site_name\" content=\"Daler-Spital\" \/>\n<meta property=\"article:published_time\" content=\"2018-02-28T11:13:57+00:00\" \/>\n<meta property=\"article:modified_time\" content=\"2018-02-28T11:35:17+00:00\" \/>\n<meta property=\"og:image\" content=\"https:\/\/daler.ch\/wp-content\/uploads\/2018\/02\/Site.jpg\" \/>\n\t<meta property=\"og:image:width\" content=\"1800\" \/>\n\t<meta property=\"og:image:height\" content=\"500\" \/>\n\t<meta property=\"og:image:type\" content=\"image\/jpeg\" \/>\n<meta name=\"author\" content=\"emblematik-daller\" \/>\n<meta name=\"twitter:card\" content=\"summary_large_image\" \/>\n<meta name=\"twitter:label1\" content=\"Verfasst von\" \/>\n\t<meta name=\"twitter:data1\" content=\"emblematik-daller\" \/>\n\t<meta name=\"twitter:label2\" content=\"Gesch\u00e4tzte Lesezeit\" \/>\n\t<meta name=\"twitter:data2\" content=\"2\u00a0Minuten\" \/>\n<script type=\"application\/ld+json\" class=\"yoast-schema-graph\">{\"@context\":\"https:\\\/\\\/schema.org\",\"@graph\":[{\"@type\":\"Article\",\"@id\":\"https:\\\/\\\/daler.ch\\\/nouveau-site-internet\\\/#article\",\"isPartOf\":{\"@id\":\"https:\\\/\\\/daler.ch\\\/nouveau-site-internet\\\/\"},\"author\":{\"name\":\"emblematik-daller\",\"@id\":\"https:\\\/\\\/daler.ch\\\/#\\\/schema\\\/person\\\/3efe34bd72d30c33193e0a6142fd126e\"},\"headline\":\"Eine neue Webseite\",\"datePublished\":\"2018-02-28T11:13:57+00:00\",\"dateModified\":\"2018-02-28T11:35:17+00:00\",\"mainEntityOfPage\":{\"@id\":\"https:\\\/\\\/daler.ch\\\/nouveau-site-internet\\\/\"},\"wordCount\":422,\"image\":{\"@id\":\"https:\\\/\\\/daler.ch\\\/nouveau-site-internet\\\/#primaryimage\"},\"thumbnailUrl\":\"https:\\\/\\\/daler.ch\\\/wp-content\\\/uploads\\\/2018\\\/02\\\/Site-e1763480347446.jpg\",\"articleSection\":[\"Unkategorisiert\"],\"inLanguage\":\"de\"},{\"@type\":\"WebPage\",\"@id\":\"https:\\\/\\\/daler.ch\\\/nouveau-site-internet\\\/\",\"url\":\"https:\\\/\\\/daler.ch\\\/nouveau-site-internet\\\/\",\"name\":\"Eine neue Webseite - Daler-Spital\",\"isPartOf\":{\"@id\":\"https:\\\/\\\/daler.ch\\\/#website\"},\"primaryImageOfPage\":{\"@id\":\"https:\\\/\\\/daler.ch\\\/nouveau-site-internet\\\/#primaryimage\"},\"image\":{\"@id\":\"https:\\\/\\\/daler.ch\\\/nouveau-site-internet\\\/#primaryimage\"},\"thumbnailUrl\":\"https:\\\/\\\/daler.ch\\\/wp-content\\\/uploads\\\/2018\\\/02\\\/Site-e1763480347446.jpg\",\"datePublished\":\"2018-02-28T11:13:57+00:00\",\"dateModified\":\"2018-02-28T11:35:17+00:00\",\"author\":{\"@id\":\"https:\\\/\\\/daler.ch\\\/#\\\/schema\\\/person\\\/3efe34bd72d30c33193e0a6142fd126e\"},\"breadcrumb\":{\"@id\":\"https:\\\/\\\/daler.ch\\\/nouveau-site-internet\\\/#breadcrumb\"},\"inLanguage\":\"de\",\"potentialAction\":[{\"@type\":\"ReadAction\",\"target\":[\"https:\\\/\\\/daler.ch\\\/nouveau-site-internet\\\/\"]}]},{\"@type\":\"ImageObject\",\"inLanguage\":\"de\",\"@id\":\"https:\\\/\\\/daler.ch\\\/nouveau-site-internet\\\/#primaryimage\",\"url\":\"https:\\\/\\\/daler.ch\\\/wp-content\\\/uploads\\\/2018\\\/02\\\/Site-e1763480347446.jpg\",\"contentUrl\":\"https:\\\/\\\/daler.ch\\\/wp-content\\\/uploads\\\/2018\\\/02\\\/Site-e1763480347446.jpg\",\"width\":1656,\"height\":370},{\"@type\":\"BreadcrumbList\",\"@id\":\"https:\\\/\\\/daler.ch\\\/nouveau-site-internet\\\/#breadcrumb\",\"itemListElement\":[{\"@type\":\"ListItem\",\"position\":1,\"name\":\"Home\",\"item\":\"https:\\\/\\\/daler.ch\\\/de\\\/\"},{\"@type\":\"ListItem\",\"position\":2,\"name\":\"Eine neue Webseite\"}]},{\"@type\":\"WebSite\",\"@id\":\"https:\\\/\\\/daler.ch\\\/#website\",\"url\":\"https:\\\/\\\/daler.ch\\\/\",\"name\":\"Daler-Spital\",\"description\":\"Hopital Daler\",\"potentialAction\":[{\"@type\":\"SearchAction\",\"target\":{\"@type\":\"EntryPoint\",\"urlTemplate\":\"https:\\\/\\\/daler.ch\\\/?s={search_term_string}\"},\"query-input\":{\"@type\":\"PropertyValueSpecification\",\"valueRequired\":true,\"valueName\":\"search_term_string\"}}],\"inLanguage\":\"de\"},{\"@type\":\"Person\",\"@id\":\"https:\\\/\\\/daler.ch\\\/#\\\/schema\\\/person\\\/3efe34bd72d30c33193e0a6142fd126e\",\"name\":\"emblematik-daller\",\"image\":{\"@type\":\"ImageObject\",\"inLanguage\":\"de\",\"@id\":\"https:\\\/\\\/secure.gravatar.com\\\/avatar\\\/a4eebccbc81c422944fd8163ba969d1383db6733d5694ac571ccaf054519f805?s=96&d=mm&r=g\",\"url\":\"https:\\\/\\\/secure.gravatar.com\\\/avatar\\\/a4eebccbc81c422944fd8163ba969d1383db6733d5694ac571ccaf054519f805?s=96&d=mm&r=g\",\"contentUrl\":\"https:\\\/\\\/secure.gravatar.com\\\/avatar\\\/a4eebccbc81c422944fd8163ba969d1383db6733d5694ac571ccaf054519f805?s=96&d=mm&r=g\",\"caption\":\"emblematik-daller\"}}]}<\/script>\n<!-- \/ Yoast SEO plugin. -->","yoast_head_json":{"title":"Eine neue Webseite - Daler-Spital","robots":{"index":"index","follow":"follow","max-snippet":"max-snippet:-1","max-image-preview":"max-image-preview:large","max-video-preview":"max-video-preview:-1"},"canonical":"https:\/\/daler.ch\/nouveau-site-internet\/","og_locale":"de_DE","og_type":"article","og_title":"Eine neue Webseite - Daler-Spital","og_description":"Am Ende dieses Jahres 2017, w\u00e4hrend dem das Daler-Spital sein 100-j\u00e4hriges Bestehen gefeiert hat, ist es Zeit, in die Zukunft zu blicken und die Aufgabe, die wir uns gestellt haben, fortzusetzen: Der gesamten Freiburger Bev\u00f6lkerung, ohne Ausnahme, hochwertige medizinische Leistungen [&hellip;]","og_url":"https:\/\/daler.ch\/nouveau-site-internet\/","og_site_name":"Daler-Spital","article_published_time":"2018-02-28T11:13:57+00:00","article_modified_time":"2018-02-28T11:35:17+00:00","og_image":[{"width":1800,"height":500,"url":"https:\/\/daler.ch\/wp-content\/uploads\/2018\/02\/Site.jpg","type":"image\/jpeg"}],"author":"emblematik-daller","twitter_card":"summary_large_image","twitter_misc":{"Verfasst von":"emblematik-daller","Gesch\u00e4tzte Lesezeit":"2\u00a0Minuten"},"schema":{"@context":"https:\/\/schema.org","@graph":[{"@type":"Article","@id":"https:\/\/daler.ch\/nouveau-site-internet\/#article","isPartOf":{"@id":"https:\/\/daler.ch\/nouveau-site-internet\/"},"author":{"name":"emblematik-daller","@id":"https:\/\/daler.ch\/#\/schema\/person\/3efe34bd72d30c33193e0a6142fd126e"},"headline":"Eine neue Webseite","datePublished":"2018-02-28T11:13:57+00:00","dateModified":"2018-02-28T11:35:17+00:00","mainEntityOfPage":{"@id":"https:\/\/daler.ch\/nouveau-site-internet\/"},"wordCount":422,"image":{"@id":"https:\/\/daler.ch\/nouveau-site-internet\/#primaryimage"},"thumbnailUrl":"https:\/\/daler.ch\/wp-content\/uploads\/2018\/02\/Site-e1763480347446.jpg","articleSection":["Unkategorisiert"],"inLanguage":"de"},{"@type":"WebPage","@id":"https:\/\/daler.ch\/nouveau-site-internet\/","url":"https:\/\/daler.ch\/nouveau-site-internet\/","name":"Eine neue Webseite - Daler-Spital","isPartOf":{"@id":"https:\/\/daler.ch\/#website"},"primaryImageOfPage":{"@id":"https:\/\/daler.ch\/nouveau-site-internet\/#primaryimage"},"image":{"@id":"https:\/\/daler.ch\/nouveau-site-internet\/#primaryimage"},"thumbnailUrl":"https:\/\/daler.ch\/wp-content\/uploads\/2018\/02\/Site-e1763480347446.jpg","datePublished":"2018-02-28T11:13:57+00:00","dateModified":"2018-02-28T11:35:17+00:00","author":{"@id":"https:\/\/daler.ch\/#\/schema\/person\/3efe34bd72d30c33193e0a6142fd126e"},"breadcrumb":{"@id":"https:\/\/daler.ch\/nouveau-site-internet\/#breadcrumb"},"inLanguage":"de","potentialAction":[{"@type":"ReadAction","target":["https:\/\/daler.ch\/nouveau-site-internet\/"]}]},{"@type":"ImageObject","inLanguage":"de","@id":"https:\/\/daler.ch\/nouveau-site-internet\/#primaryimage","url":"https:\/\/daler.ch\/wp-content\/uploads\/2018\/02\/Site-e1763480347446.jpg","contentUrl":"https:\/\/daler.ch\/wp-content\/uploads\/2018\/02\/Site-e1763480347446.jpg","width":1656,"height":370},{"@type":"BreadcrumbList","@id":"https:\/\/daler.ch\/nouveau-site-internet\/#breadcrumb","itemListElement":[{"@type":"ListItem","position":1,"name":"Home","item":"https:\/\/daler.ch\/de\/"},{"@type":"ListItem","position":2,"name":"Eine neue Webseite"}]},{"@type":"WebSite","@id":"https:\/\/daler.ch\/#website","url":"https:\/\/daler.ch\/","name":"Daler-Spital","description":"Hopital Daler","potentialAction":[{"@type":"SearchAction","target":{"@type":"EntryPoint","urlTemplate":"https:\/\/daler.ch\/?s={search_term_string}"},"query-input":{"@type":"PropertyValueSpecification","valueRequired":true,"valueName":"search_term_string"}}],"inLanguage":"de"},{"@type":"Person","@id":"https:\/\/daler.ch\/#\/schema\/person\/3efe34bd72d30c33193e0a6142fd126e","name":"emblematik-daller","image":{"@type":"ImageObject","inLanguage":"de","@id":"https:\/\/secure.gravatar.com\/avatar\/a4eebccbc81c422944fd8163ba969d1383db6733d5694ac571ccaf054519f805?s=96&d=mm&r=g","url":"https:\/\/secure.gravatar.com\/avatar\/a4eebccbc81c422944fd8163ba969d1383db6733d5694ac571ccaf054519f805?s=96&d=mm&r=g","contentUrl":"https:\/\/secure.gravatar.com\/avatar\/a4eebccbc81c422944fd8163ba969d1383db6733d5694ac571ccaf054519f805?s=96&d=mm&r=g","caption":"emblematik-daller"}}]}},"_links":{"self":[{"href":"https:\/\/daler.ch\/de\/wp-json\/wp\/v2\/posts\/2070","targetHints":{"allow":["GET"]}}],"collection":[{"href":"https:\/\/daler.ch\/de\/wp-json\/wp\/v2\/posts"}],"about":[{"href":"https:\/\/daler.ch\/de\/wp-json\/wp\/v2\/types\/post"}],"author":[{"embeddable":true,"href":"https:\/\/daler.ch\/de\/wp-json\/wp\/v2\/users\/13"}],"replies":[{"embeddable":true,"href":"https:\/\/daler.ch\/de\/wp-json\/wp\/v2\/comments?post=2070"}],"version-history":[{"count":3,"href":"https:\/\/daler.ch\/de\/wp-json\/wp\/v2\/posts\/2070\/revisions"}],"predecessor-version":[{"id":2073,"href":"https:\/\/daler.ch\/de\/wp-json\/wp\/v2\/posts\/2070\/revisions\/2073"}],"wp:featuredmedia":[{"embeddable":true,"href":"https:\/\/daler.ch\/de\/wp-json\/wp\/v2\/media\/2067"}],"wp:attachment":[{"href":"https:\/\/daler.ch\/de\/wp-json\/wp\/v2\/media?parent=2070"}],"wp:term":[{"taxonomy":"category","embeddable":true,"href":"https:\/\/daler.ch\/de\/wp-json\/wp\/v2\/categories?post=2070"},{"taxonomy":"post_tag","embeddable":true,"href":"https:\/\/daler.ch\/de\/wp-json\/wp\/v2\/tags?post=2070"}],"curies":[{"name":"wp","href":"https:\/\/api.w.org\/{rel}","templated":true}]}}