{"id":2115,"date":"2018-04-18T10:30:02","date_gmt":"2018-04-18T08:30:02","guid":{"rendered":"https:\/\/www.daler.ch\/?p=2115"},"modified":"2018-04-06T12:15:49","modified_gmt":"2018-04-06T10:15:49","slug":"centre-du-sein-premier-bilan-positif","status":"publish","type":"post","link":"https:\/\/daler.ch\/de\/centre-du-sein-premier-bilan-positif\/","title":{"rendered":"Brustzentrum : erste Bilanz durchwegs positiv"},"content":{"rendered":"<p><em>F\u00fcr das Brustzentrum Freiburg war die Verleihung des Qualit\u00e4tslabels durch die Schweizerische Gesellschaft f\u00fcr Senologie (SGS) der H\u00f6hepunkt des letzten Jahres. Es erf\u00fcllt s\u00e4mtliche Anforderungen des Audits und wurde insbesondere f\u00fcr seinen innovativen Vorbildcharakter im Kanton gelobt, denn es basiert auf einer einzigartigen \u00f6ffentlich-privaten Partnerschaft zwischen dem freiburger spital (HFR) und dem Daler-Spital. <\/em><\/p>\n<p><strong>189 neue Krebsdiagnosen<\/strong><\/p>\n<p>Jeder diagnostizierte Fall ist eine neue Herausforderung f\u00fcr das Brustzentrum Freiburg. 2017 wurden 189\u00a0neue F\u00e4lle diagnostiziert und im Rahmen der multidisziplin\u00e4ren Sitzung des Zentrums, an der verschiedene Spezialisten teilnehmen, besprochen, um die bestm\u00f6gliche Behandlung zu bieten.<\/p>\n<p>Trotz der grossen Fortschritte, dank denen brusterhaltende Operationen immer h\u00e4ufiger m\u00f6glich sind, bleibt die Forschung nach wie vor eine der wichtigsten Ressourcen im Kampf gegen Brustkrebs. Es handelt sich um die h\u00e4ufigste Krebsart bei Frauen: Eine von acht Frauen ist betroffen. Das Brustzentrum Freiburg beteiligt sich daher aktiv an verschiedenen internationalen klinischen Studien und hat 2017 31\u00a0neue Patientinnen in Studien aufgenommen. Dies mit dem Ziel, innovative Medikamente und neue Pflegetechniken zu entwickeln.<\/p>\n<p>Freiburger Patientinnen k\u00f6nnen seit Kurzem auch von einer neuen, vielversprechenden Behandlung profitieren, die im Rahmen der PALLAS-Studie getestet wird, in deren internationalem Konsortium das Brustzentrum Freiburg vertreten ist. Die Studie befasst sich mit der Kombination eines neuen Wirkstoffs zur Optimierung der Therapiewirkung.<\/p>\n<p><strong>Die Patientin im Zentrum der Behandlung<\/strong><\/p>\n<p>Den Patientinnen bietet eine Betreuung im Brustzentrum Freiburg folgenden Mehrwert: Ihr Fall wird im Rahmen einer multidisziplin\u00e4ren Sitzung besprochen, an der verschiedene Spezialisten teilnehmen und die beste Behandlung vorschlagen. Ausserdem wird sie w\u00e4hrend der gesamten Behandlung von einer Breast Care Nurse begleitet.<\/p>\n<p>Nachdem das Brustzentrum nun ein Jahr lang in Betrieb war, ist f\u00fcr 2018 geplant, die Patientinnen mithilfe eines Fragebogens zu ihrer Zufriedenheit zu befragen. Anschliessend werden anhand der Ergebnisse Massnahmen getroffen, um die Betreuung kontinuierlich zu verbessern und die Erwartungen der Patientinnen bestm\u00f6glich zu erf\u00fcllen.<\/p>\n<p>2017 wurden ausserdem zwei Publikumsvortr\u00e4ge organisiert, um \u00fcber die Erkennung, die Behandlung und die umfassende Betreuung zu informieren. Diese fanden grossen Anklang und entsprechen einem echten Bed\u00fcrfnis. Sie werden daher 2018 wiederholt.<\/p>\n<p><strong>Gemeinsam gegen Krebs<\/strong><\/p>\n<p>Zusammenarbeit ist einer der Grundpfeiler des Brustzentrums Freiburg. Im Rahmen des multidisziplin\u00e4ren Kolloquiums wurden zahlreiche Verbindungen gekn\u00fcpft, sowohl zwischen den Spezialisten des HFR und des Daler-Spitals wie auch zu verschiedenen Vereinen, die sich t\u00e4glich im Kampf gegen den Krebs engagieren, wie der Krebsliga Freiburg. Diese Vereinigung der Kr\u00e4fte und Kompetenzen zeigt, weshalb das Brustzentrum Freiburg so wichtig ist.<\/p>\n<p>2018 muss die Zusammenarbeit mit allen internen und externen Partnern dauerhaft sichergestellt werden, damit von der Pr\u00e4vention bis zum Abschluss der Behandlung auf allen Ebenen noch mehr Synergien entstehen k\u00f6nnen.<\/p>\n<p>Im Rahmen der Pr\u00e4vention macht das Brustzentrum Freiburg jedes Jahr beim Brustkrebsmonat Oktober mit. Die Vorbereitungen f\u00fcr die diesj\u00e4hrige Ausgabe laufen bereits. Die Informationen zu den geplanten Vortr\u00e4gen und Aktionen werden im September ver\u00f6ffentlicht.<\/p>\n<p>&nbsp;<\/p>\n<p><em>F\u00fcr weitere Informationen besuchen Sie unsere Website:<\/em> <a href=\"http:\/\/www.centre-du-sein-fribourg.ch\/de\">www.centre-du-sein-fribourg.ch\/de<\/a><\/p>\n<p>&nbsp;<\/p>\n","protected":false},"excerpt":{"rendered":"<p>F\u00fcr das Brustzentrum Freiburg war die Verleihung des Qualit\u00e4tslabels durch die Schweizerische Gesellschaft f\u00fcr Senologie (SGS) der H\u00f6hepunkt des letzten Jahres. Es erf\u00fcllt s\u00e4mtliche Anforderungen des Audits und wurde insbesondere f\u00fcr seinen innovativen Vorbildcharakter im Kanton gelobt, denn es basiert [&hellip;]<\/p>\n","protected":false},"author":13,"featured_media":2112,"comment_status":"closed","ping_status":"closed","sticky":false,"template":"","format":"standard","meta":{"footnotes":""},"categories":[2],"tags":[],"class_list":["post-2115","post","type-post","status-publish","format-standard","has-post-thumbnail","hentry","category-unkategorisiert"],"yoast_head":"<!-- This site is optimized with the Yoast SEO plugin v27.5 - https:\/\/yoast.com\/product\/yoast-seo-wordpress\/ -->\n<title>Brustzentrum : erste Bilanz durchwegs positiv - Daler-Spital<\/title>\n<meta name=\"robots\" content=\"index, follow, max-snippet:-1, max-image-preview:large, max-video-preview:-1\" \/>\n<link rel=\"canonical\" href=\"https:\/\/daler.ch\/centre-du-sein-premier-bilan-positif\/\" \/>\n<meta property=\"og:locale\" content=\"de_DE\" \/>\n<meta property=\"og:type\" content=\"article\" \/>\n<meta property=\"og:title\" content=\"Brustzentrum : erste Bilanz durchwegs positiv - Daler-Spital\" \/>\n<meta property=\"og:description\" content=\"F\u00fcr das Brustzentrum Freiburg war die Verleihung des Qualit\u00e4tslabels durch die Schweizerische Gesellschaft f\u00fcr Senologie (SGS) der H\u00f6hepunkt des letzten Jahres. Es erf\u00fcllt s\u00e4mtliche Anforderungen des Audits und wurde insbesondere f\u00fcr seinen innovativen Vorbildcharakter im Kanton gelobt, denn es basiert [&hellip;]\" \/>\n<meta property=\"og:url\" content=\"https:\/\/daler.ch\/centre-du-sein-premier-bilan-positif\/\" \/>\n<meta property=\"og:site_name\" content=\"Daler-Spital\" \/>\n<meta property=\"article:published_time\" content=\"2018-04-18T08:30:02+00:00\" \/>\n<meta property=\"og:image\" content=\"https:\/\/daler.ch\/wp-content\/uploads\/2018\/04\/CsF.jpg\" \/>\n\t<meta property=\"og:image:width\" content=\"1600\" \/>\n\t<meta property=\"og:image:height\" content=\"500\" \/>\n\t<meta property=\"og:image:type\" content=\"image\/jpeg\" \/>\n<meta name=\"author\" content=\"emblematik-daller\" \/>\n<meta name=\"twitter:card\" content=\"summary_large_image\" \/>\n<meta name=\"twitter:label1\" content=\"Verfasst von\" \/>\n\t<meta name=\"twitter:data1\" content=\"emblematik-daller\" \/>\n\t<meta name=\"twitter:label2\" content=\"Gesch\u00e4tzte Lesezeit\" \/>\n\t<meta name=\"twitter:data2\" content=\"2\u00a0Minuten\" \/>\n<script type=\"application\/ld+json\" class=\"yoast-schema-graph\">{\"@context\":\"https:\\\/\\\/schema.org\",\"@graph\":[{\"@type\":\"Article\",\"@id\":\"https:\\\/\\\/daler.ch\\\/centre-du-sein-premier-bilan-positif\\\/#article\",\"isPartOf\":{\"@id\":\"https:\\\/\\\/daler.ch\\\/centre-du-sein-premier-bilan-positif\\\/\"},\"author\":{\"name\":\"emblematik-daller\",\"@id\":\"https:\\\/\\\/daler.ch\\\/#\\\/schema\\\/person\\\/3efe34bd72d30c33193e0a6142fd126e\"},\"headline\":\"Brustzentrum : erste Bilanz durchwegs positiv\",\"datePublished\":\"2018-04-18T08:30:02+00:00\",\"mainEntityOfPage\":{\"@id\":\"https:\\\/\\\/daler.ch\\\/centre-du-sein-premier-bilan-positif\\\/\"},\"wordCount\":501,\"image\":{\"@id\":\"https:\\\/\\\/daler.ch\\\/centre-du-sein-premier-bilan-positif\\\/#primaryimage\"},\"thumbnailUrl\":\"https:\\\/\\\/daler.ch\\\/wp-content\\\/uploads\\\/2018\\\/04\\\/CsF.jpg\",\"articleSection\":[\"Unkategorisiert\"],\"inLanguage\":\"de\"},{\"@type\":\"WebPage\",\"@id\":\"https:\\\/\\\/daler.ch\\\/centre-du-sein-premier-bilan-positif\\\/\",\"url\":\"https:\\\/\\\/daler.ch\\\/centre-du-sein-premier-bilan-positif\\\/\",\"name\":\"Brustzentrum : erste Bilanz durchwegs positiv - Daler-Spital\",\"isPartOf\":{\"@id\":\"https:\\\/\\\/daler.ch\\\/#website\"},\"primaryImageOfPage\":{\"@id\":\"https:\\\/\\\/daler.ch\\\/centre-du-sein-premier-bilan-positif\\\/#primaryimage\"},\"image\":{\"@id\":\"https:\\\/\\\/daler.ch\\\/centre-du-sein-premier-bilan-positif\\\/#primaryimage\"},\"thumbnailUrl\":\"https:\\\/\\\/daler.ch\\\/wp-content\\\/uploads\\\/2018\\\/04\\\/CsF.jpg\",\"datePublished\":\"2018-04-18T08:30:02+00:00\",\"author\":{\"@id\":\"https:\\\/\\\/daler.ch\\\/#\\\/schema\\\/person\\\/3efe34bd72d30c33193e0a6142fd126e\"},\"breadcrumb\":{\"@id\":\"https:\\\/\\\/daler.ch\\\/centre-du-sein-premier-bilan-positif\\\/#breadcrumb\"},\"inLanguage\":\"de\",\"potentialAction\":[{\"@type\":\"ReadAction\",\"target\":[\"https:\\\/\\\/daler.ch\\\/centre-du-sein-premier-bilan-positif\\\/\"]}]},{\"@type\":\"ImageObject\",\"inLanguage\":\"de\",\"@id\":\"https:\\\/\\\/daler.ch\\\/centre-du-sein-premier-bilan-positif\\\/#primaryimage\",\"url\":\"https:\\\/\\\/daler.ch\\\/wp-content\\\/uploads\\\/2018\\\/04\\\/CsF.jpg\",\"contentUrl\":\"https:\\\/\\\/daler.ch\\\/wp-content\\\/uploads\\\/2018\\\/04\\\/CsF.jpg\",\"width\":1600,\"height\":500},{\"@type\":\"BreadcrumbList\",\"@id\":\"https:\\\/\\\/daler.ch\\\/centre-du-sein-premier-bilan-positif\\\/#breadcrumb\",\"itemListElement\":[{\"@type\":\"ListItem\",\"position\":1,\"name\":\"Home\",\"item\":\"https:\\\/\\\/daler.ch\\\/de\\\/\"},{\"@type\":\"ListItem\",\"position\":2,\"name\":\"Brustzentrum : erste Bilanz durchwegs positiv\"}]},{\"@type\":\"WebSite\",\"@id\":\"https:\\\/\\\/daler.ch\\\/#website\",\"url\":\"https:\\\/\\\/daler.ch\\\/\",\"name\":\"Daler-Spital\",\"description\":\"Hopital Daler\",\"potentialAction\":[{\"@type\":\"SearchAction\",\"target\":{\"@type\":\"EntryPoint\",\"urlTemplate\":\"https:\\\/\\\/daler.ch\\\/?s={search_term_string}\"},\"query-input\":{\"@type\":\"PropertyValueSpecification\",\"valueRequired\":true,\"valueName\":\"search_term_string\"}}],\"inLanguage\":\"de\"},{\"@type\":\"Person\",\"@id\":\"https:\\\/\\\/daler.ch\\\/#\\\/schema\\\/person\\\/3efe34bd72d30c33193e0a6142fd126e\",\"name\":\"emblematik-daller\",\"image\":{\"@type\":\"ImageObject\",\"inLanguage\":\"de\",\"@id\":\"https:\\\/\\\/secure.gravatar.com\\\/avatar\\\/a4eebccbc81c422944fd8163ba969d1383db6733d5694ac571ccaf054519f805?s=96&d=mm&r=g\",\"url\":\"https:\\\/\\\/secure.gravatar.com\\\/avatar\\\/a4eebccbc81c422944fd8163ba969d1383db6733d5694ac571ccaf054519f805?s=96&d=mm&r=g\",\"contentUrl\":\"https:\\\/\\\/secure.gravatar.com\\\/avatar\\\/a4eebccbc81c422944fd8163ba969d1383db6733d5694ac571ccaf054519f805?s=96&d=mm&r=g\",\"caption\":\"emblematik-daller\"}}]}<\/script>\n<!-- \/ Yoast SEO plugin. -->","yoast_head_json":{"title":"Brustzentrum : erste Bilanz durchwegs positiv - Daler-Spital","robots":{"index":"index","follow":"follow","max-snippet":"max-snippet:-1","max-image-preview":"max-image-preview:large","max-video-preview":"max-video-preview:-1"},"canonical":"https:\/\/daler.ch\/centre-du-sein-premier-bilan-positif\/","og_locale":"de_DE","og_type":"article","og_title":"Brustzentrum : erste Bilanz durchwegs positiv - Daler-Spital","og_description":"F\u00fcr das Brustzentrum Freiburg war die Verleihung des Qualit\u00e4tslabels durch die Schweizerische Gesellschaft f\u00fcr Senologie (SGS) der H\u00f6hepunkt des letzten Jahres. Es erf\u00fcllt s\u00e4mtliche Anforderungen des Audits und wurde insbesondere f\u00fcr seinen innovativen Vorbildcharakter im Kanton gelobt, denn es basiert [&hellip;]","og_url":"https:\/\/daler.ch\/centre-du-sein-premier-bilan-positif\/","og_site_name":"Daler-Spital","article_published_time":"2018-04-18T08:30:02+00:00","og_image":[{"width":1600,"height":500,"url":"https:\/\/daler.ch\/wp-content\/uploads\/2018\/04\/CsF.jpg","type":"image\/jpeg"}],"author":"emblematik-daller","twitter_card":"summary_large_image","twitter_misc":{"Verfasst von":"emblematik-daller","Gesch\u00e4tzte Lesezeit":"2\u00a0Minuten"},"schema":{"@context":"https:\/\/schema.org","@graph":[{"@type":"Article","@id":"https:\/\/daler.ch\/centre-du-sein-premier-bilan-positif\/#article","isPartOf":{"@id":"https:\/\/daler.ch\/centre-du-sein-premier-bilan-positif\/"},"author":{"name":"emblematik-daller","@id":"https:\/\/daler.ch\/#\/schema\/person\/3efe34bd72d30c33193e0a6142fd126e"},"headline":"Brustzentrum : erste Bilanz durchwegs positiv","datePublished":"2018-04-18T08:30:02+00:00","mainEntityOfPage":{"@id":"https:\/\/daler.ch\/centre-du-sein-premier-bilan-positif\/"},"wordCount":501,"image":{"@id":"https:\/\/daler.ch\/centre-du-sein-premier-bilan-positif\/#primaryimage"},"thumbnailUrl":"https:\/\/daler.ch\/wp-content\/uploads\/2018\/04\/CsF.jpg","articleSection":["Unkategorisiert"],"inLanguage":"de"},{"@type":"WebPage","@id":"https:\/\/daler.ch\/centre-du-sein-premier-bilan-positif\/","url":"https:\/\/daler.ch\/centre-du-sein-premier-bilan-positif\/","name":"Brustzentrum : erste Bilanz durchwegs positiv - Daler-Spital","isPartOf":{"@id":"https:\/\/daler.ch\/#website"},"primaryImageOfPage":{"@id":"https:\/\/daler.ch\/centre-du-sein-premier-bilan-positif\/#primaryimage"},"image":{"@id":"https:\/\/daler.ch\/centre-du-sein-premier-bilan-positif\/#primaryimage"},"thumbnailUrl":"https:\/\/daler.ch\/wp-content\/uploads\/2018\/04\/CsF.jpg","datePublished":"2018-04-18T08:30:02+00:00","author":{"@id":"https:\/\/daler.ch\/#\/schema\/person\/3efe34bd72d30c33193e0a6142fd126e"},"breadcrumb":{"@id":"https:\/\/daler.ch\/centre-du-sein-premier-bilan-positif\/#breadcrumb"},"inLanguage":"de","potentialAction":[{"@type":"ReadAction","target":["https:\/\/daler.ch\/centre-du-sein-premier-bilan-positif\/"]}]},{"@type":"ImageObject","inLanguage":"de","@id":"https:\/\/daler.ch\/centre-du-sein-premier-bilan-positif\/#primaryimage","url":"https:\/\/daler.ch\/wp-content\/uploads\/2018\/04\/CsF.jpg","contentUrl":"https:\/\/daler.ch\/wp-content\/uploads\/2018\/04\/CsF.jpg","width":1600,"height":500},{"@type":"BreadcrumbList","@id":"https:\/\/daler.ch\/centre-du-sein-premier-bilan-positif\/#breadcrumb","itemListElement":[{"@type":"ListItem","position":1,"name":"Home","item":"https:\/\/daler.ch\/de\/"},{"@type":"ListItem","position":2,"name":"Brustzentrum : erste Bilanz durchwegs positiv"}]},{"@type":"WebSite","@id":"https:\/\/daler.ch\/#website","url":"https:\/\/daler.ch\/","name":"Daler-Spital","description":"Hopital Daler","potentialAction":[{"@type":"SearchAction","target":{"@type":"EntryPoint","urlTemplate":"https:\/\/daler.ch\/?s={search_term_string}"},"query-input":{"@type":"PropertyValueSpecification","valueRequired":true,"valueName":"search_term_string"}}],"inLanguage":"de"},{"@type":"Person","@id":"https:\/\/daler.ch\/#\/schema\/person\/3efe34bd72d30c33193e0a6142fd126e","name":"emblematik-daller","image":{"@type":"ImageObject","inLanguage":"de","@id":"https:\/\/secure.gravatar.com\/avatar\/a4eebccbc81c422944fd8163ba969d1383db6733d5694ac571ccaf054519f805?s=96&d=mm&r=g","url":"https:\/\/secure.gravatar.com\/avatar\/a4eebccbc81c422944fd8163ba969d1383db6733d5694ac571ccaf054519f805?s=96&d=mm&r=g","contentUrl":"https:\/\/secure.gravatar.com\/avatar\/a4eebccbc81c422944fd8163ba969d1383db6733d5694ac571ccaf054519f805?s=96&d=mm&r=g","caption":"emblematik-daller"}}]}},"_links":{"self":[{"href":"https:\/\/daler.ch\/de\/wp-json\/wp\/v2\/posts\/2115","targetHints":{"allow":["GET"]}}],"collection":[{"href":"https:\/\/daler.ch\/de\/wp-json\/wp\/v2\/posts"}],"about":[{"href":"https:\/\/daler.ch\/de\/wp-json\/wp\/v2\/types\/post"}],"author":[{"embeddable":true,"href":"https:\/\/daler.ch\/de\/wp-json\/wp\/v2\/users\/13"}],"replies":[{"embeddable":true,"href":"https:\/\/daler.ch\/de\/wp-json\/wp\/v2\/comments?post=2115"}],"version-history":[{"count":2,"href":"https:\/\/daler.ch\/de\/wp-json\/wp\/v2\/posts\/2115\/revisions"}],"predecessor-version":[{"id":2117,"href":"https:\/\/daler.ch\/de\/wp-json\/wp\/v2\/posts\/2115\/revisions\/2117"}],"wp:featuredmedia":[{"embeddable":true,"href":"https:\/\/daler.ch\/de\/wp-json\/wp\/v2\/media\/2112"}],"wp:attachment":[{"href":"https:\/\/daler.ch\/de\/wp-json\/wp\/v2\/media?parent=2115"}],"wp:term":[{"taxonomy":"category","embeddable":true,"href":"https:\/\/daler.ch\/de\/wp-json\/wp\/v2\/categories?post=2115"},{"taxonomy":"post_tag","embeddable":true,"href":"https:\/\/daler.ch\/de\/wp-json\/wp\/v2\/tags?post=2115"}],"curies":[{"name":"wp","href":"https:\/\/api.w.org\/{rel}","templated":true}]}}