{"id":2284,"date":"2018-07-06T11:30:51","date_gmt":"2018-07-06T09:30:51","guid":{"rendered":"https:\/\/www.daler.ch\/?p=2284"},"modified":"2018-07-06T11:34:23","modified_gmt":"2018-07-06T09:34:23","slug":"positive-erste-bilanz-des-prostatazentrums-freiburg","status":"publish","type":"post","link":"https:\/\/daler.ch\/de\/positive-erste-bilanz-des-prostatazentrums-freiburg\/","title":{"rendered":"Positive erste Bilanz des Prostatazentrums Freiburg"},"content":{"rendered":"<p><em>Vor einigen Monaten wurde das Prostatazentrum Freiburg von der Deutschen Krebsgesellschaft (DKG) zertifiziert. Nun zieht es eine erste Bilanz zu seiner T\u00e4tigkeit \u2013 und die ist positiv: rund 180 behandelte Patienten 2017, eine starke Beteiligung in der klinischen Forschung und die Festigung der Zusammenarbeit zwischen den beiden Partnern des Zentrums, dem Daler-Spital und dem freiburger spital (HFR). Auch das erste Quartal 2018 verlief erfreulich: Das Zentrum bestand ein erstes \u00dcberwachungsaudit. Nun will das Prostatazentrum seine Position unter den wichtigsten Onkologiezentren der Schweiz weiter st\u00e4rken.<\/em><\/p>\n<p><strong>Fast 180 neue Krebsf\u00e4lle diagnostiziert<\/strong><\/p>\n<p>Im vergangenen Jahr wurden im Prostatazentrum Freiburg 178 neue F\u00e4lle von Prostatakrebs diagnostiziert und im Rahmen der multidisziplin\u00e4ren Sitzung von den verschiedenen Spezialistinnen und Spezialisten des Zentrums besprochen. Ziel dieser Sitzung ist es, den Patienten die bestm\u00f6gliche Behandlung bieten zu k\u00f6nnen. Neben der Behandlung ist auch die Forschung ein wichtiges Element im Kampf gegen Prostatakrebs, der einen von acht M\u00e4nnern betrifft und damit die h\u00e4ufigste Krebsart bei M\u00e4nnern ist. Das Prostatazentrum beteiligt sich aktiv an verschiedenen internationalen klinischen Studien und hat 2017 51 Patienten in Forschungsprojekte integriert, in denen innovative Medikamente und neue Behandlungsmethoden entwickelt werden.<\/p>\n<p><strong>Der Patient im Zentrum der Behandlung<\/strong><\/p>\n<p>Die Behandlung im Prostatazentrum Freiburg bietet dem Patienten folgenden Mehrwert: Sein Fall wird in der interdisziplin\u00e4ren Sitzung besprochen, um eine angemessene Behandlung festzulegen, und er profitiert von einer onkologischen Beratung. In der j\u00e4hrlichen Umfrage zur Patientenzufriedenheit gaben 2017 \u00fcber neun von zehn Patienten des Zentrums an, mit ihrer Betreuung zufrieden zu sein. Dieses Ergebnis ist f\u00fcr das Team des Zentrums sehr erfreulich und motivierend. Weiter wurden im Januar 2018 zwei Publikumsvortr\u00e4ge durchgef\u00fchrt, um die Bev\u00f6lkerung \u00fcber die Erkennung und Behandlung von Prostatakrebs sowie die umfassende Betreuung der betroffenen Patienten zu informieren. Die hohe Besucherzahl an den Vortr\u00e4gen zeigt, dass diese einem echten Bed\u00fcrfnis entsprechen. 2019 werden daher in beiden Sprachregionen des Kantons weitere Publikumsveranstaltungen stattfinden. Ein weiteres Highlight 2018: Das Prostatazentrum Freiburg hat im April sein erstes j\u00e4hrliches \u00dcberwachungsaudit erfolgreich bestanden.<\/p>\n<p><strong>Gemeinsam gegen Krebs<\/strong><\/p>\n<p>Zusammenarbeit ist einer der Grundpfeiler des Prostatazentrums, sowohl zwischen den verschiedenen Spezialisten im Rahmen der interdisziplin\u00e4ren Sitzung als auch zwischen dem HFR und dem Daler-Spital sowie mit den verschiedenen Organisationen wie der Krebsliga Freiburg und dem Freiburger Netzwerk f\u00fcr psychische Gesundheit, die sich im Alltag f\u00fcr Prostatakrebspatienten einsetzen. F\u00fcr den Zeitraum 2018\u20132020 hat sich das Prostatazentrum<\/p>\n<p>Freiburg das Ziel gesetzt, seine Bekanntheit auszubauen und die Zusammenarbeit zwischen allen internen und externen Partnern weiter zu festigen, um so auf allen Ebenen Synergien zu f\u00f6rdern \u2013 von der Pr\u00e4vention bis zum Therapieende.<\/p>\n","protected":false},"excerpt":{"rendered":"<p>Vor einigen Monaten wurde das Prostatazentrum Freiburg von der Deutschen Krebsgesellschaft (DKG) zertifiziert. Nun zieht es eine erste Bilanz zu seiner T\u00e4tigkeit \u2013 und die ist positiv: rund 180 behandelte Patienten 2017, eine starke Beteiligung in der klinischen Forschung und [&hellip;]<\/p>\n","protected":false},"author":13,"featured_media":2268,"comment_status":"closed","ping_status":"closed","sticky":false,"template":"","format":"standard","meta":{"footnotes":""},"categories":[2],"tags":[],"class_list":["post-2284","post","type-post","status-publish","format-standard","has-post-thumbnail","hentry","category-unkategorisiert"],"yoast_head":"<!-- This site is optimized with the Yoast SEO plugin v27.5 - https:\/\/yoast.com\/product\/yoast-seo-wordpress\/ -->\n<title>Positive erste Bilanz des Prostatazentrums Freiburg - Daler-Spital<\/title>\n<meta name=\"robots\" content=\"index, follow, max-snippet:-1, max-image-preview:large, max-video-preview:-1\" \/>\n<link rel=\"canonical\" href=\"https:\/\/daler.ch\/premier-bilan-positif-pour-le-centre-de-la-prostate\/\" \/>\n<meta property=\"og:locale\" content=\"de_DE\" \/>\n<meta property=\"og:type\" content=\"article\" \/>\n<meta property=\"og:title\" content=\"Positive erste Bilanz des Prostatazentrums Freiburg - Daler-Spital\" \/>\n<meta property=\"og:description\" content=\"Vor einigen Monaten wurde das Prostatazentrum Freiburg von der Deutschen Krebsgesellschaft (DKG) zertifiziert. Nun zieht es eine erste Bilanz zu seiner T\u00e4tigkeit \u2013 und die ist positiv: rund 180 behandelte Patienten 2017, eine starke Beteiligung in der klinischen Forschung und [&hellip;]\" \/>\n<meta property=\"og:url\" content=\"https:\/\/daler.ch\/premier-bilan-positif-pour-le-centre-de-la-prostate\/\" \/>\n<meta property=\"og:site_name\" content=\"Daler-Spital\" \/>\n<meta property=\"article:published_time\" content=\"2018-07-06T09:30:51+00:00\" \/>\n<meta property=\"article:modified_time\" content=\"2018-07-06T09:34:23+00:00\" \/>\n<meta property=\"og:image\" content=\"https:\/\/daler.ch\/wp-content\/uploads\/2018\/06\/prostate.jpg\" \/>\n\t<meta property=\"og:image:width\" content=\"1600\" \/>\n\t<meta property=\"og:image:height\" content=\"500\" \/>\n\t<meta property=\"og:image:type\" content=\"image\/jpeg\" \/>\n<meta name=\"author\" content=\"emblematik-daller\" \/>\n<meta name=\"twitter:card\" content=\"summary_large_image\" \/>\n<meta name=\"twitter:label1\" content=\"Verfasst von\" \/>\n\t<meta name=\"twitter:data1\" content=\"emblematik-daller\" \/>\n\t<meta name=\"twitter:label2\" content=\"Gesch\u00e4tzte Lesezeit\" \/>\n\t<meta name=\"twitter:data2\" content=\"2\u00a0Minuten\" \/>\n<script type=\"application\/ld+json\" class=\"yoast-schema-graph\">{\"@context\":\"https:\\\/\\\/schema.org\",\"@graph\":[{\"@type\":\"Article\",\"@id\":\"https:\\\/\\\/daler.ch\\\/premier-bilan-positif-pour-le-centre-de-la-prostate\\\/#article\",\"isPartOf\":{\"@id\":\"https:\\\/\\\/daler.ch\\\/premier-bilan-positif-pour-le-centre-de-la-prostate\\\/\"},\"author\":{\"name\":\"emblematik-daller\",\"@id\":\"https:\\\/\\\/daler.ch\\\/#\\\/schema\\\/person\\\/3efe34bd72d30c33193e0a6142fd126e\"},\"headline\":\"Positive erste Bilanz des Prostatazentrums Freiburg\",\"datePublished\":\"2018-07-06T09:30:51+00:00\",\"dateModified\":\"2018-07-06T09:34:23+00:00\",\"mainEntityOfPage\":{\"@id\":\"https:\\\/\\\/daler.ch\\\/premier-bilan-positif-pour-le-centre-de-la-prostate\\\/\"},\"wordCount\":432,\"image\":{\"@id\":\"https:\\\/\\\/daler.ch\\\/premier-bilan-positif-pour-le-centre-de-la-prostate\\\/#primaryimage\"},\"thumbnailUrl\":\"https:\\\/\\\/daler.ch\\\/wp-content\\\/uploads\\\/2018\\\/06\\\/prostate.jpg\",\"articleSection\":[\"Unkategorisiert\"],\"inLanguage\":\"de\"},{\"@type\":\"WebPage\",\"@id\":\"https:\\\/\\\/daler.ch\\\/premier-bilan-positif-pour-le-centre-de-la-prostate\\\/\",\"url\":\"https:\\\/\\\/daler.ch\\\/premier-bilan-positif-pour-le-centre-de-la-prostate\\\/\",\"name\":\"Positive erste Bilanz des Prostatazentrums Freiburg - Daler-Spital\",\"isPartOf\":{\"@id\":\"https:\\\/\\\/daler.ch\\\/#website\"},\"primaryImageOfPage\":{\"@id\":\"https:\\\/\\\/daler.ch\\\/premier-bilan-positif-pour-le-centre-de-la-prostate\\\/#primaryimage\"},\"image\":{\"@id\":\"https:\\\/\\\/daler.ch\\\/premier-bilan-positif-pour-le-centre-de-la-prostate\\\/#primaryimage\"},\"thumbnailUrl\":\"https:\\\/\\\/daler.ch\\\/wp-content\\\/uploads\\\/2018\\\/06\\\/prostate.jpg\",\"datePublished\":\"2018-07-06T09:30:51+00:00\",\"dateModified\":\"2018-07-06T09:34:23+00:00\",\"author\":{\"@id\":\"https:\\\/\\\/daler.ch\\\/#\\\/schema\\\/person\\\/3efe34bd72d30c33193e0a6142fd126e\"},\"breadcrumb\":{\"@id\":\"https:\\\/\\\/daler.ch\\\/premier-bilan-positif-pour-le-centre-de-la-prostate\\\/#breadcrumb\"},\"inLanguage\":\"de\",\"potentialAction\":[{\"@type\":\"ReadAction\",\"target\":[\"https:\\\/\\\/daler.ch\\\/premier-bilan-positif-pour-le-centre-de-la-prostate\\\/\"]}]},{\"@type\":\"ImageObject\",\"inLanguage\":\"de\",\"@id\":\"https:\\\/\\\/daler.ch\\\/premier-bilan-positif-pour-le-centre-de-la-prostate\\\/#primaryimage\",\"url\":\"https:\\\/\\\/daler.ch\\\/wp-content\\\/uploads\\\/2018\\\/06\\\/prostate.jpg\",\"contentUrl\":\"https:\\\/\\\/daler.ch\\\/wp-content\\\/uploads\\\/2018\\\/06\\\/prostate.jpg\",\"width\":1600,\"height\":500},{\"@type\":\"BreadcrumbList\",\"@id\":\"https:\\\/\\\/daler.ch\\\/premier-bilan-positif-pour-le-centre-de-la-prostate\\\/#breadcrumb\",\"itemListElement\":[{\"@type\":\"ListItem\",\"position\":1,\"name\":\"Home\",\"item\":\"https:\\\/\\\/daler.ch\\\/de\\\/\"},{\"@type\":\"ListItem\",\"position\":2,\"name\":\"Positive erste Bilanz des Prostatazentrums Freiburg\"}]},{\"@type\":\"WebSite\",\"@id\":\"https:\\\/\\\/daler.ch\\\/#website\",\"url\":\"https:\\\/\\\/daler.ch\\\/\",\"name\":\"Daler-Spital\",\"description\":\"Hopital Daler\",\"potentialAction\":[{\"@type\":\"SearchAction\",\"target\":{\"@type\":\"EntryPoint\",\"urlTemplate\":\"https:\\\/\\\/daler.ch\\\/?s={search_term_string}\"},\"query-input\":{\"@type\":\"PropertyValueSpecification\",\"valueRequired\":true,\"valueName\":\"search_term_string\"}}],\"inLanguage\":\"de\"},{\"@type\":\"Person\",\"@id\":\"https:\\\/\\\/daler.ch\\\/#\\\/schema\\\/person\\\/3efe34bd72d30c33193e0a6142fd126e\",\"name\":\"emblematik-daller\",\"image\":{\"@type\":\"ImageObject\",\"inLanguage\":\"de\",\"@id\":\"https:\\\/\\\/secure.gravatar.com\\\/avatar\\\/a4eebccbc81c422944fd8163ba969d1383db6733d5694ac571ccaf054519f805?s=96&d=mm&r=g\",\"url\":\"https:\\\/\\\/secure.gravatar.com\\\/avatar\\\/a4eebccbc81c422944fd8163ba969d1383db6733d5694ac571ccaf054519f805?s=96&d=mm&r=g\",\"contentUrl\":\"https:\\\/\\\/secure.gravatar.com\\\/avatar\\\/a4eebccbc81c422944fd8163ba969d1383db6733d5694ac571ccaf054519f805?s=96&d=mm&r=g\",\"caption\":\"emblematik-daller\"}}]}<\/script>\n<!-- \/ Yoast SEO plugin. -->","yoast_head_json":{"title":"Positive erste Bilanz des Prostatazentrums Freiburg - Daler-Spital","robots":{"index":"index","follow":"follow","max-snippet":"max-snippet:-1","max-image-preview":"max-image-preview:large","max-video-preview":"max-video-preview:-1"},"canonical":"https:\/\/daler.ch\/premier-bilan-positif-pour-le-centre-de-la-prostate\/","og_locale":"de_DE","og_type":"article","og_title":"Positive erste Bilanz des Prostatazentrums Freiburg - Daler-Spital","og_description":"Vor einigen Monaten wurde das Prostatazentrum Freiburg von der Deutschen Krebsgesellschaft (DKG) zertifiziert. Nun zieht es eine erste Bilanz zu seiner T\u00e4tigkeit \u2013 und die ist positiv: rund 180 behandelte Patienten 2017, eine starke Beteiligung in der klinischen Forschung und [&hellip;]","og_url":"https:\/\/daler.ch\/premier-bilan-positif-pour-le-centre-de-la-prostate\/","og_site_name":"Daler-Spital","article_published_time":"2018-07-06T09:30:51+00:00","article_modified_time":"2018-07-06T09:34:23+00:00","og_image":[{"width":1600,"height":500,"url":"https:\/\/daler.ch\/wp-content\/uploads\/2018\/06\/prostate.jpg","type":"image\/jpeg"}],"author":"emblematik-daller","twitter_card":"summary_large_image","twitter_misc":{"Verfasst von":"emblematik-daller","Gesch\u00e4tzte Lesezeit":"2\u00a0Minuten"},"schema":{"@context":"https:\/\/schema.org","@graph":[{"@type":"Article","@id":"https:\/\/daler.ch\/premier-bilan-positif-pour-le-centre-de-la-prostate\/#article","isPartOf":{"@id":"https:\/\/daler.ch\/premier-bilan-positif-pour-le-centre-de-la-prostate\/"},"author":{"name":"emblematik-daller","@id":"https:\/\/daler.ch\/#\/schema\/person\/3efe34bd72d30c33193e0a6142fd126e"},"headline":"Positive erste Bilanz des Prostatazentrums Freiburg","datePublished":"2018-07-06T09:30:51+00:00","dateModified":"2018-07-06T09:34:23+00:00","mainEntityOfPage":{"@id":"https:\/\/daler.ch\/premier-bilan-positif-pour-le-centre-de-la-prostate\/"},"wordCount":432,"image":{"@id":"https:\/\/daler.ch\/premier-bilan-positif-pour-le-centre-de-la-prostate\/#primaryimage"},"thumbnailUrl":"https:\/\/daler.ch\/wp-content\/uploads\/2018\/06\/prostate.jpg","articleSection":["Unkategorisiert"],"inLanguage":"de"},{"@type":"WebPage","@id":"https:\/\/daler.ch\/premier-bilan-positif-pour-le-centre-de-la-prostate\/","url":"https:\/\/daler.ch\/premier-bilan-positif-pour-le-centre-de-la-prostate\/","name":"Positive erste Bilanz des Prostatazentrums Freiburg - Daler-Spital","isPartOf":{"@id":"https:\/\/daler.ch\/#website"},"primaryImageOfPage":{"@id":"https:\/\/daler.ch\/premier-bilan-positif-pour-le-centre-de-la-prostate\/#primaryimage"},"image":{"@id":"https:\/\/daler.ch\/premier-bilan-positif-pour-le-centre-de-la-prostate\/#primaryimage"},"thumbnailUrl":"https:\/\/daler.ch\/wp-content\/uploads\/2018\/06\/prostate.jpg","datePublished":"2018-07-06T09:30:51+00:00","dateModified":"2018-07-06T09:34:23+00:00","author":{"@id":"https:\/\/daler.ch\/#\/schema\/person\/3efe34bd72d30c33193e0a6142fd126e"},"breadcrumb":{"@id":"https:\/\/daler.ch\/premier-bilan-positif-pour-le-centre-de-la-prostate\/#breadcrumb"},"inLanguage":"de","potentialAction":[{"@type":"ReadAction","target":["https:\/\/daler.ch\/premier-bilan-positif-pour-le-centre-de-la-prostate\/"]}]},{"@type":"ImageObject","inLanguage":"de","@id":"https:\/\/daler.ch\/premier-bilan-positif-pour-le-centre-de-la-prostate\/#primaryimage","url":"https:\/\/daler.ch\/wp-content\/uploads\/2018\/06\/prostate.jpg","contentUrl":"https:\/\/daler.ch\/wp-content\/uploads\/2018\/06\/prostate.jpg","width":1600,"height":500},{"@type":"BreadcrumbList","@id":"https:\/\/daler.ch\/premier-bilan-positif-pour-le-centre-de-la-prostate\/#breadcrumb","itemListElement":[{"@type":"ListItem","position":1,"name":"Home","item":"https:\/\/daler.ch\/de\/"},{"@type":"ListItem","position":2,"name":"Positive erste Bilanz des Prostatazentrums Freiburg"}]},{"@type":"WebSite","@id":"https:\/\/daler.ch\/#website","url":"https:\/\/daler.ch\/","name":"Daler-Spital","description":"Hopital Daler","potentialAction":[{"@type":"SearchAction","target":{"@type":"EntryPoint","urlTemplate":"https:\/\/daler.ch\/?s={search_term_string}"},"query-input":{"@type":"PropertyValueSpecification","valueRequired":true,"valueName":"search_term_string"}}],"inLanguage":"de"},{"@type":"Person","@id":"https:\/\/daler.ch\/#\/schema\/person\/3efe34bd72d30c33193e0a6142fd126e","name":"emblematik-daller","image":{"@type":"ImageObject","inLanguage":"de","@id":"https:\/\/secure.gravatar.com\/avatar\/a4eebccbc81c422944fd8163ba969d1383db6733d5694ac571ccaf054519f805?s=96&d=mm&r=g","url":"https:\/\/secure.gravatar.com\/avatar\/a4eebccbc81c422944fd8163ba969d1383db6733d5694ac571ccaf054519f805?s=96&d=mm&r=g","contentUrl":"https:\/\/secure.gravatar.com\/avatar\/a4eebccbc81c422944fd8163ba969d1383db6733d5694ac571ccaf054519f805?s=96&d=mm&r=g","caption":"emblematik-daller"}}]}},"_links":{"self":[{"href":"https:\/\/daler.ch\/de\/wp-json\/wp\/v2\/posts\/2284","targetHints":{"allow":["GET"]}}],"collection":[{"href":"https:\/\/daler.ch\/de\/wp-json\/wp\/v2\/posts"}],"about":[{"href":"https:\/\/daler.ch\/de\/wp-json\/wp\/v2\/types\/post"}],"author":[{"embeddable":true,"href":"https:\/\/daler.ch\/de\/wp-json\/wp\/v2\/users\/13"}],"replies":[{"embeddable":true,"href":"https:\/\/daler.ch\/de\/wp-json\/wp\/v2\/comments?post=2284"}],"version-history":[{"count":2,"href":"https:\/\/daler.ch\/de\/wp-json\/wp\/v2\/posts\/2284\/revisions"}],"predecessor-version":[{"id":2286,"href":"https:\/\/daler.ch\/de\/wp-json\/wp\/v2\/posts\/2284\/revisions\/2286"}],"wp:featuredmedia":[{"embeddable":true,"href":"https:\/\/daler.ch\/de\/wp-json\/wp\/v2\/media\/2268"}],"wp:attachment":[{"href":"https:\/\/daler.ch\/de\/wp-json\/wp\/v2\/media?parent=2284"}],"wp:term":[{"taxonomy":"category","embeddable":true,"href":"https:\/\/daler.ch\/de\/wp-json\/wp\/v2\/categories?post=2284"},{"taxonomy":"post_tag","embeddable":true,"href":"https:\/\/daler.ch\/de\/wp-json\/wp\/v2\/tags?post=2284"}],"curies":[{"name":"wp","href":"https:\/\/api.w.org\/{rel}","templated":true}]}}