{"id":2337,"date":"2018-09-28T10:00:54","date_gmt":"2018-09-28T08:00:54","guid":{"rendered":"https:\/\/www.daler.ch\/?p=2337"},"modified":"2018-09-24T12:53:54","modified_gmt":"2018-09-24T10:53:54","slug":"octobre-rose-le-programme","status":"publish","type":"post","link":"https:\/\/daler.ch\/de\/octobre-rose-le-programme\/","title":{"rendered":"Brustkrebsmonat: das Programm"},"content":{"rendered":"<p><strong>Starke Partnerschaft<\/strong><\/p>\n<p><em>189 neue F\u00e4lle von Brustkrebs wurden im Brustzentrum Freiburg 2017 diagnostiziert. Hinter dieser Zahl stehen die Geschichten und Bed\u00fcrfnisse von Patientinnen, die eine individuelle Betreuung erfordern. Der Brustkrebsmonat Oktober dient dazu, die \u00d6ffentlichkeit f\u00fcr diese pers\u00f6nlichen Schicksale zu sensibilisieren und so viel wie m\u00f6glich zu deren Pr\u00e4vention beizutragen. Um dieses Ziel zu erreichen, arbeiten das Brustzentrum Freiburg und die Krebsliga Freiburg eng zusammen.<\/em><\/p>\n<p><strong>Sensibilisieren, um Leben zu retten<\/strong><\/p>\n<p>Am Brustzentrum Freiburg beginnt die Betreuung beim ersten Krankheitsverdacht und dauert bis zum Abschluss der Behandlung. Regelm\u00e4ssige Screening-Untersuchungen werden dringend empfohlen, um Brustkrebs in einem m\u00f6glichst fr\u00fchen Stadium zu erkennen und somit die Heilungschancen zu erh\u00f6hen.<\/p>\n<p><strong>Brustkrebsmonat: das Programm<\/strong><\/p>\n<p><strong>Mittwoch, 3. Oktober<\/strong> 2018, 19.30\u201320.30 Uhr: Jahresvortrag des Brustzentrums Freiburg im Gemeindesaal Riaz (auf Franz\u00f6sisch) und im Saal Maggenberg am HFR Tafers (Deutsch). Vorgestellt werden die Organisation des Brustzentrums, die Bedeutung der klinischen Forschung, die genetische Abkl\u00e4rung und die Rolle der Krebsliga Freiburg. Anschliessend gibt es Gelegenheit f\u00fcr Fragen und Erfahrungsberichte.<\/p>\n<p><strong>Sonntag, 7. Oktober<\/strong> 2018: Das Brustzentrum Freiburg nimmt gemeinsam mit der Krebsliga Freiburg am Murtenlauf teil. Interessierte k\u00f6nnen bei der Krebsliga ein Solidarit\u00e4ts-T-Shirt erwerben.<\/p>\n<p><strong>Dienstag, 9. Oktober<\/strong> 2018: Brustkrebstag am Daler-Spital und am HFR. Interessierte erhalten an zwei Infost\u00e4nden Ausk\u00fcnfte von spezialisierten Pflegefachpersonen und der Krebsliga Freiburg. Kostenlose Massagen weisen darauf hin, wie wichtig es ist, w\u00e4hrend der Behandlung auf das k\u00f6rperliche Wohlbefinden zu achten. Die Patienten beider Spit\u00e4ler erhalten an diesem Tag ausserdem ein spezielles Dessert mit einem Infoflyer.<\/p>\n<p>&nbsp;<\/p>\n","protected":false},"excerpt":{"rendered":"<p>Starke Partnerschaft 189 neue F\u00e4lle von Brustkrebs wurden im Brustzentrum Freiburg 2017 diagnostiziert. Hinter dieser Zahl stehen die Geschichten und Bed\u00fcrfnisse von Patientinnen, die eine individuelle Betreuung erfordern. Der Brustkrebsmonat Oktober dient dazu, die \u00d6ffentlichkeit f\u00fcr diese pers\u00f6nlichen Schicksale zu [&hellip;]<\/p>\n","protected":false},"author":13,"featured_media":2333,"comment_status":"closed","ping_status":"closed","sticky":false,"template":"","format":"standard","meta":{"footnotes":""},"categories":[2],"tags":[],"class_list":["post-2337","post","type-post","status-publish","format-standard","has-post-thumbnail","hentry","category-unkategorisiert"],"yoast_head":"<!-- This site is optimized with the Yoast SEO plugin v27.5 - https:\/\/yoast.com\/product\/yoast-seo-wordpress\/ -->\n<title>Brustkrebsmonat: das Programm - Daler-Spital<\/title>\n<meta name=\"robots\" content=\"index, follow, max-snippet:-1, max-image-preview:large, max-video-preview:-1\" \/>\n<link rel=\"canonical\" href=\"https:\/\/daler.ch\/octobre-rose-le-programme\/\" \/>\n<meta property=\"og:locale\" content=\"de_DE\" \/>\n<meta property=\"og:type\" content=\"article\" \/>\n<meta property=\"og:title\" content=\"Brustkrebsmonat: das Programm - Daler-Spital\" \/>\n<meta property=\"og:description\" content=\"Starke Partnerschaft 189 neue F\u00e4lle von Brustkrebs wurden im Brustzentrum Freiburg 2017 diagnostiziert. Hinter dieser Zahl stehen die Geschichten und Bed\u00fcrfnisse von Patientinnen, die eine individuelle Betreuung erfordern. Der Brustkrebsmonat Oktober dient dazu, die \u00d6ffentlichkeit f\u00fcr diese pers\u00f6nlichen Schicksale zu [&hellip;]\" \/>\n<meta property=\"og:url\" content=\"https:\/\/daler.ch\/octobre-rose-le-programme\/\" \/>\n<meta property=\"og:site_name\" content=\"Daler-Spital\" \/>\n<meta property=\"article:published_time\" content=\"2018-09-28T08:00:54+00:00\" \/>\n<meta property=\"og:image\" content=\"https:\/\/daler.ch\/wp-content\/uploads\/2018\/09\/Image_octobre_rose.jpg\" \/>\n\t<meta property=\"og:image:width\" content=\"1600\" \/>\n\t<meta property=\"og:image:height\" content=\"500\" \/>\n\t<meta property=\"og:image:type\" content=\"image\/jpeg\" \/>\n<meta name=\"author\" content=\"emblematik-daller\" \/>\n<meta name=\"twitter:card\" content=\"summary_large_image\" \/>\n<meta name=\"twitter:label1\" content=\"Verfasst von\" \/>\n\t<meta name=\"twitter:data1\" content=\"emblematik-daller\" \/>\n\t<meta name=\"twitter:label2\" content=\"Gesch\u00e4tzte Lesezeit\" \/>\n\t<meta name=\"twitter:data2\" content=\"1\u00a0Minute\" \/>\n<script type=\"application\/ld+json\" class=\"yoast-schema-graph\">{\"@context\":\"https:\\\/\\\/schema.org\",\"@graph\":[{\"@type\":\"Article\",\"@id\":\"https:\\\/\\\/daler.ch\\\/octobre-rose-le-programme\\\/#article\",\"isPartOf\":{\"@id\":\"https:\\\/\\\/daler.ch\\\/octobre-rose-le-programme\\\/\"},\"author\":{\"name\":\"emblematik-daller\",\"@id\":\"https:\\\/\\\/daler.ch\\\/#\\\/schema\\\/person\\\/3efe34bd72d30c33193e0a6142fd126e\"},\"headline\":\"Brustkrebsmonat: das Programm\",\"datePublished\":\"2018-09-28T08:00:54+00:00\",\"mainEntityOfPage\":{\"@id\":\"https:\\\/\\\/daler.ch\\\/octobre-rose-le-programme\\\/\"},\"wordCount\":255,\"image\":{\"@id\":\"https:\\\/\\\/daler.ch\\\/octobre-rose-le-programme\\\/#primaryimage\"},\"thumbnailUrl\":\"https:\\\/\\\/daler.ch\\\/wp-content\\\/uploads\\\/2018\\\/09\\\/Image_octobre_rose.jpg\",\"articleSection\":[\"Unkategorisiert\"],\"inLanguage\":\"de\"},{\"@type\":\"WebPage\",\"@id\":\"https:\\\/\\\/daler.ch\\\/octobre-rose-le-programme\\\/\",\"url\":\"https:\\\/\\\/daler.ch\\\/octobre-rose-le-programme\\\/\",\"name\":\"Brustkrebsmonat: das Programm - Daler-Spital\",\"isPartOf\":{\"@id\":\"https:\\\/\\\/daler.ch\\\/#website\"},\"primaryImageOfPage\":{\"@id\":\"https:\\\/\\\/daler.ch\\\/octobre-rose-le-programme\\\/#primaryimage\"},\"image\":{\"@id\":\"https:\\\/\\\/daler.ch\\\/octobre-rose-le-programme\\\/#primaryimage\"},\"thumbnailUrl\":\"https:\\\/\\\/daler.ch\\\/wp-content\\\/uploads\\\/2018\\\/09\\\/Image_octobre_rose.jpg\",\"datePublished\":\"2018-09-28T08:00:54+00:00\",\"author\":{\"@id\":\"https:\\\/\\\/daler.ch\\\/#\\\/schema\\\/person\\\/3efe34bd72d30c33193e0a6142fd126e\"},\"breadcrumb\":{\"@id\":\"https:\\\/\\\/daler.ch\\\/octobre-rose-le-programme\\\/#breadcrumb\"},\"inLanguage\":\"de\",\"potentialAction\":[{\"@type\":\"ReadAction\",\"target\":[\"https:\\\/\\\/daler.ch\\\/octobre-rose-le-programme\\\/\"]}]},{\"@type\":\"ImageObject\",\"inLanguage\":\"de\",\"@id\":\"https:\\\/\\\/daler.ch\\\/octobre-rose-le-programme\\\/#primaryimage\",\"url\":\"https:\\\/\\\/daler.ch\\\/wp-content\\\/uploads\\\/2018\\\/09\\\/Image_octobre_rose.jpg\",\"contentUrl\":\"https:\\\/\\\/daler.ch\\\/wp-content\\\/uploads\\\/2018\\\/09\\\/Image_octobre_rose.jpg\",\"width\":1600,\"height\":500},{\"@type\":\"BreadcrumbList\",\"@id\":\"https:\\\/\\\/daler.ch\\\/octobre-rose-le-programme\\\/#breadcrumb\",\"itemListElement\":[{\"@type\":\"ListItem\",\"position\":1,\"name\":\"Home\",\"item\":\"https:\\\/\\\/daler.ch\\\/de\\\/\"},{\"@type\":\"ListItem\",\"position\":2,\"name\":\"Brustkrebsmonat: das Programm\"}]},{\"@type\":\"WebSite\",\"@id\":\"https:\\\/\\\/daler.ch\\\/#website\",\"url\":\"https:\\\/\\\/daler.ch\\\/\",\"name\":\"Daler-Spital\",\"description\":\"Hopital Daler\",\"potentialAction\":[{\"@type\":\"SearchAction\",\"target\":{\"@type\":\"EntryPoint\",\"urlTemplate\":\"https:\\\/\\\/daler.ch\\\/?s={search_term_string}\"},\"query-input\":{\"@type\":\"PropertyValueSpecification\",\"valueRequired\":true,\"valueName\":\"search_term_string\"}}],\"inLanguage\":\"de\"},{\"@type\":\"Person\",\"@id\":\"https:\\\/\\\/daler.ch\\\/#\\\/schema\\\/person\\\/3efe34bd72d30c33193e0a6142fd126e\",\"name\":\"emblematik-daller\",\"image\":{\"@type\":\"ImageObject\",\"inLanguage\":\"de\",\"@id\":\"https:\\\/\\\/secure.gravatar.com\\\/avatar\\\/a4eebccbc81c422944fd8163ba969d1383db6733d5694ac571ccaf054519f805?s=96&d=mm&r=g\",\"url\":\"https:\\\/\\\/secure.gravatar.com\\\/avatar\\\/a4eebccbc81c422944fd8163ba969d1383db6733d5694ac571ccaf054519f805?s=96&d=mm&r=g\",\"contentUrl\":\"https:\\\/\\\/secure.gravatar.com\\\/avatar\\\/a4eebccbc81c422944fd8163ba969d1383db6733d5694ac571ccaf054519f805?s=96&d=mm&r=g\",\"caption\":\"emblematik-daller\"}}]}<\/script>\n<!-- \/ Yoast SEO plugin. -->","yoast_head_json":{"title":"Brustkrebsmonat: das Programm - Daler-Spital","robots":{"index":"index","follow":"follow","max-snippet":"max-snippet:-1","max-image-preview":"max-image-preview:large","max-video-preview":"max-video-preview:-1"},"canonical":"https:\/\/daler.ch\/octobre-rose-le-programme\/","og_locale":"de_DE","og_type":"article","og_title":"Brustkrebsmonat: das Programm - Daler-Spital","og_description":"Starke Partnerschaft 189 neue F\u00e4lle von Brustkrebs wurden im Brustzentrum Freiburg 2017 diagnostiziert. Hinter dieser Zahl stehen die Geschichten und Bed\u00fcrfnisse von Patientinnen, die eine individuelle Betreuung erfordern. Der Brustkrebsmonat Oktober dient dazu, die \u00d6ffentlichkeit f\u00fcr diese pers\u00f6nlichen Schicksale zu [&hellip;]","og_url":"https:\/\/daler.ch\/octobre-rose-le-programme\/","og_site_name":"Daler-Spital","article_published_time":"2018-09-28T08:00:54+00:00","og_image":[{"width":1600,"height":500,"url":"https:\/\/daler.ch\/wp-content\/uploads\/2018\/09\/Image_octobre_rose.jpg","type":"image\/jpeg"}],"author":"emblematik-daller","twitter_card":"summary_large_image","twitter_misc":{"Verfasst von":"emblematik-daller","Gesch\u00e4tzte Lesezeit":"1\u00a0Minute"},"schema":{"@context":"https:\/\/schema.org","@graph":[{"@type":"Article","@id":"https:\/\/daler.ch\/octobre-rose-le-programme\/#article","isPartOf":{"@id":"https:\/\/daler.ch\/octobre-rose-le-programme\/"},"author":{"name":"emblematik-daller","@id":"https:\/\/daler.ch\/#\/schema\/person\/3efe34bd72d30c33193e0a6142fd126e"},"headline":"Brustkrebsmonat: das Programm","datePublished":"2018-09-28T08:00:54+00:00","mainEntityOfPage":{"@id":"https:\/\/daler.ch\/octobre-rose-le-programme\/"},"wordCount":255,"image":{"@id":"https:\/\/daler.ch\/octobre-rose-le-programme\/#primaryimage"},"thumbnailUrl":"https:\/\/daler.ch\/wp-content\/uploads\/2018\/09\/Image_octobre_rose.jpg","articleSection":["Unkategorisiert"],"inLanguage":"de"},{"@type":"WebPage","@id":"https:\/\/daler.ch\/octobre-rose-le-programme\/","url":"https:\/\/daler.ch\/octobre-rose-le-programme\/","name":"Brustkrebsmonat: das Programm - Daler-Spital","isPartOf":{"@id":"https:\/\/daler.ch\/#website"},"primaryImageOfPage":{"@id":"https:\/\/daler.ch\/octobre-rose-le-programme\/#primaryimage"},"image":{"@id":"https:\/\/daler.ch\/octobre-rose-le-programme\/#primaryimage"},"thumbnailUrl":"https:\/\/daler.ch\/wp-content\/uploads\/2018\/09\/Image_octobre_rose.jpg","datePublished":"2018-09-28T08:00:54+00:00","author":{"@id":"https:\/\/daler.ch\/#\/schema\/person\/3efe34bd72d30c33193e0a6142fd126e"},"breadcrumb":{"@id":"https:\/\/daler.ch\/octobre-rose-le-programme\/#breadcrumb"},"inLanguage":"de","potentialAction":[{"@type":"ReadAction","target":["https:\/\/daler.ch\/octobre-rose-le-programme\/"]}]},{"@type":"ImageObject","inLanguage":"de","@id":"https:\/\/daler.ch\/octobre-rose-le-programme\/#primaryimage","url":"https:\/\/daler.ch\/wp-content\/uploads\/2018\/09\/Image_octobre_rose.jpg","contentUrl":"https:\/\/daler.ch\/wp-content\/uploads\/2018\/09\/Image_octobre_rose.jpg","width":1600,"height":500},{"@type":"BreadcrumbList","@id":"https:\/\/daler.ch\/octobre-rose-le-programme\/#breadcrumb","itemListElement":[{"@type":"ListItem","position":1,"name":"Home","item":"https:\/\/daler.ch\/de\/"},{"@type":"ListItem","position":2,"name":"Brustkrebsmonat: das Programm"}]},{"@type":"WebSite","@id":"https:\/\/daler.ch\/#website","url":"https:\/\/daler.ch\/","name":"Daler-Spital","description":"Hopital Daler","potentialAction":[{"@type":"SearchAction","target":{"@type":"EntryPoint","urlTemplate":"https:\/\/daler.ch\/?s={search_term_string}"},"query-input":{"@type":"PropertyValueSpecification","valueRequired":true,"valueName":"search_term_string"}}],"inLanguage":"de"},{"@type":"Person","@id":"https:\/\/daler.ch\/#\/schema\/person\/3efe34bd72d30c33193e0a6142fd126e","name":"emblematik-daller","image":{"@type":"ImageObject","inLanguage":"de","@id":"https:\/\/secure.gravatar.com\/avatar\/a4eebccbc81c422944fd8163ba969d1383db6733d5694ac571ccaf054519f805?s=96&d=mm&r=g","url":"https:\/\/secure.gravatar.com\/avatar\/a4eebccbc81c422944fd8163ba969d1383db6733d5694ac571ccaf054519f805?s=96&d=mm&r=g","contentUrl":"https:\/\/secure.gravatar.com\/avatar\/a4eebccbc81c422944fd8163ba969d1383db6733d5694ac571ccaf054519f805?s=96&d=mm&r=g","caption":"emblematik-daller"}}]}},"_links":{"self":[{"href":"https:\/\/daler.ch\/de\/wp-json\/wp\/v2\/posts\/2337","targetHints":{"allow":["GET"]}}],"collection":[{"href":"https:\/\/daler.ch\/de\/wp-json\/wp\/v2\/posts"}],"about":[{"href":"https:\/\/daler.ch\/de\/wp-json\/wp\/v2\/types\/post"}],"author":[{"embeddable":true,"href":"https:\/\/daler.ch\/de\/wp-json\/wp\/v2\/users\/13"}],"replies":[{"embeddable":true,"href":"https:\/\/daler.ch\/de\/wp-json\/wp\/v2\/comments?post=2337"}],"version-history":[{"count":2,"href":"https:\/\/daler.ch\/de\/wp-json\/wp\/v2\/posts\/2337\/revisions"}],"predecessor-version":[{"id":2339,"href":"https:\/\/daler.ch\/de\/wp-json\/wp\/v2\/posts\/2337\/revisions\/2339"}],"wp:featuredmedia":[{"embeddable":true,"href":"https:\/\/daler.ch\/de\/wp-json\/wp\/v2\/media\/2333"}],"wp:attachment":[{"href":"https:\/\/daler.ch\/de\/wp-json\/wp\/v2\/media?parent=2337"}],"wp:term":[{"taxonomy":"category","embeddable":true,"href":"https:\/\/daler.ch\/de\/wp-json\/wp\/v2\/categories?post=2337"},{"taxonomy":"post_tag","embeddable":true,"href":"https:\/\/daler.ch\/de\/wp-json\/wp\/v2\/tags?post=2337"}],"curies":[{"name":"wp","href":"https:\/\/api.w.org\/{rel}","templated":true}]}}