{"id":2360,"date":"2018-10-09T09:00:26","date_gmt":"2018-10-09T07:00:26","guid":{"rendered":"https:\/\/www.daler.ch\/?p=2360"},"modified":"2018-10-08T10:29:03","modified_gmt":"2018-10-08T08:29:03","slug":"renovierung-der-geburtsabteilung","status":"publish","type":"post","link":"https:\/\/daler.ch\/de\/renovierung-der-geburtsabteilung\/","title":{"rendered":"Renovierung der Geburtsabteilung: 2. Phase"},"content":{"rendered":"<p><strong>Noch mehr Komfort und Sicherheit f\u00fcr M\u00fctter und Neugeborene<\/strong><\/p>\n<p><em>Nachdem in einer ersten Renovierungsphase im Sommer 2017 die allgemeine Atmosph\u00e4re der Geburtsabteilung versch\u00f6nert wurde, hat das Daler-Spital nun weitere Umbauarbeiten abgeschlossen, die den Komfort und die Sicherheit von M\u00fcttern und Neugeborenen innerhalb seiner Mauern weiter erh\u00f6ht haben. Die Arbeiten fanden im Sommer 2018 statt und die letzten Pinselstriche wurden Ende September vorgenommen.<\/em><\/p>\n<p><strong>Eine komfortable Umgebung f\u00fcr die M\u00fctter und das Pflegepersonal<\/strong><\/p>\n<p>Die Arbeiten, die zwei Monate dauerten und im Sommer durchgef\u00fchrt wurden, haben f\u00fcr noch mehr Komfort und Ruhe gesorgt \u2013 sowohl f\u00fcr die M\u00fctter und ihre Babys als auch f\u00fcr das Pflegepersonal. F\u00fcr M\u00fctter, die ihr Kind stillen m\u00f6chten, wurde eigens ein stillfreundlicher Raum eingerichtet. Ausserdem wurde durch eine Neugestaltung der R\u00e4umlichkeiten der Arbeitskomfort der Pflegenden verbessert, damit diese sich noch besser um jede Patientin k\u00fcmmern k\u00f6nnen.<\/p>\n<p><strong>Eine sichere Umgebung f\u00fcr Mutter und Kind<\/strong><\/p>\n<p>Um die Sicherheit in der Geburtsabteilung zu optimieren und die Risiken zu minimieren, wurde die Betreuung genauestens analysiert. Die verschiedenen Spezialisten (Gyn\u00e4kologen, An\u00e4sthesisten, Kinder\u00e4rzte usw.), die rund um die Uhr zur Verf\u00fcgung stehen, um bei Bedarf zu intervenieren, werden dies ab sofort unter noch besseren Bedingungen tun k\u00f6nnen. Dar\u00fcber hinaus wurde ein Pflegebereich geschaffen und die Infrastruktur neu durchdacht, um die \u00dcberwachung und die spezifische Betreuung von Neugeborenen zu f\u00f6rdern.<\/p>\n<p><strong>Eine einladende Umgebung f\u00fcr alle<\/strong><\/p>\n<p>In der ersten Phase der Bauarbeiten wurde von einem jungen K\u00fcnstler ein Wandgem\u00e4lde geschaffen, das f\u00fcr eine besondere und warme Atmosph\u00e4re in der Geburtsabteilung sorgt; die neuen R\u00e4umlichkeiten wurden ebenfalls mit Naturdarstellungen dekoriert, die das geschaffene Ambiente unterst\u00fctzen.<\/p>\n","protected":false},"excerpt":{"rendered":"<p>Noch mehr Komfort und Sicherheit f\u00fcr M\u00fctter und Neugeborene Nachdem in einer ersten Renovierungsphase im Sommer 2017 die allgemeine Atmosph\u00e4re der Geburtsabteilung versch\u00f6nert wurde, hat das Daler-Spital nun weitere Umbauarbeiten abgeschlossen, die den Komfort und die Sicherheit von M\u00fcttern und [&hellip;]<\/p>\n","protected":false},"author":13,"featured_media":2355,"comment_status":"closed","ping_status":"closed","sticky":false,"template":"","format":"standard","meta":{"footnotes":""},"categories":[2],"tags":[],"class_list":["post-2360","post","type-post","status-publish","format-standard","has-post-thumbnail","hentry","category-unkategorisiert"],"yoast_head":"<!-- This site is optimized with the Yoast SEO plugin v27.5 - https:\/\/yoast.com\/product\/yoast-seo-wordpress\/ -->\n<title>Renovierung der Geburtsabteilung: 2. Phase - Daler-Spital<\/title>\n<meta name=\"robots\" content=\"index, follow, max-snippet:-1, max-image-preview:large, max-video-preview:-1\" \/>\n<link rel=\"canonical\" href=\"https:\/\/daler.ch\/renovation-de-la-maternite-2eme-etape\/\" \/>\n<meta property=\"og:locale\" content=\"de_DE\" \/>\n<meta property=\"og:type\" content=\"article\" \/>\n<meta property=\"og:title\" content=\"Renovierung der Geburtsabteilung: 2. Phase - Daler-Spital\" \/>\n<meta property=\"og:description\" content=\"Noch mehr Komfort und Sicherheit f\u00fcr M\u00fctter und Neugeborene Nachdem in einer ersten Renovierungsphase im Sommer 2017 die allgemeine Atmosph\u00e4re der Geburtsabteilung versch\u00f6nert wurde, hat das Daler-Spital nun weitere Umbauarbeiten abgeschlossen, die den Komfort und die Sicherheit von M\u00fcttern und [&hellip;]\" \/>\n<meta property=\"og:url\" content=\"https:\/\/daler.ch\/renovation-de-la-maternite-2eme-etape\/\" \/>\n<meta property=\"og:site_name\" content=\"Daler-Spital\" \/>\n<meta property=\"article:published_time\" content=\"2018-10-09T07:00:26+00:00\" \/>\n<meta property=\"og:image\" content=\"https:\/\/daler.ch\/wp-content\/uploads\/2018\/10\/Maternite-1.jpg\" \/>\n\t<meta property=\"og:image:width\" content=\"1601\" \/>\n\t<meta property=\"og:image:height\" content=\"500\" \/>\n\t<meta property=\"og:image:type\" content=\"image\/jpeg\" \/>\n<meta name=\"author\" content=\"emblematik-daller\" \/>\n<meta name=\"twitter:card\" content=\"summary_large_image\" \/>\n<meta name=\"twitter:label1\" content=\"Verfasst von\" \/>\n\t<meta name=\"twitter:data1\" content=\"emblematik-daller\" \/>\n\t<meta name=\"twitter:label2\" content=\"Gesch\u00e4tzte Lesezeit\" \/>\n\t<meta name=\"twitter:data2\" content=\"1\u00a0Minute\" \/>\n<script type=\"application\/ld+json\" class=\"yoast-schema-graph\">{\"@context\":\"https:\\\/\\\/schema.org\",\"@graph\":[{\"@type\":\"Article\",\"@id\":\"https:\\\/\\\/daler.ch\\\/renovation-de-la-maternite-2eme-etape\\\/#article\",\"isPartOf\":{\"@id\":\"https:\\\/\\\/daler.ch\\\/renovation-de-la-maternite-2eme-etape\\\/\"},\"author\":{\"name\":\"emblematik-daller\",\"@id\":\"https:\\\/\\\/daler.ch\\\/#\\\/schema\\\/person\\\/3efe34bd72d30c33193e0a6142fd126e\"},\"headline\":\"Renovierung der Geburtsabteilung: 2. Phase\",\"datePublished\":\"2018-10-09T07:00:26+00:00\",\"mainEntityOfPage\":{\"@id\":\"https:\\\/\\\/daler.ch\\\/renovation-de-la-maternite-2eme-etape\\\/\"},\"wordCount\":293,\"image\":{\"@id\":\"https:\\\/\\\/daler.ch\\\/renovation-de-la-maternite-2eme-etape\\\/#primaryimage\"},\"thumbnailUrl\":\"https:\\\/\\\/daler.ch\\\/wp-content\\\/uploads\\\/2018\\\/10\\\/Maternite-1.jpg\",\"articleSection\":[\"Unkategorisiert\"],\"inLanguage\":\"de\"},{\"@type\":\"WebPage\",\"@id\":\"https:\\\/\\\/daler.ch\\\/renovation-de-la-maternite-2eme-etape\\\/\",\"url\":\"https:\\\/\\\/daler.ch\\\/renovation-de-la-maternite-2eme-etape\\\/\",\"name\":\"Renovierung der Geburtsabteilung: 2. Phase - Daler-Spital\",\"isPartOf\":{\"@id\":\"https:\\\/\\\/daler.ch\\\/#website\"},\"primaryImageOfPage\":{\"@id\":\"https:\\\/\\\/daler.ch\\\/renovation-de-la-maternite-2eme-etape\\\/#primaryimage\"},\"image\":{\"@id\":\"https:\\\/\\\/daler.ch\\\/renovation-de-la-maternite-2eme-etape\\\/#primaryimage\"},\"thumbnailUrl\":\"https:\\\/\\\/daler.ch\\\/wp-content\\\/uploads\\\/2018\\\/10\\\/Maternite-1.jpg\",\"datePublished\":\"2018-10-09T07:00:26+00:00\",\"author\":{\"@id\":\"https:\\\/\\\/daler.ch\\\/#\\\/schema\\\/person\\\/3efe34bd72d30c33193e0a6142fd126e\"},\"breadcrumb\":{\"@id\":\"https:\\\/\\\/daler.ch\\\/renovation-de-la-maternite-2eme-etape\\\/#breadcrumb\"},\"inLanguage\":\"de\",\"potentialAction\":[{\"@type\":\"ReadAction\",\"target\":[\"https:\\\/\\\/daler.ch\\\/renovation-de-la-maternite-2eme-etape\\\/\"]}]},{\"@type\":\"ImageObject\",\"inLanguage\":\"de\",\"@id\":\"https:\\\/\\\/daler.ch\\\/renovation-de-la-maternite-2eme-etape\\\/#primaryimage\",\"url\":\"https:\\\/\\\/daler.ch\\\/wp-content\\\/uploads\\\/2018\\\/10\\\/Maternite-1.jpg\",\"contentUrl\":\"https:\\\/\\\/daler.ch\\\/wp-content\\\/uploads\\\/2018\\\/10\\\/Maternite-1.jpg\",\"width\":1601,\"height\":500},{\"@type\":\"BreadcrumbList\",\"@id\":\"https:\\\/\\\/daler.ch\\\/renovation-de-la-maternite-2eme-etape\\\/#breadcrumb\",\"itemListElement\":[{\"@type\":\"ListItem\",\"position\":1,\"name\":\"Home\",\"item\":\"https:\\\/\\\/daler.ch\\\/de\\\/\"},{\"@type\":\"ListItem\",\"position\":2,\"name\":\"Renovierung der Geburtsabteilung: 2. Phase\"}]},{\"@type\":\"WebSite\",\"@id\":\"https:\\\/\\\/daler.ch\\\/#website\",\"url\":\"https:\\\/\\\/daler.ch\\\/\",\"name\":\"Daler-Spital\",\"description\":\"Hopital Daler\",\"potentialAction\":[{\"@type\":\"SearchAction\",\"target\":{\"@type\":\"EntryPoint\",\"urlTemplate\":\"https:\\\/\\\/daler.ch\\\/?s={search_term_string}\"},\"query-input\":{\"@type\":\"PropertyValueSpecification\",\"valueRequired\":true,\"valueName\":\"search_term_string\"}}],\"inLanguage\":\"de\"},{\"@type\":\"Person\",\"@id\":\"https:\\\/\\\/daler.ch\\\/#\\\/schema\\\/person\\\/3efe34bd72d30c33193e0a6142fd126e\",\"name\":\"emblematik-daller\",\"image\":{\"@type\":\"ImageObject\",\"inLanguage\":\"de\",\"@id\":\"https:\\\/\\\/secure.gravatar.com\\\/avatar\\\/a4eebccbc81c422944fd8163ba969d1383db6733d5694ac571ccaf054519f805?s=96&d=mm&r=g\",\"url\":\"https:\\\/\\\/secure.gravatar.com\\\/avatar\\\/a4eebccbc81c422944fd8163ba969d1383db6733d5694ac571ccaf054519f805?s=96&d=mm&r=g\",\"contentUrl\":\"https:\\\/\\\/secure.gravatar.com\\\/avatar\\\/a4eebccbc81c422944fd8163ba969d1383db6733d5694ac571ccaf054519f805?s=96&d=mm&r=g\",\"caption\":\"emblematik-daller\"}}]}<\/script>\n<!-- \/ Yoast SEO plugin. -->","yoast_head_json":{"title":"Renovierung der Geburtsabteilung: 2. Phase - Daler-Spital","robots":{"index":"index","follow":"follow","max-snippet":"max-snippet:-1","max-image-preview":"max-image-preview:large","max-video-preview":"max-video-preview:-1"},"canonical":"https:\/\/daler.ch\/renovation-de-la-maternite-2eme-etape\/","og_locale":"de_DE","og_type":"article","og_title":"Renovierung der Geburtsabteilung: 2. Phase - Daler-Spital","og_description":"Noch mehr Komfort und Sicherheit f\u00fcr M\u00fctter und Neugeborene Nachdem in einer ersten Renovierungsphase im Sommer 2017 die allgemeine Atmosph\u00e4re der Geburtsabteilung versch\u00f6nert wurde, hat das Daler-Spital nun weitere Umbauarbeiten abgeschlossen, die den Komfort und die Sicherheit von M\u00fcttern und [&hellip;]","og_url":"https:\/\/daler.ch\/renovation-de-la-maternite-2eme-etape\/","og_site_name":"Daler-Spital","article_published_time":"2018-10-09T07:00:26+00:00","og_image":[{"width":1601,"height":500,"url":"https:\/\/daler.ch\/wp-content\/uploads\/2018\/10\/Maternite-1.jpg","type":"image\/jpeg"}],"author":"emblematik-daller","twitter_card":"summary_large_image","twitter_misc":{"Verfasst von":"emblematik-daller","Gesch\u00e4tzte Lesezeit":"1\u00a0Minute"},"schema":{"@context":"https:\/\/schema.org","@graph":[{"@type":"Article","@id":"https:\/\/daler.ch\/renovation-de-la-maternite-2eme-etape\/#article","isPartOf":{"@id":"https:\/\/daler.ch\/renovation-de-la-maternite-2eme-etape\/"},"author":{"name":"emblematik-daller","@id":"https:\/\/daler.ch\/#\/schema\/person\/3efe34bd72d30c33193e0a6142fd126e"},"headline":"Renovierung der Geburtsabteilung: 2. Phase","datePublished":"2018-10-09T07:00:26+00:00","mainEntityOfPage":{"@id":"https:\/\/daler.ch\/renovation-de-la-maternite-2eme-etape\/"},"wordCount":293,"image":{"@id":"https:\/\/daler.ch\/renovation-de-la-maternite-2eme-etape\/#primaryimage"},"thumbnailUrl":"https:\/\/daler.ch\/wp-content\/uploads\/2018\/10\/Maternite-1.jpg","articleSection":["Unkategorisiert"],"inLanguage":"de"},{"@type":"WebPage","@id":"https:\/\/daler.ch\/renovation-de-la-maternite-2eme-etape\/","url":"https:\/\/daler.ch\/renovation-de-la-maternite-2eme-etape\/","name":"Renovierung der Geburtsabteilung: 2. Phase - Daler-Spital","isPartOf":{"@id":"https:\/\/daler.ch\/#website"},"primaryImageOfPage":{"@id":"https:\/\/daler.ch\/renovation-de-la-maternite-2eme-etape\/#primaryimage"},"image":{"@id":"https:\/\/daler.ch\/renovation-de-la-maternite-2eme-etape\/#primaryimage"},"thumbnailUrl":"https:\/\/daler.ch\/wp-content\/uploads\/2018\/10\/Maternite-1.jpg","datePublished":"2018-10-09T07:00:26+00:00","author":{"@id":"https:\/\/daler.ch\/#\/schema\/person\/3efe34bd72d30c33193e0a6142fd126e"},"breadcrumb":{"@id":"https:\/\/daler.ch\/renovation-de-la-maternite-2eme-etape\/#breadcrumb"},"inLanguage":"de","potentialAction":[{"@type":"ReadAction","target":["https:\/\/daler.ch\/renovation-de-la-maternite-2eme-etape\/"]}]},{"@type":"ImageObject","inLanguage":"de","@id":"https:\/\/daler.ch\/renovation-de-la-maternite-2eme-etape\/#primaryimage","url":"https:\/\/daler.ch\/wp-content\/uploads\/2018\/10\/Maternite-1.jpg","contentUrl":"https:\/\/daler.ch\/wp-content\/uploads\/2018\/10\/Maternite-1.jpg","width":1601,"height":500},{"@type":"BreadcrumbList","@id":"https:\/\/daler.ch\/renovation-de-la-maternite-2eme-etape\/#breadcrumb","itemListElement":[{"@type":"ListItem","position":1,"name":"Home","item":"https:\/\/daler.ch\/de\/"},{"@type":"ListItem","position":2,"name":"Renovierung der Geburtsabteilung: 2. Phase"}]},{"@type":"WebSite","@id":"https:\/\/daler.ch\/#website","url":"https:\/\/daler.ch\/","name":"Daler-Spital","description":"Hopital Daler","potentialAction":[{"@type":"SearchAction","target":{"@type":"EntryPoint","urlTemplate":"https:\/\/daler.ch\/?s={search_term_string}"},"query-input":{"@type":"PropertyValueSpecification","valueRequired":true,"valueName":"search_term_string"}}],"inLanguage":"de"},{"@type":"Person","@id":"https:\/\/daler.ch\/#\/schema\/person\/3efe34bd72d30c33193e0a6142fd126e","name":"emblematik-daller","image":{"@type":"ImageObject","inLanguage":"de","@id":"https:\/\/secure.gravatar.com\/avatar\/a4eebccbc81c422944fd8163ba969d1383db6733d5694ac571ccaf054519f805?s=96&d=mm&r=g","url":"https:\/\/secure.gravatar.com\/avatar\/a4eebccbc81c422944fd8163ba969d1383db6733d5694ac571ccaf054519f805?s=96&d=mm&r=g","contentUrl":"https:\/\/secure.gravatar.com\/avatar\/a4eebccbc81c422944fd8163ba969d1383db6733d5694ac571ccaf054519f805?s=96&d=mm&r=g","caption":"emblematik-daller"}}]}},"_links":{"self":[{"href":"https:\/\/daler.ch\/de\/wp-json\/wp\/v2\/posts\/2360","targetHints":{"allow":["GET"]}}],"collection":[{"href":"https:\/\/daler.ch\/de\/wp-json\/wp\/v2\/posts"}],"about":[{"href":"https:\/\/daler.ch\/de\/wp-json\/wp\/v2\/types\/post"}],"author":[{"embeddable":true,"href":"https:\/\/daler.ch\/de\/wp-json\/wp\/v2\/users\/13"}],"replies":[{"embeddable":true,"href":"https:\/\/daler.ch\/de\/wp-json\/wp\/v2\/comments?post=2360"}],"version-history":[{"count":2,"href":"https:\/\/daler.ch\/de\/wp-json\/wp\/v2\/posts\/2360\/revisions"}],"predecessor-version":[{"id":2362,"href":"https:\/\/daler.ch\/de\/wp-json\/wp\/v2\/posts\/2360\/revisions\/2362"}],"wp:featuredmedia":[{"embeddable":true,"href":"https:\/\/daler.ch\/de\/wp-json\/wp\/v2\/media\/2355"}],"wp:attachment":[{"href":"https:\/\/daler.ch\/de\/wp-json\/wp\/v2\/media?parent=2360"}],"wp:term":[{"taxonomy":"category","embeddable":true,"href":"https:\/\/daler.ch\/de\/wp-json\/wp\/v2\/categories?post=2360"},{"taxonomy":"post_tag","embeddable":true,"href":"https:\/\/daler.ch\/de\/wp-json\/wp\/v2\/tags?post=2360"}],"curies":[{"name":"wp","href":"https:\/\/api.w.org\/{rel}","templated":true}]}}