{"id":2515,"date":"2019-04-15T11:00:26","date_gmt":"2019-04-15T09:00:26","guid":{"rendered":"https:\/\/www.daler.ch\/?p=2515"},"modified":"2019-04-15T10:14:21","modified_gmt":"2019-04-15T08:14:21","slug":"centre-de-la-prostate-bilan-2018","status":"publish","type":"post","link":"https:\/\/daler.ch\/de\/centre-de-la-prostate-bilan-2018\/","title":{"rendered":"Prostatazentrum : zweite bilanz"},"content":{"rendered":"<p><strong>Prostatakrebs: Doppelt so viele Patienten in klinischen Studien<\/strong><\/p>\n<p><em>Die Anzahl behandelter F\u00e4lle des Prostatazentrums Freiburg blieb 2018 stabil. Hingegen nahmen doppelt so viele Patienten an einer internationalen klinischen Studie teil. Gestiegen ist auch die Zahl der Patienten, die psychoonkologisch betreut wurden.<\/em><\/p>\n<p>Im vergangenen Jahr hat das Prostatazentrum Freiburg 159 neue F\u00e4lle von Prostatakrebs betreut. Unter Ber\u00fccksichtigung der R\u00fcckf\u00e4lle wurden insgesamt 226 Patienten behandelt. Im Vergleich zum Vorjahr blieben die Fallzahlen damit stabil. Jeder diagnostizierte Fall wurde im Rahmen der multidisziplin\u00e4ren Sitzung, an der verschiedene Spezialisten des Zentrums teilnehmen, besprochen, um den Patienten die bestm\u00f6gliche Behandlung zu bieten.<\/p>\n<p>An Bedeutung gewonnen hat die psychologische Begleitung der Betroffenen: Elf Patienten wurden von einer auf Onkologie spezialisierten Psychologin betreut. \u201eWir haben unsere Patienten entsprechend sensibilisiert. Dies ist ein wichtiger Schritt in einer umfassenden, qualitativ hochstehenden Betreuung\u201c, so Dr. med. Marc K\u00fcng, Leiter des Zentrums.<\/p>\n<p><strong>Doppelt so viele Patienten in internationalen klinischen Studien<\/strong><\/p>\n<p>Die Forschung bleibt ein zentrales Mittel im Kampf gegen Prostatakrebs, der als h\u00e4ufigste Krebsart bei M\u00e4nnern jeden achten Mann betrifft. In diesem Rahmen wirkt das Prostatazentrum aktiv an mehreren nationalen und internationalen klinischen Studien mit. Im vergangenen Jahr hat sich der Anteil der Patienten, die an einer Studie teilnehmen, verdoppelt: von knapp 30 Prozent 2017 auf \u00fcber 60 Prozent 2018.<\/p>\n<p>Die Patienten des Prostatazentrums erhielten Zugang zu mehreren nationalen und internationalen Studien, darunter die Prostate Cancer Outcomes Study (PCO), die unter anderem mit der Messung der Lebensqualit\u00e4t darauf abzielt, die k\u00f6rperliche und psychische Gesundheit von Prostatakrebspatienten zu verbessern.<\/p>\n","protected":false},"excerpt":{"rendered":"<p>Prostatakrebs: Doppelt so viele Patienten in klinischen Studien Die Anzahl behandelter F\u00e4lle des Prostatazentrums Freiburg blieb 2018 stabil. Hingegen nahmen doppelt so viele Patienten an einer internationalen klinischen Studie teil. Gestiegen ist auch die Zahl der Patienten, die psychoonkologisch betreut [&hellip;]<\/p>\n","protected":false},"author":13,"featured_media":2511,"comment_status":"closed","ping_status":"closed","sticky":false,"template":"","format":"standard","meta":{"footnotes":""},"categories":[2],"tags":[],"class_list":["post-2515","post","type-post","status-publish","format-standard","has-post-thumbnail","hentry","category-unkategorisiert"],"yoast_head":"<!-- This site is optimized with the Yoast SEO plugin v27.5 - https:\/\/yoast.com\/product\/yoast-seo-wordpress\/ -->\n<title>Prostatazentrum : zweite bilanz - Daler-Spital<\/title>\n<meta name=\"robots\" content=\"index, follow, max-snippet:-1, max-image-preview:large, max-video-preview:-1\" \/>\n<link rel=\"canonical\" href=\"https:\/\/daler.ch\/centre-de-la-prostate-bilan-2018\/\" \/>\n<meta property=\"og:locale\" content=\"de_DE\" \/>\n<meta property=\"og:type\" content=\"article\" \/>\n<meta property=\"og:title\" content=\"Prostatazentrum : zweite bilanz - Daler-Spital\" \/>\n<meta property=\"og:description\" content=\"Prostatakrebs: Doppelt so viele Patienten in klinischen Studien Die Anzahl behandelter F\u00e4lle des Prostatazentrums Freiburg blieb 2018 stabil. Hingegen nahmen doppelt so viele Patienten an einer internationalen klinischen Studie teil. Gestiegen ist auch die Zahl der Patienten, die psychoonkologisch betreut [&hellip;]\" \/>\n<meta property=\"og:url\" content=\"https:\/\/daler.ch\/centre-de-la-prostate-bilan-2018\/\" \/>\n<meta property=\"og:site_name\" content=\"Daler-Spital\" \/>\n<meta property=\"article:published_time\" content=\"2019-04-15T09:00:26+00:00\" \/>\n<meta property=\"og:image\" content=\"https:\/\/daler.ch\/wp-content\/uploads\/2019\/04\/CPF_bilan.jpg\" \/>\n\t<meta property=\"og:image:width\" content=\"1600\" \/>\n\t<meta property=\"og:image:height\" content=\"500\" \/>\n\t<meta property=\"og:image:type\" content=\"image\/jpeg\" \/>\n<meta name=\"author\" content=\"emblematik-daller\" \/>\n<meta name=\"twitter:card\" content=\"summary_large_image\" \/>\n<meta name=\"twitter:label1\" content=\"Verfasst von\" \/>\n\t<meta name=\"twitter:data1\" content=\"emblematik-daller\" \/>\n\t<meta name=\"twitter:label2\" content=\"Gesch\u00e4tzte Lesezeit\" \/>\n\t<meta name=\"twitter:data2\" content=\"1\u00a0Minute\" \/>\n<script type=\"application\/ld+json\" class=\"yoast-schema-graph\">{\"@context\":\"https:\\\/\\\/schema.org\",\"@graph\":[{\"@type\":\"Article\",\"@id\":\"https:\\\/\\\/daler.ch\\\/centre-de-la-prostate-bilan-2018\\\/#article\",\"isPartOf\":{\"@id\":\"https:\\\/\\\/daler.ch\\\/centre-de-la-prostate-bilan-2018\\\/\"},\"author\":{\"name\":\"emblematik-daller\",\"@id\":\"https:\\\/\\\/daler.ch\\\/#\\\/schema\\\/person\\\/3efe34bd72d30c33193e0a6142fd126e\"},\"headline\":\"Prostatazentrum : zweite bilanz\",\"datePublished\":\"2019-04-15T09:00:26+00:00\",\"mainEntityOfPage\":{\"@id\":\"https:\\\/\\\/daler.ch\\\/centre-de-la-prostate-bilan-2018\\\/\"},\"wordCount\":255,\"image\":{\"@id\":\"https:\\\/\\\/daler.ch\\\/centre-de-la-prostate-bilan-2018\\\/#primaryimage\"},\"thumbnailUrl\":\"https:\\\/\\\/daler.ch\\\/wp-content\\\/uploads\\\/2019\\\/04\\\/CPF_bilan.jpg\",\"articleSection\":[\"Unkategorisiert\"],\"inLanguage\":\"de\"},{\"@type\":\"WebPage\",\"@id\":\"https:\\\/\\\/daler.ch\\\/centre-de-la-prostate-bilan-2018\\\/\",\"url\":\"https:\\\/\\\/daler.ch\\\/centre-de-la-prostate-bilan-2018\\\/\",\"name\":\"Prostatazentrum : zweite bilanz - Daler-Spital\",\"isPartOf\":{\"@id\":\"https:\\\/\\\/daler.ch\\\/#website\"},\"primaryImageOfPage\":{\"@id\":\"https:\\\/\\\/daler.ch\\\/centre-de-la-prostate-bilan-2018\\\/#primaryimage\"},\"image\":{\"@id\":\"https:\\\/\\\/daler.ch\\\/centre-de-la-prostate-bilan-2018\\\/#primaryimage\"},\"thumbnailUrl\":\"https:\\\/\\\/daler.ch\\\/wp-content\\\/uploads\\\/2019\\\/04\\\/CPF_bilan.jpg\",\"datePublished\":\"2019-04-15T09:00:26+00:00\",\"author\":{\"@id\":\"https:\\\/\\\/daler.ch\\\/#\\\/schema\\\/person\\\/3efe34bd72d30c33193e0a6142fd126e\"},\"breadcrumb\":{\"@id\":\"https:\\\/\\\/daler.ch\\\/centre-de-la-prostate-bilan-2018\\\/#breadcrumb\"},\"inLanguage\":\"de\",\"potentialAction\":[{\"@type\":\"ReadAction\",\"target\":[\"https:\\\/\\\/daler.ch\\\/centre-de-la-prostate-bilan-2018\\\/\"]}]},{\"@type\":\"ImageObject\",\"inLanguage\":\"de\",\"@id\":\"https:\\\/\\\/daler.ch\\\/centre-de-la-prostate-bilan-2018\\\/#primaryimage\",\"url\":\"https:\\\/\\\/daler.ch\\\/wp-content\\\/uploads\\\/2019\\\/04\\\/CPF_bilan.jpg\",\"contentUrl\":\"https:\\\/\\\/daler.ch\\\/wp-content\\\/uploads\\\/2019\\\/04\\\/CPF_bilan.jpg\",\"width\":1600,\"height\":500},{\"@type\":\"BreadcrumbList\",\"@id\":\"https:\\\/\\\/daler.ch\\\/centre-de-la-prostate-bilan-2018\\\/#breadcrumb\",\"itemListElement\":[{\"@type\":\"ListItem\",\"position\":1,\"name\":\"Home\",\"item\":\"https:\\\/\\\/daler.ch\\\/de\\\/\"},{\"@type\":\"ListItem\",\"position\":2,\"name\":\"Prostatazentrum : zweite bilanz\"}]},{\"@type\":\"WebSite\",\"@id\":\"https:\\\/\\\/daler.ch\\\/#website\",\"url\":\"https:\\\/\\\/daler.ch\\\/\",\"name\":\"Daler-Spital\",\"description\":\"Hopital Daler\",\"potentialAction\":[{\"@type\":\"SearchAction\",\"target\":{\"@type\":\"EntryPoint\",\"urlTemplate\":\"https:\\\/\\\/daler.ch\\\/?s={search_term_string}\"},\"query-input\":{\"@type\":\"PropertyValueSpecification\",\"valueRequired\":true,\"valueName\":\"search_term_string\"}}],\"inLanguage\":\"de\"},{\"@type\":\"Person\",\"@id\":\"https:\\\/\\\/daler.ch\\\/#\\\/schema\\\/person\\\/3efe34bd72d30c33193e0a6142fd126e\",\"name\":\"emblematik-daller\",\"image\":{\"@type\":\"ImageObject\",\"inLanguage\":\"de\",\"@id\":\"https:\\\/\\\/secure.gravatar.com\\\/avatar\\\/a4eebccbc81c422944fd8163ba969d1383db6733d5694ac571ccaf054519f805?s=96&d=mm&r=g\",\"url\":\"https:\\\/\\\/secure.gravatar.com\\\/avatar\\\/a4eebccbc81c422944fd8163ba969d1383db6733d5694ac571ccaf054519f805?s=96&d=mm&r=g\",\"contentUrl\":\"https:\\\/\\\/secure.gravatar.com\\\/avatar\\\/a4eebccbc81c422944fd8163ba969d1383db6733d5694ac571ccaf054519f805?s=96&d=mm&r=g\",\"caption\":\"emblematik-daller\"}}]}<\/script>\n<!-- \/ Yoast SEO plugin. -->","yoast_head_json":{"title":"Prostatazentrum : zweite bilanz - Daler-Spital","robots":{"index":"index","follow":"follow","max-snippet":"max-snippet:-1","max-image-preview":"max-image-preview:large","max-video-preview":"max-video-preview:-1"},"canonical":"https:\/\/daler.ch\/centre-de-la-prostate-bilan-2018\/","og_locale":"de_DE","og_type":"article","og_title":"Prostatazentrum : zweite bilanz - Daler-Spital","og_description":"Prostatakrebs: Doppelt so viele Patienten in klinischen Studien Die Anzahl behandelter F\u00e4lle des Prostatazentrums Freiburg blieb 2018 stabil. Hingegen nahmen doppelt so viele Patienten an einer internationalen klinischen Studie teil. Gestiegen ist auch die Zahl der Patienten, die psychoonkologisch betreut [&hellip;]","og_url":"https:\/\/daler.ch\/centre-de-la-prostate-bilan-2018\/","og_site_name":"Daler-Spital","article_published_time":"2019-04-15T09:00:26+00:00","og_image":[{"width":1600,"height":500,"url":"https:\/\/daler.ch\/wp-content\/uploads\/2019\/04\/CPF_bilan.jpg","type":"image\/jpeg"}],"author":"emblematik-daller","twitter_card":"summary_large_image","twitter_misc":{"Verfasst von":"emblematik-daller","Gesch\u00e4tzte Lesezeit":"1\u00a0Minute"},"schema":{"@context":"https:\/\/schema.org","@graph":[{"@type":"Article","@id":"https:\/\/daler.ch\/centre-de-la-prostate-bilan-2018\/#article","isPartOf":{"@id":"https:\/\/daler.ch\/centre-de-la-prostate-bilan-2018\/"},"author":{"name":"emblematik-daller","@id":"https:\/\/daler.ch\/#\/schema\/person\/3efe34bd72d30c33193e0a6142fd126e"},"headline":"Prostatazentrum : zweite bilanz","datePublished":"2019-04-15T09:00:26+00:00","mainEntityOfPage":{"@id":"https:\/\/daler.ch\/centre-de-la-prostate-bilan-2018\/"},"wordCount":255,"image":{"@id":"https:\/\/daler.ch\/centre-de-la-prostate-bilan-2018\/#primaryimage"},"thumbnailUrl":"https:\/\/daler.ch\/wp-content\/uploads\/2019\/04\/CPF_bilan.jpg","articleSection":["Unkategorisiert"],"inLanguage":"de"},{"@type":"WebPage","@id":"https:\/\/daler.ch\/centre-de-la-prostate-bilan-2018\/","url":"https:\/\/daler.ch\/centre-de-la-prostate-bilan-2018\/","name":"Prostatazentrum : zweite bilanz - Daler-Spital","isPartOf":{"@id":"https:\/\/daler.ch\/#website"},"primaryImageOfPage":{"@id":"https:\/\/daler.ch\/centre-de-la-prostate-bilan-2018\/#primaryimage"},"image":{"@id":"https:\/\/daler.ch\/centre-de-la-prostate-bilan-2018\/#primaryimage"},"thumbnailUrl":"https:\/\/daler.ch\/wp-content\/uploads\/2019\/04\/CPF_bilan.jpg","datePublished":"2019-04-15T09:00:26+00:00","author":{"@id":"https:\/\/daler.ch\/#\/schema\/person\/3efe34bd72d30c33193e0a6142fd126e"},"breadcrumb":{"@id":"https:\/\/daler.ch\/centre-de-la-prostate-bilan-2018\/#breadcrumb"},"inLanguage":"de","potentialAction":[{"@type":"ReadAction","target":["https:\/\/daler.ch\/centre-de-la-prostate-bilan-2018\/"]}]},{"@type":"ImageObject","inLanguage":"de","@id":"https:\/\/daler.ch\/centre-de-la-prostate-bilan-2018\/#primaryimage","url":"https:\/\/daler.ch\/wp-content\/uploads\/2019\/04\/CPF_bilan.jpg","contentUrl":"https:\/\/daler.ch\/wp-content\/uploads\/2019\/04\/CPF_bilan.jpg","width":1600,"height":500},{"@type":"BreadcrumbList","@id":"https:\/\/daler.ch\/centre-de-la-prostate-bilan-2018\/#breadcrumb","itemListElement":[{"@type":"ListItem","position":1,"name":"Home","item":"https:\/\/daler.ch\/de\/"},{"@type":"ListItem","position":2,"name":"Prostatazentrum : zweite bilanz"}]},{"@type":"WebSite","@id":"https:\/\/daler.ch\/#website","url":"https:\/\/daler.ch\/","name":"Daler-Spital","description":"Hopital Daler","potentialAction":[{"@type":"SearchAction","target":{"@type":"EntryPoint","urlTemplate":"https:\/\/daler.ch\/?s={search_term_string}"},"query-input":{"@type":"PropertyValueSpecification","valueRequired":true,"valueName":"search_term_string"}}],"inLanguage":"de"},{"@type":"Person","@id":"https:\/\/daler.ch\/#\/schema\/person\/3efe34bd72d30c33193e0a6142fd126e","name":"emblematik-daller","image":{"@type":"ImageObject","inLanguage":"de","@id":"https:\/\/secure.gravatar.com\/avatar\/a4eebccbc81c422944fd8163ba969d1383db6733d5694ac571ccaf054519f805?s=96&d=mm&r=g","url":"https:\/\/secure.gravatar.com\/avatar\/a4eebccbc81c422944fd8163ba969d1383db6733d5694ac571ccaf054519f805?s=96&d=mm&r=g","contentUrl":"https:\/\/secure.gravatar.com\/avatar\/a4eebccbc81c422944fd8163ba969d1383db6733d5694ac571ccaf054519f805?s=96&d=mm&r=g","caption":"emblematik-daller"}}]}},"_links":{"self":[{"href":"https:\/\/daler.ch\/de\/wp-json\/wp\/v2\/posts\/2515","targetHints":{"allow":["GET"]}}],"collection":[{"href":"https:\/\/daler.ch\/de\/wp-json\/wp\/v2\/posts"}],"about":[{"href":"https:\/\/daler.ch\/de\/wp-json\/wp\/v2\/types\/post"}],"author":[{"embeddable":true,"href":"https:\/\/daler.ch\/de\/wp-json\/wp\/v2\/users\/13"}],"replies":[{"embeddable":true,"href":"https:\/\/daler.ch\/de\/wp-json\/wp\/v2\/comments?post=2515"}],"version-history":[{"count":2,"href":"https:\/\/daler.ch\/de\/wp-json\/wp\/v2\/posts\/2515\/revisions"}],"predecessor-version":[{"id":2517,"href":"https:\/\/daler.ch\/de\/wp-json\/wp\/v2\/posts\/2515\/revisions\/2517"}],"wp:featuredmedia":[{"embeddable":true,"href":"https:\/\/daler.ch\/de\/wp-json\/wp\/v2\/media\/2511"}],"wp:attachment":[{"href":"https:\/\/daler.ch\/de\/wp-json\/wp\/v2\/media?parent=2515"}],"wp:term":[{"taxonomy":"category","embeddable":true,"href":"https:\/\/daler.ch\/de\/wp-json\/wp\/v2\/categories?post=2515"},{"taxonomy":"post_tag","embeddable":true,"href":"https:\/\/daler.ch\/de\/wp-json\/wp\/v2\/tags?post=2515"}],"curies":[{"name":"wp","href":"https:\/\/api.w.org\/{rel}","templated":true}]}}