{"id":2526,"date":"2019-04-25T11:00:26","date_gmt":"2019-04-25T09:00:26","guid":{"rendered":"https:\/\/www.daler.ch\/?p=2526"},"modified":"2019-04-25T11:41:28","modified_gmt":"2019-04-25T09:41:28","slug":"bilan-2018-de-lhopital-daler","status":"publish","type":"post","link":"https:\/\/daler.ch\/de\/bilan-2018-de-lhopital-daler\/","title":{"rendered":"Jahresbilanz"},"content":{"rendered":"<p><strong>2018: das erste Jahr eines neuen Jahrhunderts f\u00fcr das Daler-Spital<\/strong><\/p>\n<p><em>In der Sitzung des Stiftungsrates, der den Jahresabschluss 2018 genehmigte, liess der Vorsitzende, Paul-Albert Nobs, trotz der positiven Ergebnisse die zuk\u00fcnftigen Herausforderungen nicht ausser Acht: \u00ab2018 war das erste Jahr eines neuen Jahrhunderts f\u00fcr das Daler-Spital, das seinen Auftrag so nah wie m\u00f6glich an seinen Werten\u00a0von Respekt und Integrit\u00e4t weiterf\u00fchren wird. Die immer restriktiveren Rahmenbedingungen werden die Motivation und das Engagement unseres Spitals im Dienste aller nicht \u00fcberschatten. Wir sind bereit, uns anzupassen und diese Herausforderung in Erfolg zu verwandeln.\u00bb <\/em><\/p>\n<p><em>Im Vergleich zu den Vorjahren hat die ambulante T\u00e4tigkeit des Daler-Spitals leicht zugenommen. Im station\u00e4ren Bereich und in der Geburtenabteilung blieb die Aktivit\u00e4t stabil. Die Finanzergebnisse f\u00fcr 2018 sind gesund und der Gewinn wird erneut in die Anpassung der Spitalinfrastruktur investiert.<\/em><\/p>\n<p><em>Zu diesem Zweck laufen mehrere Projekte, zum Beispiel die Modernisierung des Operationstrakts und die Installation von Tablets. Diese Massnahmen sollen dazu beitragen, die Qualit\u00e4t der Patientenbetreuung zu verbessern und den Energieverbrauch zu reduzieren.<\/em><\/p>\n<p><strong>T\u00e4tigkeit 2018<\/strong><\/p>\n<p>2018 lag die station\u00e4re T\u00e4tigkeit mit 5178\u00a0F\u00e4llen auf \u00e4hnlichem Niveau wie im Vorjahr (-0,8\u00a0%). In der Maternit\u00e9 erblickten in diesem Jahr 1505 Babys das Licht der Welt. Damit hat die zweitgr\u00f6sste private Geburtenabteilung der Schweiz und die gr\u00f6sste Geburtenabteilung des Kantons Freiburg zum f\u00fcnften Jahr in Folge die Zahl von 1500 Geburten erreicht oder sogar \u00fcberschritten.<\/p>\n<p>Dank rigorosem Management und st\u00e4ndigem Streben nach Effizienz bleibt der angewandte Basistarif (SwissDRG) einer der niedrigsten in der Schweiz. Die Freiburger Bev\u00f6lkerung hat somit Zugang zu medizinischen und pflegerischen Leistungen von hoher Qualit\u00e4t, die sonst \u2013 in vielen Kantonen \u2013 privat- oder halbprivat versicherten Patienten vorbehalten sind.<\/p>\n<p><strong>Finanzen<\/strong><\/p>\n<p>Wie in den vergangenen Jahren ist das Finanzergebnis 2018 positiv und erlaubt es dem Spital, Finanzmittel in zuk\u00fcnftig notwendige Projekte zu investieren. Zur Erinnerung: Der gesamte Gewinn wird zugunsten der Pflegequalit\u00e4t und dem Wohlergehen der Patientinnen und Patienten eingesetzt.<\/p>\n<p><strong>Projekte <\/strong><\/p>\n<p>Modernisierung des Operationstrakts: Mit den Bauarbeiten, die 2018 begannen und voraussichtlich bis 2021 dauern, soll der Operationsbereich modernisiert, seine Funktionsweise neu organisiert und die OP-T\u00e4tigkeit noch effizienter werden. Dank einer minuti\u00f6sen Planung sind der Komfort der Patienten und die Qualit\u00e4t ihrer Versorgung w\u00e4hrend der gesamten Bauphase gew\u00e4hrleistet.<\/p>\n<p>Installation von Tablets: In den Patientenzimmern wurden Tablets installiert, die Informations- und Kommunikationsmittel bieten und den Erwartungen der Patienten entsprechen. Damit wird die Qualit\u00e4t der Informationen, aber auch der Patientenversorgung erh\u00f6ht.<\/p>\n<p>Die Projekte des Spitals sind stets Gegenstand eingehender \u00dcberlegungen im Hinblick auf die Umweltvertr\u00e4glichkeit. So werden beispielsweise im Rahmen der Modernisierung des Operationsbereichs Solarmodule installiert. Sie sind Teil des Engagements des Daler-Spitals f\u00fcr die Umwelt; \u00fcber dieses Engagement und alle getroffenen oder geplanten Massnahmen werden wir am Ende der Arbeiten erneut kommunizieren.<\/p>\n<p><strong>Ausbildung zugunsten von Effizienz und Nachhaltigkeit<\/strong><\/p>\n<p>Der Nationale Verein f\u00fcr Qualit\u00e4tsentwicklung in Spit\u00e4lern und Kliniken (ANQ) vergleicht j\u00e4hrlich die Qualit\u00e4t zwischen den Spit\u00e4lern in der Schweiz und ver\u00f6ffentlicht die Resultate. Auch 2018 sind die Ergebnisse des Daler-Spitals sehr gut oder sogar ausgezeichnet: So bewerteten 91,2\u00a0% der Patienten in der nationalen Patientenbefragung vom September 2018 die Qualit\u00e4t der Versorgung mit \u00absehr gut\u00bb bis \u00abausgezeichnet\u00bb (84,3\u00a0% im Schweizer Durchschnitt).<\/p>\n<p>Das Spital ist sich seiner Verantwortung als Gesundheitsakteur bewusst und gibt der Ausbildung eine besondere Stellung. Folgende Personen haben 2018 in unserem Spital ihre Ausbildung gemacht: 30 Praktikantinnen und Praktikanten der H\u00f6heren Fachschule Pflege, zwei Hebammenstudentinnen der Hochschule f\u00fcr Gesundheit Genf und ein Studierender An\u00e4sthesiepflegefachmann. Dazu kommen 80\u00a0Praktikanten aus anderen Schulen (z.\u00a0B. Fachfrauen\/-m\u00e4nner Gesundheit, Operationsfachpersonen) und sieben Lernende (alle Fachrichtungen).<\/p>\n","protected":false},"excerpt":{"rendered":"<p>2018: das erste Jahr eines neuen Jahrhunderts f\u00fcr das Daler-Spital In der Sitzung des Stiftungsrates, der den Jahresabschluss 2018 genehmigte, liess der Vorsitzende, Paul-Albert Nobs, trotz der positiven Ergebnisse die zuk\u00fcnftigen Herausforderungen nicht ausser Acht: \u00ab2018 war das erste Jahr [&hellip;]<\/p>\n","protected":false},"author":13,"featured_media":2522,"comment_status":"closed","ping_status":"closed","sticky":false,"template":"","format":"standard","meta":{"footnotes":""},"categories":[2],"tags":[],"class_list":["post-2526","post","type-post","status-publish","format-standard","has-post-thumbnail","hentry","category-unkategorisiert"],"yoast_head":"<!-- This site is optimized with the Yoast SEO plugin v27.5 - https:\/\/yoast.com\/product\/yoast-seo-wordpress\/ -->\n<title>Jahresbilanz - Daler-Spital<\/title>\n<meta name=\"robots\" content=\"index, follow, max-snippet:-1, max-image-preview:large, max-video-preview:-1\" \/>\n<link rel=\"canonical\" href=\"https:\/\/daler.ch\/bilan-2018-de-lhopital-daler\/\" \/>\n<meta property=\"og:locale\" content=\"de_DE\" \/>\n<meta property=\"og:type\" content=\"article\" \/>\n<meta property=\"og:title\" content=\"Jahresbilanz - Daler-Spital\" \/>\n<meta property=\"og:description\" content=\"2018: das erste Jahr eines neuen Jahrhunderts f\u00fcr das Daler-Spital In der Sitzung des Stiftungsrates, der den Jahresabschluss 2018 genehmigte, liess der Vorsitzende, Paul-Albert Nobs, trotz der positiven Ergebnisse die zuk\u00fcnftigen Herausforderungen nicht ausser Acht: \u00ab2018 war das erste Jahr [&hellip;]\" \/>\n<meta property=\"og:url\" content=\"https:\/\/daler.ch\/bilan-2018-de-lhopital-daler\/\" \/>\n<meta property=\"og:site_name\" content=\"Daler-Spital\" \/>\n<meta property=\"article:published_time\" content=\"2019-04-25T09:00:26+00:00\" \/>\n<meta property=\"article:modified_time\" content=\"2019-04-25T09:41:28+00:00\" \/>\n<meta property=\"og:image\" content=\"https:\/\/daler.ch\/wp-content\/uploads\/2019\/04\/Daler_lot1_072015_027-e1556185273218.jpg\" \/>\n\t<meta property=\"og:image:width\" content=\"1600\" \/>\n\t<meta property=\"og:image:height\" content=\"500\" \/>\n\t<meta property=\"og:image:type\" content=\"image\/jpeg\" \/>\n<meta name=\"author\" content=\"emblematik-daller\" \/>\n<meta name=\"twitter:card\" content=\"summary_large_image\" \/>\n<meta name=\"twitter:label1\" content=\"Verfasst von\" \/>\n\t<meta name=\"twitter:data1\" content=\"emblematik-daller\" \/>\n\t<meta name=\"twitter:label2\" content=\"Gesch\u00e4tzte Lesezeit\" \/>\n\t<meta name=\"twitter:data2\" content=\"3\u00a0Minuten\" \/>\n<script type=\"application\/ld+json\" class=\"yoast-schema-graph\">{\"@context\":\"https:\\\/\\\/schema.org\",\"@graph\":[{\"@type\":\"Article\",\"@id\":\"https:\\\/\\\/daler.ch\\\/bilan-2018-de-lhopital-daler\\\/#article\",\"isPartOf\":{\"@id\":\"https:\\\/\\\/daler.ch\\\/bilan-2018-de-lhopital-daler\\\/\"},\"author\":{\"name\":\"emblematik-daller\",\"@id\":\"https:\\\/\\\/daler.ch\\\/#\\\/schema\\\/person\\\/3efe34bd72d30c33193e0a6142fd126e\"},\"headline\":\"Jahresbilanz\",\"datePublished\":\"2019-04-25T09:00:26+00:00\",\"dateModified\":\"2019-04-25T09:41:28+00:00\",\"mainEntityOfPage\":{\"@id\":\"https:\\\/\\\/daler.ch\\\/bilan-2018-de-lhopital-daler\\\/\"},\"wordCount\":596,\"image\":{\"@id\":\"https:\\\/\\\/daler.ch\\\/bilan-2018-de-lhopital-daler\\\/#primaryimage\"},\"thumbnailUrl\":\"https:\\\/\\\/daler.ch\\\/wp-content\\\/uploads\\\/2019\\\/04\\\/Daler_lot1_072015_027-e1556185273218.jpg\",\"articleSection\":[\"Unkategorisiert\"],\"inLanguage\":\"de\"},{\"@type\":\"WebPage\",\"@id\":\"https:\\\/\\\/daler.ch\\\/bilan-2018-de-lhopital-daler\\\/\",\"url\":\"https:\\\/\\\/daler.ch\\\/bilan-2018-de-lhopital-daler\\\/\",\"name\":\"Jahresbilanz - Daler-Spital\",\"isPartOf\":{\"@id\":\"https:\\\/\\\/daler.ch\\\/#website\"},\"primaryImageOfPage\":{\"@id\":\"https:\\\/\\\/daler.ch\\\/bilan-2018-de-lhopital-daler\\\/#primaryimage\"},\"image\":{\"@id\":\"https:\\\/\\\/daler.ch\\\/bilan-2018-de-lhopital-daler\\\/#primaryimage\"},\"thumbnailUrl\":\"https:\\\/\\\/daler.ch\\\/wp-content\\\/uploads\\\/2019\\\/04\\\/Daler_lot1_072015_027-e1556185273218.jpg\",\"datePublished\":\"2019-04-25T09:00:26+00:00\",\"dateModified\":\"2019-04-25T09:41:28+00:00\",\"author\":{\"@id\":\"https:\\\/\\\/daler.ch\\\/#\\\/schema\\\/person\\\/3efe34bd72d30c33193e0a6142fd126e\"},\"breadcrumb\":{\"@id\":\"https:\\\/\\\/daler.ch\\\/bilan-2018-de-lhopital-daler\\\/#breadcrumb\"},\"inLanguage\":\"de\",\"potentialAction\":[{\"@type\":\"ReadAction\",\"target\":[\"https:\\\/\\\/daler.ch\\\/bilan-2018-de-lhopital-daler\\\/\"]}]},{\"@type\":\"ImageObject\",\"inLanguage\":\"de\",\"@id\":\"https:\\\/\\\/daler.ch\\\/bilan-2018-de-lhopital-daler\\\/#primaryimage\",\"url\":\"https:\\\/\\\/daler.ch\\\/wp-content\\\/uploads\\\/2019\\\/04\\\/Daler_lot1_072015_027-e1556185273218.jpg\",\"contentUrl\":\"https:\\\/\\\/daler.ch\\\/wp-content\\\/uploads\\\/2019\\\/04\\\/Daler_lot1_072015_027-e1556185273218.jpg\",\"width\":1600,\"height\":500},{\"@type\":\"BreadcrumbList\",\"@id\":\"https:\\\/\\\/daler.ch\\\/bilan-2018-de-lhopital-daler\\\/#breadcrumb\",\"itemListElement\":[{\"@type\":\"ListItem\",\"position\":1,\"name\":\"Home\",\"item\":\"https:\\\/\\\/daler.ch\\\/de\\\/\"},{\"@type\":\"ListItem\",\"position\":2,\"name\":\"Jahresbilanz\"}]},{\"@type\":\"WebSite\",\"@id\":\"https:\\\/\\\/daler.ch\\\/#website\",\"url\":\"https:\\\/\\\/daler.ch\\\/\",\"name\":\"Daler-Spital\",\"description\":\"Hopital Daler\",\"potentialAction\":[{\"@type\":\"SearchAction\",\"target\":{\"@type\":\"EntryPoint\",\"urlTemplate\":\"https:\\\/\\\/daler.ch\\\/?s={search_term_string}\"},\"query-input\":{\"@type\":\"PropertyValueSpecification\",\"valueRequired\":true,\"valueName\":\"search_term_string\"}}],\"inLanguage\":\"de\"},{\"@type\":\"Person\",\"@id\":\"https:\\\/\\\/daler.ch\\\/#\\\/schema\\\/person\\\/3efe34bd72d30c33193e0a6142fd126e\",\"name\":\"emblematik-daller\",\"image\":{\"@type\":\"ImageObject\",\"inLanguage\":\"de\",\"@id\":\"https:\\\/\\\/secure.gravatar.com\\\/avatar\\\/a4eebccbc81c422944fd8163ba969d1383db6733d5694ac571ccaf054519f805?s=96&d=mm&r=g\",\"url\":\"https:\\\/\\\/secure.gravatar.com\\\/avatar\\\/a4eebccbc81c422944fd8163ba969d1383db6733d5694ac571ccaf054519f805?s=96&d=mm&r=g\",\"contentUrl\":\"https:\\\/\\\/secure.gravatar.com\\\/avatar\\\/a4eebccbc81c422944fd8163ba969d1383db6733d5694ac571ccaf054519f805?s=96&d=mm&r=g\",\"caption\":\"emblematik-daller\"}}]}<\/script>\n<!-- \/ Yoast SEO plugin. -->","yoast_head_json":{"title":"Jahresbilanz - Daler-Spital","robots":{"index":"index","follow":"follow","max-snippet":"max-snippet:-1","max-image-preview":"max-image-preview:large","max-video-preview":"max-video-preview:-1"},"canonical":"https:\/\/daler.ch\/bilan-2018-de-lhopital-daler\/","og_locale":"de_DE","og_type":"article","og_title":"Jahresbilanz - Daler-Spital","og_description":"2018: das erste Jahr eines neuen Jahrhunderts f\u00fcr das Daler-Spital In der Sitzung des Stiftungsrates, der den Jahresabschluss 2018 genehmigte, liess der Vorsitzende, Paul-Albert Nobs, trotz der positiven Ergebnisse die zuk\u00fcnftigen Herausforderungen nicht ausser Acht: \u00ab2018 war das erste Jahr [&hellip;]","og_url":"https:\/\/daler.ch\/bilan-2018-de-lhopital-daler\/","og_site_name":"Daler-Spital","article_published_time":"2019-04-25T09:00:26+00:00","article_modified_time":"2019-04-25T09:41:28+00:00","og_image":[{"width":1600,"height":500,"url":"https:\/\/daler.ch\/wp-content\/uploads\/2019\/04\/Daler_lot1_072015_027-e1556185273218.jpg","type":"image\/jpeg"}],"author":"emblematik-daller","twitter_card":"summary_large_image","twitter_misc":{"Verfasst von":"emblematik-daller","Gesch\u00e4tzte Lesezeit":"3\u00a0Minuten"},"schema":{"@context":"https:\/\/schema.org","@graph":[{"@type":"Article","@id":"https:\/\/daler.ch\/bilan-2018-de-lhopital-daler\/#article","isPartOf":{"@id":"https:\/\/daler.ch\/bilan-2018-de-lhopital-daler\/"},"author":{"name":"emblematik-daller","@id":"https:\/\/daler.ch\/#\/schema\/person\/3efe34bd72d30c33193e0a6142fd126e"},"headline":"Jahresbilanz","datePublished":"2019-04-25T09:00:26+00:00","dateModified":"2019-04-25T09:41:28+00:00","mainEntityOfPage":{"@id":"https:\/\/daler.ch\/bilan-2018-de-lhopital-daler\/"},"wordCount":596,"image":{"@id":"https:\/\/daler.ch\/bilan-2018-de-lhopital-daler\/#primaryimage"},"thumbnailUrl":"https:\/\/daler.ch\/wp-content\/uploads\/2019\/04\/Daler_lot1_072015_027-e1556185273218.jpg","articleSection":["Unkategorisiert"],"inLanguage":"de"},{"@type":"WebPage","@id":"https:\/\/daler.ch\/bilan-2018-de-lhopital-daler\/","url":"https:\/\/daler.ch\/bilan-2018-de-lhopital-daler\/","name":"Jahresbilanz - Daler-Spital","isPartOf":{"@id":"https:\/\/daler.ch\/#website"},"primaryImageOfPage":{"@id":"https:\/\/daler.ch\/bilan-2018-de-lhopital-daler\/#primaryimage"},"image":{"@id":"https:\/\/daler.ch\/bilan-2018-de-lhopital-daler\/#primaryimage"},"thumbnailUrl":"https:\/\/daler.ch\/wp-content\/uploads\/2019\/04\/Daler_lot1_072015_027-e1556185273218.jpg","datePublished":"2019-04-25T09:00:26+00:00","dateModified":"2019-04-25T09:41:28+00:00","author":{"@id":"https:\/\/daler.ch\/#\/schema\/person\/3efe34bd72d30c33193e0a6142fd126e"},"breadcrumb":{"@id":"https:\/\/daler.ch\/bilan-2018-de-lhopital-daler\/#breadcrumb"},"inLanguage":"de","potentialAction":[{"@type":"ReadAction","target":["https:\/\/daler.ch\/bilan-2018-de-lhopital-daler\/"]}]},{"@type":"ImageObject","inLanguage":"de","@id":"https:\/\/daler.ch\/bilan-2018-de-lhopital-daler\/#primaryimage","url":"https:\/\/daler.ch\/wp-content\/uploads\/2019\/04\/Daler_lot1_072015_027-e1556185273218.jpg","contentUrl":"https:\/\/daler.ch\/wp-content\/uploads\/2019\/04\/Daler_lot1_072015_027-e1556185273218.jpg","width":1600,"height":500},{"@type":"BreadcrumbList","@id":"https:\/\/daler.ch\/bilan-2018-de-lhopital-daler\/#breadcrumb","itemListElement":[{"@type":"ListItem","position":1,"name":"Home","item":"https:\/\/daler.ch\/de\/"},{"@type":"ListItem","position":2,"name":"Jahresbilanz"}]},{"@type":"WebSite","@id":"https:\/\/daler.ch\/#website","url":"https:\/\/daler.ch\/","name":"Daler-Spital","description":"Hopital Daler","potentialAction":[{"@type":"SearchAction","target":{"@type":"EntryPoint","urlTemplate":"https:\/\/daler.ch\/?s={search_term_string}"},"query-input":{"@type":"PropertyValueSpecification","valueRequired":true,"valueName":"search_term_string"}}],"inLanguage":"de"},{"@type":"Person","@id":"https:\/\/daler.ch\/#\/schema\/person\/3efe34bd72d30c33193e0a6142fd126e","name":"emblematik-daller","image":{"@type":"ImageObject","inLanguage":"de","@id":"https:\/\/secure.gravatar.com\/avatar\/a4eebccbc81c422944fd8163ba969d1383db6733d5694ac571ccaf054519f805?s=96&d=mm&r=g","url":"https:\/\/secure.gravatar.com\/avatar\/a4eebccbc81c422944fd8163ba969d1383db6733d5694ac571ccaf054519f805?s=96&d=mm&r=g","contentUrl":"https:\/\/secure.gravatar.com\/avatar\/a4eebccbc81c422944fd8163ba969d1383db6733d5694ac571ccaf054519f805?s=96&d=mm&r=g","caption":"emblematik-daller"}}]}},"_links":{"self":[{"href":"https:\/\/daler.ch\/de\/wp-json\/wp\/v2\/posts\/2526","targetHints":{"allow":["GET"]}}],"collection":[{"href":"https:\/\/daler.ch\/de\/wp-json\/wp\/v2\/posts"}],"about":[{"href":"https:\/\/daler.ch\/de\/wp-json\/wp\/v2\/types\/post"}],"author":[{"embeddable":true,"href":"https:\/\/daler.ch\/de\/wp-json\/wp\/v2\/users\/13"}],"replies":[{"embeddable":true,"href":"https:\/\/daler.ch\/de\/wp-json\/wp\/v2\/comments?post=2526"}],"version-history":[{"count":2,"href":"https:\/\/daler.ch\/de\/wp-json\/wp\/v2\/posts\/2526\/revisions"}],"predecessor-version":[{"id":2528,"href":"https:\/\/daler.ch\/de\/wp-json\/wp\/v2\/posts\/2526\/revisions\/2528"}],"wp:featuredmedia":[{"embeddable":true,"href":"https:\/\/daler.ch\/de\/wp-json\/wp\/v2\/media\/2522"}],"wp:attachment":[{"href":"https:\/\/daler.ch\/de\/wp-json\/wp\/v2\/media?parent=2526"}],"wp:term":[{"taxonomy":"category","embeddable":true,"href":"https:\/\/daler.ch\/de\/wp-json\/wp\/v2\/categories?post=2526"},{"taxonomy":"post_tag","embeddable":true,"href":"https:\/\/daler.ch\/de\/wp-json\/wp\/v2\/tags?post=2526"}],"curies":[{"name":"wp","href":"https:\/\/api.w.org\/{rel}","templated":true}]}}