{"id":2664,"date":"2019-07-01T10:55:04","date_gmt":"2019-07-01T08:55:04","guid":{"rendered":"https:\/\/www.daler.ch\/accreditation-du-dr-gael-simone\/"},"modified":"2019-07-01T10:57:39","modified_gmt":"2019-07-01T08:57:39","slug":"akkreditierung-von-dr-gael-simone","status":"publish","type":"post","link":"https:\/\/daler.ch\/de\/akkreditierung-von-dr-gael-simone\/","title":{"rendered":"Akkreditierung von Dr. Ga\u00ebl Simon\u00e9"},"content":{"rendered":"<p>Am 7. Mai 2019 hat der Vorstand des Daler-Spitals beschlossen, Dr. Ga\u00ebl Simon\u00e9 als Belegarzt im Daler-Spital zu akkreditieren.<\/p>\n<p>Nachdem er 2007 an der medizinischen Fakult\u00e4t Strasbourg sein Staatsexamen abgelegt hatte, erlangte Dr. Ga\u00ebl Simon\u00e9 2014 seinen Facharzttitel f\u00fcr Allgemeine, Viszerale und Verdauungschirurgie in den Universit\u00e4tsspit\u00e4lern Besan\u00e7on, Dijon und Strasbourg. Danach spezialisierte er sich im Bereich der Chirurgie als Oberarzt in den Universit\u00e4tsspit\u00e4lern CHU Strasbourg (Allgemeine Chirurgie, Leber- und Endokrine Chirurgie und Transplantation) und HUG Genf (Viszerale Chirurgie und Transplantation). Weiterhin spezialisierte er sich in den Kliniken l\u2019Orangerie und Rh\u00e9na in Strasbourg.<br \/>\nSeit 2018 praktiziert er als selbst\u00e4ndiger Chirurg. Per Juli 2019 wird Dr. Ga\u00ebl Simon\u00e9 nun eine Privatpraxis (alte Praxis von Dr. Chanson) f\u00fcr allgemeine Chirurgie und Viszerale Chirurgie am Daler-Spital er\u00f6ffnen und wird gleichzeitig einer T\u00e4tigkeit in der allgemeinen und viszeralen Chirurgie nachgehen.<\/p>\n<p>Das Daler-Spital freut sich, sein \u00c4rzteteam durch einen erfahrenen Spezialisten auf dem Gebiet der Chirurgie zu erweitern.<\/p>\n","protected":false},"excerpt":{"rendered":"<p>Am 7. Mai 2019 hat der Vorstand des Daler-Spitals beschlossen, Dr. Ga\u00ebl Simon\u00e9 als Belegarzt im Daler-Spital zu akkreditieren. Nachdem er 2007 an der medizinischen Fakult\u00e4t Strasbourg sein Staatsexamen abgelegt hatte, erlangte Dr. Ga\u00ebl Simon\u00e9 2014 seinen Facharzttitel f\u00fcr Allgemeine, [&hellip;]<\/p>\n","protected":false},"author":13,"featured_media":2660,"comment_status":"closed","ping_status":"closed","sticky":false,"template":"","format":"standard","meta":{"footnotes":""},"categories":[2],"tags":[],"class_list":["post-2664","post","type-post","status-publish","format-standard","has-post-thumbnail","hentry","category-unkategorisiert"],"yoast_head":"<!-- This site is optimized with the Yoast SEO plugin v27.5 - https:\/\/yoast.com\/product\/yoast-seo-wordpress\/ -->\n<title>Akkreditierung von Dr. Ga\u00ebl Simon\u00e9 - Daler-Spital<\/title>\n<meta name=\"robots\" content=\"index, follow, max-snippet:-1, max-image-preview:large, max-video-preview:-1\" \/>\n<link rel=\"canonical\" href=\"https:\/\/daler.ch\/accreditation-du-dr-gael-simone\/\" \/>\n<meta property=\"og:locale\" content=\"de_DE\" \/>\n<meta property=\"og:type\" content=\"article\" \/>\n<meta property=\"og:title\" content=\"Akkreditierung von Dr. Ga\u00ebl Simon\u00e9 - Daler-Spital\" \/>\n<meta property=\"og:description\" content=\"Am 7. Mai 2019 hat der Vorstand des Daler-Spitals beschlossen, Dr. Ga\u00ebl Simon\u00e9 als Belegarzt im Daler-Spital zu akkreditieren. Nachdem er 2007 an der medizinischen Fakult\u00e4t Strasbourg sein Staatsexamen abgelegt hatte, erlangte Dr. Ga\u00ebl Simon\u00e9 2014 seinen Facharzttitel f\u00fcr Allgemeine, [&hellip;]\" \/>\n<meta property=\"og:url\" content=\"https:\/\/daler.ch\/accreditation-du-dr-gael-simone\/\" \/>\n<meta property=\"og:site_name\" content=\"Daler-Spital\" \/>\n<meta property=\"article:published_time\" content=\"2019-07-01T08:55:04+00:00\" \/>\n<meta property=\"article:modified_time\" content=\"2019-07-01T08:57:39+00:00\" \/>\n<meta property=\"og:image\" content=\"https:\/\/daler.ch\/wp-content\/uploads\/2019\/07\/medecin.jpg\" \/>\n\t<meta property=\"og:image:width\" content=\"1600\" \/>\n\t<meta property=\"og:image:height\" content=\"495\" \/>\n\t<meta property=\"og:image:type\" content=\"image\/jpeg\" \/>\n<meta name=\"author\" content=\"emblematik-daller\" \/>\n<meta name=\"twitter:card\" content=\"summary_large_image\" \/>\n<meta name=\"twitter:label1\" content=\"Verfasst von\" \/>\n\t<meta name=\"twitter:data1\" content=\"emblematik-daller\" \/>\n\t<meta name=\"twitter:label2\" content=\"Gesch\u00e4tzte Lesezeit\" \/>\n\t<meta name=\"twitter:data2\" content=\"1\u00a0Minute\" \/>\n<script type=\"application\/ld+json\" class=\"yoast-schema-graph\">{\"@context\":\"https:\\\/\\\/schema.org\",\"@graph\":[{\"@type\":\"Article\",\"@id\":\"https:\\\/\\\/daler.ch\\\/accreditation-du-dr-gael-simone\\\/#article\",\"isPartOf\":{\"@id\":\"https:\\\/\\\/daler.ch\\\/accreditation-du-dr-gael-simone\\\/\"},\"author\":{\"name\":\"emblematik-daller\",\"@id\":\"https:\\\/\\\/daler.ch\\\/#\\\/schema\\\/person\\\/3efe34bd72d30c33193e0a6142fd126e\"},\"headline\":\"Akkreditierung von Dr. Ga\u00ebl Simon\u00e9\",\"datePublished\":\"2019-07-01T08:55:04+00:00\",\"dateModified\":\"2019-07-01T08:57:39+00:00\",\"mainEntityOfPage\":{\"@id\":\"https:\\\/\\\/daler.ch\\\/accreditation-du-dr-gael-simone\\\/\"},\"wordCount\":168,\"image\":{\"@id\":\"https:\\\/\\\/daler.ch\\\/accreditation-du-dr-gael-simone\\\/#primaryimage\"},\"thumbnailUrl\":\"https:\\\/\\\/daler.ch\\\/wp-content\\\/uploads\\\/2019\\\/07\\\/medecin.jpg\",\"articleSection\":[\"Unkategorisiert\"],\"inLanguage\":\"de\"},{\"@type\":\"WebPage\",\"@id\":\"https:\\\/\\\/daler.ch\\\/accreditation-du-dr-gael-simone\\\/\",\"url\":\"https:\\\/\\\/daler.ch\\\/accreditation-du-dr-gael-simone\\\/\",\"name\":\"Akkreditierung von Dr. Ga\u00ebl Simon\u00e9 - Daler-Spital\",\"isPartOf\":{\"@id\":\"https:\\\/\\\/daler.ch\\\/#website\"},\"primaryImageOfPage\":{\"@id\":\"https:\\\/\\\/daler.ch\\\/accreditation-du-dr-gael-simone\\\/#primaryimage\"},\"image\":{\"@id\":\"https:\\\/\\\/daler.ch\\\/accreditation-du-dr-gael-simone\\\/#primaryimage\"},\"thumbnailUrl\":\"https:\\\/\\\/daler.ch\\\/wp-content\\\/uploads\\\/2019\\\/07\\\/medecin.jpg\",\"datePublished\":\"2019-07-01T08:55:04+00:00\",\"dateModified\":\"2019-07-01T08:57:39+00:00\",\"author\":{\"@id\":\"https:\\\/\\\/daler.ch\\\/#\\\/schema\\\/person\\\/3efe34bd72d30c33193e0a6142fd126e\"},\"breadcrumb\":{\"@id\":\"https:\\\/\\\/daler.ch\\\/accreditation-du-dr-gael-simone\\\/#breadcrumb\"},\"inLanguage\":\"de\",\"potentialAction\":[{\"@type\":\"ReadAction\",\"target\":[\"https:\\\/\\\/daler.ch\\\/accreditation-du-dr-gael-simone\\\/\"]}]},{\"@type\":\"ImageObject\",\"inLanguage\":\"de\",\"@id\":\"https:\\\/\\\/daler.ch\\\/accreditation-du-dr-gael-simone\\\/#primaryimage\",\"url\":\"https:\\\/\\\/daler.ch\\\/wp-content\\\/uploads\\\/2019\\\/07\\\/medecin.jpg\",\"contentUrl\":\"https:\\\/\\\/daler.ch\\\/wp-content\\\/uploads\\\/2019\\\/07\\\/medecin.jpg\",\"width\":1600,\"height\":495},{\"@type\":\"BreadcrumbList\",\"@id\":\"https:\\\/\\\/daler.ch\\\/accreditation-du-dr-gael-simone\\\/#breadcrumb\",\"itemListElement\":[{\"@type\":\"ListItem\",\"position\":1,\"name\":\"Home\",\"item\":\"https:\\\/\\\/daler.ch\\\/de\\\/\"},{\"@type\":\"ListItem\",\"position\":2,\"name\":\"Akkreditierung von Dr. Ga\u00ebl Simon\u00e9\"}]},{\"@type\":\"WebSite\",\"@id\":\"https:\\\/\\\/daler.ch\\\/#website\",\"url\":\"https:\\\/\\\/daler.ch\\\/\",\"name\":\"Daler-Spital\",\"description\":\"Hopital Daler\",\"potentialAction\":[{\"@type\":\"SearchAction\",\"target\":{\"@type\":\"EntryPoint\",\"urlTemplate\":\"https:\\\/\\\/daler.ch\\\/?s={search_term_string}\"},\"query-input\":{\"@type\":\"PropertyValueSpecification\",\"valueRequired\":true,\"valueName\":\"search_term_string\"}}],\"inLanguage\":\"de\"},{\"@type\":\"Person\",\"@id\":\"https:\\\/\\\/daler.ch\\\/#\\\/schema\\\/person\\\/3efe34bd72d30c33193e0a6142fd126e\",\"name\":\"emblematik-daller\",\"image\":{\"@type\":\"ImageObject\",\"inLanguage\":\"de\",\"@id\":\"https:\\\/\\\/secure.gravatar.com\\\/avatar\\\/a4eebccbc81c422944fd8163ba969d1383db6733d5694ac571ccaf054519f805?s=96&d=mm&r=g\",\"url\":\"https:\\\/\\\/secure.gravatar.com\\\/avatar\\\/a4eebccbc81c422944fd8163ba969d1383db6733d5694ac571ccaf054519f805?s=96&d=mm&r=g\",\"contentUrl\":\"https:\\\/\\\/secure.gravatar.com\\\/avatar\\\/a4eebccbc81c422944fd8163ba969d1383db6733d5694ac571ccaf054519f805?s=96&d=mm&r=g\",\"caption\":\"emblematik-daller\"}}]}<\/script>\n<!-- \/ Yoast SEO plugin. -->","yoast_head_json":{"title":"Akkreditierung von Dr. Ga\u00ebl Simon\u00e9 - Daler-Spital","robots":{"index":"index","follow":"follow","max-snippet":"max-snippet:-1","max-image-preview":"max-image-preview:large","max-video-preview":"max-video-preview:-1"},"canonical":"https:\/\/daler.ch\/accreditation-du-dr-gael-simone\/","og_locale":"de_DE","og_type":"article","og_title":"Akkreditierung von Dr. Ga\u00ebl Simon\u00e9 - Daler-Spital","og_description":"Am 7. Mai 2019 hat der Vorstand des Daler-Spitals beschlossen, Dr. Ga\u00ebl Simon\u00e9 als Belegarzt im Daler-Spital zu akkreditieren. Nachdem er 2007 an der medizinischen Fakult\u00e4t Strasbourg sein Staatsexamen abgelegt hatte, erlangte Dr. Ga\u00ebl Simon\u00e9 2014 seinen Facharzttitel f\u00fcr Allgemeine, [&hellip;]","og_url":"https:\/\/daler.ch\/accreditation-du-dr-gael-simone\/","og_site_name":"Daler-Spital","article_published_time":"2019-07-01T08:55:04+00:00","article_modified_time":"2019-07-01T08:57:39+00:00","og_image":[{"width":1600,"height":495,"url":"https:\/\/daler.ch\/wp-content\/uploads\/2019\/07\/medecin.jpg","type":"image\/jpeg"}],"author":"emblematik-daller","twitter_card":"summary_large_image","twitter_misc":{"Verfasst von":"emblematik-daller","Gesch\u00e4tzte Lesezeit":"1\u00a0Minute"},"schema":{"@context":"https:\/\/schema.org","@graph":[{"@type":"Article","@id":"https:\/\/daler.ch\/accreditation-du-dr-gael-simone\/#article","isPartOf":{"@id":"https:\/\/daler.ch\/accreditation-du-dr-gael-simone\/"},"author":{"name":"emblematik-daller","@id":"https:\/\/daler.ch\/#\/schema\/person\/3efe34bd72d30c33193e0a6142fd126e"},"headline":"Akkreditierung von Dr. Ga\u00ebl Simon\u00e9","datePublished":"2019-07-01T08:55:04+00:00","dateModified":"2019-07-01T08:57:39+00:00","mainEntityOfPage":{"@id":"https:\/\/daler.ch\/accreditation-du-dr-gael-simone\/"},"wordCount":168,"image":{"@id":"https:\/\/daler.ch\/accreditation-du-dr-gael-simone\/#primaryimage"},"thumbnailUrl":"https:\/\/daler.ch\/wp-content\/uploads\/2019\/07\/medecin.jpg","articleSection":["Unkategorisiert"],"inLanguage":"de"},{"@type":"WebPage","@id":"https:\/\/daler.ch\/accreditation-du-dr-gael-simone\/","url":"https:\/\/daler.ch\/accreditation-du-dr-gael-simone\/","name":"Akkreditierung von Dr. Ga\u00ebl Simon\u00e9 - Daler-Spital","isPartOf":{"@id":"https:\/\/daler.ch\/#website"},"primaryImageOfPage":{"@id":"https:\/\/daler.ch\/accreditation-du-dr-gael-simone\/#primaryimage"},"image":{"@id":"https:\/\/daler.ch\/accreditation-du-dr-gael-simone\/#primaryimage"},"thumbnailUrl":"https:\/\/daler.ch\/wp-content\/uploads\/2019\/07\/medecin.jpg","datePublished":"2019-07-01T08:55:04+00:00","dateModified":"2019-07-01T08:57:39+00:00","author":{"@id":"https:\/\/daler.ch\/#\/schema\/person\/3efe34bd72d30c33193e0a6142fd126e"},"breadcrumb":{"@id":"https:\/\/daler.ch\/accreditation-du-dr-gael-simone\/#breadcrumb"},"inLanguage":"de","potentialAction":[{"@type":"ReadAction","target":["https:\/\/daler.ch\/accreditation-du-dr-gael-simone\/"]}]},{"@type":"ImageObject","inLanguage":"de","@id":"https:\/\/daler.ch\/accreditation-du-dr-gael-simone\/#primaryimage","url":"https:\/\/daler.ch\/wp-content\/uploads\/2019\/07\/medecin.jpg","contentUrl":"https:\/\/daler.ch\/wp-content\/uploads\/2019\/07\/medecin.jpg","width":1600,"height":495},{"@type":"BreadcrumbList","@id":"https:\/\/daler.ch\/accreditation-du-dr-gael-simone\/#breadcrumb","itemListElement":[{"@type":"ListItem","position":1,"name":"Home","item":"https:\/\/daler.ch\/de\/"},{"@type":"ListItem","position":2,"name":"Akkreditierung von Dr. Ga\u00ebl Simon\u00e9"}]},{"@type":"WebSite","@id":"https:\/\/daler.ch\/#website","url":"https:\/\/daler.ch\/","name":"Daler-Spital","description":"Hopital Daler","potentialAction":[{"@type":"SearchAction","target":{"@type":"EntryPoint","urlTemplate":"https:\/\/daler.ch\/?s={search_term_string}"},"query-input":{"@type":"PropertyValueSpecification","valueRequired":true,"valueName":"search_term_string"}}],"inLanguage":"de"},{"@type":"Person","@id":"https:\/\/daler.ch\/#\/schema\/person\/3efe34bd72d30c33193e0a6142fd126e","name":"emblematik-daller","image":{"@type":"ImageObject","inLanguage":"de","@id":"https:\/\/secure.gravatar.com\/avatar\/a4eebccbc81c422944fd8163ba969d1383db6733d5694ac571ccaf054519f805?s=96&d=mm&r=g","url":"https:\/\/secure.gravatar.com\/avatar\/a4eebccbc81c422944fd8163ba969d1383db6733d5694ac571ccaf054519f805?s=96&d=mm&r=g","contentUrl":"https:\/\/secure.gravatar.com\/avatar\/a4eebccbc81c422944fd8163ba969d1383db6733d5694ac571ccaf054519f805?s=96&d=mm&r=g","caption":"emblematik-daller"}}]}},"_links":{"self":[{"href":"https:\/\/daler.ch\/de\/wp-json\/wp\/v2\/posts\/2664","targetHints":{"allow":["GET"]}}],"collection":[{"href":"https:\/\/daler.ch\/de\/wp-json\/wp\/v2\/posts"}],"about":[{"href":"https:\/\/daler.ch\/de\/wp-json\/wp\/v2\/types\/post"}],"author":[{"embeddable":true,"href":"https:\/\/daler.ch\/de\/wp-json\/wp\/v2\/users\/13"}],"replies":[{"embeddable":true,"href":"https:\/\/daler.ch\/de\/wp-json\/wp\/v2\/comments?post=2664"}],"version-history":[{"count":1,"href":"https:\/\/daler.ch\/de\/wp-json\/wp\/v2\/posts\/2664\/revisions"}],"predecessor-version":[{"id":2665,"href":"https:\/\/daler.ch\/de\/wp-json\/wp\/v2\/posts\/2664\/revisions\/2665"}],"wp:featuredmedia":[{"embeddable":true,"href":"https:\/\/daler.ch\/de\/wp-json\/wp\/v2\/media\/2660"}],"wp:attachment":[{"href":"https:\/\/daler.ch\/de\/wp-json\/wp\/v2\/media?parent=2664"}],"wp:term":[{"taxonomy":"category","embeddable":true,"href":"https:\/\/daler.ch\/de\/wp-json\/wp\/v2\/categories?post=2664"},{"taxonomy":"post_tag","embeddable":true,"href":"https:\/\/daler.ch\/de\/wp-json\/wp\/v2\/tags?post=2664"}],"curies":[{"name":"wp","href":"https:\/\/api.w.org\/{rel}","templated":true}]}}