{"id":2677,"date":"2019-08-21T10:00:03","date_gmt":"2019-08-21T08:00:03","guid":{"rendered":"https:\/\/www.daler.ch\/?p=2677"},"modified":"2019-09-18T10:30:57","modified_gmt":"2019-09-18T08:30:57","slug":"brustkrebsmonat-das-programm","status":"publish","type":"post","link":"https:\/\/daler.ch\/de\/brustkrebsmonat-das-programm\/","title":{"rendered":"BRUSTKREBSMONAT: das Programm"},"content":{"rendered":"<p><strong>Starke Partnerschaft<\/strong><\/p>\n<p><em>176 neue F\u00e4lle von Brustkrebs wurden im Brustzentrum Freiburg 2018 diagnostiziert. Hinter dieser Zahl stehen die Geschichten und Bed\u00fcrfnisse von Patientinnen, die eine individuelle Betreuung erfordern. Der Brustkrebsmonat Oktober dient dazu, die \u00d6ffentlichkeit f\u00fcr diese pers\u00f6nlichen Schicksale zu sensibilisieren und so viel wie m\u00f6glich zu deren Pr\u00e4vention beizutragen. Um dieses Ziel zu erreichen, arbeiten das Brustzentrum Freiburg und die Krebsliga Freiburg eng zusammen.<\/em><\/p>\n<p><strong>Der Vortrag<br \/>\n<\/strong><\/p>\n<p>Die Behandlung von Brustkrebs ist komplex und erfordert die Zusammenarbeit diverser Gesundheitsfachkr\u00e4fte. So wird die Patientin von der Diagnose bis zum Therapieende von einer spezialisierten Pflegefachperson begleitet und unterst\u00fctzt. Dr.med. Rosset, Direktor des Brustzentrums, pr\u00e4sentiert den Behandlungsverlauf einer Patientin und die Leistungen des Brustzentrums Freiburg.<\/p>\n<p>Obwohl die Therapiemethoden st\u00e4ndig weiterentwickelt werden, k\u00f6nnen die Krankheit und die intensivmedizinischen Behandlungen immer noch schwerwiegende k\u00f6rperliche, psychische oder soziale Folgen haben. Die onkologische Rehabilitation tr\u00e4gt zur Linderung dieser Folgen bei und erh\u00f6ht damit die Lebensqualit\u00e4t. Sie erleichtert auch die R\u00fcckkehr in den Alltag und bei Bedarf die R\u00fcckkehr an den Arbeitsplatz. Ein Spezialist wird \u00fcber dieses Thema sprechen.<\/p>\n<p><strong>Das Programm &#8211; Mittwoch 9.Oktober 2019<br \/>\n<\/strong><\/p>\n<p><strong>Symbolische Aktion um 15 Uhr<br \/>\n<\/strong><\/p>\n<p>Machen Sie mit bei unserer symbolischen Aktion f\u00fcr Brustkrebspatientinnen: Wir pflanzen eine Tulipe f\u00fcr jede Patientin, die das Brustzentrum 2018<br \/>\naufgenommen hat.<\/p>\n<p>Am 9. Oktober 2019 um 15 Uhr in den G\u00e4rten des Daler-Spitals und des HFR Freiburg \u2013 Kantonsspitals (Treffpunkt an den Empf\u00e4ngen der Spit\u00e4ler).<\/p>\n<p>Die Veranstaltung steht allen offen, die direkt oder indirekt von Brustkrebs betroffen sind.<\/p>\n<p><strong>Der Vortrag um 19 Uhr<br \/>\n<\/strong><\/p>\n<p>Der Vortrag findet statt am Mittwoch, 9. Oktober um 19 Uhr am HFR Tafers &#8211; Saal Maggenberg.<\/p>\n<p><strong><em>Die eintritt f\u00fcr den Vortrag und die Symbolische Aktion ist frei und ohne Anmeldung<\/em><\/strong><\/p>\n<p>&nbsp;<\/p>\n","protected":false},"excerpt":{"rendered":"<p>Starke Partnerschaft 176 neue F\u00e4lle von Brustkrebs wurden im Brustzentrum Freiburg 2018 diagnostiziert. Hinter dieser Zahl stehen die Geschichten und Bed\u00fcrfnisse von Patientinnen, die eine individuelle Betreuung erfordern. Der Brustkrebsmonat Oktober dient dazu, die \u00d6ffentlichkeit f\u00fcr diese pers\u00f6nlichen Schicksale zu [&hellip;]<\/p>\n","protected":false},"author":13,"featured_media":2679,"comment_status":"closed","ping_status":"closed","sticky":false,"template":"","format":"standard","meta":{"footnotes":""},"categories":[2],"tags":[],"class_list":["post-2677","post","type-post","status-publish","format-standard","has-post-thumbnail","hentry","category-unkategorisiert"],"yoast_head":"<!-- This site is optimized with the Yoast SEO plugin v27.5 - https:\/\/yoast.com\/product\/yoast-seo-wordpress\/ -->\n<title>BRUSTKREBSMONAT: das Programm - Daler-Spital<\/title>\n<meta name=\"robots\" content=\"index, follow, max-snippet:-1, max-image-preview:large, max-video-preview:-1\" \/>\n<link rel=\"canonical\" href=\"https:\/\/daler.ch\/octobre-rose-le-programme-2\/\" \/>\n<meta property=\"og:locale\" content=\"de_DE\" \/>\n<meta property=\"og:type\" content=\"article\" \/>\n<meta property=\"og:title\" content=\"BRUSTKREBSMONAT: das Programm - Daler-Spital\" \/>\n<meta property=\"og:description\" content=\"Starke Partnerschaft 176 neue F\u00e4lle von Brustkrebs wurden im Brustzentrum Freiburg 2018 diagnostiziert. Hinter dieser Zahl stehen die Geschichten und Bed\u00fcrfnisse von Patientinnen, die eine individuelle Betreuung erfordern. Der Brustkrebsmonat Oktober dient dazu, die \u00d6ffentlichkeit f\u00fcr diese pers\u00f6nlichen Schicksale zu [&hellip;]\" \/>\n<meta property=\"og:url\" content=\"https:\/\/daler.ch\/octobre-rose-le-programme-2\/\" \/>\n<meta property=\"og:site_name\" content=\"Daler-Spital\" \/>\n<meta property=\"article:published_time\" content=\"2019-08-21T08:00:03+00:00\" \/>\n<meta property=\"article:modified_time\" content=\"2019-09-18T08:30:57+00:00\" \/>\n<meta property=\"og:image\" content=\"https:\/\/daler.ch\/wp-content\/uploads\/2019\/08\/photo_octobrerose_II.jpg\" \/>\n\t<meta property=\"og:image:width\" content=\"1600\" \/>\n\t<meta property=\"og:image:height\" content=\"500\" \/>\n\t<meta property=\"og:image:type\" content=\"image\/jpeg\" \/>\n<meta name=\"author\" content=\"emblematik-daller\" \/>\n<meta name=\"twitter:card\" content=\"summary_large_image\" \/>\n<meta name=\"twitter:label1\" content=\"Verfasst von\" \/>\n\t<meta name=\"twitter:data1\" content=\"emblematik-daller\" \/>\n\t<meta name=\"twitter:label2\" content=\"Gesch\u00e4tzte Lesezeit\" \/>\n\t<meta name=\"twitter:data2\" content=\"1\u00a0Minute\" \/>\n<script type=\"application\/ld+json\" class=\"yoast-schema-graph\">{\"@context\":\"https:\\\/\\\/schema.org\",\"@graph\":[{\"@type\":\"Article\",\"@id\":\"https:\\\/\\\/daler.ch\\\/octobre-rose-le-programme-2\\\/#article\",\"isPartOf\":{\"@id\":\"https:\\\/\\\/daler.ch\\\/octobre-rose-le-programme-2\\\/\"},\"author\":{\"name\":\"emblematik-daller\",\"@id\":\"https:\\\/\\\/daler.ch\\\/#\\\/schema\\\/person\\\/3efe34bd72d30c33193e0a6142fd126e\"},\"headline\":\"BRUSTKREBSMONAT: das Programm\",\"datePublished\":\"2019-08-21T08:00:03+00:00\",\"dateModified\":\"2019-09-18T08:30:57+00:00\",\"mainEntityOfPage\":{\"@id\":\"https:\\\/\\\/daler.ch\\\/octobre-rose-le-programme-2\\\/\"},\"wordCount\":293,\"image\":{\"@id\":\"https:\\\/\\\/daler.ch\\\/octobre-rose-le-programme-2\\\/#primaryimage\"},\"thumbnailUrl\":\"https:\\\/\\\/daler.ch\\\/wp-content\\\/uploads\\\/2019\\\/08\\\/photo_octobrerose_II.jpg\",\"articleSection\":[\"Unkategorisiert\"],\"inLanguage\":\"de\"},{\"@type\":\"WebPage\",\"@id\":\"https:\\\/\\\/daler.ch\\\/octobre-rose-le-programme-2\\\/\",\"url\":\"https:\\\/\\\/daler.ch\\\/octobre-rose-le-programme-2\\\/\",\"name\":\"BRUSTKREBSMONAT: das Programm - Daler-Spital\",\"isPartOf\":{\"@id\":\"https:\\\/\\\/daler.ch\\\/#website\"},\"primaryImageOfPage\":{\"@id\":\"https:\\\/\\\/daler.ch\\\/octobre-rose-le-programme-2\\\/#primaryimage\"},\"image\":{\"@id\":\"https:\\\/\\\/daler.ch\\\/octobre-rose-le-programme-2\\\/#primaryimage\"},\"thumbnailUrl\":\"https:\\\/\\\/daler.ch\\\/wp-content\\\/uploads\\\/2019\\\/08\\\/photo_octobrerose_II.jpg\",\"datePublished\":\"2019-08-21T08:00:03+00:00\",\"dateModified\":\"2019-09-18T08:30:57+00:00\",\"author\":{\"@id\":\"https:\\\/\\\/daler.ch\\\/#\\\/schema\\\/person\\\/3efe34bd72d30c33193e0a6142fd126e\"},\"breadcrumb\":{\"@id\":\"https:\\\/\\\/daler.ch\\\/octobre-rose-le-programme-2\\\/#breadcrumb\"},\"inLanguage\":\"de\",\"potentialAction\":[{\"@type\":\"ReadAction\",\"target\":[\"https:\\\/\\\/daler.ch\\\/octobre-rose-le-programme-2\\\/\"]}]},{\"@type\":\"ImageObject\",\"inLanguage\":\"de\",\"@id\":\"https:\\\/\\\/daler.ch\\\/octobre-rose-le-programme-2\\\/#primaryimage\",\"url\":\"https:\\\/\\\/daler.ch\\\/wp-content\\\/uploads\\\/2019\\\/08\\\/photo_octobrerose_II.jpg\",\"contentUrl\":\"https:\\\/\\\/daler.ch\\\/wp-content\\\/uploads\\\/2019\\\/08\\\/photo_octobrerose_II.jpg\",\"width\":1600,\"height\":500},{\"@type\":\"BreadcrumbList\",\"@id\":\"https:\\\/\\\/daler.ch\\\/octobre-rose-le-programme-2\\\/#breadcrumb\",\"itemListElement\":[{\"@type\":\"ListItem\",\"position\":1,\"name\":\"Home\",\"item\":\"https:\\\/\\\/daler.ch\\\/de\\\/\"},{\"@type\":\"ListItem\",\"position\":2,\"name\":\"BRUSTKREBSMONAT: das Programm\"}]},{\"@type\":\"WebSite\",\"@id\":\"https:\\\/\\\/daler.ch\\\/#website\",\"url\":\"https:\\\/\\\/daler.ch\\\/\",\"name\":\"Daler-Spital\",\"description\":\"Hopital Daler\",\"potentialAction\":[{\"@type\":\"SearchAction\",\"target\":{\"@type\":\"EntryPoint\",\"urlTemplate\":\"https:\\\/\\\/daler.ch\\\/?s={search_term_string}\"},\"query-input\":{\"@type\":\"PropertyValueSpecification\",\"valueRequired\":true,\"valueName\":\"search_term_string\"}}],\"inLanguage\":\"de\"},{\"@type\":\"Person\",\"@id\":\"https:\\\/\\\/daler.ch\\\/#\\\/schema\\\/person\\\/3efe34bd72d30c33193e0a6142fd126e\",\"name\":\"emblematik-daller\",\"image\":{\"@type\":\"ImageObject\",\"inLanguage\":\"de\",\"@id\":\"https:\\\/\\\/secure.gravatar.com\\\/avatar\\\/a4eebccbc81c422944fd8163ba969d1383db6733d5694ac571ccaf054519f805?s=96&d=mm&r=g\",\"url\":\"https:\\\/\\\/secure.gravatar.com\\\/avatar\\\/a4eebccbc81c422944fd8163ba969d1383db6733d5694ac571ccaf054519f805?s=96&d=mm&r=g\",\"contentUrl\":\"https:\\\/\\\/secure.gravatar.com\\\/avatar\\\/a4eebccbc81c422944fd8163ba969d1383db6733d5694ac571ccaf054519f805?s=96&d=mm&r=g\",\"caption\":\"emblematik-daller\"}}]}<\/script>\n<!-- \/ Yoast SEO plugin. -->","yoast_head_json":{"title":"BRUSTKREBSMONAT: das Programm - Daler-Spital","robots":{"index":"index","follow":"follow","max-snippet":"max-snippet:-1","max-image-preview":"max-image-preview:large","max-video-preview":"max-video-preview:-1"},"canonical":"https:\/\/daler.ch\/octobre-rose-le-programme-2\/","og_locale":"de_DE","og_type":"article","og_title":"BRUSTKREBSMONAT: das Programm - Daler-Spital","og_description":"Starke Partnerschaft 176 neue F\u00e4lle von Brustkrebs wurden im Brustzentrum Freiburg 2018 diagnostiziert. Hinter dieser Zahl stehen die Geschichten und Bed\u00fcrfnisse von Patientinnen, die eine individuelle Betreuung erfordern. Der Brustkrebsmonat Oktober dient dazu, die \u00d6ffentlichkeit f\u00fcr diese pers\u00f6nlichen Schicksale zu [&hellip;]","og_url":"https:\/\/daler.ch\/octobre-rose-le-programme-2\/","og_site_name":"Daler-Spital","article_published_time":"2019-08-21T08:00:03+00:00","article_modified_time":"2019-09-18T08:30:57+00:00","og_image":[{"width":1600,"height":500,"url":"https:\/\/daler.ch\/wp-content\/uploads\/2019\/08\/photo_octobrerose_II.jpg","type":"image\/jpeg"}],"author":"emblematik-daller","twitter_card":"summary_large_image","twitter_misc":{"Verfasst von":"emblematik-daller","Gesch\u00e4tzte Lesezeit":"1\u00a0Minute"},"schema":{"@context":"https:\/\/schema.org","@graph":[{"@type":"Article","@id":"https:\/\/daler.ch\/octobre-rose-le-programme-2\/#article","isPartOf":{"@id":"https:\/\/daler.ch\/octobre-rose-le-programme-2\/"},"author":{"name":"emblematik-daller","@id":"https:\/\/daler.ch\/#\/schema\/person\/3efe34bd72d30c33193e0a6142fd126e"},"headline":"BRUSTKREBSMONAT: das Programm","datePublished":"2019-08-21T08:00:03+00:00","dateModified":"2019-09-18T08:30:57+00:00","mainEntityOfPage":{"@id":"https:\/\/daler.ch\/octobre-rose-le-programme-2\/"},"wordCount":293,"image":{"@id":"https:\/\/daler.ch\/octobre-rose-le-programme-2\/#primaryimage"},"thumbnailUrl":"https:\/\/daler.ch\/wp-content\/uploads\/2019\/08\/photo_octobrerose_II.jpg","articleSection":["Unkategorisiert"],"inLanguage":"de"},{"@type":"WebPage","@id":"https:\/\/daler.ch\/octobre-rose-le-programme-2\/","url":"https:\/\/daler.ch\/octobre-rose-le-programme-2\/","name":"BRUSTKREBSMONAT: das Programm - Daler-Spital","isPartOf":{"@id":"https:\/\/daler.ch\/#website"},"primaryImageOfPage":{"@id":"https:\/\/daler.ch\/octobre-rose-le-programme-2\/#primaryimage"},"image":{"@id":"https:\/\/daler.ch\/octobre-rose-le-programme-2\/#primaryimage"},"thumbnailUrl":"https:\/\/daler.ch\/wp-content\/uploads\/2019\/08\/photo_octobrerose_II.jpg","datePublished":"2019-08-21T08:00:03+00:00","dateModified":"2019-09-18T08:30:57+00:00","author":{"@id":"https:\/\/daler.ch\/#\/schema\/person\/3efe34bd72d30c33193e0a6142fd126e"},"breadcrumb":{"@id":"https:\/\/daler.ch\/octobre-rose-le-programme-2\/#breadcrumb"},"inLanguage":"de","potentialAction":[{"@type":"ReadAction","target":["https:\/\/daler.ch\/octobre-rose-le-programme-2\/"]}]},{"@type":"ImageObject","inLanguage":"de","@id":"https:\/\/daler.ch\/octobre-rose-le-programme-2\/#primaryimage","url":"https:\/\/daler.ch\/wp-content\/uploads\/2019\/08\/photo_octobrerose_II.jpg","contentUrl":"https:\/\/daler.ch\/wp-content\/uploads\/2019\/08\/photo_octobrerose_II.jpg","width":1600,"height":500},{"@type":"BreadcrumbList","@id":"https:\/\/daler.ch\/octobre-rose-le-programme-2\/#breadcrumb","itemListElement":[{"@type":"ListItem","position":1,"name":"Home","item":"https:\/\/daler.ch\/de\/"},{"@type":"ListItem","position":2,"name":"BRUSTKREBSMONAT: das Programm"}]},{"@type":"WebSite","@id":"https:\/\/daler.ch\/#website","url":"https:\/\/daler.ch\/","name":"Daler-Spital","description":"Hopital Daler","potentialAction":[{"@type":"SearchAction","target":{"@type":"EntryPoint","urlTemplate":"https:\/\/daler.ch\/?s={search_term_string}"},"query-input":{"@type":"PropertyValueSpecification","valueRequired":true,"valueName":"search_term_string"}}],"inLanguage":"de"},{"@type":"Person","@id":"https:\/\/daler.ch\/#\/schema\/person\/3efe34bd72d30c33193e0a6142fd126e","name":"emblematik-daller","image":{"@type":"ImageObject","inLanguage":"de","@id":"https:\/\/secure.gravatar.com\/avatar\/a4eebccbc81c422944fd8163ba969d1383db6733d5694ac571ccaf054519f805?s=96&d=mm&r=g","url":"https:\/\/secure.gravatar.com\/avatar\/a4eebccbc81c422944fd8163ba969d1383db6733d5694ac571ccaf054519f805?s=96&d=mm&r=g","contentUrl":"https:\/\/secure.gravatar.com\/avatar\/a4eebccbc81c422944fd8163ba969d1383db6733d5694ac571ccaf054519f805?s=96&d=mm&r=g","caption":"emblematik-daller"}}]}},"_links":{"self":[{"href":"https:\/\/daler.ch\/de\/wp-json\/wp\/v2\/posts\/2677","targetHints":{"allow":["GET"]}}],"collection":[{"href":"https:\/\/daler.ch\/de\/wp-json\/wp\/v2\/posts"}],"about":[{"href":"https:\/\/daler.ch\/de\/wp-json\/wp\/v2\/types\/post"}],"author":[{"embeddable":true,"href":"https:\/\/daler.ch\/de\/wp-json\/wp\/v2\/users\/13"}],"replies":[{"embeddable":true,"href":"https:\/\/daler.ch\/de\/wp-json\/wp\/v2\/comments?post=2677"}],"version-history":[{"count":3,"href":"https:\/\/daler.ch\/de\/wp-json\/wp\/v2\/posts\/2677\/revisions"}],"predecessor-version":[{"id":2754,"href":"https:\/\/daler.ch\/de\/wp-json\/wp\/v2\/posts\/2677\/revisions\/2754"}],"wp:featuredmedia":[{"embeddable":true,"href":"https:\/\/daler.ch\/de\/wp-json\/wp\/v2\/media\/2679"}],"wp:attachment":[{"href":"https:\/\/daler.ch\/de\/wp-json\/wp\/v2\/media?parent=2677"}],"wp:term":[{"taxonomy":"category","embeddable":true,"href":"https:\/\/daler.ch\/de\/wp-json\/wp\/v2\/categories?post=2677"},{"taxonomy":"post_tag","embeddable":true,"href":"https:\/\/daler.ch\/de\/wp-json\/wp\/v2\/tags?post=2677"}],"curies":[{"name":"wp","href":"https:\/\/api.w.org\/{rel}","templated":true}]}}