{"id":2697,"date":"2019-07-24T10:00:22","date_gmt":"2019-07-24T08:00:22","guid":{"rendered":"https:\/\/www.daler.ch\/pour-une-consommation-durable-et-equitable\/"},"modified":"2019-07-26T16:06:51","modified_gmt":"2019-07-26T14:06:51","slug":"fuer-einen-nachhaltigen-fairen-konsum","status":"publish","type":"post","link":"https:\/\/daler.ch\/de\/fuer-einen-nachhaltigen-fairen-konsum\/","title":{"rendered":"F\u00fcr einen nachhaltigen und fairen Konsum"},"content":{"rendered":"<p><strong>Das Daler-Spital macht mit bei der Kampagne\u00a0Fair Trade Town<\/strong><\/p>\n<p>Zur F\u00f6rderung eines nachhaltigen und fairen Konsums hat das Daler-Spital das Angebot und die Verwendung von Fair-Trade-Produkten in den Men\u00fcs, die f\u00fcr seine Patientinnen und Patienten zubereitet werden, zertifiziert.<\/p>\n<p>Die Teilnahme des Daler-Spitals hat dazu beigetragen, dass die Stadt Freiburg am 29. Juni 2019 die Auszeichnung\u00a0&#8222;Fair Trade Town&#8220; erhielt. Freiburg ist damit die zehnte Schweizer Stadt, die sich offiziell f\u00fcr den fairen Konsum einsetzt.<\/p>\n<p>F\u00fcr das Daler-Spital, dem die Ern\u00e4hrung seiner Patienten sehr am Herzen liegt, war die Teilnahme an einer solchen Kampagne eine Selbstverst\u00e4ndlichkeit und es ist stolz auf seinen Beitrag zu dieser Auszeichnung.<\/p>\n","protected":false},"excerpt":{"rendered":"<p>Das Daler-Spital macht mit bei der Kampagne\u00a0Fair Trade Town Zur F\u00f6rderung eines nachhaltigen und fairen Konsums hat das Daler-Spital das Angebot und die Verwendung von Fair-Trade-Produkten in den Men\u00fcs, die f\u00fcr seine Patientinnen und Patienten zubereitet werden, zertifiziert. Die Teilnahme [&hellip;]<\/p>\n","protected":false},"author":13,"featured_media":2690,"comment_status":"closed","ping_status":"closed","sticky":false,"template":"","format":"standard","meta":{"footnotes":""},"categories":[2],"tags":[],"class_list":["post-2697","post","type-post","status-publish","format-standard","has-post-thumbnail","hentry","category-unkategorisiert"],"yoast_head":"<!-- This site is optimized with the Yoast SEO plugin v27.5 - https:\/\/yoast.com\/product\/yoast-seo-wordpress\/ -->\n<title>F\u00fcr einen nachhaltigen und fairen Konsum - Daler-Spital<\/title>\n<meta name=\"robots\" content=\"index, follow, max-snippet:-1, max-image-preview:large, max-video-preview:-1\" \/>\n<link rel=\"canonical\" href=\"https:\/\/daler.ch\/pour-une-consommation-durable-et-equitable\/\" \/>\n<meta property=\"og:locale\" content=\"de_DE\" \/>\n<meta property=\"og:type\" content=\"article\" \/>\n<meta property=\"og:title\" content=\"F\u00fcr einen nachhaltigen und fairen Konsum - Daler-Spital\" \/>\n<meta property=\"og:description\" content=\"Das Daler-Spital macht mit bei der Kampagne\u00a0Fair Trade Town Zur F\u00f6rderung eines nachhaltigen und fairen Konsums hat das Daler-Spital das Angebot und die Verwendung von Fair-Trade-Produkten in den Men\u00fcs, die f\u00fcr seine Patientinnen und Patienten zubereitet werden, zertifiziert. Die Teilnahme [&hellip;]\" \/>\n<meta property=\"og:url\" content=\"https:\/\/daler.ch\/pour-une-consommation-durable-et-equitable\/\" \/>\n<meta property=\"og:site_name\" content=\"Daler-Spital\" \/>\n<meta property=\"article:published_time\" content=\"2019-07-24T08:00:22+00:00\" \/>\n<meta property=\"article:modified_time\" content=\"2019-07-26T14:06:51+00:00\" \/>\n<meta property=\"og:image\" content=\"https:\/\/daler.ch\/wp-content\/uploads\/2019\/07\/Fairtrade.jpg\" \/>\n\t<meta property=\"og:image:width\" content=\"1600\" \/>\n\t<meta property=\"og:image:height\" content=\"500\" \/>\n\t<meta property=\"og:image:type\" content=\"image\/jpeg\" \/>\n<meta name=\"author\" content=\"emblematik-daller\" \/>\n<meta name=\"twitter:card\" content=\"summary_large_image\" \/>\n<meta name=\"twitter:label1\" content=\"Verfasst von\" \/>\n\t<meta name=\"twitter:data1\" content=\"emblematik-daller\" \/>\n\t<meta name=\"twitter:label2\" content=\"Gesch\u00e4tzte Lesezeit\" \/>\n\t<meta name=\"twitter:data2\" content=\"1\u00a0Minute\" \/>\n<script type=\"application\/ld+json\" class=\"yoast-schema-graph\">{\"@context\":\"https:\\\/\\\/schema.org\",\"@graph\":[{\"@type\":\"Article\",\"@id\":\"https:\\\/\\\/daler.ch\\\/pour-une-consommation-durable-et-equitable\\\/#article\",\"isPartOf\":{\"@id\":\"https:\\\/\\\/daler.ch\\\/pour-une-consommation-durable-et-equitable\\\/\"},\"author\":{\"name\":\"emblematik-daller\",\"@id\":\"https:\\\/\\\/daler.ch\\\/#\\\/schema\\\/person\\\/3efe34bd72d30c33193e0a6142fd126e\"},\"headline\":\"F\u00fcr einen nachhaltigen und fairen Konsum\",\"datePublished\":\"2019-07-24T08:00:22+00:00\",\"dateModified\":\"2019-07-26T14:06:51+00:00\",\"mainEntityOfPage\":{\"@id\":\"https:\\\/\\\/daler.ch\\\/pour-une-consommation-durable-et-equitable\\\/\"},\"wordCount\":118,\"image\":{\"@id\":\"https:\\\/\\\/daler.ch\\\/pour-une-consommation-durable-et-equitable\\\/#primaryimage\"},\"thumbnailUrl\":\"https:\\\/\\\/daler.ch\\\/wp-content\\\/uploads\\\/2019\\\/07\\\/Fairtrade.jpg\",\"articleSection\":[\"Unkategorisiert\"],\"inLanguage\":\"de\"},{\"@type\":\"WebPage\",\"@id\":\"https:\\\/\\\/daler.ch\\\/pour-une-consommation-durable-et-equitable\\\/\",\"url\":\"https:\\\/\\\/daler.ch\\\/pour-une-consommation-durable-et-equitable\\\/\",\"name\":\"F\u00fcr einen nachhaltigen und fairen Konsum - Daler-Spital\",\"isPartOf\":{\"@id\":\"https:\\\/\\\/daler.ch\\\/#website\"},\"primaryImageOfPage\":{\"@id\":\"https:\\\/\\\/daler.ch\\\/pour-une-consommation-durable-et-equitable\\\/#primaryimage\"},\"image\":{\"@id\":\"https:\\\/\\\/daler.ch\\\/pour-une-consommation-durable-et-equitable\\\/#primaryimage\"},\"thumbnailUrl\":\"https:\\\/\\\/daler.ch\\\/wp-content\\\/uploads\\\/2019\\\/07\\\/Fairtrade.jpg\",\"datePublished\":\"2019-07-24T08:00:22+00:00\",\"dateModified\":\"2019-07-26T14:06:51+00:00\",\"author\":{\"@id\":\"https:\\\/\\\/daler.ch\\\/#\\\/schema\\\/person\\\/3efe34bd72d30c33193e0a6142fd126e\"},\"breadcrumb\":{\"@id\":\"https:\\\/\\\/daler.ch\\\/pour-une-consommation-durable-et-equitable\\\/#breadcrumb\"},\"inLanguage\":\"de\",\"potentialAction\":[{\"@type\":\"ReadAction\",\"target\":[\"https:\\\/\\\/daler.ch\\\/pour-une-consommation-durable-et-equitable\\\/\"]}]},{\"@type\":\"ImageObject\",\"inLanguage\":\"de\",\"@id\":\"https:\\\/\\\/daler.ch\\\/pour-une-consommation-durable-et-equitable\\\/#primaryimage\",\"url\":\"https:\\\/\\\/daler.ch\\\/wp-content\\\/uploads\\\/2019\\\/07\\\/Fairtrade.jpg\",\"contentUrl\":\"https:\\\/\\\/daler.ch\\\/wp-content\\\/uploads\\\/2019\\\/07\\\/Fairtrade.jpg\",\"width\":1600,\"height\":500},{\"@type\":\"BreadcrumbList\",\"@id\":\"https:\\\/\\\/daler.ch\\\/pour-une-consommation-durable-et-equitable\\\/#breadcrumb\",\"itemListElement\":[{\"@type\":\"ListItem\",\"position\":1,\"name\":\"Home\",\"item\":\"https:\\\/\\\/daler.ch\\\/de\\\/\"},{\"@type\":\"ListItem\",\"position\":2,\"name\":\"F\u00fcr einen nachhaltigen und fairen Konsum\"}]},{\"@type\":\"WebSite\",\"@id\":\"https:\\\/\\\/daler.ch\\\/#website\",\"url\":\"https:\\\/\\\/daler.ch\\\/\",\"name\":\"Daler-Spital\",\"description\":\"Hopital Daler\",\"potentialAction\":[{\"@type\":\"SearchAction\",\"target\":{\"@type\":\"EntryPoint\",\"urlTemplate\":\"https:\\\/\\\/daler.ch\\\/?s={search_term_string}\"},\"query-input\":{\"@type\":\"PropertyValueSpecification\",\"valueRequired\":true,\"valueName\":\"search_term_string\"}}],\"inLanguage\":\"de\"},{\"@type\":\"Person\",\"@id\":\"https:\\\/\\\/daler.ch\\\/#\\\/schema\\\/person\\\/3efe34bd72d30c33193e0a6142fd126e\",\"name\":\"emblematik-daller\",\"image\":{\"@type\":\"ImageObject\",\"inLanguage\":\"de\",\"@id\":\"https:\\\/\\\/secure.gravatar.com\\\/avatar\\\/a4eebccbc81c422944fd8163ba969d1383db6733d5694ac571ccaf054519f805?s=96&d=mm&r=g\",\"url\":\"https:\\\/\\\/secure.gravatar.com\\\/avatar\\\/a4eebccbc81c422944fd8163ba969d1383db6733d5694ac571ccaf054519f805?s=96&d=mm&r=g\",\"contentUrl\":\"https:\\\/\\\/secure.gravatar.com\\\/avatar\\\/a4eebccbc81c422944fd8163ba969d1383db6733d5694ac571ccaf054519f805?s=96&d=mm&r=g\",\"caption\":\"emblematik-daller\"}}]}<\/script>\n<!-- \/ Yoast SEO plugin. -->","yoast_head_json":{"title":"F\u00fcr einen nachhaltigen und fairen Konsum - Daler-Spital","robots":{"index":"index","follow":"follow","max-snippet":"max-snippet:-1","max-image-preview":"max-image-preview:large","max-video-preview":"max-video-preview:-1"},"canonical":"https:\/\/daler.ch\/pour-une-consommation-durable-et-equitable\/","og_locale":"de_DE","og_type":"article","og_title":"F\u00fcr einen nachhaltigen und fairen Konsum - Daler-Spital","og_description":"Das Daler-Spital macht mit bei der Kampagne\u00a0Fair Trade Town Zur F\u00f6rderung eines nachhaltigen und fairen Konsums hat das Daler-Spital das Angebot und die Verwendung von Fair-Trade-Produkten in den Men\u00fcs, die f\u00fcr seine Patientinnen und Patienten zubereitet werden, zertifiziert. Die Teilnahme [&hellip;]","og_url":"https:\/\/daler.ch\/pour-une-consommation-durable-et-equitable\/","og_site_name":"Daler-Spital","article_published_time":"2019-07-24T08:00:22+00:00","article_modified_time":"2019-07-26T14:06:51+00:00","og_image":[{"width":1600,"height":500,"url":"https:\/\/daler.ch\/wp-content\/uploads\/2019\/07\/Fairtrade.jpg","type":"image\/jpeg"}],"author":"emblematik-daller","twitter_card":"summary_large_image","twitter_misc":{"Verfasst von":"emblematik-daller","Gesch\u00e4tzte Lesezeit":"1\u00a0Minute"},"schema":{"@context":"https:\/\/schema.org","@graph":[{"@type":"Article","@id":"https:\/\/daler.ch\/pour-une-consommation-durable-et-equitable\/#article","isPartOf":{"@id":"https:\/\/daler.ch\/pour-une-consommation-durable-et-equitable\/"},"author":{"name":"emblematik-daller","@id":"https:\/\/daler.ch\/#\/schema\/person\/3efe34bd72d30c33193e0a6142fd126e"},"headline":"F\u00fcr einen nachhaltigen und fairen Konsum","datePublished":"2019-07-24T08:00:22+00:00","dateModified":"2019-07-26T14:06:51+00:00","mainEntityOfPage":{"@id":"https:\/\/daler.ch\/pour-une-consommation-durable-et-equitable\/"},"wordCount":118,"image":{"@id":"https:\/\/daler.ch\/pour-une-consommation-durable-et-equitable\/#primaryimage"},"thumbnailUrl":"https:\/\/daler.ch\/wp-content\/uploads\/2019\/07\/Fairtrade.jpg","articleSection":["Unkategorisiert"],"inLanguage":"de"},{"@type":"WebPage","@id":"https:\/\/daler.ch\/pour-une-consommation-durable-et-equitable\/","url":"https:\/\/daler.ch\/pour-une-consommation-durable-et-equitable\/","name":"F\u00fcr einen nachhaltigen und fairen Konsum - Daler-Spital","isPartOf":{"@id":"https:\/\/daler.ch\/#website"},"primaryImageOfPage":{"@id":"https:\/\/daler.ch\/pour-une-consommation-durable-et-equitable\/#primaryimage"},"image":{"@id":"https:\/\/daler.ch\/pour-une-consommation-durable-et-equitable\/#primaryimage"},"thumbnailUrl":"https:\/\/daler.ch\/wp-content\/uploads\/2019\/07\/Fairtrade.jpg","datePublished":"2019-07-24T08:00:22+00:00","dateModified":"2019-07-26T14:06:51+00:00","author":{"@id":"https:\/\/daler.ch\/#\/schema\/person\/3efe34bd72d30c33193e0a6142fd126e"},"breadcrumb":{"@id":"https:\/\/daler.ch\/pour-une-consommation-durable-et-equitable\/#breadcrumb"},"inLanguage":"de","potentialAction":[{"@type":"ReadAction","target":["https:\/\/daler.ch\/pour-une-consommation-durable-et-equitable\/"]}]},{"@type":"ImageObject","inLanguage":"de","@id":"https:\/\/daler.ch\/pour-une-consommation-durable-et-equitable\/#primaryimage","url":"https:\/\/daler.ch\/wp-content\/uploads\/2019\/07\/Fairtrade.jpg","contentUrl":"https:\/\/daler.ch\/wp-content\/uploads\/2019\/07\/Fairtrade.jpg","width":1600,"height":500},{"@type":"BreadcrumbList","@id":"https:\/\/daler.ch\/pour-une-consommation-durable-et-equitable\/#breadcrumb","itemListElement":[{"@type":"ListItem","position":1,"name":"Home","item":"https:\/\/daler.ch\/de\/"},{"@type":"ListItem","position":2,"name":"F\u00fcr einen nachhaltigen und fairen Konsum"}]},{"@type":"WebSite","@id":"https:\/\/daler.ch\/#website","url":"https:\/\/daler.ch\/","name":"Daler-Spital","description":"Hopital Daler","potentialAction":[{"@type":"SearchAction","target":{"@type":"EntryPoint","urlTemplate":"https:\/\/daler.ch\/?s={search_term_string}"},"query-input":{"@type":"PropertyValueSpecification","valueRequired":true,"valueName":"search_term_string"}}],"inLanguage":"de"},{"@type":"Person","@id":"https:\/\/daler.ch\/#\/schema\/person\/3efe34bd72d30c33193e0a6142fd126e","name":"emblematik-daller","image":{"@type":"ImageObject","inLanguage":"de","@id":"https:\/\/secure.gravatar.com\/avatar\/a4eebccbc81c422944fd8163ba969d1383db6733d5694ac571ccaf054519f805?s=96&d=mm&r=g","url":"https:\/\/secure.gravatar.com\/avatar\/a4eebccbc81c422944fd8163ba969d1383db6733d5694ac571ccaf054519f805?s=96&d=mm&r=g","contentUrl":"https:\/\/secure.gravatar.com\/avatar\/a4eebccbc81c422944fd8163ba969d1383db6733d5694ac571ccaf054519f805?s=96&d=mm&r=g","caption":"emblematik-daller"}}]}},"_links":{"self":[{"href":"https:\/\/daler.ch\/de\/wp-json\/wp\/v2\/posts\/2697","targetHints":{"allow":["GET"]}}],"collection":[{"href":"https:\/\/daler.ch\/de\/wp-json\/wp\/v2\/posts"}],"about":[{"href":"https:\/\/daler.ch\/de\/wp-json\/wp\/v2\/types\/post"}],"author":[{"embeddable":true,"href":"https:\/\/daler.ch\/de\/wp-json\/wp\/v2\/users\/13"}],"replies":[{"embeddable":true,"href":"https:\/\/daler.ch\/de\/wp-json\/wp\/v2\/comments?post=2697"}],"version-history":[{"count":2,"href":"https:\/\/daler.ch\/de\/wp-json\/wp\/v2\/posts\/2697\/revisions"}],"predecessor-version":[{"id":2699,"href":"https:\/\/daler.ch\/de\/wp-json\/wp\/v2\/posts\/2697\/revisions\/2699"}],"wp:featuredmedia":[{"embeddable":true,"href":"https:\/\/daler.ch\/de\/wp-json\/wp\/v2\/media\/2690"}],"wp:attachment":[{"href":"https:\/\/daler.ch\/de\/wp-json\/wp\/v2\/media?parent=2697"}],"wp:term":[{"taxonomy":"category","embeddable":true,"href":"https:\/\/daler.ch\/de\/wp-json\/wp\/v2\/categories?post=2697"},{"taxonomy":"post_tag","embeddable":true,"href":"https:\/\/daler.ch\/de\/wp-json\/wp\/v2\/tags?post=2697"}],"curies":[{"name":"wp","href":"https:\/\/api.w.org\/{rel}","templated":true}]}}