{"id":2782,"date":"2019-10-17T14:36:06","date_gmt":"2019-10-17T12:36:06","guid":{"rendered":"https:\/\/www.daler.ch\/accreditation-du-dr-christoph-erling\/"},"modified":"2019-10-17T14:37:40","modified_gmt":"2019-10-17T12:37:40","slug":"accreditation-du-dr-christoph-erling","status":"publish","type":"post","link":"https:\/\/daler.ch\/de\/accreditation-du-dr-christoph-erling\/","title":{"rendered":"Akkreditierung von Dr. Christoph Erling"},"content":{"rendered":"<p>Am 10. Juli 2019 hat der Vorstand des Daler Spitals beschlossen, Dr. Christoph Erling, Facharzt f\u00fcr Handchirurgie und Orthop\u00e4dische Chirurgie und Traumatologie als Belegarzt im Daler-Spital zu akkreditieren.<\/p>\n<p>Nach Abschluss seines Medizinstudiums an der Ludwig-Maximilians-Universit\u00e4t M\u00fcnchen im Jahr 2006, hat Dr. Christoph Erling seine Fachausbildung in Chirurgie fortgesetzt. Dabei war er in den Abteilungen f\u00fcr plastische Chirurgie, Handchirurgie und Orthop\u00e4die am CHUV und der Clinique de Longeraie in Lausanne, am HFR\/Freiburg, am HUG\/Genf sowie am Universit\u00e4tsspital Z\u00fcrich t\u00e4tig. Er hat sich namentlich in orthop\u00e4discher Chirurgie, Traumatologie des Bewegungsapparats und Handchirurgie spezialisiert. Seit Dezember 2016, ist er als Oberarzt an der Klinik f\u00fcr plastische Chirurgie und Handchirurgie am Universit\u00e4tsspital Z\u00fcrich t\u00e4tig.<\/p>\n<p>Das Daler-Spital freut sich, sein \u00c4rzteteam durch einen erfahrenen Spezialisten auf dem Gebiet der Chirurgie zu erweitern.<\/p>\n","protected":false},"excerpt":{"rendered":"<p>Am 10. Juli 2019 hat der Vorstand des Daler Spitals beschlossen, Dr. Christoph Erling, Facharzt f\u00fcr Handchirurgie und Orthop\u00e4dische Chirurgie und Traumatologie als Belegarzt im Daler-Spital zu akkreditieren. Nach Abschluss seines Medizinstudiums an der Ludwig-Maximilians-Universit\u00e4t M\u00fcnchen im Jahr 2006, hat [&hellip;]<\/p>\n","protected":false},"author":13,"featured_media":2660,"comment_status":"closed","ping_status":"closed","sticky":false,"template":"","format":"standard","meta":{"footnotes":""},"categories":[2],"tags":[],"class_list":["post-2782","post","type-post","status-publish","format-standard","has-post-thumbnail","hentry","category-unkategorisiert"],"yoast_head":"<!-- This site is optimized with the Yoast SEO plugin v27.5 - https:\/\/yoast.com\/product\/yoast-seo-wordpress\/ -->\n<title>Akkreditierung von Dr. Christoph Erling - Daler-Spital<\/title>\n<meta name=\"robots\" content=\"index, follow, max-snippet:-1, max-image-preview:large, max-video-preview:-1\" \/>\n<link rel=\"canonical\" href=\"https:\/\/daler.ch\/accreditation-du-dr-christoph-erling\/\" \/>\n<meta property=\"og:locale\" content=\"de_DE\" \/>\n<meta property=\"og:type\" content=\"article\" \/>\n<meta property=\"og:title\" content=\"Akkreditierung von Dr. Christoph Erling - Daler-Spital\" \/>\n<meta property=\"og:description\" content=\"Am 10. Juli 2019 hat der Vorstand des Daler Spitals beschlossen, Dr. Christoph Erling, Facharzt f\u00fcr Handchirurgie und Orthop\u00e4dische Chirurgie und Traumatologie als Belegarzt im Daler-Spital zu akkreditieren. Nach Abschluss seines Medizinstudiums an der Ludwig-Maximilians-Universit\u00e4t M\u00fcnchen im Jahr 2006, hat [&hellip;]\" \/>\n<meta property=\"og:url\" content=\"https:\/\/daler.ch\/accreditation-du-dr-christoph-erling\/\" \/>\n<meta property=\"og:site_name\" content=\"Daler-Spital\" \/>\n<meta property=\"article:published_time\" content=\"2019-10-17T12:36:06+00:00\" \/>\n<meta property=\"article:modified_time\" content=\"2019-10-17T12:37:40+00:00\" \/>\n<meta property=\"og:image\" content=\"https:\/\/daler.ch\/wp-content\/uploads\/2019\/07\/medecin.jpg\" \/>\n\t<meta property=\"og:image:width\" content=\"1600\" \/>\n\t<meta property=\"og:image:height\" content=\"495\" \/>\n\t<meta property=\"og:image:type\" content=\"image\/jpeg\" \/>\n<meta name=\"author\" content=\"emblematik-daller\" \/>\n<meta name=\"twitter:card\" content=\"summary_large_image\" \/>\n<meta name=\"twitter:label1\" content=\"Verfasst von\" \/>\n\t<meta name=\"twitter:data1\" content=\"emblematik-daller\" \/>\n\t<meta name=\"twitter:label2\" content=\"Gesch\u00e4tzte Lesezeit\" \/>\n\t<meta name=\"twitter:data2\" content=\"1\u00a0Minute\" \/>\n<script type=\"application\/ld+json\" class=\"yoast-schema-graph\">{\"@context\":\"https:\\\/\\\/schema.org\",\"@graph\":[{\"@type\":\"Article\",\"@id\":\"https:\\\/\\\/daler.ch\\\/accreditation-du-dr-christoph-erling\\\/#article\",\"isPartOf\":{\"@id\":\"https:\\\/\\\/daler.ch\\\/accreditation-du-dr-christoph-erling\\\/\"},\"author\":{\"name\":\"emblematik-daller\",\"@id\":\"https:\\\/\\\/daler.ch\\\/#\\\/schema\\\/person\\\/3efe34bd72d30c33193e0a6142fd126e\"},\"headline\":\"Akkreditierung von Dr. Christoph Erling\",\"datePublished\":\"2019-10-17T12:36:06+00:00\",\"dateModified\":\"2019-10-17T12:37:40+00:00\",\"mainEntityOfPage\":{\"@id\":\"https:\\\/\\\/daler.ch\\\/accreditation-du-dr-christoph-erling\\\/\"},\"wordCount\":144,\"image\":{\"@id\":\"https:\\\/\\\/daler.ch\\\/accreditation-du-dr-christoph-erling\\\/#primaryimage\"},\"thumbnailUrl\":\"https:\\\/\\\/daler.ch\\\/wp-content\\\/uploads\\\/2019\\\/07\\\/medecin.jpg\",\"articleSection\":[\"Unkategorisiert\"],\"inLanguage\":\"de\"},{\"@type\":\"WebPage\",\"@id\":\"https:\\\/\\\/daler.ch\\\/accreditation-du-dr-christoph-erling\\\/\",\"url\":\"https:\\\/\\\/daler.ch\\\/accreditation-du-dr-christoph-erling\\\/\",\"name\":\"Akkreditierung von Dr. Christoph Erling - Daler-Spital\",\"isPartOf\":{\"@id\":\"https:\\\/\\\/daler.ch\\\/#website\"},\"primaryImageOfPage\":{\"@id\":\"https:\\\/\\\/daler.ch\\\/accreditation-du-dr-christoph-erling\\\/#primaryimage\"},\"image\":{\"@id\":\"https:\\\/\\\/daler.ch\\\/accreditation-du-dr-christoph-erling\\\/#primaryimage\"},\"thumbnailUrl\":\"https:\\\/\\\/daler.ch\\\/wp-content\\\/uploads\\\/2019\\\/07\\\/medecin.jpg\",\"datePublished\":\"2019-10-17T12:36:06+00:00\",\"dateModified\":\"2019-10-17T12:37:40+00:00\",\"author\":{\"@id\":\"https:\\\/\\\/daler.ch\\\/#\\\/schema\\\/person\\\/3efe34bd72d30c33193e0a6142fd126e\"},\"breadcrumb\":{\"@id\":\"https:\\\/\\\/daler.ch\\\/accreditation-du-dr-christoph-erling\\\/#breadcrumb\"},\"inLanguage\":\"de\",\"potentialAction\":[{\"@type\":\"ReadAction\",\"target\":[\"https:\\\/\\\/daler.ch\\\/accreditation-du-dr-christoph-erling\\\/\"]}]},{\"@type\":\"ImageObject\",\"inLanguage\":\"de\",\"@id\":\"https:\\\/\\\/daler.ch\\\/accreditation-du-dr-christoph-erling\\\/#primaryimage\",\"url\":\"https:\\\/\\\/daler.ch\\\/wp-content\\\/uploads\\\/2019\\\/07\\\/medecin.jpg\",\"contentUrl\":\"https:\\\/\\\/daler.ch\\\/wp-content\\\/uploads\\\/2019\\\/07\\\/medecin.jpg\",\"width\":1600,\"height\":495},{\"@type\":\"BreadcrumbList\",\"@id\":\"https:\\\/\\\/daler.ch\\\/accreditation-du-dr-christoph-erling\\\/#breadcrumb\",\"itemListElement\":[{\"@type\":\"ListItem\",\"position\":1,\"name\":\"Home\",\"item\":\"https:\\\/\\\/daler.ch\\\/de\\\/\"},{\"@type\":\"ListItem\",\"position\":2,\"name\":\"Akkreditierung von Dr. Christoph Erling\"}]},{\"@type\":\"WebSite\",\"@id\":\"https:\\\/\\\/daler.ch\\\/#website\",\"url\":\"https:\\\/\\\/daler.ch\\\/\",\"name\":\"Daler-Spital\",\"description\":\"Hopital Daler\",\"potentialAction\":[{\"@type\":\"SearchAction\",\"target\":{\"@type\":\"EntryPoint\",\"urlTemplate\":\"https:\\\/\\\/daler.ch\\\/?s={search_term_string}\"},\"query-input\":{\"@type\":\"PropertyValueSpecification\",\"valueRequired\":true,\"valueName\":\"search_term_string\"}}],\"inLanguage\":\"de\"},{\"@type\":\"Person\",\"@id\":\"https:\\\/\\\/daler.ch\\\/#\\\/schema\\\/person\\\/3efe34bd72d30c33193e0a6142fd126e\",\"name\":\"emblematik-daller\",\"image\":{\"@type\":\"ImageObject\",\"inLanguage\":\"de\",\"@id\":\"https:\\\/\\\/secure.gravatar.com\\\/avatar\\\/a4eebccbc81c422944fd8163ba969d1383db6733d5694ac571ccaf054519f805?s=96&d=mm&r=g\",\"url\":\"https:\\\/\\\/secure.gravatar.com\\\/avatar\\\/a4eebccbc81c422944fd8163ba969d1383db6733d5694ac571ccaf054519f805?s=96&d=mm&r=g\",\"contentUrl\":\"https:\\\/\\\/secure.gravatar.com\\\/avatar\\\/a4eebccbc81c422944fd8163ba969d1383db6733d5694ac571ccaf054519f805?s=96&d=mm&r=g\",\"caption\":\"emblematik-daller\"}}]}<\/script>\n<!-- \/ Yoast SEO plugin. -->","yoast_head_json":{"title":"Akkreditierung von Dr. Christoph Erling - Daler-Spital","robots":{"index":"index","follow":"follow","max-snippet":"max-snippet:-1","max-image-preview":"max-image-preview:large","max-video-preview":"max-video-preview:-1"},"canonical":"https:\/\/daler.ch\/accreditation-du-dr-christoph-erling\/","og_locale":"de_DE","og_type":"article","og_title":"Akkreditierung von Dr. Christoph Erling - Daler-Spital","og_description":"Am 10. Juli 2019 hat der Vorstand des Daler Spitals beschlossen, Dr. Christoph Erling, Facharzt f\u00fcr Handchirurgie und Orthop\u00e4dische Chirurgie und Traumatologie als Belegarzt im Daler-Spital zu akkreditieren. Nach Abschluss seines Medizinstudiums an der Ludwig-Maximilians-Universit\u00e4t M\u00fcnchen im Jahr 2006, hat [&hellip;]","og_url":"https:\/\/daler.ch\/accreditation-du-dr-christoph-erling\/","og_site_name":"Daler-Spital","article_published_time":"2019-10-17T12:36:06+00:00","article_modified_time":"2019-10-17T12:37:40+00:00","og_image":[{"width":1600,"height":495,"url":"https:\/\/daler.ch\/wp-content\/uploads\/2019\/07\/medecin.jpg","type":"image\/jpeg"}],"author":"emblematik-daller","twitter_card":"summary_large_image","twitter_misc":{"Verfasst von":"emblematik-daller","Gesch\u00e4tzte Lesezeit":"1\u00a0Minute"},"schema":{"@context":"https:\/\/schema.org","@graph":[{"@type":"Article","@id":"https:\/\/daler.ch\/accreditation-du-dr-christoph-erling\/#article","isPartOf":{"@id":"https:\/\/daler.ch\/accreditation-du-dr-christoph-erling\/"},"author":{"name":"emblematik-daller","@id":"https:\/\/daler.ch\/#\/schema\/person\/3efe34bd72d30c33193e0a6142fd126e"},"headline":"Akkreditierung von Dr. Christoph Erling","datePublished":"2019-10-17T12:36:06+00:00","dateModified":"2019-10-17T12:37:40+00:00","mainEntityOfPage":{"@id":"https:\/\/daler.ch\/accreditation-du-dr-christoph-erling\/"},"wordCount":144,"image":{"@id":"https:\/\/daler.ch\/accreditation-du-dr-christoph-erling\/#primaryimage"},"thumbnailUrl":"https:\/\/daler.ch\/wp-content\/uploads\/2019\/07\/medecin.jpg","articleSection":["Unkategorisiert"],"inLanguage":"de"},{"@type":"WebPage","@id":"https:\/\/daler.ch\/accreditation-du-dr-christoph-erling\/","url":"https:\/\/daler.ch\/accreditation-du-dr-christoph-erling\/","name":"Akkreditierung von Dr. Christoph Erling - Daler-Spital","isPartOf":{"@id":"https:\/\/daler.ch\/#website"},"primaryImageOfPage":{"@id":"https:\/\/daler.ch\/accreditation-du-dr-christoph-erling\/#primaryimage"},"image":{"@id":"https:\/\/daler.ch\/accreditation-du-dr-christoph-erling\/#primaryimage"},"thumbnailUrl":"https:\/\/daler.ch\/wp-content\/uploads\/2019\/07\/medecin.jpg","datePublished":"2019-10-17T12:36:06+00:00","dateModified":"2019-10-17T12:37:40+00:00","author":{"@id":"https:\/\/daler.ch\/#\/schema\/person\/3efe34bd72d30c33193e0a6142fd126e"},"breadcrumb":{"@id":"https:\/\/daler.ch\/accreditation-du-dr-christoph-erling\/#breadcrumb"},"inLanguage":"de","potentialAction":[{"@type":"ReadAction","target":["https:\/\/daler.ch\/accreditation-du-dr-christoph-erling\/"]}]},{"@type":"ImageObject","inLanguage":"de","@id":"https:\/\/daler.ch\/accreditation-du-dr-christoph-erling\/#primaryimage","url":"https:\/\/daler.ch\/wp-content\/uploads\/2019\/07\/medecin.jpg","contentUrl":"https:\/\/daler.ch\/wp-content\/uploads\/2019\/07\/medecin.jpg","width":1600,"height":495},{"@type":"BreadcrumbList","@id":"https:\/\/daler.ch\/accreditation-du-dr-christoph-erling\/#breadcrumb","itemListElement":[{"@type":"ListItem","position":1,"name":"Home","item":"https:\/\/daler.ch\/de\/"},{"@type":"ListItem","position":2,"name":"Akkreditierung von Dr. Christoph Erling"}]},{"@type":"WebSite","@id":"https:\/\/daler.ch\/#website","url":"https:\/\/daler.ch\/","name":"Daler-Spital","description":"Hopital Daler","potentialAction":[{"@type":"SearchAction","target":{"@type":"EntryPoint","urlTemplate":"https:\/\/daler.ch\/?s={search_term_string}"},"query-input":{"@type":"PropertyValueSpecification","valueRequired":true,"valueName":"search_term_string"}}],"inLanguage":"de"},{"@type":"Person","@id":"https:\/\/daler.ch\/#\/schema\/person\/3efe34bd72d30c33193e0a6142fd126e","name":"emblematik-daller","image":{"@type":"ImageObject","inLanguage":"de","@id":"https:\/\/secure.gravatar.com\/avatar\/a4eebccbc81c422944fd8163ba969d1383db6733d5694ac571ccaf054519f805?s=96&d=mm&r=g","url":"https:\/\/secure.gravatar.com\/avatar\/a4eebccbc81c422944fd8163ba969d1383db6733d5694ac571ccaf054519f805?s=96&d=mm&r=g","contentUrl":"https:\/\/secure.gravatar.com\/avatar\/a4eebccbc81c422944fd8163ba969d1383db6733d5694ac571ccaf054519f805?s=96&d=mm&r=g","caption":"emblematik-daller"}}]}},"_links":{"self":[{"href":"https:\/\/daler.ch\/de\/wp-json\/wp\/v2\/posts\/2782","targetHints":{"allow":["GET"]}}],"collection":[{"href":"https:\/\/daler.ch\/de\/wp-json\/wp\/v2\/posts"}],"about":[{"href":"https:\/\/daler.ch\/de\/wp-json\/wp\/v2\/types\/post"}],"author":[{"embeddable":true,"href":"https:\/\/daler.ch\/de\/wp-json\/wp\/v2\/users\/13"}],"replies":[{"embeddable":true,"href":"https:\/\/daler.ch\/de\/wp-json\/wp\/v2\/comments?post=2782"}],"version-history":[{"count":2,"href":"https:\/\/daler.ch\/de\/wp-json\/wp\/v2\/posts\/2782\/revisions"}],"predecessor-version":[{"id":2784,"href":"https:\/\/daler.ch\/de\/wp-json\/wp\/v2\/posts\/2782\/revisions\/2784"}],"wp:featuredmedia":[{"embeddable":true,"href":"https:\/\/daler.ch\/de\/wp-json\/wp\/v2\/media\/2660"}],"wp:attachment":[{"href":"https:\/\/daler.ch\/de\/wp-json\/wp\/v2\/media?parent=2782"}],"wp:term":[{"taxonomy":"category","embeddable":true,"href":"https:\/\/daler.ch\/de\/wp-json\/wp\/v2\/categories?post=2782"},{"taxonomy":"post_tag","embeddable":true,"href":"https:\/\/daler.ch\/de\/wp-json\/wp\/v2\/tags?post=2782"}],"curies":[{"name":"wp","href":"https:\/\/api.w.org\/{rel}","templated":true}]}}