{"id":2796,"date":"2019-11-05T16:12:18","date_gmt":"2019-11-05T15:12:18","guid":{"rendered":"https:\/\/www.daler.ch\/accreditation-de-la-dresse-florence-corminboeuf\/"},"modified":"2019-11-05T16:19:57","modified_gmt":"2019-11-05T15:19:57","slug":"accreditation-de-la-dresse-florence-corminboeuf","status":"publish","type":"post","link":"https:\/\/daler.ch\/de\/accreditation-de-la-dresse-florence-corminboeuf\/","title":{"rendered":"Akkreditierung von Dr Florence Corminboeuf"},"content":{"rendered":"<p>Der Vorstand des Daler Spitals hat am 7. Oktober 2019 beschlossen, Dr Florence Corminboeuf, Facharzt FMH f\u00fcr P\u00e4diatrie, per 1. Dezember 2019, als Belegarzt im Daler Spital zu akkreditieren.<\/p>\n<p>Frau Dr. Florence Corminboeuf hat unter der Leitung von Herrn Dr. Damien Barbey bereits im Jahr 2018\/2019 auf dem Gebiet der P\u00e4diatrie mit dem Daler Spital zusammengearbeitet. Nachdem sie im Jahr 2012 ihr Medizinstudium an der Universit\u00e4t Bern abgeschlossen hatte, erlangte sie im 2019 den Facharzttitel FMH f\u00fcr P\u00e4diatrie.<\/p>\n<p>Das Daler-Spital freut sich, sein \u00c4rzteteam durch eine erfahrene Spezialistin auf dem Gebiet der P\u00e4diatrie zu erweitern.<\/p>\n","protected":false},"excerpt":{"rendered":"<p>Der Vorstand des Daler Spitals hat am 7. Oktober 2019 beschlossen, Dr Florence Corminboeuf, Facharzt FMH f\u00fcr P\u00e4diatrie, per 1. Dezember 2019, als Belegarzt im Daler Spital zu akkreditieren. Frau Dr. Florence Corminboeuf hat unter der Leitung von Herrn Dr. [&hellip;]<\/p>\n","protected":false},"author":13,"featured_media":2259,"comment_status":"closed","ping_status":"closed","sticky":false,"template":"","format":"standard","meta":{"footnotes":""},"categories":[2],"tags":[],"class_list":["post-2796","post","type-post","status-publish","format-standard","has-post-thumbnail","hentry","category-unkategorisiert"],"yoast_head":"<!-- This site is optimized with the Yoast SEO plugin v27.5 - https:\/\/yoast.com\/product\/yoast-seo-wordpress\/ -->\n<title>Akkreditierung von Dr Florence Corminboeuf - Daler-Spital<\/title>\n<meta name=\"robots\" content=\"index, follow, max-snippet:-1, max-image-preview:large, max-video-preview:-1\" \/>\n<link rel=\"canonical\" href=\"https:\/\/daler.ch\/accreditation-de-la-dresse-florence-corminboeuf\/\" \/>\n<meta property=\"og:locale\" content=\"de_DE\" \/>\n<meta property=\"og:type\" content=\"article\" \/>\n<meta property=\"og:title\" content=\"Akkreditierung von Dr Florence Corminboeuf - Daler-Spital\" \/>\n<meta property=\"og:description\" content=\"Der Vorstand des Daler Spitals hat am 7. Oktober 2019 beschlossen, Dr Florence Corminboeuf, Facharzt FMH f\u00fcr P\u00e4diatrie, per 1. Dezember 2019, als Belegarzt im Daler Spital zu akkreditieren. Frau Dr. Florence Corminboeuf hat unter der Leitung von Herrn Dr. [&hellip;]\" \/>\n<meta property=\"og:url\" content=\"https:\/\/daler.ch\/accreditation-de-la-dresse-florence-corminboeuf\/\" \/>\n<meta property=\"og:site_name\" content=\"Daler-Spital\" \/>\n<meta property=\"article:published_time\" content=\"2019-11-05T15:12:18+00:00\" \/>\n<meta property=\"article:modified_time\" content=\"2019-11-05T15:19:57+00:00\" \/>\n<meta property=\"og:image\" content=\"https:\/\/daler.ch\/wp-content\/uploads\/2018\/06\/accueil_0aler.jpg\" \/>\n\t<meta property=\"og:image:width\" content=\"1600\" \/>\n\t<meta property=\"og:image:height\" content=\"500\" \/>\n\t<meta property=\"og:image:type\" content=\"image\/jpeg\" \/>\n<meta name=\"author\" content=\"emblematik-daller\" \/>\n<meta name=\"twitter:card\" content=\"summary_large_image\" \/>\n<meta name=\"twitter:label1\" content=\"Verfasst von\" \/>\n\t<meta name=\"twitter:data1\" content=\"emblematik-daller\" \/>\n<script type=\"application\/ld+json\" class=\"yoast-schema-graph\">{\"@context\":\"https:\\\/\\\/schema.org\",\"@graph\":[{\"@type\":\"Article\",\"@id\":\"https:\\\/\\\/daler.ch\\\/accreditation-de-la-dresse-florence-corminboeuf\\\/#article\",\"isPartOf\":{\"@id\":\"https:\\\/\\\/daler.ch\\\/accreditation-de-la-dresse-florence-corminboeuf\\\/\"},\"author\":{\"name\":\"emblematik-daller\",\"@id\":\"https:\\\/\\\/daler.ch\\\/#\\\/schema\\\/person\\\/3efe34bd72d30c33193e0a6142fd126e\"},\"headline\":\"Akkreditierung von Dr Florence Corminboeuf\",\"datePublished\":\"2019-11-05T15:12:18+00:00\",\"dateModified\":\"2019-11-05T15:19:57+00:00\",\"mainEntityOfPage\":{\"@id\":\"https:\\\/\\\/daler.ch\\\/accreditation-de-la-dresse-florence-corminboeuf\\\/\"},\"wordCount\":100,\"image\":{\"@id\":\"https:\\\/\\\/daler.ch\\\/accreditation-de-la-dresse-florence-corminboeuf\\\/#primaryimage\"},\"thumbnailUrl\":\"https:\\\/\\\/daler.ch\\\/wp-content\\\/uploads\\\/2018\\\/06\\\/accueil_0aler.jpg\",\"articleSection\":[\"Unkategorisiert\"],\"inLanguage\":\"de\"},{\"@type\":\"WebPage\",\"@id\":\"https:\\\/\\\/daler.ch\\\/accreditation-de-la-dresse-florence-corminboeuf\\\/\",\"url\":\"https:\\\/\\\/daler.ch\\\/accreditation-de-la-dresse-florence-corminboeuf\\\/\",\"name\":\"Akkreditierung von Dr Florence Corminboeuf - Daler-Spital\",\"isPartOf\":{\"@id\":\"https:\\\/\\\/daler.ch\\\/#website\"},\"primaryImageOfPage\":{\"@id\":\"https:\\\/\\\/daler.ch\\\/accreditation-de-la-dresse-florence-corminboeuf\\\/#primaryimage\"},\"image\":{\"@id\":\"https:\\\/\\\/daler.ch\\\/accreditation-de-la-dresse-florence-corminboeuf\\\/#primaryimage\"},\"thumbnailUrl\":\"https:\\\/\\\/daler.ch\\\/wp-content\\\/uploads\\\/2018\\\/06\\\/accueil_0aler.jpg\",\"datePublished\":\"2019-11-05T15:12:18+00:00\",\"dateModified\":\"2019-11-05T15:19:57+00:00\",\"author\":{\"@id\":\"https:\\\/\\\/daler.ch\\\/#\\\/schema\\\/person\\\/3efe34bd72d30c33193e0a6142fd126e\"},\"breadcrumb\":{\"@id\":\"https:\\\/\\\/daler.ch\\\/accreditation-de-la-dresse-florence-corminboeuf\\\/#breadcrumb\"},\"inLanguage\":\"de\",\"potentialAction\":[{\"@type\":\"ReadAction\",\"target\":[\"https:\\\/\\\/daler.ch\\\/accreditation-de-la-dresse-florence-corminboeuf\\\/\"]}]},{\"@type\":\"ImageObject\",\"inLanguage\":\"de\",\"@id\":\"https:\\\/\\\/daler.ch\\\/accreditation-de-la-dresse-florence-corminboeuf\\\/#primaryimage\",\"url\":\"https:\\\/\\\/daler.ch\\\/wp-content\\\/uploads\\\/2018\\\/06\\\/accueil_0aler.jpg\",\"contentUrl\":\"https:\\\/\\\/daler.ch\\\/wp-content\\\/uploads\\\/2018\\\/06\\\/accueil_0aler.jpg\",\"width\":1600,\"height\":500},{\"@type\":\"BreadcrumbList\",\"@id\":\"https:\\\/\\\/daler.ch\\\/accreditation-de-la-dresse-florence-corminboeuf\\\/#breadcrumb\",\"itemListElement\":[{\"@type\":\"ListItem\",\"position\":1,\"name\":\"Home\",\"item\":\"https:\\\/\\\/daler.ch\\\/de\\\/\"},{\"@type\":\"ListItem\",\"position\":2,\"name\":\"Akkreditierung von Dr Florence Corminboeuf\"}]},{\"@type\":\"WebSite\",\"@id\":\"https:\\\/\\\/daler.ch\\\/#website\",\"url\":\"https:\\\/\\\/daler.ch\\\/\",\"name\":\"Daler-Spital\",\"description\":\"Hopital Daler\",\"potentialAction\":[{\"@type\":\"SearchAction\",\"target\":{\"@type\":\"EntryPoint\",\"urlTemplate\":\"https:\\\/\\\/daler.ch\\\/?s={search_term_string}\"},\"query-input\":{\"@type\":\"PropertyValueSpecification\",\"valueRequired\":true,\"valueName\":\"search_term_string\"}}],\"inLanguage\":\"de\"},{\"@type\":\"Person\",\"@id\":\"https:\\\/\\\/daler.ch\\\/#\\\/schema\\\/person\\\/3efe34bd72d30c33193e0a6142fd126e\",\"name\":\"emblematik-daller\",\"image\":{\"@type\":\"ImageObject\",\"inLanguage\":\"de\",\"@id\":\"https:\\\/\\\/secure.gravatar.com\\\/avatar\\\/a4eebccbc81c422944fd8163ba969d1383db6733d5694ac571ccaf054519f805?s=96&d=mm&r=g\",\"url\":\"https:\\\/\\\/secure.gravatar.com\\\/avatar\\\/a4eebccbc81c422944fd8163ba969d1383db6733d5694ac571ccaf054519f805?s=96&d=mm&r=g\",\"contentUrl\":\"https:\\\/\\\/secure.gravatar.com\\\/avatar\\\/a4eebccbc81c422944fd8163ba969d1383db6733d5694ac571ccaf054519f805?s=96&d=mm&r=g\",\"caption\":\"emblematik-daller\"}}]}<\/script>\n<!-- \/ Yoast SEO plugin. -->","yoast_head_json":{"title":"Akkreditierung von Dr Florence Corminboeuf - Daler-Spital","robots":{"index":"index","follow":"follow","max-snippet":"max-snippet:-1","max-image-preview":"max-image-preview:large","max-video-preview":"max-video-preview:-1"},"canonical":"https:\/\/daler.ch\/accreditation-de-la-dresse-florence-corminboeuf\/","og_locale":"de_DE","og_type":"article","og_title":"Akkreditierung von Dr Florence Corminboeuf - Daler-Spital","og_description":"Der Vorstand des Daler Spitals hat am 7. Oktober 2019 beschlossen, Dr Florence Corminboeuf, Facharzt FMH f\u00fcr P\u00e4diatrie, per 1. Dezember 2019, als Belegarzt im Daler Spital zu akkreditieren. Frau Dr. Florence Corminboeuf hat unter der Leitung von Herrn Dr. [&hellip;]","og_url":"https:\/\/daler.ch\/accreditation-de-la-dresse-florence-corminboeuf\/","og_site_name":"Daler-Spital","article_published_time":"2019-11-05T15:12:18+00:00","article_modified_time":"2019-11-05T15:19:57+00:00","og_image":[{"width":1600,"height":500,"url":"https:\/\/daler.ch\/wp-content\/uploads\/2018\/06\/accueil_0aler.jpg","type":"image\/jpeg"}],"author":"emblematik-daller","twitter_card":"summary_large_image","twitter_misc":{"Verfasst von":"emblematik-daller"},"schema":{"@context":"https:\/\/schema.org","@graph":[{"@type":"Article","@id":"https:\/\/daler.ch\/accreditation-de-la-dresse-florence-corminboeuf\/#article","isPartOf":{"@id":"https:\/\/daler.ch\/accreditation-de-la-dresse-florence-corminboeuf\/"},"author":{"name":"emblematik-daller","@id":"https:\/\/daler.ch\/#\/schema\/person\/3efe34bd72d30c33193e0a6142fd126e"},"headline":"Akkreditierung von Dr Florence Corminboeuf","datePublished":"2019-11-05T15:12:18+00:00","dateModified":"2019-11-05T15:19:57+00:00","mainEntityOfPage":{"@id":"https:\/\/daler.ch\/accreditation-de-la-dresse-florence-corminboeuf\/"},"wordCount":100,"image":{"@id":"https:\/\/daler.ch\/accreditation-de-la-dresse-florence-corminboeuf\/#primaryimage"},"thumbnailUrl":"https:\/\/daler.ch\/wp-content\/uploads\/2018\/06\/accueil_0aler.jpg","articleSection":["Unkategorisiert"],"inLanguage":"de"},{"@type":"WebPage","@id":"https:\/\/daler.ch\/accreditation-de-la-dresse-florence-corminboeuf\/","url":"https:\/\/daler.ch\/accreditation-de-la-dresse-florence-corminboeuf\/","name":"Akkreditierung von Dr Florence Corminboeuf - Daler-Spital","isPartOf":{"@id":"https:\/\/daler.ch\/#website"},"primaryImageOfPage":{"@id":"https:\/\/daler.ch\/accreditation-de-la-dresse-florence-corminboeuf\/#primaryimage"},"image":{"@id":"https:\/\/daler.ch\/accreditation-de-la-dresse-florence-corminboeuf\/#primaryimage"},"thumbnailUrl":"https:\/\/daler.ch\/wp-content\/uploads\/2018\/06\/accueil_0aler.jpg","datePublished":"2019-11-05T15:12:18+00:00","dateModified":"2019-11-05T15:19:57+00:00","author":{"@id":"https:\/\/daler.ch\/#\/schema\/person\/3efe34bd72d30c33193e0a6142fd126e"},"breadcrumb":{"@id":"https:\/\/daler.ch\/accreditation-de-la-dresse-florence-corminboeuf\/#breadcrumb"},"inLanguage":"de","potentialAction":[{"@type":"ReadAction","target":["https:\/\/daler.ch\/accreditation-de-la-dresse-florence-corminboeuf\/"]}]},{"@type":"ImageObject","inLanguage":"de","@id":"https:\/\/daler.ch\/accreditation-de-la-dresse-florence-corminboeuf\/#primaryimage","url":"https:\/\/daler.ch\/wp-content\/uploads\/2018\/06\/accueil_0aler.jpg","contentUrl":"https:\/\/daler.ch\/wp-content\/uploads\/2018\/06\/accueil_0aler.jpg","width":1600,"height":500},{"@type":"BreadcrumbList","@id":"https:\/\/daler.ch\/accreditation-de-la-dresse-florence-corminboeuf\/#breadcrumb","itemListElement":[{"@type":"ListItem","position":1,"name":"Home","item":"https:\/\/daler.ch\/de\/"},{"@type":"ListItem","position":2,"name":"Akkreditierung von Dr Florence Corminboeuf"}]},{"@type":"WebSite","@id":"https:\/\/daler.ch\/#website","url":"https:\/\/daler.ch\/","name":"Daler-Spital","description":"Hopital Daler","potentialAction":[{"@type":"SearchAction","target":{"@type":"EntryPoint","urlTemplate":"https:\/\/daler.ch\/?s={search_term_string}"},"query-input":{"@type":"PropertyValueSpecification","valueRequired":true,"valueName":"search_term_string"}}],"inLanguage":"de"},{"@type":"Person","@id":"https:\/\/daler.ch\/#\/schema\/person\/3efe34bd72d30c33193e0a6142fd126e","name":"emblematik-daller","image":{"@type":"ImageObject","inLanguage":"de","@id":"https:\/\/secure.gravatar.com\/avatar\/a4eebccbc81c422944fd8163ba969d1383db6733d5694ac571ccaf054519f805?s=96&d=mm&r=g","url":"https:\/\/secure.gravatar.com\/avatar\/a4eebccbc81c422944fd8163ba969d1383db6733d5694ac571ccaf054519f805?s=96&d=mm&r=g","contentUrl":"https:\/\/secure.gravatar.com\/avatar\/a4eebccbc81c422944fd8163ba969d1383db6733d5694ac571ccaf054519f805?s=96&d=mm&r=g","caption":"emblematik-daller"}}]}},"_links":{"self":[{"href":"https:\/\/daler.ch\/de\/wp-json\/wp\/v2\/posts\/2796","targetHints":{"allow":["GET"]}}],"collection":[{"href":"https:\/\/daler.ch\/de\/wp-json\/wp\/v2\/posts"}],"about":[{"href":"https:\/\/daler.ch\/de\/wp-json\/wp\/v2\/types\/post"}],"author":[{"embeddable":true,"href":"https:\/\/daler.ch\/de\/wp-json\/wp\/v2\/users\/13"}],"replies":[{"embeddable":true,"href":"https:\/\/daler.ch\/de\/wp-json\/wp\/v2\/comments?post=2796"}],"version-history":[{"count":1,"href":"https:\/\/daler.ch\/de\/wp-json\/wp\/v2\/posts\/2796\/revisions"}],"predecessor-version":[{"id":2797,"href":"https:\/\/daler.ch\/de\/wp-json\/wp\/v2\/posts\/2796\/revisions\/2797"}],"wp:featuredmedia":[{"embeddable":true,"href":"https:\/\/daler.ch\/de\/wp-json\/wp\/v2\/media\/2259"}],"wp:attachment":[{"href":"https:\/\/daler.ch\/de\/wp-json\/wp\/v2\/media?parent=2796"}],"wp:term":[{"taxonomy":"category","embeddable":true,"href":"https:\/\/daler.ch\/de\/wp-json\/wp\/v2\/categories?post=2796"},{"taxonomy":"post_tag","embeddable":true,"href":"https:\/\/daler.ch\/de\/wp-json\/wp\/v2\/tags?post=2796"}],"curies":[{"name":"wp","href":"https:\/\/api.w.org\/{rel}","templated":true}]}}