{"id":2805,"date":"2019-11-15T10:00:26","date_gmt":"2019-11-15T09:00:26","guid":{"rendered":"https:\/\/www.daler.ch\/?p=2805"},"modified":"2019-11-06T10:02:25","modified_gmt":"2019-11-06T09:02:25","slug":"operationstrakts","status":"publish","type":"post","link":"https:\/\/daler.ch\/de\/operationstrakts\/","title":{"rendered":"Modernisierung des Operationstrakts: erste Phase erfolgreich abgeschlossen"},"content":{"rendered":"<p><em>Das Daler-Spital ist bestrebt, der Freiburger Bev\u00f6lkerung ein hohes Leistungsniveau zu bieten. Zu diesem Zweck modernisiert und vergr\u00f6ssert das Spital derzeit seinen Operationstrakt. Die Bauarbeiten, die in zwei Phasen unterteilt sind, haben im Oktober 2018 begonnen und sollen im Fr\u00fchjahr 2021 abgeschlossen sein. Nun ist die erste Bauphase beendet: Seit Montag, 4. November 2019 sind zwei neue Operationss\u00e4le, die den aktuellen Qualit\u00e4tsvorgaben entsprechen, sowie modernere und komfortable Personalr\u00e4ume in Betrieb. <\/em><\/p>\n<p><strong>Reibungsloser Ablauf<\/strong><\/p>\n<p>Die erste Bauphase erwies sich insbesondere in Bezug auf die Auswirkungen auf den laufenden Betrieb und die L\u00e4rmbel\u00e4stigung als die komplexeste. 12 Monate nach Baustart ist diese Phase nun abgeschlossen. David Queloz, Direktor des Daler-Spitals, ist zufrieden: \u00abJede Etappe wurde bis ins kleinste Detail geplant. Sowohl die Bauunternehmen als auch die Mitarbeiterinnen und Mitarbeiter haben sich sehr daf\u00fcr eingesetzt, dass alles reibungslos verl\u00e4uft.\u00bb<\/p>\n<p>&nbsp;<\/p>\n<p><img decoding=\"async\" class=\"size-full wp-image-2801 aligncenter\" src=\"https:\/\/daler.ch\/wp-content\/uploads\/2019\/11\/Bloc_I.jpg\" alt=\"\" width=\"640\" height=\"480\" \/><\/p>\n<p>Die erste Phase der Bauarbeiten war f\u00fcr die gr\u00f6sste Geburtsabteilung des Kantons eine grosse Herausforderung, denn die f\u00fcr die Geburtshilfe notwendige Infrastruktur musste w\u00e4hrend dieser Zeit offen gehalten werden. Im Bereich Baustellenorganisation waren, was die Arbeitszeiten und -methoden angeht, einige Anpassungen n\u00f6tig, um die L\u00e4rmbel\u00e4stigung f\u00fcr die Patientinnen und Patienten m\u00f6glichst gering zu halten. Die n\u00e4chste und letzte Bauphase sollte mit weniger L\u00e4rm verbunden sein.<\/p>\n<p><strong>Patienten und Mitarbeitende profitieren<\/strong><\/p>\n<p>Durch dieser Renovierung werden die Effizienz der Operationst\u00e4tigkeit und nach Projektabschluss die Kapazit\u00e4t des OP-Trakts gesteigert (Erh\u00f6hung der Operationss\u00e4le von 5 auf 6). Die Patientinnen und Patienten profitieren von einer Infrastruktur mit Spitzentechnologie. F\u00fcr die Mitarbeitenden bedeutet der Umbau verschiedener R\u00e4umlichkeiten (Garderobe, Ruhezimmer usw.) einen effizienteren Betrieb und mehr Komfort im Arbeitsalltag.<\/p>\n<p><strong>N\u00e4chste Schritte<\/strong><\/p>\n<p>Nach Abschluss der ersten Phase werden die Bauarbeiten bis im Fr\u00fchling 2021 weitergef\u00fchrt. Auf dem Bauplan stehen insbesondere die Renovierung dreier Operationss\u00e4len sowie die Inbetriebnahme eines neuen Familienbereichs in der Geburtsabteilung.<\/p>\n","protected":false},"excerpt":{"rendered":"<p>Das Daler-Spital ist bestrebt, der Freiburger Bev\u00f6lkerung ein hohes Leistungsniveau zu bieten. Zu diesem Zweck modernisiert und vergr\u00f6ssert das Spital derzeit seinen Operationstrakt. Die Bauarbeiten, die in zwei Phasen unterteilt sind, haben im Oktober 2018 begonnen und sollen im Fr\u00fchjahr [&hellip;]<\/p>\n","protected":false},"author":13,"featured_media":2800,"comment_status":"closed","ping_status":"closed","sticky":false,"template":"","format":"standard","meta":{"footnotes":""},"categories":[2],"tags":[],"class_list":["post-2805","post","type-post","status-publish","format-standard","has-post-thumbnail","hentry","category-unkategorisiert"],"yoast_head":"<!-- This site is optimized with the Yoast SEO plugin v27.5 - https:\/\/yoast.com\/product\/yoast-seo-wordpress\/ -->\n<title>Modernisierung des Operationstrakts: erste Phase erfolgreich abgeschlossen - Daler-Spital<\/title>\n<meta name=\"robots\" content=\"index, follow, max-snippet:-1, max-image-preview:large, max-video-preview:-1\" \/>\n<link rel=\"canonical\" href=\"https:\/\/daler.ch\/travaux-de-modernisation-premiere-etape-terminee-avec-succes\/\" \/>\n<meta property=\"og:locale\" content=\"de_DE\" \/>\n<meta property=\"og:type\" content=\"article\" \/>\n<meta property=\"og:title\" content=\"Modernisierung des Operationstrakts: erste Phase erfolgreich abgeschlossen - Daler-Spital\" \/>\n<meta property=\"og:description\" content=\"Das Daler-Spital ist bestrebt, der Freiburger Bev\u00f6lkerung ein hohes Leistungsniveau zu bieten. Zu diesem Zweck modernisiert und vergr\u00f6ssert das Spital derzeit seinen Operationstrakt. Die Bauarbeiten, die in zwei Phasen unterteilt sind, haben im Oktober 2018 begonnen und sollen im Fr\u00fchjahr [&hellip;]\" \/>\n<meta property=\"og:url\" content=\"https:\/\/daler.ch\/travaux-de-modernisation-premiere-etape-terminee-avec-succes\/\" \/>\n<meta property=\"og:site_name\" content=\"Daler-Spital\" \/>\n<meta property=\"article:published_time\" content=\"2019-11-15T09:00:26+00:00\" \/>\n<meta property=\"og:image\" content=\"https:\/\/daler.ch\/wp-content\/uploads\/2019\/11\/bloc.jpg\" \/>\n\t<meta property=\"og:image:width\" content=\"1600\" \/>\n\t<meta property=\"og:image:height\" content=\"500\" \/>\n\t<meta property=\"og:image:type\" content=\"image\/jpeg\" \/>\n<meta name=\"author\" content=\"emblematik-daller\" \/>\n<meta name=\"twitter:card\" content=\"summary_large_image\" \/>\n<meta name=\"twitter:label1\" content=\"Verfasst von\" \/>\n\t<meta name=\"twitter:data1\" content=\"emblematik-daller\" \/>\n\t<meta name=\"twitter:label2\" content=\"Gesch\u00e4tzte Lesezeit\" \/>\n\t<meta name=\"twitter:data2\" content=\"2\u00a0Minuten\" \/>\n<script type=\"application\/ld+json\" class=\"yoast-schema-graph\">{\"@context\":\"https:\\\/\\\/schema.org\",\"@graph\":[{\"@type\":\"Article\",\"@id\":\"https:\\\/\\\/daler.ch\\\/travaux-de-modernisation-premiere-etape-terminee-avec-succes\\\/#article\",\"isPartOf\":{\"@id\":\"https:\\\/\\\/daler.ch\\\/travaux-de-modernisation-premiere-etape-terminee-avec-succes\\\/\"},\"author\":{\"name\":\"emblematik-daller\",\"@id\":\"https:\\\/\\\/daler.ch\\\/#\\\/schema\\\/person\\\/3efe34bd72d30c33193e0a6142fd126e\"},\"headline\":\"Modernisierung des Operationstrakts: erste Phase erfolgreich abgeschlossen\",\"datePublished\":\"2019-11-15T09:00:26+00:00\",\"mainEntityOfPage\":{\"@id\":\"https:\\\/\\\/daler.ch\\\/travaux-de-modernisation-premiere-etape-terminee-avec-succes\\\/\"},\"wordCount\":320,\"image\":{\"@id\":\"https:\\\/\\\/daler.ch\\\/travaux-de-modernisation-premiere-etape-terminee-avec-succes\\\/#primaryimage\"},\"thumbnailUrl\":\"https:\\\/\\\/daler.ch\\\/wp-content\\\/uploads\\\/2019\\\/11\\\/bloc.jpg\",\"articleSection\":[\"Unkategorisiert\"],\"inLanguage\":\"de\"},{\"@type\":\"WebPage\",\"@id\":\"https:\\\/\\\/daler.ch\\\/travaux-de-modernisation-premiere-etape-terminee-avec-succes\\\/\",\"url\":\"https:\\\/\\\/daler.ch\\\/travaux-de-modernisation-premiere-etape-terminee-avec-succes\\\/\",\"name\":\"Modernisierung des Operationstrakts: erste Phase erfolgreich abgeschlossen - Daler-Spital\",\"isPartOf\":{\"@id\":\"https:\\\/\\\/daler.ch\\\/#website\"},\"primaryImageOfPage\":{\"@id\":\"https:\\\/\\\/daler.ch\\\/travaux-de-modernisation-premiere-etape-terminee-avec-succes\\\/#primaryimage\"},\"image\":{\"@id\":\"https:\\\/\\\/daler.ch\\\/travaux-de-modernisation-premiere-etape-terminee-avec-succes\\\/#primaryimage\"},\"thumbnailUrl\":\"https:\\\/\\\/daler.ch\\\/wp-content\\\/uploads\\\/2019\\\/11\\\/bloc.jpg\",\"datePublished\":\"2019-11-15T09:00:26+00:00\",\"author\":{\"@id\":\"https:\\\/\\\/daler.ch\\\/#\\\/schema\\\/person\\\/3efe34bd72d30c33193e0a6142fd126e\"},\"breadcrumb\":{\"@id\":\"https:\\\/\\\/daler.ch\\\/travaux-de-modernisation-premiere-etape-terminee-avec-succes\\\/#breadcrumb\"},\"inLanguage\":\"de\",\"potentialAction\":[{\"@type\":\"ReadAction\",\"target\":[\"https:\\\/\\\/daler.ch\\\/travaux-de-modernisation-premiere-etape-terminee-avec-succes\\\/\"]}]},{\"@type\":\"ImageObject\",\"inLanguage\":\"de\",\"@id\":\"https:\\\/\\\/daler.ch\\\/travaux-de-modernisation-premiere-etape-terminee-avec-succes\\\/#primaryimage\",\"url\":\"https:\\\/\\\/daler.ch\\\/wp-content\\\/uploads\\\/2019\\\/11\\\/bloc.jpg\",\"contentUrl\":\"https:\\\/\\\/daler.ch\\\/wp-content\\\/uploads\\\/2019\\\/11\\\/bloc.jpg\",\"width\":1600,\"height\":500},{\"@type\":\"BreadcrumbList\",\"@id\":\"https:\\\/\\\/daler.ch\\\/travaux-de-modernisation-premiere-etape-terminee-avec-succes\\\/#breadcrumb\",\"itemListElement\":[{\"@type\":\"ListItem\",\"position\":1,\"name\":\"Home\",\"item\":\"https:\\\/\\\/daler.ch\\\/de\\\/\"},{\"@type\":\"ListItem\",\"position\":2,\"name\":\"Modernisierung des Operationstrakts: erste Phase erfolgreich abgeschlossen\"}]},{\"@type\":\"WebSite\",\"@id\":\"https:\\\/\\\/daler.ch\\\/#website\",\"url\":\"https:\\\/\\\/daler.ch\\\/\",\"name\":\"Daler-Spital\",\"description\":\"Hopital Daler\",\"potentialAction\":[{\"@type\":\"SearchAction\",\"target\":{\"@type\":\"EntryPoint\",\"urlTemplate\":\"https:\\\/\\\/daler.ch\\\/?s={search_term_string}\"},\"query-input\":{\"@type\":\"PropertyValueSpecification\",\"valueRequired\":true,\"valueName\":\"search_term_string\"}}],\"inLanguage\":\"de\"},{\"@type\":\"Person\",\"@id\":\"https:\\\/\\\/daler.ch\\\/#\\\/schema\\\/person\\\/3efe34bd72d30c33193e0a6142fd126e\",\"name\":\"emblematik-daller\",\"image\":{\"@type\":\"ImageObject\",\"inLanguage\":\"de\",\"@id\":\"https:\\\/\\\/secure.gravatar.com\\\/avatar\\\/a4eebccbc81c422944fd8163ba969d1383db6733d5694ac571ccaf054519f805?s=96&d=mm&r=g\",\"url\":\"https:\\\/\\\/secure.gravatar.com\\\/avatar\\\/a4eebccbc81c422944fd8163ba969d1383db6733d5694ac571ccaf054519f805?s=96&d=mm&r=g\",\"contentUrl\":\"https:\\\/\\\/secure.gravatar.com\\\/avatar\\\/a4eebccbc81c422944fd8163ba969d1383db6733d5694ac571ccaf054519f805?s=96&d=mm&r=g\",\"caption\":\"emblematik-daller\"}}]}<\/script>\n<!-- \/ Yoast SEO plugin. -->","yoast_head_json":{"title":"Modernisierung des Operationstrakts: erste Phase erfolgreich abgeschlossen - Daler-Spital","robots":{"index":"index","follow":"follow","max-snippet":"max-snippet:-1","max-image-preview":"max-image-preview:large","max-video-preview":"max-video-preview:-1"},"canonical":"https:\/\/daler.ch\/travaux-de-modernisation-premiere-etape-terminee-avec-succes\/","og_locale":"de_DE","og_type":"article","og_title":"Modernisierung des Operationstrakts: erste Phase erfolgreich abgeschlossen - Daler-Spital","og_description":"Das Daler-Spital ist bestrebt, der Freiburger Bev\u00f6lkerung ein hohes Leistungsniveau zu bieten. Zu diesem Zweck modernisiert und vergr\u00f6ssert das Spital derzeit seinen Operationstrakt. Die Bauarbeiten, die in zwei Phasen unterteilt sind, haben im Oktober 2018 begonnen und sollen im Fr\u00fchjahr [&hellip;]","og_url":"https:\/\/daler.ch\/travaux-de-modernisation-premiere-etape-terminee-avec-succes\/","og_site_name":"Daler-Spital","article_published_time":"2019-11-15T09:00:26+00:00","og_image":[{"width":1600,"height":500,"url":"https:\/\/daler.ch\/wp-content\/uploads\/2019\/11\/bloc.jpg","type":"image\/jpeg"}],"author":"emblematik-daller","twitter_card":"summary_large_image","twitter_misc":{"Verfasst von":"emblematik-daller","Gesch\u00e4tzte Lesezeit":"2\u00a0Minuten"},"schema":{"@context":"https:\/\/schema.org","@graph":[{"@type":"Article","@id":"https:\/\/daler.ch\/travaux-de-modernisation-premiere-etape-terminee-avec-succes\/#article","isPartOf":{"@id":"https:\/\/daler.ch\/travaux-de-modernisation-premiere-etape-terminee-avec-succes\/"},"author":{"name":"emblematik-daller","@id":"https:\/\/daler.ch\/#\/schema\/person\/3efe34bd72d30c33193e0a6142fd126e"},"headline":"Modernisierung des Operationstrakts: erste Phase erfolgreich abgeschlossen","datePublished":"2019-11-15T09:00:26+00:00","mainEntityOfPage":{"@id":"https:\/\/daler.ch\/travaux-de-modernisation-premiere-etape-terminee-avec-succes\/"},"wordCount":320,"image":{"@id":"https:\/\/daler.ch\/travaux-de-modernisation-premiere-etape-terminee-avec-succes\/#primaryimage"},"thumbnailUrl":"https:\/\/daler.ch\/wp-content\/uploads\/2019\/11\/bloc.jpg","articleSection":["Unkategorisiert"],"inLanguage":"de"},{"@type":"WebPage","@id":"https:\/\/daler.ch\/travaux-de-modernisation-premiere-etape-terminee-avec-succes\/","url":"https:\/\/daler.ch\/travaux-de-modernisation-premiere-etape-terminee-avec-succes\/","name":"Modernisierung des Operationstrakts: erste Phase erfolgreich abgeschlossen - Daler-Spital","isPartOf":{"@id":"https:\/\/daler.ch\/#website"},"primaryImageOfPage":{"@id":"https:\/\/daler.ch\/travaux-de-modernisation-premiere-etape-terminee-avec-succes\/#primaryimage"},"image":{"@id":"https:\/\/daler.ch\/travaux-de-modernisation-premiere-etape-terminee-avec-succes\/#primaryimage"},"thumbnailUrl":"https:\/\/daler.ch\/wp-content\/uploads\/2019\/11\/bloc.jpg","datePublished":"2019-11-15T09:00:26+00:00","author":{"@id":"https:\/\/daler.ch\/#\/schema\/person\/3efe34bd72d30c33193e0a6142fd126e"},"breadcrumb":{"@id":"https:\/\/daler.ch\/travaux-de-modernisation-premiere-etape-terminee-avec-succes\/#breadcrumb"},"inLanguage":"de","potentialAction":[{"@type":"ReadAction","target":["https:\/\/daler.ch\/travaux-de-modernisation-premiere-etape-terminee-avec-succes\/"]}]},{"@type":"ImageObject","inLanguage":"de","@id":"https:\/\/daler.ch\/travaux-de-modernisation-premiere-etape-terminee-avec-succes\/#primaryimage","url":"https:\/\/daler.ch\/wp-content\/uploads\/2019\/11\/bloc.jpg","contentUrl":"https:\/\/daler.ch\/wp-content\/uploads\/2019\/11\/bloc.jpg","width":1600,"height":500},{"@type":"BreadcrumbList","@id":"https:\/\/daler.ch\/travaux-de-modernisation-premiere-etape-terminee-avec-succes\/#breadcrumb","itemListElement":[{"@type":"ListItem","position":1,"name":"Home","item":"https:\/\/daler.ch\/de\/"},{"@type":"ListItem","position":2,"name":"Modernisierung des Operationstrakts: erste Phase erfolgreich abgeschlossen"}]},{"@type":"WebSite","@id":"https:\/\/daler.ch\/#website","url":"https:\/\/daler.ch\/","name":"Daler-Spital","description":"Hopital Daler","potentialAction":[{"@type":"SearchAction","target":{"@type":"EntryPoint","urlTemplate":"https:\/\/daler.ch\/?s={search_term_string}"},"query-input":{"@type":"PropertyValueSpecification","valueRequired":true,"valueName":"search_term_string"}}],"inLanguage":"de"},{"@type":"Person","@id":"https:\/\/daler.ch\/#\/schema\/person\/3efe34bd72d30c33193e0a6142fd126e","name":"emblematik-daller","image":{"@type":"ImageObject","inLanguage":"de","@id":"https:\/\/secure.gravatar.com\/avatar\/a4eebccbc81c422944fd8163ba969d1383db6733d5694ac571ccaf054519f805?s=96&d=mm&r=g","url":"https:\/\/secure.gravatar.com\/avatar\/a4eebccbc81c422944fd8163ba969d1383db6733d5694ac571ccaf054519f805?s=96&d=mm&r=g","contentUrl":"https:\/\/secure.gravatar.com\/avatar\/a4eebccbc81c422944fd8163ba969d1383db6733d5694ac571ccaf054519f805?s=96&d=mm&r=g","caption":"emblematik-daller"}}]}},"_links":{"self":[{"href":"https:\/\/daler.ch\/de\/wp-json\/wp\/v2\/posts\/2805","targetHints":{"allow":["GET"]}}],"collection":[{"href":"https:\/\/daler.ch\/de\/wp-json\/wp\/v2\/posts"}],"about":[{"href":"https:\/\/daler.ch\/de\/wp-json\/wp\/v2\/types\/post"}],"author":[{"embeddable":true,"href":"https:\/\/daler.ch\/de\/wp-json\/wp\/v2\/users\/13"}],"replies":[{"embeddable":true,"href":"https:\/\/daler.ch\/de\/wp-json\/wp\/v2\/comments?post=2805"}],"version-history":[{"count":2,"href":"https:\/\/daler.ch\/de\/wp-json\/wp\/v2\/posts\/2805\/revisions"}],"predecessor-version":[{"id":2807,"href":"https:\/\/daler.ch\/de\/wp-json\/wp\/v2\/posts\/2805\/revisions\/2807"}],"wp:featuredmedia":[{"embeddable":true,"href":"https:\/\/daler.ch\/de\/wp-json\/wp\/v2\/media\/2800"}],"wp:attachment":[{"href":"https:\/\/daler.ch\/de\/wp-json\/wp\/v2\/media?parent=2805"}],"wp:term":[{"taxonomy":"category","embeddable":true,"href":"https:\/\/daler.ch\/de\/wp-json\/wp\/v2\/categories?post=2805"},{"taxonomy":"post_tag","embeddable":true,"href":"https:\/\/daler.ch\/de\/wp-json\/wp\/v2\/tags?post=2805"}],"curies":[{"name":"wp","href":"https:\/\/api.w.org\/{rel}","templated":true}]}}