{"id":2833,"date":"2019-12-19T14:19:06","date_gmt":"2019-12-19T13:19:06","guid":{"rendered":"https:\/\/www.daler.ch\/accreditation-de-la-dresse-aline-borcard\/"},"modified":"2019-12-26T14:24:48","modified_gmt":"2019-12-26T13:24:48","slug":"akkreditierung-dr-aline-borcard","status":"publish","type":"post","link":"https:\/\/daler.ch\/de\/akkreditierung-dr-aline-borcard\/","title":{"rendered":"Akkreditierung von Frau Dr Aline Borcard \u2013 Gyn\u00e4kologie FMH"},"content":{"rendered":"<p>Der Vorstand des Daler Spitals hat beschlossen, Dr. Aline Borcard, Fach\u00e4rztin FMH f\u00fcr Gyn\u00e4kologie\/ Operative Gyn\u00e4kologie und Geburtshilfe, per 7. Oktober 2019, als Beleg\u00e4rztin im Daler Spital zu akkreditieren.<\/p>\n<p>Frau Dr. Aline Borcard hat 2002 an der Medizinischen Fakult\u00e4t der Universit\u00e4t Bern ihr Staatsexamen abgelegt. Danach hat sie sich in Operative Gyn\u00e4kologie\/Gyn\u00e4kologie und Geburtshilfe spezialisiert und erwarb ihre FMH-Weiterbildungstitel in 2009.<\/p>\n<p>Ihre Weiterbildung zur Fach\u00e4rztin f\u00fcr Gyn\u00e4kologie und Geburtshilfe setzte sie insbesondere am Universit\u00e4tsspital Basel und am Regionalspital SRRWS Grabs fort, wo sie von 2012 bis 2016 stellvertretende \u00c4rztin war. Seitdem praktiziert sie an der Clinique G\u00e9n\u00e9rale in Freiburg, wo sie die Praxis von Prof. Stucki \u00fcbernommen hat.<\/p>\n<p>Am 1. April 2020 wird Dr. Aline Borcard eine Privatpraxis im Daler Spital er\u00f6ffnen und gleichzeitig einer T\u00e4tigkeit in der Senologie und der Operative Gyn\u00e4kologie\/Gyn\u00e4kologie nachgehen.<\/p>\n<p>Das Daler-Spital freut sich, sein \u00c4rzteteam durch eine erfahrene Spezialistin auf dem Gebiet der Gyn\u00e4kologie zu erweitern.<\/p>\n","protected":false},"excerpt":{"rendered":"<p>Der Vorstand des Daler Spitals hat beschlossen, Dr. Aline Borcard, Fach\u00e4rztin FMH f\u00fcr Gyn\u00e4kologie\/ Operative Gyn\u00e4kologie und Geburtshilfe, per 7. Oktober 2019, als Beleg\u00e4rztin im Daler Spital zu akkreditieren. Frau Dr. Aline Borcard hat 2002 an der Medizinischen Fakult\u00e4t der [&hellip;]<\/p>\n","protected":false},"author":13,"featured_media":2724,"comment_status":"closed","ping_status":"closed","sticky":false,"template":"","format":"standard","meta":{"footnotes":""},"categories":[2],"tags":[],"class_list":["post-2833","post","type-post","status-publish","format-standard","has-post-thumbnail","hentry","category-unkategorisiert"],"yoast_head":"<!-- This site is optimized with the Yoast SEO plugin v27.5 - https:\/\/yoast.com\/product\/yoast-seo-wordpress\/ -->\n<title>Akkreditierung von Frau Dr Aline Borcard \u2013 Gyn\u00e4kologie FMH - Daler-Spital<\/title>\n<meta name=\"robots\" content=\"index, follow, max-snippet:-1, max-image-preview:large, max-video-preview:-1\" \/>\n<link rel=\"canonical\" href=\"https:\/\/daler.ch\/accreditation-de-la-dresse-aline-borcard\/\" \/>\n<meta property=\"og:locale\" content=\"de_DE\" \/>\n<meta property=\"og:type\" content=\"article\" \/>\n<meta property=\"og:title\" content=\"Akkreditierung von Frau Dr Aline Borcard \u2013 Gyn\u00e4kologie FMH - Daler-Spital\" \/>\n<meta property=\"og:description\" content=\"Der Vorstand des Daler Spitals hat beschlossen, Dr. Aline Borcard, Fach\u00e4rztin FMH f\u00fcr Gyn\u00e4kologie\/ Operative Gyn\u00e4kologie und Geburtshilfe, per 7. Oktober 2019, als Beleg\u00e4rztin im Daler Spital zu akkreditieren. Frau Dr. Aline Borcard hat 2002 an der Medizinischen Fakult\u00e4t der [&hellip;]\" \/>\n<meta property=\"og:url\" content=\"https:\/\/daler.ch\/accreditation-de-la-dresse-aline-borcard\/\" \/>\n<meta property=\"og:site_name\" content=\"Daler-Spital\" \/>\n<meta property=\"article:published_time\" content=\"2019-12-19T13:19:06+00:00\" \/>\n<meta property=\"article:modified_time\" content=\"2019-12-26T13:24:48+00:00\" \/>\n<meta property=\"og:image\" content=\"https:\/\/daler.ch\/wp-content\/uploads\/2019\/08\/ORL.jpg\" \/>\n\t<meta property=\"og:image:width\" content=\"1600\" \/>\n\t<meta property=\"og:image:height\" content=\"500\" \/>\n\t<meta property=\"og:image:type\" content=\"image\/jpeg\" \/>\n<meta name=\"author\" content=\"emblematik-daller\" \/>\n<meta name=\"twitter:card\" content=\"summary_large_image\" \/>\n<meta name=\"twitter:label1\" content=\"Verfasst von\" \/>\n\t<meta name=\"twitter:data1\" content=\"emblematik-daller\" \/>\n\t<meta name=\"twitter:label2\" content=\"Gesch\u00e4tzte Lesezeit\" \/>\n\t<meta name=\"twitter:data2\" content=\"1\u00a0Minute\" \/>\n<script type=\"application\/ld+json\" class=\"yoast-schema-graph\">{\"@context\":\"https:\\\/\\\/schema.org\",\"@graph\":[{\"@type\":\"Article\",\"@id\":\"https:\\\/\\\/daler.ch\\\/accreditation-de-la-dresse-aline-borcard\\\/#article\",\"isPartOf\":{\"@id\":\"https:\\\/\\\/daler.ch\\\/accreditation-de-la-dresse-aline-borcard\\\/\"},\"author\":{\"name\":\"emblematik-daller\",\"@id\":\"https:\\\/\\\/daler.ch\\\/#\\\/schema\\\/person\\\/3efe34bd72d30c33193e0a6142fd126e\"},\"headline\":\"Akkreditierung von Frau Dr Aline Borcard \u2013 Gyn\u00e4kologie FMH\",\"datePublished\":\"2019-12-19T13:19:06+00:00\",\"dateModified\":\"2019-12-26T13:24:48+00:00\",\"mainEntityOfPage\":{\"@id\":\"https:\\\/\\\/daler.ch\\\/accreditation-de-la-dresse-aline-borcard\\\/\"},\"wordCount\":174,\"image\":{\"@id\":\"https:\\\/\\\/daler.ch\\\/accreditation-de-la-dresse-aline-borcard\\\/#primaryimage\"},\"thumbnailUrl\":\"https:\\\/\\\/daler.ch\\\/wp-content\\\/uploads\\\/2019\\\/08\\\/ORL.jpg\",\"articleSection\":[\"Unkategorisiert\"],\"inLanguage\":\"de\"},{\"@type\":\"WebPage\",\"@id\":\"https:\\\/\\\/daler.ch\\\/accreditation-de-la-dresse-aline-borcard\\\/\",\"url\":\"https:\\\/\\\/daler.ch\\\/accreditation-de-la-dresse-aline-borcard\\\/\",\"name\":\"Akkreditierung von Frau Dr Aline Borcard \u2013 Gyn\u00e4kologie FMH - Daler-Spital\",\"isPartOf\":{\"@id\":\"https:\\\/\\\/daler.ch\\\/#website\"},\"primaryImageOfPage\":{\"@id\":\"https:\\\/\\\/daler.ch\\\/accreditation-de-la-dresse-aline-borcard\\\/#primaryimage\"},\"image\":{\"@id\":\"https:\\\/\\\/daler.ch\\\/accreditation-de-la-dresse-aline-borcard\\\/#primaryimage\"},\"thumbnailUrl\":\"https:\\\/\\\/daler.ch\\\/wp-content\\\/uploads\\\/2019\\\/08\\\/ORL.jpg\",\"datePublished\":\"2019-12-19T13:19:06+00:00\",\"dateModified\":\"2019-12-26T13:24:48+00:00\",\"author\":{\"@id\":\"https:\\\/\\\/daler.ch\\\/#\\\/schema\\\/person\\\/3efe34bd72d30c33193e0a6142fd126e\"},\"breadcrumb\":{\"@id\":\"https:\\\/\\\/daler.ch\\\/accreditation-de-la-dresse-aline-borcard\\\/#breadcrumb\"},\"inLanguage\":\"de\",\"potentialAction\":[{\"@type\":\"ReadAction\",\"target\":[\"https:\\\/\\\/daler.ch\\\/accreditation-de-la-dresse-aline-borcard\\\/\"]}]},{\"@type\":\"ImageObject\",\"inLanguage\":\"de\",\"@id\":\"https:\\\/\\\/daler.ch\\\/accreditation-de-la-dresse-aline-borcard\\\/#primaryimage\",\"url\":\"https:\\\/\\\/daler.ch\\\/wp-content\\\/uploads\\\/2019\\\/08\\\/ORL.jpg\",\"contentUrl\":\"https:\\\/\\\/daler.ch\\\/wp-content\\\/uploads\\\/2019\\\/08\\\/ORL.jpg\",\"width\":1600,\"height\":500},{\"@type\":\"BreadcrumbList\",\"@id\":\"https:\\\/\\\/daler.ch\\\/accreditation-de-la-dresse-aline-borcard\\\/#breadcrumb\",\"itemListElement\":[{\"@type\":\"ListItem\",\"position\":1,\"name\":\"Home\",\"item\":\"https:\\\/\\\/daler.ch\\\/de\\\/\"},{\"@type\":\"ListItem\",\"position\":2,\"name\":\"Akkreditierung von Frau Dr Aline Borcard \u2013 Gyn\u00e4kologie FMH\"}]},{\"@type\":\"WebSite\",\"@id\":\"https:\\\/\\\/daler.ch\\\/#website\",\"url\":\"https:\\\/\\\/daler.ch\\\/\",\"name\":\"Daler-Spital\",\"description\":\"Hopital Daler\",\"potentialAction\":[{\"@type\":\"SearchAction\",\"target\":{\"@type\":\"EntryPoint\",\"urlTemplate\":\"https:\\\/\\\/daler.ch\\\/?s={search_term_string}\"},\"query-input\":{\"@type\":\"PropertyValueSpecification\",\"valueRequired\":true,\"valueName\":\"search_term_string\"}}],\"inLanguage\":\"de\"},{\"@type\":\"Person\",\"@id\":\"https:\\\/\\\/daler.ch\\\/#\\\/schema\\\/person\\\/3efe34bd72d30c33193e0a6142fd126e\",\"name\":\"emblematik-daller\",\"image\":{\"@type\":\"ImageObject\",\"inLanguage\":\"de\",\"@id\":\"https:\\\/\\\/secure.gravatar.com\\\/avatar\\\/a4eebccbc81c422944fd8163ba969d1383db6733d5694ac571ccaf054519f805?s=96&d=mm&r=g\",\"url\":\"https:\\\/\\\/secure.gravatar.com\\\/avatar\\\/a4eebccbc81c422944fd8163ba969d1383db6733d5694ac571ccaf054519f805?s=96&d=mm&r=g\",\"contentUrl\":\"https:\\\/\\\/secure.gravatar.com\\\/avatar\\\/a4eebccbc81c422944fd8163ba969d1383db6733d5694ac571ccaf054519f805?s=96&d=mm&r=g\",\"caption\":\"emblematik-daller\"}}]}<\/script>\n<!-- \/ Yoast SEO plugin. -->","yoast_head_json":{"title":"Akkreditierung von Frau Dr Aline Borcard \u2013 Gyn\u00e4kologie FMH - Daler-Spital","robots":{"index":"index","follow":"follow","max-snippet":"max-snippet:-1","max-image-preview":"max-image-preview:large","max-video-preview":"max-video-preview:-1"},"canonical":"https:\/\/daler.ch\/accreditation-de-la-dresse-aline-borcard\/","og_locale":"de_DE","og_type":"article","og_title":"Akkreditierung von Frau Dr Aline Borcard \u2013 Gyn\u00e4kologie FMH - Daler-Spital","og_description":"Der Vorstand des Daler Spitals hat beschlossen, Dr. Aline Borcard, Fach\u00e4rztin FMH f\u00fcr Gyn\u00e4kologie\/ Operative Gyn\u00e4kologie und Geburtshilfe, per 7. Oktober 2019, als Beleg\u00e4rztin im Daler Spital zu akkreditieren. Frau Dr. Aline Borcard hat 2002 an der Medizinischen Fakult\u00e4t der [&hellip;]","og_url":"https:\/\/daler.ch\/accreditation-de-la-dresse-aline-borcard\/","og_site_name":"Daler-Spital","article_published_time":"2019-12-19T13:19:06+00:00","article_modified_time":"2019-12-26T13:24:48+00:00","og_image":[{"width":1600,"height":500,"url":"https:\/\/daler.ch\/wp-content\/uploads\/2019\/08\/ORL.jpg","type":"image\/jpeg"}],"author":"emblematik-daller","twitter_card":"summary_large_image","twitter_misc":{"Verfasst von":"emblematik-daller","Gesch\u00e4tzte Lesezeit":"1\u00a0Minute"},"schema":{"@context":"https:\/\/schema.org","@graph":[{"@type":"Article","@id":"https:\/\/daler.ch\/accreditation-de-la-dresse-aline-borcard\/#article","isPartOf":{"@id":"https:\/\/daler.ch\/accreditation-de-la-dresse-aline-borcard\/"},"author":{"name":"emblematik-daller","@id":"https:\/\/daler.ch\/#\/schema\/person\/3efe34bd72d30c33193e0a6142fd126e"},"headline":"Akkreditierung von Frau Dr Aline Borcard \u2013 Gyn\u00e4kologie FMH","datePublished":"2019-12-19T13:19:06+00:00","dateModified":"2019-12-26T13:24:48+00:00","mainEntityOfPage":{"@id":"https:\/\/daler.ch\/accreditation-de-la-dresse-aline-borcard\/"},"wordCount":174,"image":{"@id":"https:\/\/daler.ch\/accreditation-de-la-dresse-aline-borcard\/#primaryimage"},"thumbnailUrl":"https:\/\/daler.ch\/wp-content\/uploads\/2019\/08\/ORL.jpg","articleSection":["Unkategorisiert"],"inLanguage":"de"},{"@type":"WebPage","@id":"https:\/\/daler.ch\/accreditation-de-la-dresse-aline-borcard\/","url":"https:\/\/daler.ch\/accreditation-de-la-dresse-aline-borcard\/","name":"Akkreditierung von Frau Dr Aline Borcard \u2013 Gyn\u00e4kologie FMH - Daler-Spital","isPartOf":{"@id":"https:\/\/daler.ch\/#website"},"primaryImageOfPage":{"@id":"https:\/\/daler.ch\/accreditation-de-la-dresse-aline-borcard\/#primaryimage"},"image":{"@id":"https:\/\/daler.ch\/accreditation-de-la-dresse-aline-borcard\/#primaryimage"},"thumbnailUrl":"https:\/\/daler.ch\/wp-content\/uploads\/2019\/08\/ORL.jpg","datePublished":"2019-12-19T13:19:06+00:00","dateModified":"2019-12-26T13:24:48+00:00","author":{"@id":"https:\/\/daler.ch\/#\/schema\/person\/3efe34bd72d30c33193e0a6142fd126e"},"breadcrumb":{"@id":"https:\/\/daler.ch\/accreditation-de-la-dresse-aline-borcard\/#breadcrumb"},"inLanguage":"de","potentialAction":[{"@type":"ReadAction","target":["https:\/\/daler.ch\/accreditation-de-la-dresse-aline-borcard\/"]}]},{"@type":"ImageObject","inLanguage":"de","@id":"https:\/\/daler.ch\/accreditation-de-la-dresse-aline-borcard\/#primaryimage","url":"https:\/\/daler.ch\/wp-content\/uploads\/2019\/08\/ORL.jpg","contentUrl":"https:\/\/daler.ch\/wp-content\/uploads\/2019\/08\/ORL.jpg","width":1600,"height":500},{"@type":"BreadcrumbList","@id":"https:\/\/daler.ch\/accreditation-de-la-dresse-aline-borcard\/#breadcrumb","itemListElement":[{"@type":"ListItem","position":1,"name":"Home","item":"https:\/\/daler.ch\/de\/"},{"@type":"ListItem","position":2,"name":"Akkreditierung von Frau Dr Aline Borcard \u2013 Gyn\u00e4kologie FMH"}]},{"@type":"WebSite","@id":"https:\/\/daler.ch\/#website","url":"https:\/\/daler.ch\/","name":"Daler-Spital","description":"Hopital Daler","potentialAction":[{"@type":"SearchAction","target":{"@type":"EntryPoint","urlTemplate":"https:\/\/daler.ch\/?s={search_term_string}"},"query-input":{"@type":"PropertyValueSpecification","valueRequired":true,"valueName":"search_term_string"}}],"inLanguage":"de"},{"@type":"Person","@id":"https:\/\/daler.ch\/#\/schema\/person\/3efe34bd72d30c33193e0a6142fd126e","name":"emblematik-daller","image":{"@type":"ImageObject","inLanguage":"de","@id":"https:\/\/secure.gravatar.com\/avatar\/a4eebccbc81c422944fd8163ba969d1383db6733d5694ac571ccaf054519f805?s=96&d=mm&r=g","url":"https:\/\/secure.gravatar.com\/avatar\/a4eebccbc81c422944fd8163ba969d1383db6733d5694ac571ccaf054519f805?s=96&d=mm&r=g","contentUrl":"https:\/\/secure.gravatar.com\/avatar\/a4eebccbc81c422944fd8163ba969d1383db6733d5694ac571ccaf054519f805?s=96&d=mm&r=g","caption":"emblematik-daller"}}]}},"_links":{"self":[{"href":"https:\/\/daler.ch\/de\/wp-json\/wp\/v2\/posts\/2833","targetHints":{"allow":["GET"]}}],"collection":[{"href":"https:\/\/daler.ch\/de\/wp-json\/wp\/v2\/posts"}],"about":[{"href":"https:\/\/daler.ch\/de\/wp-json\/wp\/v2\/types\/post"}],"author":[{"embeddable":true,"href":"https:\/\/daler.ch\/de\/wp-json\/wp\/v2\/users\/13"}],"replies":[{"embeddable":true,"href":"https:\/\/daler.ch\/de\/wp-json\/wp\/v2\/comments?post=2833"}],"version-history":[{"count":2,"href":"https:\/\/daler.ch\/de\/wp-json\/wp\/v2\/posts\/2833\/revisions"}],"predecessor-version":[{"id":2835,"href":"https:\/\/daler.ch\/de\/wp-json\/wp\/v2\/posts\/2833\/revisions\/2835"}],"wp:featuredmedia":[{"embeddable":true,"href":"https:\/\/daler.ch\/de\/wp-json\/wp\/v2\/media\/2724"}],"wp:attachment":[{"href":"https:\/\/daler.ch\/de\/wp-json\/wp\/v2\/media?parent=2833"}],"wp:term":[{"taxonomy":"category","embeddable":true,"href":"https:\/\/daler.ch\/de\/wp-json\/wp\/v2\/categories?post=2833"},{"taxonomy":"post_tag","embeddable":true,"href":"https:\/\/daler.ch\/de\/wp-json\/wp\/v2\/tags?post=2833"}],"curies":[{"name":"wp","href":"https:\/\/api.w.org\/{rel}","templated":true}]}}