{"id":3048,"date":"2020-04-07T11:40:46","date_gmt":"2020-04-07T09:40:46","guid":{"rendered":"https:\/\/www.daler.ch\/?p=3048"},"modified":"2020-04-07T11:40:46","modified_gmt":"2020-04-07T09:40:46","slug":"fotovoltaikmodule","status":"publish","type":"post","link":"https:\/\/daler.ch\/de\/fotovoltaikmodule\/","title":{"rendered":"Fotovoltaikmodule"},"content":{"rendered":"<p><strong>Mit dem Einsatz einer Fotovoltaikanlage konkretisiert das Daler Spital einen seiner Werte: die nachhaltige Entwicklung\u00a0<\/strong><\/p>\n<p>\u00dcber 400 Fotovoltaikmodule mit einer Gesamtfl\u00e4che von 700 m2 wurden letzte Woche auf den D\u00e4chern des Daler Spitals in Betrieb genommen.<\/p>\n<div class=\"text_exposed_show\">\n<p>Mit einer gesch\u00e4tzten Jahresproduktion von 137&#8217;000 kWh, die vollst\u00e4ndig f\u00fcr unseren eigenen Bedarf verwendet wird, deckt diese Anlage mehr als 10 % unseres j\u00e4hrlichen Stromverbrauchs.<\/p>\n<p>Eine \u00f6kologisch verantwortungsvolle Haltung durch die F\u00f6rderung erneuerbarer Energien entspricht einem unserer Werte, f\u00fcr die wir uns einsetzen: die nachhaltige Entwicklung.<\/p>\n<\/div>\n","protected":false},"excerpt":{"rendered":"<p>Mit dem Einsatz einer Fotovoltaikanlage konkretisiert das Daler Spital einen seiner Werte: die nachhaltige Entwicklung\u00a0 \u00dcber 400 Fotovoltaikmodule mit einer Gesamtfl\u00e4che von 700 m2 wurden letzte Woche auf den D\u00e4chern des Daler Spitals in Betrieb genommen. Mit einer gesch\u00e4tzten Jahresproduktion [&hellip;]<\/p>\n","protected":false},"author":13,"featured_media":3041,"comment_status":"closed","ping_status":"closed","sticky":false,"template":"","format":"standard","meta":{"footnotes":""},"categories":[2],"tags":[],"class_list":["post-3048","post","type-post","status-publish","format-standard","has-post-thumbnail","hentry","category-unkategorisiert"],"yoast_head":"<!-- This site is optimized with the Yoast SEO plugin v27.5 - https:\/\/yoast.com\/product\/yoast-seo-wordpress\/ -->\n<title>Fotovoltaikmodule - Daler-Spital<\/title>\n<meta name=\"robots\" content=\"index, follow, max-snippet:-1, max-image-preview:large, max-video-preview:-1\" \/>\n<link rel=\"canonical\" href=\"https:\/\/daler.ch\/panneaux-photovoltaiques\/\" \/>\n<meta property=\"og:locale\" content=\"de_DE\" \/>\n<meta property=\"og:type\" content=\"article\" \/>\n<meta property=\"og:title\" content=\"Fotovoltaikmodule - Daler-Spital\" \/>\n<meta property=\"og:description\" content=\"Mit dem Einsatz einer Fotovoltaikanlage konkretisiert das Daler Spital einen seiner Werte: die nachhaltige Entwicklung\u00a0 \u00dcber 400 Fotovoltaikmodule mit einer Gesamtfl\u00e4che von 700 m2 wurden letzte Woche auf den D\u00e4chern des Daler Spitals in Betrieb genommen. Mit einer gesch\u00e4tzten Jahresproduktion [&hellip;]\" \/>\n<meta property=\"og:url\" content=\"https:\/\/daler.ch\/panneaux-photovoltaiques\/\" \/>\n<meta property=\"og:site_name\" content=\"Daler-Spital\" \/>\n<meta property=\"article:published_time\" content=\"2020-04-07T09:40:46+00:00\" \/>\n<meta property=\"og:image\" content=\"https:\/\/daler.ch\/wp-content\/uploads\/2020\/04\/Panneaux-photov..jpg\" \/>\n\t<meta property=\"og:image:width\" content=\"4012\" \/>\n\t<meta property=\"og:image:height\" content=\"1260\" \/>\n\t<meta property=\"og:image:type\" content=\"image\/jpeg\" \/>\n<meta name=\"author\" content=\"emblematik-daller\" \/>\n<meta name=\"twitter:card\" content=\"summary_large_image\" \/>\n<meta name=\"twitter:label1\" content=\"Verfasst von\" \/>\n\t<meta name=\"twitter:data1\" content=\"emblematik-daller\" \/>\n<script type=\"application\/ld+json\" class=\"yoast-schema-graph\">{\"@context\":\"https:\\\/\\\/schema.org\",\"@graph\":[{\"@type\":\"Article\",\"@id\":\"https:\\\/\\\/daler.ch\\\/panneaux-photovoltaiques\\\/#article\",\"isPartOf\":{\"@id\":\"https:\\\/\\\/daler.ch\\\/panneaux-photovoltaiques\\\/\"},\"author\":{\"name\":\"emblematik-daller\",\"@id\":\"https:\\\/\\\/daler.ch\\\/#\\\/schema\\\/person\\\/3efe34bd72d30c33193e0a6142fd126e\"},\"headline\":\"Fotovoltaikmodule\",\"datePublished\":\"2020-04-07T09:40:46+00:00\",\"mainEntityOfPage\":{\"@id\":\"https:\\\/\\\/daler.ch\\\/panneaux-photovoltaiques\\\/\"},\"wordCount\":86,\"image\":{\"@id\":\"https:\\\/\\\/daler.ch\\\/panneaux-photovoltaiques\\\/#primaryimage\"},\"thumbnailUrl\":\"https:\\\/\\\/daler.ch\\\/wp-content\\\/uploads\\\/2020\\\/04\\\/Panneaux-photov..jpg\",\"articleSection\":[\"Unkategorisiert\"],\"inLanguage\":\"de\"},{\"@type\":\"WebPage\",\"@id\":\"https:\\\/\\\/daler.ch\\\/panneaux-photovoltaiques\\\/\",\"url\":\"https:\\\/\\\/daler.ch\\\/panneaux-photovoltaiques\\\/\",\"name\":\"Fotovoltaikmodule - Daler-Spital\",\"isPartOf\":{\"@id\":\"https:\\\/\\\/daler.ch\\\/#website\"},\"primaryImageOfPage\":{\"@id\":\"https:\\\/\\\/daler.ch\\\/panneaux-photovoltaiques\\\/#primaryimage\"},\"image\":{\"@id\":\"https:\\\/\\\/daler.ch\\\/panneaux-photovoltaiques\\\/#primaryimage\"},\"thumbnailUrl\":\"https:\\\/\\\/daler.ch\\\/wp-content\\\/uploads\\\/2020\\\/04\\\/Panneaux-photov..jpg\",\"datePublished\":\"2020-04-07T09:40:46+00:00\",\"author\":{\"@id\":\"https:\\\/\\\/daler.ch\\\/#\\\/schema\\\/person\\\/3efe34bd72d30c33193e0a6142fd126e\"},\"breadcrumb\":{\"@id\":\"https:\\\/\\\/daler.ch\\\/panneaux-photovoltaiques\\\/#breadcrumb\"},\"inLanguage\":\"de\",\"potentialAction\":[{\"@type\":\"ReadAction\",\"target\":[\"https:\\\/\\\/daler.ch\\\/panneaux-photovoltaiques\\\/\"]}]},{\"@type\":\"ImageObject\",\"inLanguage\":\"de\",\"@id\":\"https:\\\/\\\/daler.ch\\\/panneaux-photovoltaiques\\\/#primaryimage\",\"url\":\"https:\\\/\\\/daler.ch\\\/wp-content\\\/uploads\\\/2020\\\/04\\\/Panneaux-photov..jpg\",\"contentUrl\":\"https:\\\/\\\/daler.ch\\\/wp-content\\\/uploads\\\/2020\\\/04\\\/Panneaux-photov..jpg\",\"width\":4012,\"height\":1260},{\"@type\":\"BreadcrumbList\",\"@id\":\"https:\\\/\\\/daler.ch\\\/panneaux-photovoltaiques\\\/#breadcrumb\",\"itemListElement\":[{\"@type\":\"ListItem\",\"position\":1,\"name\":\"Home\",\"item\":\"https:\\\/\\\/daler.ch\\\/de\\\/\"},{\"@type\":\"ListItem\",\"position\":2,\"name\":\"Fotovoltaikmodule\"}]},{\"@type\":\"WebSite\",\"@id\":\"https:\\\/\\\/daler.ch\\\/#website\",\"url\":\"https:\\\/\\\/daler.ch\\\/\",\"name\":\"Daler-Spital\",\"description\":\"Hopital Daler\",\"potentialAction\":[{\"@type\":\"SearchAction\",\"target\":{\"@type\":\"EntryPoint\",\"urlTemplate\":\"https:\\\/\\\/daler.ch\\\/?s={search_term_string}\"},\"query-input\":{\"@type\":\"PropertyValueSpecification\",\"valueRequired\":true,\"valueName\":\"search_term_string\"}}],\"inLanguage\":\"de\"},{\"@type\":\"Person\",\"@id\":\"https:\\\/\\\/daler.ch\\\/#\\\/schema\\\/person\\\/3efe34bd72d30c33193e0a6142fd126e\",\"name\":\"emblematik-daller\",\"image\":{\"@type\":\"ImageObject\",\"inLanguage\":\"de\",\"@id\":\"https:\\\/\\\/secure.gravatar.com\\\/avatar\\\/a4eebccbc81c422944fd8163ba969d1383db6733d5694ac571ccaf054519f805?s=96&d=mm&r=g\",\"url\":\"https:\\\/\\\/secure.gravatar.com\\\/avatar\\\/a4eebccbc81c422944fd8163ba969d1383db6733d5694ac571ccaf054519f805?s=96&d=mm&r=g\",\"contentUrl\":\"https:\\\/\\\/secure.gravatar.com\\\/avatar\\\/a4eebccbc81c422944fd8163ba969d1383db6733d5694ac571ccaf054519f805?s=96&d=mm&r=g\",\"caption\":\"emblematik-daller\"}}]}<\/script>\n<!-- \/ Yoast SEO plugin. -->","yoast_head_json":{"title":"Fotovoltaikmodule - Daler-Spital","robots":{"index":"index","follow":"follow","max-snippet":"max-snippet:-1","max-image-preview":"max-image-preview:large","max-video-preview":"max-video-preview:-1"},"canonical":"https:\/\/daler.ch\/panneaux-photovoltaiques\/","og_locale":"de_DE","og_type":"article","og_title":"Fotovoltaikmodule - Daler-Spital","og_description":"Mit dem Einsatz einer Fotovoltaikanlage konkretisiert das Daler Spital einen seiner Werte: die nachhaltige Entwicklung\u00a0 \u00dcber 400 Fotovoltaikmodule mit einer Gesamtfl\u00e4che von 700 m2 wurden letzte Woche auf den D\u00e4chern des Daler Spitals in Betrieb genommen. Mit einer gesch\u00e4tzten Jahresproduktion [&hellip;]","og_url":"https:\/\/daler.ch\/panneaux-photovoltaiques\/","og_site_name":"Daler-Spital","article_published_time":"2020-04-07T09:40:46+00:00","og_image":[{"width":4012,"height":1260,"url":"https:\/\/daler.ch\/wp-content\/uploads\/2020\/04\/Panneaux-photov..jpg","type":"image\/jpeg"}],"author":"emblematik-daller","twitter_card":"summary_large_image","twitter_misc":{"Verfasst von":"emblematik-daller"},"schema":{"@context":"https:\/\/schema.org","@graph":[{"@type":"Article","@id":"https:\/\/daler.ch\/panneaux-photovoltaiques\/#article","isPartOf":{"@id":"https:\/\/daler.ch\/panneaux-photovoltaiques\/"},"author":{"name":"emblematik-daller","@id":"https:\/\/daler.ch\/#\/schema\/person\/3efe34bd72d30c33193e0a6142fd126e"},"headline":"Fotovoltaikmodule","datePublished":"2020-04-07T09:40:46+00:00","mainEntityOfPage":{"@id":"https:\/\/daler.ch\/panneaux-photovoltaiques\/"},"wordCount":86,"image":{"@id":"https:\/\/daler.ch\/panneaux-photovoltaiques\/#primaryimage"},"thumbnailUrl":"https:\/\/daler.ch\/wp-content\/uploads\/2020\/04\/Panneaux-photov..jpg","articleSection":["Unkategorisiert"],"inLanguage":"de"},{"@type":"WebPage","@id":"https:\/\/daler.ch\/panneaux-photovoltaiques\/","url":"https:\/\/daler.ch\/panneaux-photovoltaiques\/","name":"Fotovoltaikmodule - Daler-Spital","isPartOf":{"@id":"https:\/\/daler.ch\/#website"},"primaryImageOfPage":{"@id":"https:\/\/daler.ch\/panneaux-photovoltaiques\/#primaryimage"},"image":{"@id":"https:\/\/daler.ch\/panneaux-photovoltaiques\/#primaryimage"},"thumbnailUrl":"https:\/\/daler.ch\/wp-content\/uploads\/2020\/04\/Panneaux-photov..jpg","datePublished":"2020-04-07T09:40:46+00:00","author":{"@id":"https:\/\/daler.ch\/#\/schema\/person\/3efe34bd72d30c33193e0a6142fd126e"},"breadcrumb":{"@id":"https:\/\/daler.ch\/panneaux-photovoltaiques\/#breadcrumb"},"inLanguage":"de","potentialAction":[{"@type":"ReadAction","target":["https:\/\/daler.ch\/panneaux-photovoltaiques\/"]}]},{"@type":"ImageObject","inLanguage":"de","@id":"https:\/\/daler.ch\/panneaux-photovoltaiques\/#primaryimage","url":"https:\/\/daler.ch\/wp-content\/uploads\/2020\/04\/Panneaux-photov..jpg","contentUrl":"https:\/\/daler.ch\/wp-content\/uploads\/2020\/04\/Panneaux-photov..jpg","width":4012,"height":1260},{"@type":"BreadcrumbList","@id":"https:\/\/daler.ch\/panneaux-photovoltaiques\/#breadcrumb","itemListElement":[{"@type":"ListItem","position":1,"name":"Home","item":"https:\/\/daler.ch\/de\/"},{"@type":"ListItem","position":2,"name":"Fotovoltaikmodule"}]},{"@type":"WebSite","@id":"https:\/\/daler.ch\/#website","url":"https:\/\/daler.ch\/","name":"Daler-Spital","description":"Hopital Daler","potentialAction":[{"@type":"SearchAction","target":{"@type":"EntryPoint","urlTemplate":"https:\/\/daler.ch\/?s={search_term_string}"},"query-input":{"@type":"PropertyValueSpecification","valueRequired":true,"valueName":"search_term_string"}}],"inLanguage":"de"},{"@type":"Person","@id":"https:\/\/daler.ch\/#\/schema\/person\/3efe34bd72d30c33193e0a6142fd126e","name":"emblematik-daller","image":{"@type":"ImageObject","inLanguage":"de","@id":"https:\/\/secure.gravatar.com\/avatar\/a4eebccbc81c422944fd8163ba969d1383db6733d5694ac571ccaf054519f805?s=96&d=mm&r=g","url":"https:\/\/secure.gravatar.com\/avatar\/a4eebccbc81c422944fd8163ba969d1383db6733d5694ac571ccaf054519f805?s=96&d=mm&r=g","contentUrl":"https:\/\/secure.gravatar.com\/avatar\/a4eebccbc81c422944fd8163ba969d1383db6733d5694ac571ccaf054519f805?s=96&d=mm&r=g","caption":"emblematik-daller"}}]}},"_links":{"self":[{"href":"https:\/\/daler.ch\/de\/wp-json\/wp\/v2\/posts\/3048","targetHints":{"allow":["GET"]}}],"collection":[{"href":"https:\/\/daler.ch\/de\/wp-json\/wp\/v2\/posts"}],"about":[{"href":"https:\/\/daler.ch\/de\/wp-json\/wp\/v2\/types\/post"}],"author":[{"embeddable":true,"href":"https:\/\/daler.ch\/de\/wp-json\/wp\/v2\/users\/13"}],"replies":[{"embeddable":true,"href":"https:\/\/daler.ch\/de\/wp-json\/wp\/v2\/comments?post=3048"}],"version-history":[{"count":2,"href":"https:\/\/daler.ch\/de\/wp-json\/wp\/v2\/posts\/3048\/revisions"}],"predecessor-version":[{"id":3050,"href":"https:\/\/daler.ch\/de\/wp-json\/wp\/v2\/posts\/3048\/revisions\/3050"}],"wp:featuredmedia":[{"embeddable":true,"href":"https:\/\/daler.ch\/de\/wp-json\/wp\/v2\/media\/3041"}],"wp:attachment":[{"href":"https:\/\/daler.ch\/de\/wp-json\/wp\/v2\/media?parent=3048"}],"wp:term":[{"taxonomy":"category","embeddable":true,"href":"https:\/\/daler.ch\/de\/wp-json\/wp\/v2\/categories?post=3048"},{"taxonomy":"post_tag","embeddable":true,"href":"https:\/\/daler.ch\/de\/wp-json\/wp\/v2\/tags?post=3048"}],"curies":[{"name":"wp","href":"https:\/\/api.w.org\/{rel}","templated":true}]}}