{"id":3095,"date":"2020-04-21T14:28:06","date_gmt":"2020-04-21T12:28:06","guid":{"rendered":"https:\/\/www.daler.ch\/?p=3095"},"modified":"2020-04-21T14:30:03","modified_gmt":"2020-04-21T12:30:03","slug":"akkreditierung-von-frau-dr-marie-samim-gabriel","status":"publish","type":"post","link":"https:\/\/daler.ch\/de\/akkreditierung-von-frau-dr-marie-samim-gabriel\/","title":{"rendered":"Akkreditierung von Frau Dr Marie Samim-Gabriel"},"content":{"rendered":"<div class=\"fusion-fullwidth fullwidth-box fusion-builder-row-1 fusion-flex-container nonhundred-percent-fullwidth non-hundred-percent-height-scrolling\" style=\"--awb-border-radius-top-left:0px;--awb-border-radius-top-right:0px;--awb-border-radius-bottom-right:0px;--awb-border-radius-bottom-left:0px;--awb-flex-wrap:wrap;\" ><div class=\"fusion-builder-row fusion-row fusion-flex-align-items-flex-start fusion-flex-content-wrap\" style=\"max-width:calc( 1100px + 0px );margin-left: calc(-0px \/ 2 );margin-right: calc(-0px \/ 2 );\"><div class=\"fusion-layout-column fusion_builder_column fusion-builder-column-0 fusion_builder_column_1_1 1_1 fusion-flex-column\" style=\"--awb-bg-size:cover;--awb-width-large:100%;--awb-margin-top-large:0px;--awb-spacing-right-large:0px;--awb-margin-bottom-large:0px;--awb-spacing-left-large:0px;--awb-width-medium:100%;--awb-spacing-right-medium:0px;--awb-spacing-left-medium:0px;--awb-width-small:100%;--awb-spacing-right-small:0px;--awb-spacing-left-small:0px;\"><div class=\"fusion-column-wrapper fusion-flex-justify-content-flex-start fusion-content-layout-column\"><div class=\"fusion-text fusion-text-1\"><p>Der Vorstand des Daler Spitals hat beschlossen, Dr. Marie Samim Gabriel, Fach\u00e4rztin FMH f\u00fcr Gyn\u00e4kologie und Geburtshilfe, per 9. M\u00e4rz 2020, als Beleg\u00e4rztin im Daler Spital zu akkreditieren.<\/p>\n<p>Frau Dr. Marie Samim hat 2010 an der Medizinischen Fakult\u00e4t der Universit\u00e4t Lausanne ihr Staatsexamen abgelegt. Danach hat sie sich in Gyn\u00e4kologie und Geburtshilfe spezialisiert und erwarb ihre FMH-Weiterbildungstitel in 2019. Ihre Weiterbildung zur Fach\u00e4rztin f\u00fcr Gyn\u00e4kologie und Geburtshilfe setzte sie insbesondere am Universit\u00e4tsspital CHUV Lausanne (Prof. Patrice Mathevet) und in der H\u00f4pital \u00abRiviera-Chablais\u00bb (site du Samaritain\/Dr Christian Valla) fort. Seitdem, betreibt<\/p>\n<p>Das Daler Spital freut sich, sein \u00c4rzteteam durch eine erfahrene Spezialistin auf dem Gebiet der Gyn\u00e4kologie\/Geburtshilfe zu erweitern.<\/p>\n<\/div><\/div><\/div><\/div><\/div>\n","protected":false},"excerpt":{"rendered":"","protected":false},"author":13,"featured_media":2522,"comment_status":"closed","ping_status":"closed","sticky":false,"template":"","format":"standard","meta":{"footnotes":""},"categories":[2],"tags":[],"class_list":["post-3095","post","type-post","status-publish","format-standard","has-post-thumbnail","hentry","category-unkategorisiert"],"yoast_head":"<!-- This site is optimized with the Yoast SEO plugin v27.5 - https:\/\/yoast.com\/product\/yoast-seo-wordpress\/ -->\n<title>Akkreditierung von Frau Dr Marie Samim-Gabriel - Daler-Spital<\/title>\n<meta name=\"robots\" content=\"index, follow, max-snippet:-1, max-image-preview:large, max-video-preview:-1\" \/>\n<link rel=\"canonical\" href=\"https:\/\/daler.ch\/accreditation-de-la-dre-marie-samim-gabriel\/\" \/>\n<meta property=\"og:locale\" content=\"de_DE\" \/>\n<meta property=\"og:type\" content=\"article\" \/>\n<meta property=\"og:title\" content=\"Akkreditierung von Frau Dr Marie Samim-Gabriel - Daler-Spital\" \/>\n<meta property=\"og:url\" content=\"https:\/\/daler.ch\/accreditation-de-la-dre-marie-samim-gabriel\/\" \/>\n<meta property=\"og:site_name\" content=\"Daler-Spital\" \/>\n<meta property=\"article:published_time\" content=\"2020-04-21T12:28:06+00:00\" \/>\n<meta property=\"article:modified_time\" content=\"2020-04-21T12:30:03+00:00\" \/>\n<meta property=\"og:image\" content=\"https:\/\/daler.ch\/wp-content\/uploads\/2019\/04\/Daler_lot1_072015_027-e1556185273218.jpg\" \/>\n\t<meta property=\"og:image:width\" content=\"1600\" \/>\n\t<meta property=\"og:image:height\" content=\"500\" \/>\n\t<meta property=\"og:image:type\" content=\"image\/jpeg\" \/>\n<meta name=\"author\" content=\"emblematik-daller\" \/>\n<meta name=\"twitter:card\" content=\"summary_large_image\" \/>\n<meta name=\"twitter:label1\" content=\"Verfasst von\" \/>\n\t<meta name=\"twitter:data1\" content=\"emblematik-daller\" \/>\n\t<meta name=\"twitter:label2\" content=\"Gesch\u00e4tzte Lesezeit\" \/>\n\t<meta name=\"twitter:data2\" content=\"1\u00a0Minute\" \/>\n<script type=\"application\/ld+json\" class=\"yoast-schema-graph\">{\"@context\":\"https:\\\/\\\/schema.org\",\"@graph\":[{\"@type\":\"Article\",\"@id\":\"https:\\\/\\\/daler.ch\\\/accreditation-de-la-dre-marie-samim-gabriel\\\/#article\",\"isPartOf\":{\"@id\":\"https:\\\/\\\/daler.ch\\\/accreditation-de-la-dre-marie-samim-gabriel\\\/\"},\"author\":{\"name\":\"emblematik-daller\",\"@id\":\"https:\\\/\\\/daler.ch\\\/#\\\/schema\\\/person\\\/3efe34bd72d30c33193e0a6142fd126e\"},\"headline\":\"Akkreditierung von Frau Dr Marie Samim-Gabriel\",\"datePublished\":\"2020-04-21T12:28:06+00:00\",\"dateModified\":\"2020-04-21T12:30:03+00:00\",\"mainEntityOfPage\":{\"@id\":\"https:\\\/\\\/daler.ch\\\/accreditation-de-la-dre-marie-samim-gabriel\\\/\"},\"wordCount\":285,\"image\":{\"@id\":\"https:\\\/\\\/daler.ch\\\/accreditation-de-la-dre-marie-samim-gabriel\\\/#primaryimage\"},\"thumbnailUrl\":\"https:\\\/\\\/daler.ch\\\/wp-content\\\/uploads\\\/2019\\\/04\\\/Daler_lot1_072015_027-e1556185273218.jpg\",\"articleSection\":[\"Unkategorisiert\"],\"inLanguage\":\"de\"},{\"@type\":\"WebPage\",\"@id\":\"https:\\\/\\\/daler.ch\\\/accreditation-de-la-dre-marie-samim-gabriel\\\/\",\"url\":\"https:\\\/\\\/daler.ch\\\/accreditation-de-la-dre-marie-samim-gabriel\\\/\",\"name\":\"Akkreditierung von Frau Dr Marie Samim-Gabriel - Daler-Spital\",\"isPartOf\":{\"@id\":\"https:\\\/\\\/daler.ch\\\/#website\"},\"primaryImageOfPage\":{\"@id\":\"https:\\\/\\\/daler.ch\\\/accreditation-de-la-dre-marie-samim-gabriel\\\/#primaryimage\"},\"image\":{\"@id\":\"https:\\\/\\\/daler.ch\\\/accreditation-de-la-dre-marie-samim-gabriel\\\/#primaryimage\"},\"thumbnailUrl\":\"https:\\\/\\\/daler.ch\\\/wp-content\\\/uploads\\\/2019\\\/04\\\/Daler_lot1_072015_027-e1556185273218.jpg\",\"datePublished\":\"2020-04-21T12:28:06+00:00\",\"dateModified\":\"2020-04-21T12:30:03+00:00\",\"author\":{\"@id\":\"https:\\\/\\\/daler.ch\\\/#\\\/schema\\\/person\\\/3efe34bd72d30c33193e0a6142fd126e\"},\"breadcrumb\":{\"@id\":\"https:\\\/\\\/daler.ch\\\/accreditation-de-la-dre-marie-samim-gabriel\\\/#breadcrumb\"},\"inLanguage\":\"de\",\"potentialAction\":[{\"@type\":\"ReadAction\",\"target\":[\"https:\\\/\\\/daler.ch\\\/accreditation-de-la-dre-marie-samim-gabriel\\\/\"]}]},{\"@type\":\"ImageObject\",\"inLanguage\":\"de\",\"@id\":\"https:\\\/\\\/daler.ch\\\/accreditation-de-la-dre-marie-samim-gabriel\\\/#primaryimage\",\"url\":\"https:\\\/\\\/daler.ch\\\/wp-content\\\/uploads\\\/2019\\\/04\\\/Daler_lot1_072015_027-e1556185273218.jpg\",\"contentUrl\":\"https:\\\/\\\/daler.ch\\\/wp-content\\\/uploads\\\/2019\\\/04\\\/Daler_lot1_072015_027-e1556185273218.jpg\",\"width\":1600,\"height\":500},{\"@type\":\"BreadcrumbList\",\"@id\":\"https:\\\/\\\/daler.ch\\\/accreditation-de-la-dre-marie-samim-gabriel\\\/#breadcrumb\",\"itemListElement\":[{\"@type\":\"ListItem\",\"position\":1,\"name\":\"Home\",\"item\":\"https:\\\/\\\/daler.ch\\\/de\\\/\"},{\"@type\":\"ListItem\",\"position\":2,\"name\":\"Akkreditierung von Frau Dr Marie Samim-Gabriel\"}]},{\"@type\":\"WebSite\",\"@id\":\"https:\\\/\\\/daler.ch\\\/#website\",\"url\":\"https:\\\/\\\/daler.ch\\\/\",\"name\":\"Daler-Spital\",\"description\":\"Hopital Daler\",\"potentialAction\":[{\"@type\":\"SearchAction\",\"target\":{\"@type\":\"EntryPoint\",\"urlTemplate\":\"https:\\\/\\\/daler.ch\\\/?s={search_term_string}\"},\"query-input\":{\"@type\":\"PropertyValueSpecification\",\"valueRequired\":true,\"valueName\":\"search_term_string\"}}],\"inLanguage\":\"de\"},{\"@type\":\"Person\",\"@id\":\"https:\\\/\\\/daler.ch\\\/#\\\/schema\\\/person\\\/3efe34bd72d30c33193e0a6142fd126e\",\"name\":\"emblematik-daller\",\"image\":{\"@type\":\"ImageObject\",\"inLanguage\":\"de\",\"@id\":\"https:\\\/\\\/secure.gravatar.com\\\/avatar\\\/a4eebccbc81c422944fd8163ba969d1383db6733d5694ac571ccaf054519f805?s=96&d=mm&r=g\",\"url\":\"https:\\\/\\\/secure.gravatar.com\\\/avatar\\\/a4eebccbc81c422944fd8163ba969d1383db6733d5694ac571ccaf054519f805?s=96&d=mm&r=g\",\"contentUrl\":\"https:\\\/\\\/secure.gravatar.com\\\/avatar\\\/a4eebccbc81c422944fd8163ba969d1383db6733d5694ac571ccaf054519f805?s=96&d=mm&r=g\",\"caption\":\"emblematik-daller\"}}]}<\/script>\n<!-- \/ Yoast SEO plugin. -->","yoast_head_json":{"title":"Akkreditierung von Frau Dr Marie Samim-Gabriel - Daler-Spital","robots":{"index":"index","follow":"follow","max-snippet":"max-snippet:-1","max-image-preview":"max-image-preview:large","max-video-preview":"max-video-preview:-1"},"canonical":"https:\/\/daler.ch\/accreditation-de-la-dre-marie-samim-gabriel\/","og_locale":"de_DE","og_type":"article","og_title":"Akkreditierung von Frau Dr Marie Samim-Gabriel - Daler-Spital","og_url":"https:\/\/daler.ch\/accreditation-de-la-dre-marie-samim-gabriel\/","og_site_name":"Daler-Spital","article_published_time":"2020-04-21T12:28:06+00:00","article_modified_time":"2020-04-21T12:30:03+00:00","og_image":[{"width":1600,"height":500,"url":"https:\/\/daler.ch\/wp-content\/uploads\/2019\/04\/Daler_lot1_072015_027-e1556185273218.jpg","type":"image\/jpeg"}],"author":"emblematik-daller","twitter_card":"summary_large_image","twitter_misc":{"Verfasst von":"emblematik-daller","Gesch\u00e4tzte Lesezeit":"1\u00a0Minute"},"schema":{"@context":"https:\/\/schema.org","@graph":[{"@type":"Article","@id":"https:\/\/daler.ch\/accreditation-de-la-dre-marie-samim-gabriel\/#article","isPartOf":{"@id":"https:\/\/daler.ch\/accreditation-de-la-dre-marie-samim-gabriel\/"},"author":{"name":"emblematik-daller","@id":"https:\/\/daler.ch\/#\/schema\/person\/3efe34bd72d30c33193e0a6142fd126e"},"headline":"Akkreditierung von Frau Dr Marie Samim-Gabriel","datePublished":"2020-04-21T12:28:06+00:00","dateModified":"2020-04-21T12:30:03+00:00","mainEntityOfPage":{"@id":"https:\/\/daler.ch\/accreditation-de-la-dre-marie-samim-gabriel\/"},"wordCount":285,"image":{"@id":"https:\/\/daler.ch\/accreditation-de-la-dre-marie-samim-gabriel\/#primaryimage"},"thumbnailUrl":"https:\/\/daler.ch\/wp-content\/uploads\/2019\/04\/Daler_lot1_072015_027-e1556185273218.jpg","articleSection":["Unkategorisiert"],"inLanguage":"de"},{"@type":"WebPage","@id":"https:\/\/daler.ch\/accreditation-de-la-dre-marie-samim-gabriel\/","url":"https:\/\/daler.ch\/accreditation-de-la-dre-marie-samim-gabriel\/","name":"Akkreditierung von Frau Dr Marie Samim-Gabriel - Daler-Spital","isPartOf":{"@id":"https:\/\/daler.ch\/#website"},"primaryImageOfPage":{"@id":"https:\/\/daler.ch\/accreditation-de-la-dre-marie-samim-gabriel\/#primaryimage"},"image":{"@id":"https:\/\/daler.ch\/accreditation-de-la-dre-marie-samim-gabriel\/#primaryimage"},"thumbnailUrl":"https:\/\/daler.ch\/wp-content\/uploads\/2019\/04\/Daler_lot1_072015_027-e1556185273218.jpg","datePublished":"2020-04-21T12:28:06+00:00","dateModified":"2020-04-21T12:30:03+00:00","author":{"@id":"https:\/\/daler.ch\/#\/schema\/person\/3efe34bd72d30c33193e0a6142fd126e"},"breadcrumb":{"@id":"https:\/\/daler.ch\/accreditation-de-la-dre-marie-samim-gabriel\/#breadcrumb"},"inLanguage":"de","potentialAction":[{"@type":"ReadAction","target":["https:\/\/daler.ch\/accreditation-de-la-dre-marie-samim-gabriel\/"]}]},{"@type":"ImageObject","inLanguage":"de","@id":"https:\/\/daler.ch\/accreditation-de-la-dre-marie-samim-gabriel\/#primaryimage","url":"https:\/\/daler.ch\/wp-content\/uploads\/2019\/04\/Daler_lot1_072015_027-e1556185273218.jpg","contentUrl":"https:\/\/daler.ch\/wp-content\/uploads\/2019\/04\/Daler_lot1_072015_027-e1556185273218.jpg","width":1600,"height":500},{"@type":"BreadcrumbList","@id":"https:\/\/daler.ch\/accreditation-de-la-dre-marie-samim-gabriel\/#breadcrumb","itemListElement":[{"@type":"ListItem","position":1,"name":"Home","item":"https:\/\/daler.ch\/de\/"},{"@type":"ListItem","position":2,"name":"Akkreditierung von Frau Dr Marie Samim-Gabriel"}]},{"@type":"WebSite","@id":"https:\/\/daler.ch\/#website","url":"https:\/\/daler.ch\/","name":"Daler-Spital","description":"Hopital Daler","potentialAction":[{"@type":"SearchAction","target":{"@type":"EntryPoint","urlTemplate":"https:\/\/daler.ch\/?s={search_term_string}"},"query-input":{"@type":"PropertyValueSpecification","valueRequired":true,"valueName":"search_term_string"}}],"inLanguage":"de"},{"@type":"Person","@id":"https:\/\/daler.ch\/#\/schema\/person\/3efe34bd72d30c33193e0a6142fd126e","name":"emblematik-daller","image":{"@type":"ImageObject","inLanguage":"de","@id":"https:\/\/secure.gravatar.com\/avatar\/a4eebccbc81c422944fd8163ba969d1383db6733d5694ac571ccaf054519f805?s=96&d=mm&r=g","url":"https:\/\/secure.gravatar.com\/avatar\/a4eebccbc81c422944fd8163ba969d1383db6733d5694ac571ccaf054519f805?s=96&d=mm&r=g","contentUrl":"https:\/\/secure.gravatar.com\/avatar\/a4eebccbc81c422944fd8163ba969d1383db6733d5694ac571ccaf054519f805?s=96&d=mm&r=g","caption":"emblematik-daller"}}]}},"_links":{"self":[{"href":"https:\/\/daler.ch\/de\/wp-json\/wp\/v2\/posts\/3095","targetHints":{"allow":["GET"]}}],"collection":[{"href":"https:\/\/daler.ch\/de\/wp-json\/wp\/v2\/posts"}],"about":[{"href":"https:\/\/daler.ch\/de\/wp-json\/wp\/v2\/types\/post"}],"author":[{"embeddable":true,"href":"https:\/\/daler.ch\/de\/wp-json\/wp\/v2\/users\/13"}],"replies":[{"embeddable":true,"href":"https:\/\/daler.ch\/de\/wp-json\/wp\/v2\/comments?post=3095"}],"version-history":[{"count":3,"href":"https:\/\/daler.ch\/de\/wp-json\/wp\/v2\/posts\/3095\/revisions"}],"predecessor-version":[{"id":3098,"href":"https:\/\/daler.ch\/de\/wp-json\/wp\/v2\/posts\/3095\/revisions\/3098"}],"wp:featuredmedia":[{"embeddable":true,"href":"https:\/\/daler.ch\/de\/wp-json\/wp\/v2\/media\/2522"}],"wp:attachment":[{"href":"https:\/\/daler.ch\/de\/wp-json\/wp\/v2\/media?parent=3095"}],"wp:term":[{"taxonomy":"category","embeddable":true,"href":"https:\/\/daler.ch\/de\/wp-json\/wp\/v2\/categories?post=3095"},{"taxonomy":"post_tag","embeddable":true,"href":"https:\/\/daler.ch\/de\/wp-json\/wp\/v2\/tags?post=3095"}],"curies":[{"name":"wp","href":"https:\/\/api.w.org\/{rel}","templated":true}]}}