{"id":3138,"date":"2020-04-23T17:43:24","date_gmt":"2020-04-23T15:43:24","guid":{"rendered":"https:\/\/www.daler.ch\/?p=3138"},"modified":"2020-04-24T10:13:40","modified_gmt":"2020-04-24T08:13:40","slug":"jahresbilanz","status":"publish","type":"post","link":"https:\/\/daler.ch\/de\/jahresbilanz\/","title":{"rendered":"Jahresbilanz"},"content":{"rendered":"<p><strong>Das Gesch\u00e4ftsjahr 2019 schliesst erneut positiv, aber in einem durch die COVID-19-Epidemie und ihre Auswirkungen gepr\u00e4gten Kontext. <\/strong><\/p>\n<p><em>\u00abDas Jahr 2019 war ein Jahr grosser Umbr\u00fcche, das mit der vom Coronavirus verursachten Umw\u00e4lzung endete\u00bb sagte Paul-Albert Nobs, Pr\u00e4sident des Stiftungsrates, im Zusammenhang mit der Genehmigung der Jahresrechnung 2019. Trotzdem ist das Finanzergebnis f\u00fcr das Gesch\u00e4ftsjahr 2019 erneut positiv und im Rahmen des Projekts zur Modernisierung des Operationstrakts konnten die ersten geplanten Arbeiten unter voller Einhaltung der gesetzten Zeit-, Qualit\u00e4ts- und Kostenziele umgesetzt werden. <\/em><\/p>\n<p><em>Im Einklang mit seinen Werten, darunter dem der nachhaltigen Entwicklung, hat das Daler Spital Ende M\u00e4rz 2020 mehr als 400 Fotovoltaikmodule in Betrieb genommen. <\/em><\/p>\n<p><em>Was die Bew\u00e4ltigung der COVID-19-Epidemie betrifft, so hat das Daler Spital getreu seiner Berufung, dem \u00f6ffentlichen Interesse zu dienen, insbesondere sein Personal und seine Infrastrukturen der kantonalen Gesundheitsorganisation zur Verf\u00fcgung gestellt, w\u00e4hrend es gleichzeitig die Auswirkungen auf seinen Betrieb bew\u00e4ltigen musste.<\/em><\/p>\n<p><strong>Genehmigung der Jahresrechnung und des Jahresberichts<\/strong><\/p>\n<p>Am 22. April 2020 hat der Stiftungsrat die Jahresrechnung f\u00fcr das Gesch\u00e4ftsjahr 2019, die zum 14. Mal in Folge ausgeglichen war, sowie den Jahresbericht genehmigt. Trotz einem R\u00fcckgang der station\u00e4ren T\u00e4tigkeit (-6.6 %), insbesondere im Zusammenhang mit den neuen eidgen\u00f6ssischen Bestimmungen, die am 1. Januar 2019 in Kraft getreten sind, konnte dank der Kontrolle des Betriebsaufwands und der Anpassung der Arbeitsprozesse ein besseres Resultat erzielt werden, als erwartet.<\/p>\n<p>Der Bereich Geburtshilfe verzeichnete mit 1547 Geburten (+2.2 %) eine starke Zunahme.<\/p>\n<p><strong>Umsetzung der ersten Etappe des Strategieprojekts zur Modernisierung des Operationstrakts<\/strong><\/p>\n<p>Getreu seinem Status als gemeinn\u00fctzig anerkannte Stiftung nutzt das Daler Spital sein gesamtes Finanzergebnis f\u00fcr die Entwicklung seiner Infrastrukturen und seines Behandlungsangebots.<\/p>\n<p>Die Bauarbeiten zur Modernisierung des Operationstrakts, die im Oktober 2018 begannen und noch bis im Fr\u00fchjahr 2021 andauern, haben die internen Abteilungen 2019 stark besch\u00e4ftigt. Diese mussten insbesondere daf\u00fcr sorgen, dass der volle Spitalbetrieb aufrechterhalten wird.<\/p>\n<p>Im November 2019 konnten so zwei moderne Operationss\u00e4le nach neusten Standards in Betrieb genommen werden. Im Rahmen der zweiten Projektphase, die Ende 2019 startete, wurde ein weiterer OP-Saal renoviert, der seit dem 20. M\u00e4rz 2020 einsatzbereit ist<\/p>\n<p><em><img decoding=\"async\" class=\"size-medium wp-image-2800 aligncenter\" src=\"https:\/\/daler.ch\/wp-content\/uploads\/2019\/11\/bloc-600x188.jpg\" alt=\"\" width=\"600\" height=\"188\" srcset=\"https:\/\/daler.ch\/wp-content\/uploads\/2019\/11\/bloc-200x63.jpg 200w, https:\/\/daler.ch\/wp-content\/uploads\/2019\/11\/bloc-400x125.jpg 400w, https:\/\/daler.ch\/wp-content\/uploads\/2019\/11\/bloc-600x188.jpg 600w, https:\/\/daler.ch\/wp-content\/uploads\/2019\/11\/bloc-768x240.jpg 768w, https:\/\/daler.ch\/wp-content\/uploads\/2019\/11\/bloc-800x250.jpg 800w, https:\/\/daler.ch\/wp-content\/uploads\/2019\/11\/bloc-1200x375.jpg 1200w, https:\/\/daler.ch\/wp-content\/uploads\/2019\/11\/bloc.jpg 1600w\" sizes=\"(max-width: 600px) 100vw, 600px\" \/><\/em><\/p>\n<p><strong>Produktion von erneuerbarer Energie seit M\u00e4rz 2020<\/strong><\/p>\n<p>Einer der Werte des Daler Spitals ist die nachhaltige Entwicklung. Aus diesem Grund wurden Ende M\u00e4rz 2020 \u00fcber 400 Fotovoltaikmodule auf den D\u00e4chern des Spitals in Betrieb genommen. Mit einer Gesamtfl\u00e4che von 700 m2 wird die Anlage sch\u00e4tzungsweise 137&#8217;000 kWh produzieren (rund 10 % des j\u00e4hrlichen Stromverbrauchs).<\/p>\n<p>Dies ist Teil der Massnahmen, die in den letzten Jahren eingef\u00fchrt wurden, wie z. B. die Fernw\u00e4rme durch das FRICAD-System und die Anpassungen im Rahmen der kantonalen Gesetzgebung f\u00fcr Grossverbraucher.<\/p>\n<p><img decoding=\"async\" class=\"size-medium wp-image-3041 aligncenter\" src=\"https:\/\/daler.ch\/wp-content\/uploads\/2020\/04\/Panneaux-photov.-600x188.jpg\" alt=\"\" width=\"600\" height=\"188\" srcset=\"https:\/\/daler.ch\/wp-content\/uploads\/2020\/04\/Panneaux-photov.-200x63.jpg 200w, https:\/\/daler.ch\/wp-content\/uploads\/2020\/04\/Panneaux-photov.-400x126.jpg 400w, https:\/\/daler.ch\/wp-content\/uploads\/2020\/04\/Panneaux-photov.-600x188.jpg 600w, https:\/\/daler.ch\/wp-content\/uploads\/2020\/04\/Panneaux-photov.-768x241.jpg 768w, https:\/\/daler.ch\/wp-content\/uploads\/2020\/04\/Panneaux-photov.-800x251.jpg 800w, https:\/\/daler.ch\/wp-content\/uploads\/2020\/04\/Panneaux-photov.-1200x377.jpg 1200w\" sizes=\"(max-width: 600px) 100vw, 600px\" \/><\/p>\n<div>\n<p>&nbsp;<\/p>\n<p><strong>Bew\u00e4ltigung der COVID-10-Pandemie\u00a0<\/strong><\/p>\n<p>Was die Coronavirus-Epidemie anbelangt, so ist das Daler Spital vollst\u00e4ndig in das im Rahmen der kantonalen Strategie eingerichtete Gesundheitsdispositiv integriert; dies geschah insbesondere durch die Bereitstellung seiner Ressourcen (Personal, Infrastruktur usw.) und durch die Durchf\u00fchrung dringender chirurgischer und orthop\u00e4discher Operationen in seinem Operationstrakt.<\/p>\n<p>Die Umsetzung dieser Massnahmen wurde dadurch erleichtert, dass das Daler Spital im \u00f6ffentlichen Interesse handelt, aber auch durch die seit mehreren Jahren bestehenden Partnerschaften mit dem freiburger spital (HFR), insbesondere bei der Betreuung von Patientinnen und Patienten mit Brust- und Prostatakrebs.<\/p>\n<\/div>\n<p>&nbsp;<\/p>\n<p>&nbsp;<\/p>\n","protected":false},"excerpt":{"rendered":"<p>Das Gesch\u00e4ftsjahr 2019 schliesst erneut positiv, aber in einem durch die COVID-19-Epidemie und ihre Auswirkungen gepr\u00e4gten Kontext. \u00abDas Jahr 2019 war ein Jahr grosser Umbr\u00fcche, das mit der vom Coronavirus verursachten Umw\u00e4lzung endete\u00bb sagte Paul-Albert Nobs, Pr\u00e4sident des Stiftungsrates, im [&hellip;]<\/p>\n","protected":false},"author":13,"featured_media":1192,"comment_status":"closed","ping_status":"closed","sticky":false,"template":"","format":"standard","meta":{"footnotes":""},"categories":[2],"tags":[],"class_list":["post-3138","post","type-post","status-publish","format-standard","has-post-thumbnail","hentry","category-unkategorisiert"],"yoast_head":"<!-- This site is optimized with the Yoast SEO plugin v27.5 - https:\/\/yoast.com\/product\/yoast-seo-wordpress\/ -->\n<title>Jahresbilanz - Daler-Spital<\/title>\n<meta name=\"robots\" content=\"index, follow, max-snippet:-1, max-image-preview:large, max-video-preview:-1\" \/>\n<link rel=\"canonical\" href=\"https:\/\/daler.ch\/bilan-2019-de-lhopital-daler\/\" \/>\n<meta property=\"og:locale\" content=\"de_DE\" \/>\n<meta property=\"og:type\" content=\"article\" \/>\n<meta property=\"og:title\" content=\"Jahresbilanz - Daler-Spital\" \/>\n<meta property=\"og:description\" content=\"Das Gesch\u00e4ftsjahr 2019 schliesst erneut positiv, aber in einem durch die COVID-19-Epidemie und ihre Auswirkungen gepr\u00e4gten Kontext. \u00abDas Jahr 2019 war ein Jahr grosser Umbr\u00fcche, das mit der vom Coronavirus verursachten Umw\u00e4lzung endete\u00bb sagte Paul-Albert Nobs, Pr\u00e4sident des Stiftungsrates, im [&hellip;]\" \/>\n<meta property=\"og:url\" content=\"https:\/\/daler.ch\/bilan-2019-de-lhopital-daler\/\" \/>\n<meta property=\"og:site_name\" content=\"Daler-Spital\" \/>\n<meta property=\"article:published_time\" content=\"2020-04-23T15:43:24+00:00\" \/>\n<meta property=\"article:modified_time\" content=\"2020-04-24T08:13:40+00:00\" \/>\n<meta property=\"og:image\" content=\"https:\/\/daler.ch\/wp-content\/uploads\/2017\/07\/presentation2-e1587656867192.jpg\" \/>\n\t<meta property=\"og:image:width\" content=\"1600\" \/>\n\t<meta property=\"og:image:height\" content=\"500\" \/>\n\t<meta property=\"og:image:type\" content=\"image\/jpeg\" \/>\n<meta name=\"author\" content=\"emblematik-daller\" \/>\n<meta name=\"twitter:card\" content=\"summary_large_image\" \/>\n<meta name=\"twitter:label1\" content=\"Verfasst von\" \/>\n\t<meta name=\"twitter:data1\" content=\"emblematik-daller\" \/>\n\t<meta name=\"twitter:label2\" content=\"Gesch\u00e4tzte Lesezeit\" \/>\n\t<meta name=\"twitter:data2\" content=\"3\u00a0Minuten\" \/>\n<script type=\"application\/ld+json\" class=\"yoast-schema-graph\">{\"@context\":\"https:\\\/\\\/schema.org\",\"@graph\":[{\"@type\":\"Article\",\"@id\":\"https:\\\/\\\/daler.ch\\\/bilan-2019-de-lhopital-daler\\\/#article\",\"isPartOf\":{\"@id\":\"https:\\\/\\\/daler.ch\\\/bilan-2019-de-lhopital-daler\\\/\"},\"author\":{\"name\":\"emblematik-daller\",\"@id\":\"https:\\\/\\\/daler.ch\\\/#\\\/schema\\\/person\\\/3efe34bd72d30c33193e0a6142fd126e\"},\"headline\":\"Jahresbilanz\",\"datePublished\":\"2020-04-23T15:43:24+00:00\",\"dateModified\":\"2020-04-24T08:13:40+00:00\",\"mainEntityOfPage\":{\"@id\":\"https:\\\/\\\/daler.ch\\\/bilan-2019-de-lhopital-daler\\\/\"},\"wordCount\":525,\"image\":{\"@id\":\"https:\\\/\\\/daler.ch\\\/bilan-2019-de-lhopital-daler\\\/#primaryimage\"},\"thumbnailUrl\":\"https:\\\/\\\/daler.ch\\\/wp-content\\\/uploads\\\/2017\\\/07\\\/presentation2-e1587656867192.jpg\",\"articleSection\":[\"Unkategorisiert\"],\"inLanguage\":\"de\"},{\"@type\":\"WebPage\",\"@id\":\"https:\\\/\\\/daler.ch\\\/bilan-2019-de-lhopital-daler\\\/\",\"url\":\"https:\\\/\\\/daler.ch\\\/bilan-2019-de-lhopital-daler\\\/\",\"name\":\"Jahresbilanz - Daler-Spital\",\"isPartOf\":{\"@id\":\"https:\\\/\\\/daler.ch\\\/#website\"},\"primaryImageOfPage\":{\"@id\":\"https:\\\/\\\/daler.ch\\\/bilan-2019-de-lhopital-daler\\\/#primaryimage\"},\"image\":{\"@id\":\"https:\\\/\\\/daler.ch\\\/bilan-2019-de-lhopital-daler\\\/#primaryimage\"},\"thumbnailUrl\":\"https:\\\/\\\/daler.ch\\\/wp-content\\\/uploads\\\/2017\\\/07\\\/presentation2-e1587656867192.jpg\",\"datePublished\":\"2020-04-23T15:43:24+00:00\",\"dateModified\":\"2020-04-24T08:13:40+00:00\",\"author\":{\"@id\":\"https:\\\/\\\/daler.ch\\\/#\\\/schema\\\/person\\\/3efe34bd72d30c33193e0a6142fd126e\"},\"breadcrumb\":{\"@id\":\"https:\\\/\\\/daler.ch\\\/bilan-2019-de-lhopital-daler\\\/#breadcrumb\"},\"inLanguage\":\"de\",\"potentialAction\":[{\"@type\":\"ReadAction\",\"target\":[\"https:\\\/\\\/daler.ch\\\/bilan-2019-de-lhopital-daler\\\/\"]}]},{\"@type\":\"ImageObject\",\"inLanguage\":\"de\",\"@id\":\"https:\\\/\\\/daler.ch\\\/bilan-2019-de-lhopital-daler\\\/#primaryimage\",\"url\":\"https:\\\/\\\/daler.ch\\\/wp-content\\\/uploads\\\/2017\\\/07\\\/presentation2-e1587656867192.jpg\",\"contentUrl\":\"https:\\\/\\\/daler.ch\\\/wp-content\\\/uploads\\\/2017\\\/07\\\/presentation2-e1587656867192.jpg\",\"width\":1600,\"height\":500},{\"@type\":\"BreadcrumbList\",\"@id\":\"https:\\\/\\\/daler.ch\\\/bilan-2019-de-lhopital-daler\\\/#breadcrumb\",\"itemListElement\":[{\"@type\":\"ListItem\",\"position\":1,\"name\":\"Home\",\"item\":\"https:\\\/\\\/daler.ch\\\/de\\\/\"},{\"@type\":\"ListItem\",\"position\":2,\"name\":\"Jahresbilanz\"}]},{\"@type\":\"WebSite\",\"@id\":\"https:\\\/\\\/daler.ch\\\/#website\",\"url\":\"https:\\\/\\\/daler.ch\\\/\",\"name\":\"Daler-Spital\",\"description\":\"Hopital Daler\",\"potentialAction\":[{\"@type\":\"SearchAction\",\"target\":{\"@type\":\"EntryPoint\",\"urlTemplate\":\"https:\\\/\\\/daler.ch\\\/?s={search_term_string}\"},\"query-input\":{\"@type\":\"PropertyValueSpecification\",\"valueRequired\":true,\"valueName\":\"search_term_string\"}}],\"inLanguage\":\"de\"},{\"@type\":\"Person\",\"@id\":\"https:\\\/\\\/daler.ch\\\/#\\\/schema\\\/person\\\/3efe34bd72d30c33193e0a6142fd126e\",\"name\":\"emblematik-daller\",\"image\":{\"@type\":\"ImageObject\",\"inLanguage\":\"de\",\"@id\":\"https:\\\/\\\/secure.gravatar.com\\\/avatar\\\/a4eebccbc81c422944fd8163ba969d1383db6733d5694ac571ccaf054519f805?s=96&d=mm&r=g\",\"url\":\"https:\\\/\\\/secure.gravatar.com\\\/avatar\\\/a4eebccbc81c422944fd8163ba969d1383db6733d5694ac571ccaf054519f805?s=96&d=mm&r=g\",\"contentUrl\":\"https:\\\/\\\/secure.gravatar.com\\\/avatar\\\/a4eebccbc81c422944fd8163ba969d1383db6733d5694ac571ccaf054519f805?s=96&d=mm&r=g\",\"caption\":\"emblematik-daller\"}}]}<\/script>\n<!-- \/ Yoast SEO plugin. -->","yoast_head_json":{"title":"Jahresbilanz - Daler-Spital","robots":{"index":"index","follow":"follow","max-snippet":"max-snippet:-1","max-image-preview":"max-image-preview:large","max-video-preview":"max-video-preview:-1"},"canonical":"https:\/\/daler.ch\/bilan-2019-de-lhopital-daler\/","og_locale":"de_DE","og_type":"article","og_title":"Jahresbilanz - Daler-Spital","og_description":"Das Gesch\u00e4ftsjahr 2019 schliesst erneut positiv, aber in einem durch die COVID-19-Epidemie und ihre Auswirkungen gepr\u00e4gten Kontext. \u00abDas Jahr 2019 war ein Jahr grosser Umbr\u00fcche, das mit der vom Coronavirus verursachten Umw\u00e4lzung endete\u00bb sagte Paul-Albert Nobs, Pr\u00e4sident des Stiftungsrates, im [&hellip;]","og_url":"https:\/\/daler.ch\/bilan-2019-de-lhopital-daler\/","og_site_name":"Daler-Spital","article_published_time":"2020-04-23T15:43:24+00:00","article_modified_time":"2020-04-24T08:13:40+00:00","og_image":[{"width":1600,"height":500,"url":"https:\/\/daler.ch\/wp-content\/uploads\/2017\/07\/presentation2-e1587656867192.jpg","type":"image\/jpeg"}],"author":"emblematik-daller","twitter_card":"summary_large_image","twitter_misc":{"Verfasst von":"emblematik-daller","Gesch\u00e4tzte Lesezeit":"3\u00a0Minuten"},"schema":{"@context":"https:\/\/schema.org","@graph":[{"@type":"Article","@id":"https:\/\/daler.ch\/bilan-2019-de-lhopital-daler\/#article","isPartOf":{"@id":"https:\/\/daler.ch\/bilan-2019-de-lhopital-daler\/"},"author":{"name":"emblematik-daller","@id":"https:\/\/daler.ch\/#\/schema\/person\/3efe34bd72d30c33193e0a6142fd126e"},"headline":"Jahresbilanz","datePublished":"2020-04-23T15:43:24+00:00","dateModified":"2020-04-24T08:13:40+00:00","mainEntityOfPage":{"@id":"https:\/\/daler.ch\/bilan-2019-de-lhopital-daler\/"},"wordCount":525,"image":{"@id":"https:\/\/daler.ch\/bilan-2019-de-lhopital-daler\/#primaryimage"},"thumbnailUrl":"https:\/\/daler.ch\/wp-content\/uploads\/2017\/07\/presentation2-e1587656867192.jpg","articleSection":["Unkategorisiert"],"inLanguage":"de"},{"@type":"WebPage","@id":"https:\/\/daler.ch\/bilan-2019-de-lhopital-daler\/","url":"https:\/\/daler.ch\/bilan-2019-de-lhopital-daler\/","name":"Jahresbilanz - Daler-Spital","isPartOf":{"@id":"https:\/\/daler.ch\/#website"},"primaryImageOfPage":{"@id":"https:\/\/daler.ch\/bilan-2019-de-lhopital-daler\/#primaryimage"},"image":{"@id":"https:\/\/daler.ch\/bilan-2019-de-lhopital-daler\/#primaryimage"},"thumbnailUrl":"https:\/\/daler.ch\/wp-content\/uploads\/2017\/07\/presentation2-e1587656867192.jpg","datePublished":"2020-04-23T15:43:24+00:00","dateModified":"2020-04-24T08:13:40+00:00","author":{"@id":"https:\/\/daler.ch\/#\/schema\/person\/3efe34bd72d30c33193e0a6142fd126e"},"breadcrumb":{"@id":"https:\/\/daler.ch\/bilan-2019-de-lhopital-daler\/#breadcrumb"},"inLanguage":"de","potentialAction":[{"@type":"ReadAction","target":["https:\/\/daler.ch\/bilan-2019-de-lhopital-daler\/"]}]},{"@type":"ImageObject","inLanguage":"de","@id":"https:\/\/daler.ch\/bilan-2019-de-lhopital-daler\/#primaryimage","url":"https:\/\/daler.ch\/wp-content\/uploads\/2017\/07\/presentation2-e1587656867192.jpg","contentUrl":"https:\/\/daler.ch\/wp-content\/uploads\/2017\/07\/presentation2-e1587656867192.jpg","width":1600,"height":500},{"@type":"BreadcrumbList","@id":"https:\/\/daler.ch\/bilan-2019-de-lhopital-daler\/#breadcrumb","itemListElement":[{"@type":"ListItem","position":1,"name":"Home","item":"https:\/\/daler.ch\/de\/"},{"@type":"ListItem","position":2,"name":"Jahresbilanz"}]},{"@type":"WebSite","@id":"https:\/\/daler.ch\/#website","url":"https:\/\/daler.ch\/","name":"Daler-Spital","description":"Hopital Daler","potentialAction":[{"@type":"SearchAction","target":{"@type":"EntryPoint","urlTemplate":"https:\/\/daler.ch\/?s={search_term_string}"},"query-input":{"@type":"PropertyValueSpecification","valueRequired":true,"valueName":"search_term_string"}}],"inLanguage":"de"},{"@type":"Person","@id":"https:\/\/daler.ch\/#\/schema\/person\/3efe34bd72d30c33193e0a6142fd126e","name":"emblematik-daller","image":{"@type":"ImageObject","inLanguage":"de","@id":"https:\/\/secure.gravatar.com\/avatar\/a4eebccbc81c422944fd8163ba969d1383db6733d5694ac571ccaf054519f805?s=96&d=mm&r=g","url":"https:\/\/secure.gravatar.com\/avatar\/a4eebccbc81c422944fd8163ba969d1383db6733d5694ac571ccaf054519f805?s=96&d=mm&r=g","contentUrl":"https:\/\/secure.gravatar.com\/avatar\/a4eebccbc81c422944fd8163ba969d1383db6733d5694ac571ccaf054519f805?s=96&d=mm&r=g","caption":"emblematik-daller"}}]}},"_links":{"self":[{"href":"https:\/\/daler.ch\/de\/wp-json\/wp\/v2\/posts\/3138","targetHints":{"allow":["GET"]}}],"collection":[{"href":"https:\/\/daler.ch\/de\/wp-json\/wp\/v2\/posts"}],"about":[{"href":"https:\/\/daler.ch\/de\/wp-json\/wp\/v2\/types\/post"}],"author":[{"embeddable":true,"href":"https:\/\/daler.ch\/de\/wp-json\/wp\/v2\/users\/13"}],"replies":[{"embeddable":true,"href":"https:\/\/daler.ch\/de\/wp-json\/wp\/v2\/comments?post=3138"}],"version-history":[{"count":5,"href":"https:\/\/daler.ch\/de\/wp-json\/wp\/v2\/posts\/3138\/revisions"}],"predecessor-version":[{"id":3145,"href":"https:\/\/daler.ch\/de\/wp-json\/wp\/v2\/posts\/3138\/revisions\/3145"}],"wp:featuredmedia":[{"embeddable":true,"href":"https:\/\/daler.ch\/de\/wp-json\/wp\/v2\/media\/1192"}],"wp:attachment":[{"href":"https:\/\/daler.ch\/de\/wp-json\/wp\/v2\/media?parent=3138"}],"wp:term":[{"taxonomy":"category","embeddable":true,"href":"https:\/\/daler.ch\/de\/wp-json\/wp\/v2\/categories?post=3138"},{"taxonomy":"post_tag","embeddable":true,"href":"https:\/\/daler.ch\/de\/wp-json\/wp\/v2\/tags?post=3138"}],"curies":[{"name":"wp","href":"https:\/\/api.w.org\/{rel}","templated":true}]}}