{"id":3177,"date":"2020-05-04T11:53:38","date_gmt":"2020-05-04T09:53:38","guid":{"rendered":"https:\/\/www.daler.ch\/accreditation-du-dr-bertrand-sapin\/"},"modified":"2020-08-31T15:18:34","modified_gmt":"2020-08-31T13:18:34","slug":"accreditation-du-dr-bertrand-sapin","status":"publish","type":"post","link":"https:\/\/daler.ch\/de\/accreditation-du-dr-bertrand-sapin\/","title":{"rendered":"Akkreditierung von Dr. Bertrand Sapin"},"content":{"rendered":"<p>Der Vorstand des Daler Spitals hat beschlossen, Dr. Bertrand Sapin, Facharzt FMH f\u00fcr Gyn\u00e4kologie und Geburtshilfe, per 6. April 2020, als Belegarzt im Daler Spital zu akkreditieren.<\/p>\n<p>Herr Dr. Bertrand Sapin hat 1984 an der Medizinischen Fakult\u00e4t der Universit\u00e4t Lausanne ihr Staatsexamen abgelegt. Danach hat er sich in Gyn\u00e4kologie und Geburtshilfe spezialisiert und erwarb sein FMH-Weiterbildungstitel in 1995. Gleichzeitig hat er sich in Brustkrankheiten spezialisiert mit einem Universit\u00e4tsabschluss in 2017 (Universit\u00e9 de Paris, Diderot). Seine Weiterbildung zur Facharzt f\u00fcr Gyn\u00e4kologie und Geburtshilfe setzte er insbesondere am Universit\u00e4tsspital HUG Genf und in der H\u00f4pital Intercantonal de la Broye\/Payerne fort, wo er bis 2016 Chefarzt war. Dar\u00fcber hinaus, betreibt Herr Dr. Bertrand Sapin eine T\u00e4tigkeit in einer Privatpraxis in Payerne.<\/p>\n<p>Das Daler Spital freut sich, sein \u00c4rzteteam durch einen erfahrenen Spezialisten auf dem Gebiet der Gyn\u00e4lologie zu erweitern.<\/p>\n","protected":false},"excerpt":{"rendered":"<p>Der Vorstand des Daler Spitals hat beschlossen, Dr. Bertrand Sapin, Facharzt FMH f\u00fcr Gyn\u00e4kologie und Geburtshilfe, per 6. April 2020, als Belegarzt im Daler Spital zu akkreditieren. Herr Dr. Bertrand Sapin hat 1984 an der Medizinischen Fakult\u00e4t der Universit\u00e4t Lausanne [&hellip;]<\/p>\n","protected":false},"author":13,"featured_media":3175,"comment_status":"closed","ping_status":"closed","sticky":false,"template":"","format":"standard","meta":{"footnotes":""},"categories":[2],"tags":[],"class_list":["post-3177","post","type-post","status-publish","format-standard","has-post-thumbnail","hentry","category-unkategorisiert"],"yoast_head":"<!-- This site is optimized with the Yoast SEO plugin v27.5 - https:\/\/yoast.com\/product\/yoast-seo-wordpress\/ -->\n<title>Akkreditierung von Dr. Bertrand Sapin - Daler-Spital<\/title>\n<meta name=\"robots\" content=\"index, follow, max-snippet:-1, max-image-preview:large, max-video-preview:-1\" \/>\n<link rel=\"canonical\" href=\"https:\/\/daler.ch\/accreditation-du-dr-bertrand-sapin\/\" \/>\n<meta property=\"og:locale\" content=\"de_DE\" \/>\n<meta property=\"og:type\" content=\"article\" \/>\n<meta property=\"og:title\" content=\"Akkreditierung von Dr. Bertrand Sapin - Daler-Spital\" \/>\n<meta property=\"og:description\" content=\"Der Vorstand des Daler Spitals hat beschlossen, Dr. Bertrand Sapin, Facharzt FMH f\u00fcr Gyn\u00e4kologie und Geburtshilfe, per 6. April 2020, als Belegarzt im Daler Spital zu akkreditieren. Herr Dr. Bertrand Sapin hat 1984 an der Medizinischen Fakult\u00e4t der Universit\u00e4t Lausanne [&hellip;]\" \/>\n<meta property=\"og:url\" content=\"https:\/\/daler.ch\/accreditation-du-dr-bertrand-sapin\/\" \/>\n<meta property=\"og:site_name\" content=\"Daler-Spital\" \/>\n<meta property=\"article:published_time\" content=\"2020-05-04T09:53:38+00:00\" \/>\n<meta property=\"article:modified_time\" content=\"2020-08-31T13:18:34+00:00\" \/>\n<meta property=\"og:image\" content=\"https:\/\/daler.ch\/wp-content\/uploads\/2020\/05\/Daler_lot1_072015_017-1-1200x375.jpg\" \/>\n\t<meta property=\"og:image:width\" content=\"1200\" \/>\n\t<meta property=\"og:image:height\" content=\"375\" \/>\n\t<meta property=\"og:image:type\" content=\"image\/jpeg\" \/>\n<meta name=\"author\" content=\"emblematik-daller\" \/>\n<meta name=\"twitter:card\" content=\"summary_large_image\" \/>\n<meta name=\"twitter:label1\" content=\"Verfasst von\" \/>\n\t<meta name=\"twitter:data1\" content=\"emblematik-daller\" \/>\n\t<meta name=\"twitter:label2\" content=\"Gesch\u00e4tzte Lesezeit\" \/>\n\t<meta name=\"twitter:data2\" content=\"1\u00a0Minute\" \/>\n<script type=\"application\/ld+json\" class=\"yoast-schema-graph\">{\"@context\":\"https:\\\/\\\/schema.org\",\"@graph\":[{\"@type\":\"Article\",\"@id\":\"https:\\\/\\\/daler.ch\\\/accreditation-du-dr-bertrand-sapin\\\/#article\",\"isPartOf\":{\"@id\":\"https:\\\/\\\/daler.ch\\\/accreditation-du-dr-bertrand-sapin\\\/\"},\"author\":{\"name\":\"emblematik-daller\",\"@id\":\"https:\\\/\\\/daler.ch\\\/#\\\/schema\\\/person\\\/3efe34bd72d30c33193e0a6142fd126e\"},\"headline\":\"Akkreditierung von Dr. Bertrand Sapin\",\"datePublished\":\"2020-05-04T09:53:38+00:00\",\"dateModified\":\"2020-08-31T13:18:34+00:00\",\"mainEntityOfPage\":{\"@id\":\"https:\\\/\\\/daler.ch\\\/accreditation-du-dr-bertrand-sapin\\\/\"},\"wordCount\":149,\"image\":{\"@id\":\"https:\\\/\\\/daler.ch\\\/accreditation-du-dr-bertrand-sapin\\\/#primaryimage\"},\"thumbnailUrl\":\"https:\\\/\\\/daler.ch\\\/wp-content\\\/uploads\\\/2020\\\/05\\\/Daler_lot1_072015_017-1.jpg\",\"articleSection\":[\"Unkategorisiert\"],\"inLanguage\":\"de\"},{\"@type\":\"WebPage\",\"@id\":\"https:\\\/\\\/daler.ch\\\/accreditation-du-dr-bertrand-sapin\\\/\",\"url\":\"https:\\\/\\\/daler.ch\\\/accreditation-du-dr-bertrand-sapin\\\/\",\"name\":\"Akkreditierung von Dr. Bertrand Sapin - Daler-Spital\",\"isPartOf\":{\"@id\":\"https:\\\/\\\/daler.ch\\\/#website\"},\"primaryImageOfPage\":{\"@id\":\"https:\\\/\\\/daler.ch\\\/accreditation-du-dr-bertrand-sapin\\\/#primaryimage\"},\"image\":{\"@id\":\"https:\\\/\\\/daler.ch\\\/accreditation-du-dr-bertrand-sapin\\\/#primaryimage\"},\"thumbnailUrl\":\"https:\\\/\\\/daler.ch\\\/wp-content\\\/uploads\\\/2020\\\/05\\\/Daler_lot1_072015_017-1.jpg\",\"datePublished\":\"2020-05-04T09:53:38+00:00\",\"dateModified\":\"2020-08-31T13:18:34+00:00\",\"author\":{\"@id\":\"https:\\\/\\\/daler.ch\\\/#\\\/schema\\\/person\\\/3efe34bd72d30c33193e0a6142fd126e\"},\"breadcrumb\":{\"@id\":\"https:\\\/\\\/daler.ch\\\/accreditation-du-dr-bertrand-sapin\\\/#breadcrumb\"},\"inLanguage\":\"de\",\"potentialAction\":[{\"@type\":\"ReadAction\",\"target\":[\"https:\\\/\\\/daler.ch\\\/accreditation-du-dr-bertrand-sapin\\\/\"]}]},{\"@type\":\"ImageObject\",\"inLanguage\":\"de\",\"@id\":\"https:\\\/\\\/daler.ch\\\/accreditation-du-dr-bertrand-sapin\\\/#primaryimage\",\"url\":\"https:\\\/\\\/daler.ch\\\/wp-content\\\/uploads\\\/2020\\\/05\\\/Daler_lot1_072015_017-1.jpg\",\"contentUrl\":\"https:\\\/\\\/daler.ch\\\/wp-content\\\/uploads\\\/2020\\\/05\\\/Daler_lot1_072015_017-1.jpg\",\"width\":5863,\"height\":1832},{\"@type\":\"BreadcrumbList\",\"@id\":\"https:\\\/\\\/daler.ch\\\/accreditation-du-dr-bertrand-sapin\\\/#breadcrumb\",\"itemListElement\":[{\"@type\":\"ListItem\",\"position\":1,\"name\":\"Home\",\"item\":\"https:\\\/\\\/daler.ch\\\/de\\\/\"},{\"@type\":\"ListItem\",\"position\":2,\"name\":\"Akkreditierung von Dr. Bertrand Sapin\"}]},{\"@type\":\"WebSite\",\"@id\":\"https:\\\/\\\/daler.ch\\\/#website\",\"url\":\"https:\\\/\\\/daler.ch\\\/\",\"name\":\"Daler-Spital\",\"description\":\"Hopital Daler\",\"potentialAction\":[{\"@type\":\"SearchAction\",\"target\":{\"@type\":\"EntryPoint\",\"urlTemplate\":\"https:\\\/\\\/daler.ch\\\/?s={search_term_string}\"},\"query-input\":{\"@type\":\"PropertyValueSpecification\",\"valueRequired\":true,\"valueName\":\"search_term_string\"}}],\"inLanguage\":\"de\"},{\"@type\":\"Person\",\"@id\":\"https:\\\/\\\/daler.ch\\\/#\\\/schema\\\/person\\\/3efe34bd72d30c33193e0a6142fd126e\",\"name\":\"emblematik-daller\",\"image\":{\"@type\":\"ImageObject\",\"inLanguage\":\"de\",\"@id\":\"https:\\\/\\\/secure.gravatar.com\\\/avatar\\\/a4eebccbc81c422944fd8163ba969d1383db6733d5694ac571ccaf054519f805?s=96&d=mm&r=g\",\"url\":\"https:\\\/\\\/secure.gravatar.com\\\/avatar\\\/a4eebccbc81c422944fd8163ba969d1383db6733d5694ac571ccaf054519f805?s=96&d=mm&r=g\",\"contentUrl\":\"https:\\\/\\\/secure.gravatar.com\\\/avatar\\\/a4eebccbc81c422944fd8163ba969d1383db6733d5694ac571ccaf054519f805?s=96&d=mm&r=g\",\"caption\":\"emblematik-daller\"}}]}<\/script>\n<!-- \/ Yoast SEO plugin. -->","yoast_head_json":{"title":"Akkreditierung von Dr. Bertrand Sapin - Daler-Spital","robots":{"index":"index","follow":"follow","max-snippet":"max-snippet:-1","max-image-preview":"max-image-preview:large","max-video-preview":"max-video-preview:-1"},"canonical":"https:\/\/daler.ch\/accreditation-du-dr-bertrand-sapin\/","og_locale":"de_DE","og_type":"article","og_title":"Akkreditierung von Dr. Bertrand Sapin - Daler-Spital","og_description":"Der Vorstand des Daler Spitals hat beschlossen, Dr. Bertrand Sapin, Facharzt FMH f\u00fcr Gyn\u00e4kologie und Geburtshilfe, per 6. April 2020, als Belegarzt im Daler Spital zu akkreditieren. Herr Dr. Bertrand Sapin hat 1984 an der Medizinischen Fakult\u00e4t der Universit\u00e4t Lausanne [&hellip;]","og_url":"https:\/\/daler.ch\/accreditation-du-dr-bertrand-sapin\/","og_site_name":"Daler-Spital","article_published_time":"2020-05-04T09:53:38+00:00","article_modified_time":"2020-08-31T13:18:34+00:00","og_image":[{"width":1200,"height":375,"url":"https:\/\/daler.ch\/wp-content\/uploads\/2020\/05\/Daler_lot1_072015_017-1-1200x375.jpg","type":"image\/jpeg"}],"author":"emblematik-daller","twitter_card":"summary_large_image","twitter_misc":{"Verfasst von":"emblematik-daller","Gesch\u00e4tzte Lesezeit":"1\u00a0Minute"},"schema":{"@context":"https:\/\/schema.org","@graph":[{"@type":"Article","@id":"https:\/\/daler.ch\/accreditation-du-dr-bertrand-sapin\/#article","isPartOf":{"@id":"https:\/\/daler.ch\/accreditation-du-dr-bertrand-sapin\/"},"author":{"name":"emblematik-daller","@id":"https:\/\/daler.ch\/#\/schema\/person\/3efe34bd72d30c33193e0a6142fd126e"},"headline":"Akkreditierung von Dr. Bertrand Sapin","datePublished":"2020-05-04T09:53:38+00:00","dateModified":"2020-08-31T13:18:34+00:00","mainEntityOfPage":{"@id":"https:\/\/daler.ch\/accreditation-du-dr-bertrand-sapin\/"},"wordCount":149,"image":{"@id":"https:\/\/daler.ch\/accreditation-du-dr-bertrand-sapin\/#primaryimage"},"thumbnailUrl":"https:\/\/daler.ch\/wp-content\/uploads\/2020\/05\/Daler_lot1_072015_017-1.jpg","articleSection":["Unkategorisiert"],"inLanguage":"de"},{"@type":"WebPage","@id":"https:\/\/daler.ch\/accreditation-du-dr-bertrand-sapin\/","url":"https:\/\/daler.ch\/accreditation-du-dr-bertrand-sapin\/","name":"Akkreditierung von Dr. Bertrand Sapin - Daler-Spital","isPartOf":{"@id":"https:\/\/daler.ch\/#website"},"primaryImageOfPage":{"@id":"https:\/\/daler.ch\/accreditation-du-dr-bertrand-sapin\/#primaryimage"},"image":{"@id":"https:\/\/daler.ch\/accreditation-du-dr-bertrand-sapin\/#primaryimage"},"thumbnailUrl":"https:\/\/daler.ch\/wp-content\/uploads\/2020\/05\/Daler_lot1_072015_017-1.jpg","datePublished":"2020-05-04T09:53:38+00:00","dateModified":"2020-08-31T13:18:34+00:00","author":{"@id":"https:\/\/daler.ch\/#\/schema\/person\/3efe34bd72d30c33193e0a6142fd126e"},"breadcrumb":{"@id":"https:\/\/daler.ch\/accreditation-du-dr-bertrand-sapin\/#breadcrumb"},"inLanguage":"de","potentialAction":[{"@type":"ReadAction","target":["https:\/\/daler.ch\/accreditation-du-dr-bertrand-sapin\/"]}]},{"@type":"ImageObject","inLanguage":"de","@id":"https:\/\/daler.ch\/accreditation-du-dr-bertrand-sapin\/#primaryimage","url":"https:\/\/daler.ch\/wp-content\/uploads\/2020\/05\/Daler_lot1_072015_017-1.jpg","contentUrl":"https:\/\/daler.ch\/wp-content\/uploads\/2020\/05\/Daler_lot1_072015_017-1.jpg","width":5863,"height":1832},{"@type":"BreadcrumbList","@id":"https:\/\/daler.ch\/accreditation-du-dr-bertrand-sapin\/#breadcrumb","itemListElement":[{"@type":"ListItem","position":1,"name":"Home","item":"https:\/\/daler.ch\/de\/"},{"@type":"ListItem","position":2,"name":"Akkreditierung von Dr. Bertrand Sapin"}]},{"@type":"WebSite","@id":"https:\/\/daler.ch\/#website","url":"https:\/\/daler.ch\/","name":"Daler-Spital","description":"Hopital Daler","potentialAction":[{"@type":"SearchAction","target":{"@type":"EntryPoint","urlTemplate":"https:\/\/daler.ch\/?s={search_term_string}"},"query-input":{"@type":"PropertyValueSpecification","valueRequired":true,"valueName":"search_term_string"}}],"inLanguage":"de"},{"@type":"Person","@id":"https:\/\/daler.ch\/#\/schema\/person\/3efe34bd72d30c33193e0a6142fd126e","name":"emblematik-daller","image":{"@type":"ImageObject","inLanguage":"de","@id":"https:\/\/secure.gravatar.com\/avatar\/a4eebccbc81c422944fd8163ba969d1383db6733d5694ac571ccaf054519f805?s=96&d=mm&r=g","url":"https:\/\/secure.gravatar.com\/avatar\/a4eebccbc81c422944fd8163ba969d1383db6733d5694ac571ccaf054519f805?s=96&d=mm&r=g","contentUrl":"https:\/\/secure.gravatar.com\/avatar\/a4eebccbc81c422944fd8163ba969d1383db6733d5694ac571ccaf054519f805?s=96&d=mm&r=g","caption":"emblematik-daller"}}]}},"_links":{"self":[{"href":"https:\/\/daler.ch\/de\/wp-json\/wp\/v2\/posts\/3177","targetHints":{"allow":["GET"]}}],"collection":[{"href":"https:\/\/daler.ch\/de\/wp-json\/wp\/v2\/posts"}],"about":[{"href":"https:\/\/daler.ch\/de\/wp-json\/wp\/v2\/types\/post"}],"author":[{"embeddable":true,"href":"https:\/\/daler.ch\/de\/wp-json\/wp\/v2\/users\/13"}],"replies":[{"embeddable":true,"href":"https:\/\/daler.ch\/de\/wp-json\/wp\/v2\/comments?post=3177"}],"version-history":[{"count":4,"href":"https:\/\/daler.ch\/de\/wp-json\/wp\/v2\/posts\/3177\/revisions"}],"predecessor-version":[{"id":3461,"href":"https:\/\/daler.ch\/de\/wp-json\/wp\/v2\/posts\/3177\/revisions\/3461"}],"wp:featuredmedia":[{"embeddable":true,"href":"https:\/\/daler.ch\/de\/wp-json\/wp\/v2\/media\/3175"}],"wp:attachment":[{"href":"https:\/\/daler.ch\/de\/wp-json\/wp\/v2\/media?parent=3177"}],"wp:term":[{"taxonomy":"category","embeddable":true,"href":"https:\/\/daler.ch\/de\/wp-json\/wp\/v2\/categories?post=3177"},{"taxonomy":"post_tag","embeddable":true,"href":"https:\/\/daler.ch\/de\/wp-json\/wp\/v2\/tags?post=3177"}],"curies":[{"name":"wp","href":"https:\/\/api.w.org\/{rel}","templated":true}]}}