{"id":3182,"date":"2020-05-04T12:09:22","date_gmt":"2020-05-04T10:09:22","guid":{"rendered":"https:\/\/www.daler.ch\/?p=3182"},"modified":"2020-08-31T15:21:04","modified_gmt":"2020-08-31T13:21:04","slug":"accreditation-du-dr-alain-schreyer","status":"publish","type":"post","link":"https:\/\/daler.ch\/de\/accreditation-du-dr-alain-schreyer\/","title":{"rendered":"Akkreditierung von Dr. Alain Schreyer"},"content":{"rendered":"<p>Der Vorstand des Daler Spitals hat beschlossen, Dr. Alain Schreyer, Facharzt FMH f\u00fcr Gyn\u00e4kologie und Geburtshilfe, per 6. April 2020, als Belegarzt im Daler Spital zu akkreditieren.<\/p>\n<p>Herr Dr. Alain Schreyer hat 1987 an der Medizinischen Fakult\u00e4t der Universit\u00e4t Lausanne ihr Staatsexamen abgelegt. Danach hat er sich in Gyn\u00e4kologie und Geburtshilfe spezialisiert und erwarb sein FMH-Weiterbildungstitel in 2003. Gleichzeitig hat er sich in Brustkrankheiten spezialisiert mit einem Universit\u00e4tsabschluss in 2017 (Universit\u00e9 de Paris, Diderot). Seine Weiterbildung zur Facharzt f\u00fcr Gyn\u00e4kologie und Geburtshilfe setzte er insbesondere am Universit\u00e4tsspital CHUV Lausanne und in der H\u00f4pital Intercantonal de la Broye\/Payerne fort wo er bis 2016 Chefarzt war. Seit 2001, betreibt Herr Dr. Alain Schreyer eine T\u00e4tigkeit in einer Privatpraxis in Payerne.<\/p>\n<p>Das Daler Spital freut sich, sein \u00c4rzteteam durch einen erfahrenen Spezialisten auf dem Gebiet der Gyn\u00e4lologie zu erweitern.<\/p>\n","protected":false},"excerpt":{"rendered":"<p>Der Vorstand des Daler Spitals hat beschlossen, Dr. Alain Schreyer, Facharzt FMH f\u00fcr Gyn\u00e4kologie und Geburtshilfe, per 6. April 2020, als Belegarzt im Daler Spital zu akkreditieren. Herr Dr. Alain Schreyer hat 1987 an der Medizinischen Fakult\u00e4t der Universit\u00e4t Lausanne [&hellip;]<\/p>\n","protected":false},"author":13,"featured_media":2355,"comment_status":"closed","ping_status":"closed","sticky":false,"template":"","format":"standard","meta":{"footnotes":""},"categories":[2],"tags":[],"class_list":["post-3182","post","type-post","status-publish","format-standard","has-post-thumbnail","hentry","category-unkategorisiert"],"yoast_head":"<!-- This site is optimized with the Yoast SEO plugin v27.5 - https:\/\/yoast.com\/product\/yoast-seo-wordpress\/ -->\n<title>Akkreditierung von Dr. Alain Schreyer - Daler-Spital<\/title>\n<meta name=\"robots\" content=\"index, follow, max-snippet:-1, max-image-preview:large, max-video-preview:-1\" \/>\n<link rel=\"canonical\" href=\"https:\/\/daler.ch\/accreditation-du-dr-alain-schreyer\/\" \/>\n<meta property=\"og:locale\" content=\"de_DE\" \/>\n<meta property=\"og:type\" content=\"article\" \/>\n<meta property=\"og:title\" content=\"Akkreditierung von Dr. Alain Schreyer - Daler-Spital\" \/>\n<meta property=\"og:description\" content=\"Der Vorstand des Daler Spitals hat beschlossen, Dr. Alain Schreyer, Facharzt FMH f\u00fcr Gyn\u00e4kologie und Geburtshilfe, per 6. April 2020, als Belegarzt im Daler Spital zu akkreditieren. Herr Dr. Alain Schreyer hat 1987 an der Medizinischen Fakult\u00e4t der Universit\u00e4t Lausanne [&hellip;]\" \/>\n<meta property=\"og:url\" content=\"https:\/\/daler.ch\/accreditation-du-dr-alain-schreyer\/\" \/>\n<meta property=\"og:site_name\" content=\"Daler-Spital\" \/>\n<meta property=\"article:published_time\" content=\"2020-05-04T10:09:22+00:00\" \/>\n<meta property=\"article:modified_time\" content=\"2020-08-31T13:21:04+00:00\" \/>\n<meta property=\"og:image\" content=\"https:\/\/daler.ch\/wp-content\/uploads\/2018\/10\/Maternite-1.jpg\" \/>\n\t<meta property=\"og:image:width\" content=\"1601\" \/>\n\t<meta property=\"og:image:height\" content=\"500\" \/>\n\t<meta property=\"og:image:type\" content=\"image\/jpeg\" \/>\n<meta name=\"author\" content=\"emblematik-daller\" \/>\n<meta name=\"twitter:card\" content=\"summary_large_image\" \/>\n<meta name=\"twitter:label1\" content=\"Verfasst von\" \/>\n\t<meta name=\"twitter:data1\" content=\"emblematik-daller\" \/>\n\t<meta name=\"twitter:label2\" content=\"Gesch\u00e4tzte Lesezeit\" \/>\n\t<meta name=\"twitter:data2\" content=\"1\u00a0Minute\" \/>\n<script type=\"application\/ld+json\" class=\"yoast-schema-graph\">{\"@context\":\"https:\\\/\\\/schema.org\",\"@graph\":[{\"@type\":\"Article\",\"@id\":\"https:\\\/\\\/daler.ch\\\/accreditation-du-dr-alain-schreyer\\\/#article\",\"isPartOf\":{\"@id\":\"https:\\\/\\\/daler.ch\\\/accreditation-du-dr-alain-schreyer\\\/\"},\"author\":{\"name\":\"emblematik-daller\",\"@id\":\"https:\\\/\\\/daler.ch\\\/#\\\/schema\\\/person\\\/3efe34bd72d30c33193e0a6142fd126e\"},\"headline\":\"Akkreditierung von Dr. Alain Schreyer\",\"datePublished\":\"2020-05-04T10:09:22+00:00\",\"dateModified\":\"2020-08-31T13:21:04+00:00\",\"mainEntityOfPage\":{\"@id\":\"https:\\\/\\\/daler.ch\\\/accreditation-du-dr-alain-schreyer\\\/\"},\"wordCount\":147,\"image\":{\"@id\":\"https:\\\/\\\/daler.ch\\\/accreditation-du-dr-alain-schreyer\\\/#primaryimage\"},\"thumbnailUrl\":\"https:\\\/\\\/daler.ch\\\/wp-content\\\/uploads\\\/2018\\\/10\\\/Maternite-1.jpg\",\"articleSection\":[\"Unkategorisiert\"],\"inLanguage\":\"de\"},{\"@type\":\"WebPage\",\"@id\":\"https:\\\/\\\/daler.ch\\\/accreditation-du-dr-alain-schreyer\\\/\",\"url\":\"https:\\\/\\\/daler.ch\\\/accreditation-du-dr-alain-schreyer\\\/\",\"name\":\"Akkreditierung von Dr. Alain Schreyer - Daler-Spital\",\"isPartOf\":{\"@id\":\"https:\\\/\\\/daler.ch\\\/#website\"},\"primaryImageOfPage\":{\"@id\":\"https:\\\/\\\/daler.ch\\\/accreditation-du-dr-alain-schreyer\\\/#primaryimage\"},\"image\":{\"@id\":\"https:\\\/\\\/daler.ch\\\/accreditation-du-dr-alain-schreyer\\\/#primaryimage\"},\"thumbnailUrl\":\"https:\\\/\\\/daler.ch\\\/wp-content\\\/uploads\\\/2018\\\/10\\\/Maternite-1.jpg\",\"datePublished\":\"2020-05-04T10:09:22+00:00\",\"dateModified\":\"2020-08-31T13:21:04+00:00\",\"author\":{\"@id\":\"https:\\\/\\\/daler.ch\\\/#\\\/schema\\\/person\\\/3efe34bd72d30c33193e0a6142fd126e\"},\"breadcrumb\":{\"@id\":\"https:\\\/\\\/daler.ch\\\/accreditation-du-dr-alain-schreyer\\\/#breadcrumb\"},\"inLanguage\":\"de\",\"potentialAction\":[{\"@type\":\"ReadAction\",\"target\":[\"https:\\\/\\\/daler.ch\\\/accreditation-du-dr-alain-schreyer\\\/\"]}]},{\"@type\":\"ImageObject\",\"inLanguage\":\"de\",\"@id\":\"https:\\\/\\\/daler.ch\\\/accreditation-du-dr-alain-schreyer\\\/#primaryimage\",\"url\":\"https:\\\/\\\/daler.ch\\\/wp-content\\\/uploads\\\/2018\\\/10\\\/Maternite-1.jpg\",\"contentUrl\":\"https:\\\/\\\/daler.ch\\\/wp-content\\\/uploads\\\/2018\\\/10\\\/Maternite-1.jpg\",\"width\":1601,\"height\":500},{\"@type\":\"BreadcrumbList\",\"@id\":\"https:\\\/\\\/daler.ch\\\/accreditation-du-dr-alain-schreyer\\\/#breadcrumb\",\"itemListElement\":[{\"@type\":\"ListItem\",\"position\":1,\"name\":\"Home\",\"item\":\"https:\\\/\\\/daler.ch\\\/de\\\/\"},{\"@type\":\"ListItem\",\"position\":2,\"name\":\"Akkreditierung von Dr. Alain Schreyer\"}]},{\"@type\":\"WebSite\",\"@id\":\"https:\\\/\\\/daler.ch\\\/#website\",\"url\":\"https:\\\/\\\/daler.ch\\\/\",\"name\":\"Daler-Spital\",\"description\":\"Hopital Daler\",\"potentialAction\":[{\"@type\":\"SearchAction\",\"target\":{\"@type\":\"EntryPoint\",\"urlTemplate\":\"https:\\\/\\\/daler.ch\\\/?s={search_term_string}\"},\"query-input\":{\"@type\":\"PropertyValueSpecification\",\"valueRequired\":true,\"valueName\":\"search_term_string\"}}],\"inLanguage\":\"de\"},{\"@type\":\"Person\",\"@id\":\"https:\\\/\\\/daler.ch\\\/#\\\/schema\\\/person\\\/3efe34bd72d30c33193e0a6142fd126e\",\"name\":\"emblematik-daller\",\"image\":{\"@type\":\"ImageObject\",\"inLanguage\":\"de\",\"@id\":\"https:\\\/\\\/secure.gravatar.com\\\/avatar\\\/a4eebccbc81c422944fd8163ba969d1383db6733d5694ac571ccaf054519f805?s=96&d=mm&r=g\",\"url\":\"https:\\\/\\\/secure.gravatar.com\\\/avatar\\\/a4eebccbc81c422944fd8163ba969d1383db6733d5694ac571ccaf054519f805?s=96&d=mm&r=g\",\"contentUrl\":\"https:\\\/\\\/secure.gravatar.com\\\/avatar\\\/a4eebccbc81c422944fd8163ba969d1383db6733d5694ac571ccaf054519f805?s=96&d=mm&r=g\",\"caption\":\"emblematik-daller\"}}]}<\/script>\n<!-- \/ Yoast SEO plugin. -->","yoast_head_json":{"title":"Akkreditierung von Dr. Alain Schreyer - Daler-Spital","robots":{"index":"index","follow":"follow","max-snippet":"max-snippet:-1","max-image-preview":"max-image-preview:large","max-video-preview":"max-video-preview:-1"},"canonical":"https:\/\/daler.ch\/accreditation-du-dr-alain-schreyer\/","og_locale":"de_DE","og_type":"article","og_title":"Akkreditierung von Dr. Alain Schreyer - Daler-Spital","og_description":"Der Vorstand des Daler Spitals hat beschlossen, Dr. Alain Schreyer, Facharzt FMH f\u00fcr Gyn\u00e4kologie und Geburtshilfe, per 6. April 2020, als Belegarzt im Daler Spital zu akkreditieren. Herr Dr. Alain Schreyer hat 1987 an der Medizinischen Fakult\u00e4t der Universit\u00e4t Lausanne [&hellip;]","og_url":"https:\/\/daler.ch\/accreditation-du-dr-alain-schreyer\/","og_site_name":"Daler-Spital","article_published_time":"2020-05-04T10:09:22+00:00","article_modified_time":"2020-08-31T13:21:04+00:00","og_image":[{"width":1601,"height":500,"url":"https:\/\/daler.ch\/wp-content\/uploads\/2018\/10\/Maternite-1.jpg","type":"image\/jpeg"}],"author":"emblematik-daller","twitter_card":"summary_large_image","twitter_misc":{"Verfasst von":"emblematik-daller","Gesch\u00e4tzte Lesezeit":"1\u00a0Minute"},"schema":{"@context":"https:\/\/schema.org","@graph":[{"@type":"Article","@id":"https:\/\/daler.ch\/accreditation-du-dr-alain-schreyer\/#article","isPartOf":{"@id":"https:\/\/daler.ch\/accreditation-du-dr-alain-schreyer\/"},"author":{"name":"emblematik-daller","@id":"https:\/\/daler.ch\/#\/schema\/person\/3efe34bd72d30c33193e0a6142fd126e"},"headline":"Akkreditierung von Dr. Alain Schreyer","datePublished":"2020-05-04T10:09:22+00:00","dateModified":"2020-08-31T13:21:04+00:00","mainEntityOfPage":{"@id":"https:\/\/daler.ch\/accreditation-du-dr-alain-schreyer\/"},"wordCount":147,"image":{"@id":"https:\/\/daler.ch\/accreditation-du-dr-alain-schreyer\/#primaryimage"},"thumbnailUrl":"https:\/\/daler.ch\/wp-content\/uploads\/2018\/10\/Maternite-1.jpg","articleSection":["Unkategorisiert"],"inLanguage":"de"},{"@type":"WebPage","@id":"https:\/\/daler.ch\/accreditation-du-dr-alain-schreyer\/","url":"https:\/\/daler.ch\/accreditation-du-dr-alain-schreyer\/","name":"Akkreditierung von Dr. Alain Schreyer - Daler-Spital","isPartOf":{"@id":"https:\/\/daler.ch\/#website"},"primaryImageOfPage":{"@id":"https:\/\/daler.ch\/accreditation-du-dr-alain-schreyer\/#primaryimage"},"image":{"@id":"https:\/\/daler.ch\/accreditation-du-dr-alain-schreyer\/#primaryimage"},"thumbnailUrl":"https:\/\/daler.ch\/wp-content\/uploads\/2018\/10\/Maternite-1.jpg","datePublished":"2020-05-04T10:09:22+00:00","dateModified":"2020-08-31T13:21:04+00:00","author":{"@id":"https:\/\/daler.ch\/#\/schema\/person\/3efe34bd72d30c33193e0a6142fd126e"},"breadcrumb":{"@id":"https:\/\/daler.ch\/accreditation-du-dr-alain-schreyer\/#breadcrumb"},"inLanguage":"de","potentialAction":[{"@type":"ReadAction","target":["https:\/\/daler.ch\/accreditation-du-dr-alain-schreyer\/"]}]},{"@type":"ImageObject","inLanguage":"de","@id":"https:\/\/daler.ch\/accreditation-du-dr-alain-schreyer\/#primaryimage","url":"https:\/\/daler.ch\/wp-content\/uploads\/2018\/10\/Maternite-1.jpg","contentUrl":"https:\/\/daler.ch\/wp-content\/uploads\/2018\/10\/Maternite-1.jpg","width":1601,"height":500},{"@type":"BreadcrumbList","@id":"https:\/\/daler.ch\/accreditation-du-dr-alain-schreyer\/#breadcrumb","itemListElement":[{"@type":"ListItem","position":1,"name":"Home","item":"https:\/\/daler.ch\/de\/"},{"@type":"ListItem","position":2,"name":"Akkreditierung von Dr. Alain Schreyer"}]},{"@type":"WebSite","@id":"https:\/\/daler.ch\/#website","url":"https:\/\/daler.ch\/","name":"Daler-Spital","description":"Hopital Daler","potentialAction":[{"@type":"SearchAction","target":{"@type":"EntryPoint","urlTemplate":"https:\/\/daler.ch\/?s={search_term_string}"},"query-input":{"@type":"PropertyValueSpecification","valueRequired":true,"valueName":"search_term_string"}}],"inLanguage":"de"},{"@type":"Person","@id":"https:\/\/daler.ch\/#\/schema\/person\/3efe34bd72d30c33193e0a6142fd126e","name":"emblematik-daller","image":{"@type":"ImageObject","inLanguage":"de","@id":"https:\/\/secure.gravatar.com\/avatar\/a4eebccbc81c422944fd8163ba969d1383db6733d5694ac571ccaf054519f805?s=96&d=mm&r=g","url":"https:\/\/secure.gravatar.com\/avatar\/a4eebccbc81c422944fd8163ba969d1383db6733d5694ac571ccaf054519f805?s=96&d=mm&r=g","contentUrl":"https:\/\/secure.gravatar.com\/avatar\/a4eebccbc81c422944fd8163ba969d1383db6733d5694ac571ccaf054519f805?s=96&d=mm&r=g","caption":"emblematik-daller"}}]}},"_links":{"self":[{"href":"https:\/\/daler.ch\/de\/wp-json\/wp\/v2\/posts\/3182","targetHints":{"allow":["GET"]}}],"collection":[{"href":"https:\/\/daler.ch\/de\/wp-json\/wp\/v2\/posts"}],"about":[{"href":"https:\/\/daler.ch\/de\/wp-json\/wp\/v2\/types\/post"}],"author":[{"embeddable":true,"href":"https:\/\/daler.ch\/de\/wp-json\/wp\/v2\/users\/13"}],"replies":[{"embeddable":true,"href":"https:\/\/daler.ch\/de\/wp-json\/wp\/v2\/comments?post=3182"}],"version-history":[{"count":5,"href":"https:\/\/daler.ch\/de\/wp-json\/wp\/v2\/posts\/3182\/revisions"}],"predecessor-version":[{"id":3463,"href":"https:\/\/daler.ch\/de\/wp-json\/wp\/v2\/posts\/3182\/revisions\/3463"}],"wp:featuredmedia":[{"embeddable":true,"href":"https:\/\/daler.ch\/de\/wp-json\/wp\/v2\/media\/2355"}],"wp:attachment":[{"href":"https:\/\/daler.ch\/de\/wp-json\/wp\/v2\/media?parent=3182"}],"wp:term":[{"taxonomy":"category","embeddable":true,"href":"https:\/\/daler.ch\/de\/wp-json\/wp\/v2\/categories?post=3182"},{"taxonomy":"post_tag","embeddable":true,"href":"https:\/\/daler.ch\/de\/wp-json\/wp\/v2\/tags?post=3182"}],"curies":[{"name":"wp","href":"https:\/\/api.w.org\/{rel}","templated":true}]}}