{"id":3229,"date":"2020-05-06T12:14:15","date_gmt":"2020-05-06T10:14:15","guid":{"rendered":"https:\/\/www.daler.ch\/?p=3229"},"modified":"2020-05-06T12:14:15","modified_gmt":"2020-05-06T10:14:15","slug":"brustzentrum-bilanz-2019-2","status":"publish","type":"post","link":"https:\/\/daler.ch\/de\/brustzentrum-bilanz-2019-2\/","title":{"rendered":"Brustzentrum &#8211; Bilanz 2019"},"content":{"rendered":"<p><strong>Ausbau der plastischen Chirurgie und ausgezeichnete Noten von den Patientinnen\u00a0<\/strong><\/p>\n<p align=\"LEFT\"><em>Die Anzahl der am Brustzentrum Freiburg betreuten Patientinnen blieb letztes Jahr stabil. 2019 wurden an den beiden Partnerstandorten des Brustzentrums (Daler-Spital und freiburger spital HFR) die ersten plastisch-chirurgischen Eingriffe vorgenommen, als Weiterf\u00fchrung der bisherigen Zusammenarbeit mit dem CHUV. Die Patientinnen bewerteten ihre Betreuung durch das Brustzentrum Freiburg in einer Zufriedenheitsumfrage mit \u201esehr gut\u201c. Dieses Resultat best\u00e4rkt das Brustzentrum in seinem Ansatz und motiviert es, seine Dienstleistungen weiter zu verbessern. Die Forschung bleibt in der Suche nach noch wirksameren Therapien zentral. Das Brustzentrum nimmt daher weiterhin an diversen Studien teil.<\/em><\/p>\n<p align=\"LEFT\">Letztes Jahr wurden am Brustzentrum Freiburg, einer \u00f6ffentlich-privaten Partnerschaft zwischen dem Daler-Spital und dem HFR, 165 neue F\u00e4lle von Brustkrebs behandelt und 5016 Mammografie-Screenings durchgef\u00fchrt. Im Vergleich zum Vorjahr blieben die Zahlen somit konstant. Jeder diagnostizierte Fall wurde im Rahmen der multidisziplin\u00e4ren Sitzung des Zentrums, an der verschiedene Spezialisten teilnehmen, umfassend besprochen, um die bestm\u00f6gliche Behandlung zu bieten.<\/p>\n<p align=\"LEFT\">2019 stiessen zwei im Kanton Freiburg t\u00e4tige plastische Chirurgen zum Brustzentrum, was neu eine Rundumversorgung an den beiden Partnerstandorten erm\u00f6glicht. Die umfassende Betreuung r\u00fcckt somit in die N\u00e4he der Patientinnen: Diese k\u00f6nnen sich nun sowohl im Kanton Freiburg wie auch im CHUV operieren lassen.<\/p>\n<p align=\"LEFT\">Die Patientinnen beurteilten ihre Behandlung als sehr gut. Dies geht aus der Zufriedenheitsumfrage hervor, die an alle Personen versendet wurde, die zwischen 1. Dezember 2018 und 31. M\u00e4rz 2019 behandelt wurden. Die Fragen betrafen insbesondere die fachliche Betreuung, die Klarheit der Informationen und den Mehrwert der Betreuung durch die Breast Care Nurse. Eine von drei Patientinnen beurteilte die Betreuung und die Therapie als \u201eausgezeichnet\u201c, zwei von drei als \u201esehr gut\u201c. 95 Prozent der Patientinnen w\u00fcrden ihren Angeh\u00f6rigen das Brustzentrum Freiburg weiterempfehlen.<\/p>\n<p><strong>Kontinuierliche Forschung als Schl\u00fcssel zur Krebsbek\u00e4mpfung<\/strong><\/p>\n<p align=\"LEFT\">Trotz einer hervorragenden Betreuung bleibt die Forschung im Kampf gegen Brustkrebs, an dem eine von acht Frauen erkranken, zentral. Das Brustzentrum leistet einen konkreten Beitrag zum wissenschaftlichen Fortschritt: 2019 haben verschiedene klinische Studien der Schweizerischen Arbeitsgemeinschaft f\u00fcr Klinische Krebsforschung (SAKK) 33 neue Patientinnen des Brustzentrums Freiburg in verschiedene Protokolle einbezogen. Ferner baute das Brustzentrum neue Partnerschaften auf, sowohl lokal mit der Universit\u00e4t Freiburg wie international mit der <i>International Breast Cancer Study Group <\/i>(IBCSG).<\/p>\n<p align=\"LEFT\">Zum Schluss: Die Tulpen, die im vergangenen Jahr im Rahmen des Brustkrebsmonats Oktober gepflanzt wurden, schm\u00fccken die Parkanlagen der beiden Spit\u00e4ler bereits farbenpr\u00e4chtig und erinnern an den t\u00e4glichen Einsatz des Brustzentrums f\u00fcr die Freiburger Patientinnen.<\/p>\n<p align=\"LEFT\"><i>Mehr Informationen unter: <\/i><a href=\"http:\/\/www.centre-du-sein-fribourg.ch\/de\">www.centre-du-sein-fribourg.ch\/de<\/a><\/p>\n","protected":false},"excerpt":{"rendered":"<p>Ausbau der plastischen Chirurgie und ausgezeichnete Noten von den Patientinnen\u00a0 Die Anzahl der am Brustzentrum Freiburg betreuten Patientinnen blieb letztes Jahr stabil. 2019 wurden an den beiden Partnerstandorten des Brustzentrums (Daler-Spital und freiburger spital HFR) die ersten plastisch-chirurgischen Eingriffe vorgenommen, [&hellip;]<\/p>\n","protected":false},"author":13,"featured_media":3217,"comment_status":"closed","ping_status":"closed","sticky":false,"template":"","format":"standard","meta":{"footnotes":""},"categories":[2],"tags":[],"class_list":["post-3229","post","type-post","status-publish","format-standard","has-post-thumbnail","hentry","category-unkategorisiert"],"yoast_head":"<!-- This site is optimized with the Yoast SEO plugin v27.5 - https:\/\/yoast.com\/product\/yoast-seo-wordpress\/ -->\n<title>Brustzentrum - Bilanz 2019 - Daler-Spital<\/title>\n<meta name=\"robots\" content=\"index, follow, max-snippet:-1, max-image-preview:large, max-video-preview:-1\" \/>\n<link rel=\"canonical\" href=\"https:\/\/daler.ch\/centre-du-sein-bilan-2019-2\/\" \/>\n<meta property=\"og:locale\" content=\"de_DE\" \/>\n<meta property=\"og:type\" content=\"article\" \/>\n<meta property=\"og:title\" content=\"Brustzentrum - Bilanz 2019 - Daler-Spital\" \/>\n<meta property=\"og:description\" content=\"Ausbau der plastischen Chirurgie und ausgezeichnete Noten von den Patientinnen\u00a0 Die Anzahl der am Brustzentrum Freiburg betreuten Patientinnen blieb letztes Jahr stabil. 2019 wurden an den beiden Partnerstandorten des Brustzentrums (Daler-Spital und freiburger spital HFR) die ersten plastisch-chirurgischen Eingriffe vorgenommen, [&hellip;]\" \/>\n<meta property=\"og:url\" content=\"https:\/\/daler.ch\/centre-du-sein-bilan-2019-2\/\" \/>\n<meta property=\"og:site_name\" content=\"Daler-Spital\" \/>\n<meta property=\"article:published_time\" content=\"2020-05-06T10:14:15+00:00\" \/>\n<meta property=\"og:image\" content=\"https:\/\/daler.ch\/wp-content\/uploads\/2020\/05\/IMG_4795_site1-e1588758411839.png\" \/>\n\t<meta property=\"og:image:width\" content=\"1600\" \/>\n\t<meta property=\"og:image:height\" content=\"500\" \/>\n\t<meta property=\"og:image:type\" content=\"image\/png\" \/>\n<meta name=\"author\" content=\"emblematik-daller\" \/>\n<meta name=\"twitter:card\" content=\"summary_large_image\" \/>\n<meta name=\"twitter:label1\" content=\"Verfasst von\" \/>\n\t<meta name=\"twitter:data1\" content=\"emblematik-daller\" \/>\n\t<meta name=\"twitter:label2\" content=\"Gesch\u00e4tzte Lesezeit\" \/>\n\t<meta name=\"twitter:data2\" content=\"2\u00a0Minuten\" \/>\n<script type=\"application\/ld+json\" class=\"yoast-schema-graph\">{\"@context\":\"https:\\\/\\\/schema.org\",\"@graph\":[{\"@type\":\"Article\",\"@id\":\"https:\\\/\\\/daler.ch\\\/centre-du-sein-bilan-2019-2\\\/#article\",\"isPartOf\":{\"@id\":\"https:\\\/\\\/daler.ch\\\/centre-du-sein-bilan-2019-2\\\/\"},\"author\":{\"name\":\"emblematik-daller\",\"@id\":\"https:\\\/\\\/daler.ch\\\/#\\\/schema\\\/person\\\/3efe34bd72d30c33193e0a6142fd126e\"},\"headline\":\"Brustzentrum &#8211; Bilanz 2019\",\"datePublished\":\"2020-05-06T10:14:15+00:00\",\"mainEntityOfPage\":{\"@id\":\"https:\\\/\\\/daler.ch\\\/centre-du-sein-bilan-2019-2\\\/\"},\"wordCount\":418,\"image\":{\"@id\":\"https:\\\/\\\/daler.ch\\\/centre-du-sein-bilan-2019-2\\\/#primaryimage\"},\"thumbnailUrl\":\"https:\\\/\\\/daler.ch\\\/wp-content\\\/uploads\\\/2020\\\/05\\\/IMG_4795_site1-e1588758411839.png\",\"articleSection\":[\"Unkategorisiert\"],\"inLanguage\":\"de\"},{\"@type\":\"WebPage\",\"@id\":\"https:\\\/\\\/daler.ch\\\/centre-du-sein-bilan-2019-2\\\/\",\"url\":\"https:\\\/\\\/daler.ch\\\/centre-du-sein-bilan-2019-2\\\/\",\"name\":\"Brustzentrum - Bilanz 2019 - Daler-Spital\",\"isPartOf\":{\"@id\":\"https:\\\/\\\/daler.ch\\\/#website\"},\"primaryImageOfPage\":{\"@id\":\"https:\\\/\\\/daler.ch\\\/centre-du-sein-bilan-2019-2\\\/#primaryimage\"},\"image\":{\"@id\":\"https:\\\/\\\/daler.ch\\\/centre-du-sein-bilan-2019-2\\\/#primaryimage\"},\"thumbnailUrl\":\"https:\\\/\\\/daler.ch\\\/wp-content\\\/uploads\\\/2020\\\/05\\\/IMG_4795_site1-e1588758411839.png\",\"datePublished\":\"2020-05-06T10:14:15+00:00\",\"author\":{\"@id\":\"https:\\\/\\\/daler.ch\\\/#\\\/schema\\\/person\\\/3efe34bd72d30c33193e0a6142fd126e\"},\"breadcrumb\":{\"@id\":\"https:\\\/\\\/daler.ch\\\/centre-du-sein-bilan-2019-2\\\/#breadcrumb\"},\"inLanguage\":\"de\",\"potentialAction\":[{\"@type\":\"ReadAction\",\"target\":[\"https:\\\/\\\/daler.ch\\\/centre-du-sein-bilan-2019-2\\\/\"]}]},{\"@type\":\"ImageObject\",\"inLanguage\":\"de\",\"@id\":\"https:\\\/\\\/daler.ch\\\/centre-du-sein-bilan-2019-2\\\/#primaryimage\",\"url\":\"https:\\\/\\\/daler.ch\\\/wp-content\\\/uploads\\\/2020\\\/05\\\/IMG_4795_site1-e1588758411839.png\",\"contentUrl\":\"https:\\\/\\\/daler.ch\\\/wp-content\\\/uploads\\\/2020\\\/05\\\/IMG_4795_site1-e1588758411839.png\",\"width\":1600,\"height\":500},{\"@type\":\"BreadcrumbList\",\"@id\":\"https:\\\/\\\/daler.ch\\\/centre-du-sein-bilan-2019-2\\\/#breadcrumb\",\"itemListElement\":[{\"@type\":\"ListItem\",\"position\":1,\"name\":\"Home\",\"item\":\"https:\\\/\\\/daler.ch\\\/de\\\/\"},{\"@type\":\"ListItem\",\"position\":2,\"name\":\"Brustzentrum &#8211; Bilanz 2019\"}]},{\"@type\":\"WebSite\",\"@id\":\"https:\\\/\\\/daler.ch\\\/#website\",\"url\":\"https:\\\/\\\/daler.ch\\\/\",\"name\":\"Daler-Spital\",\"description\":\"Hopital Daler\",\"potentialAction\":[{\"@type\":\"SearchAction\",\"target\":{\"@type\":\"EntryPoint\",\"urlTemplate\":\"https:\\\/\\\/daler.ch\\\/?s={search_term_string}\"},\"query-input\":{\"@type\":\"PropertyValueSpecification\",\"valueRequired\":true,\"valueName\":\"search_term_string\"}}],\"inLanguage\":\"de\"},{\"@type\":\"Person\",\"@id\":\"https:\\\/\\\/daler.ch\\\/#\\\/schema\\\/person\\\/3efe34bd72d30c33193e0a6142fd126e\",\"name\":\"emblematik-daller\",\"image\":{\"@type\":\"ImageObject\",\"inLanguage\":\"de\",\"@id\":\"https:\\\/\\\/secure.gravatar.com\\\/avatar\\\/a4eebccbc81c422944fd8163ba969d1383db6733d5694ac571ccaf054519f805?s=96&d=mm&r=g\",\"url\":\"https:\\\/\\\/secure.gravatar.com\\\/avatar\\\/a4eebccbc81c422944fd8163ba969d1383db6733d5694ac571ccaf054519f805?s=96&d=mm&r=g\",\"contentUrl\":\"https:\\\/\\\/secure.gravatar.com\\\/avatar\\\/a4eebccbc81c422944fd8163ba969d1383db6733d5694ac571ccaf054519f805?s=96&d=mm&r=g\",\"caption\":\"emblematik-daller\"}}]}<\/script>\n<!-- \/ Yoast SEO plugin. -->","yoast_head_json":{"title":"Brustzentrum - Bilanz 2019 - Daler-Spital","robots":{"index":"index","follow":"follow","max-snippet":"max-snippet:-1","max-image-preview":"max-image-preview:large","max-video-preview":"max-video-preview:-1"},"canonical":"https:\/\/daler.ch\/centre-du-sein-bilan-2019-2\/","og_locale":"de_DE","og_type":"article","og_title":"Brustzentrum - Bilanz 2019 - Daler-Spital","og_description":"Ausbau der plastischen Chirurgie und ausgezeichnete Noten von den Patientinnen\u00a0 Die Anzahl der am Brustzentrum Freiburg betreuten Patientinnen blieb letztes Jahr stabil. 2019 wurden an den beiden Partnerstandorten des Brustzentrums (Daler-Spital und freiburger spital HFR) die ersten plastisch-chirurgischen Eingriffe vorgenommen, [&hellip;]","og_url":"https:\/\/daler.ch\/centre-du-sein-bilan-2019-2\/","og_site_name":"Daler-Spital","article_published_time":"2020-05-06T10:14:15+00:00","og_image":[{"width":1600,"height":500,"url":"https:\/\/daler.ch\/wp-content\/uploads\/2020\/05\/IMG_4795_site1-e1588758411839.png","type":"image\/png"}],"author":"emblematik-daller","twitter_card":"summary_large_image","twitter_misc":{"Verfasst von":"emblematik-daller","Gesch\u00e4tzte Lesezeit":"2\u00a0Minuten"},"schema":{"@context":"https:\/\/schema.org","@graph":[{"@type":"Article","@id":"https:\/\/daler.ch\/centre-du-sein-bilan-2019-2\/#article","isPartOf":{"@id":"https:\/\/daler.ch\/centre-du-sein-bilan-2019-2\/"},"author":{"name":"emblematik-daller","@id":"https:\/\/daler.ch\/#\/schema\/person\/3efe34bd72d30c33193e0a6142fd126e"},"headline":"Brustzentrum &#8211; Bilanz 2019","datePublished":"2020-05-06T10:14:15+00:00","mainEntityOfPage":{"@id":"https:\/\/daler.ch\/centre-du-sein-bilan-2019-2\/"},"wordCount":418,"image":{"@id":"https:\/\/daler.ch\/centre-du-sein-bilan-2019-2\/#primaryimage"},"thumbnailUrl":"https:\/\/daler.ch\/wp-content\/uploads\/2020\/05\/IMG_4795_site1-e1588758411839.png","articleSection":["Unkategorisiert"],"inLanguage":"de"},{"@type":"WebPage","@id":"https:\/\/daler.ch\/centre-du-sein-bilan-2019-2\/","url":"https:\/\/daler.ch\/centre-du-sein-bilan-2019-2\/","name":"Brustzentrum - Bilanz 2019 - Daler-Spital","isPartOf":{"@id":"https:\/\/daler.ch\/#website"},"primaryImageOfPage":{"@id":"https:\/\/daler.ch\/centre-du-sein-bilan-2019-2\/#primaryimage"},"image":{"@id":"https:\/\/daler.ch\/centre-du-sein-bilan-2019-2\/#primaryimage"},"thumbnailUrl":"https:\/\/daler.ch\/wp-content\/uploads\/2020\/05\/IMG_4795_site1-e1588758411839.png","datePublished":"2020-05-06T10:14:15+00:00","author":{"@id":"https:\/\/daler.ch\/#\/schema\/person\/3efe34bd72d30c33193e0a6142fd126e"},"breadcrumb":{"@id":"https:\/\/daler.ch\/centre-du-sein-bilan-2019-2\/#breadcrumb"},"inLanguage":"de","potentialAction":[{"@type":"ReadAction","target":["https:\/\/daler.ch\/centre-du-sein-bilan-2019-2\/"]}]},{"@type":"ImageObject","inLanguage":"de","@id":"https:\/\/daler.ch\/centre-du-sein-bilan-2019-2\/#primaryimage","url":"https:\/\/daler.ch\/wp-content\/uploads\/2020\/05\/IMG_4795_site1-e1588758411839.png","contentUrl":"https:\/\/daler.ch\/wp-content\/uploads\/2020\/05\/IMG_4795_site1-e1588758411839.png","width":1600,"height":500},{"@type":"BreadcrumbList","@id":"https:\/\/daler.ch\/centre-du-sein-bilan-2019-2\/#breadcrumb","itemListElement":[{"@type":"ListItem","position":1,"name":"Home","item":"https:\/\/daler.ch\/de\/"},{"@type":"ListItem","position":2,"name":"Brustzentrum &#8211; Bilanz 2019"}]},{"@type":"WebSite","@id":"https:\/\/daler.ch\/#website","url":"https:\/\/daler.ch\/","name":"Daler-Spital","description":"Hopital Daler","potentialAction":[{"@type":"SearchAction","target":{"@type":"EntryPoint","urlTemplate":"https:\/\/daler.ch\/?s={search_term_string}"},"query-input":{"@type":"PropertyValueSpecification","valueRequired":true,"valueName":"search_term_string"}}],"inLanguage":"de"},{"@type":"Person","@id":"https:\/\/daler.ch\/#\/schema\/person\/3efe34bd72d30c33193e0a6142fd126e","name":"emblematik-daller","image":{"@type":"ImageObject","inLanguage":"de","@id":"https:\/\/secure.gravatar.com\/avatar\/a4eebccbc81c422944fd8163ba969d1383db6733d5694ac571ccaf054519f805?s=96&d=mm&r=g","url":"https:\/\/secure.gravatar.com\/avatar\/a4eebccbc81c422944fd8163ba969d1383db6733d5694ac571ccaf054519f805?s=96&d=mm&r=g","contentUrl":"https:\/\/secure.gravatar.com\/avatar\/a4eebccbc81c422944fd8163ba969d1383db6733d5694ac571ccaf054519f805?s=96&d=mm&r=g","caption":"emblematik-daller"}}]}},"_links":{"self":[{"href":"https:\/\/daler.ch\/de\/wp-json\/wp\/v2\/posts\/3229","targetHints":{"allow":["GET"]}}],"collection":[{"href":"https:\/\/daler.ch\/de\/wp-json\/wp\/v2\/posts"}],"about":[{"href":"https:\/\/daler.ch\/de\/wp-json\/wp\/v2\/types\/post"}],"author":[{"embeddable":true,"href":"https:\/\/daler.ch\/de\/wp-json\/wp\/v2\/users\/13"}],"replies":[{"embeddable":true,"href":"https:\/\/daler.ch\/de\/wp-json\/wp\/v2\/comments?post=3229"}],"version-history":[{"count":1,"href":"https:\/\/daler.ch\/de\/wp-json\/wp\/v2\/posts\/3229\/revisions"}],"predecessor-version":[{"id":3230,"href":"https:\/\/daler.ch\/de\/wp-json\/wp\/v2\/posts\/3229\/revisions\/3230"}],"wp:featuredmedia":[{"embeddable":true,"href":"https:\/\/daler.ch\/de\/wp-json\/wp\/v2\/media\/3217"}],"wp:attachment":[{"href":"https:\/\/daler.ch\/de\/wp-json\/wp\/v2\/media?parent=3229"}],"wp:term":[{"taxonomy":"category","embeddable":true,"href":"https:\/\/daler.ch\/de\/wp-json\/wp\/v2\/categories?post=3229"},{"taxonomy":"post_tag","embeddable":true,"href":"https:\/\/daler.ch\/de\/wp-json\/wp\/v2\/tags?post=3229"}],"curies":[{"name":"wp","href":"https:\/\/api.w.org\/{rel}","templated":true}]}}