{"id":3410,"date":"2020-07-27T14:57:34","date_gmt":"2020-07-27T12:57:34","guid":{"rendered":"https:\/\/www.daler.ch\/?p=3410"},"modified":"2020-08-31T15:19:46","modified_gmt":"2020-08-31T13:19:46","slug":"akkreditierung-von-prof-bruno-roch","status":"publish","type":"post","link":"https:\/\/daler.ch\/de\/akkreditierung-von-prof-bruno-roch\/","title":{"rendered":"Akkreditierung von Prof. Bruno Roch"},"content":{"rendered":"<p>Am 8. Juni 2020 hat der Vorstand des Daler-Spitals die Akkreditierung von PD Prof. Dr. med. Bruno Roche, Facharzt FMH f\u00fcr Allgemeine Chirurgie und Spezialist f\u00fcr Proktologie und Perineologie angenommen.<\/p>\n<p>Er schloss 1991 sein Studium an der Medizinischen Fakult\u00e4t der Universit\u00e4t Genf ab und erwarb 1992 den FMH-Facharzttitel in Chirurgie. 2001 erlangte er an der Universit\u00e4t Genf den Titel Privatdozent. W\u00e4hrend seiner praktischen und wissenschaftlichen Laufbahn war er in verschiedenen Spit\u00e4lern in der Schweiz und im Ausland t\u00e4tig, unter anderem am Universit\u00e4tsspital Genf, wo er Leitender Arzt der Abteilung Proktologie, Viszeralchirurgie war. Seit 2016 ist er ausserdem Professor an der Medizinischen Fakult\u00e4t der Universit\u00e4t Genf. Seit 2018 ist Professor Bruno Roche im Privatspital Clinique des Grangettes (GE) t\u00e4tig.<\/p>\n<p>Das Daler Spital freut sich, sein \u00c4rzteteam durch einen erfahrenen Spezialisten auf dem Gebiet der Proktologischen und Perioneologischen Chirurgie zu erweitern.<\/p>\n","protected":false},"excerpt":{"rendered":"<p>Am 8. Juni 2020 hat der Vorstand des Daler-Spitals die Akkreditierung von PD Prof. Dr. med. Bruno Roche, Facharzt FMH f\u00fcr Allgemeine Chirurgie und Spezialist f\u00fcr Proktologie und Perineologie angenommen. Er schloss 1991 sein Studium an der Medizinischen Fakult\u00e4t der [&hellip;]<\/p>\n","protected":false},"author":13,"featured_media":3408,"comment_status":"closed","ping_status":"closed","sticky":false,"template":"","format":"standard","meta":{"footnotes":""},"categories":[2],"tags":[],"class_list":["post-3410","post","type-post","status-publish","format-standard","has-post-thumbnail","hentry","category-unkategorisiert"],"yoast_head":"<!-- This site is optimized with the Yoast SEO plugin v27.5 - https:\/\/yoast.com\/product\/yoast-seo-wordpress\/ -->\n<title>Akkreditierung von Prof. Bruno Roch - Daler-Spital<\/title>\n<meta name=\"robots\" content=\"index, follow, max-snippet:-1, max-image-preview:large, max-video-preview:-1\" \/>\n<link rel=\"canonical\" href=\"https:\/\/daler.ch\/accreditation-du-prof-bruno-roche\/\" \/>\n<meta property=\"og:locale\" content=\"de_DE\" \/>\n<meta property=\"og:type\" content=\"article\" \/>\n<meta property=\"og:title\" content=\"Akkreditierung von Prof. Bruno Roch - Daler-Spital\" \/>\n<meta property=\"og:description\" content=\"Am 8. Juni 2020 hat der Vorstand des Daler-Spitals die Akkreditierung von PD Prof. Dr. med. Bruno Roche, Facharzt FMH f\u00fcr Allgemeine Chirurgie und Spezialist f\u00fcr Proktologie und Perineologie angenommen. Er schloss 1991 sein Studium an der Medizinischen Fakult\u00e4t der [&hellip;]\" \/>\n<meta property=\"og:url\" content=\"https:\/\/daler.ch\/accreditation-du-prof-bruno-roche\/\" \/>\n<meta property=\"og:site_name\" content=\"Daler-Spital\" \/>\n<meta property=\"article:published_time\" content=\"2020-07-27T12:57:34+00:00\" \/>\n<meta property=\"article:modified_time\" content=\"2020-08-31T13:19:46+00:00\" \/>\n<meta property=\"og:image\" content=\"https:\/\/daler.ch\/wp-content\/uploads\/2020\/07\/Daler_lot1_072015_009-1200x375.jpg\" \/>\n\t<meta property=\"og:image:width\" content=\"1200\" \/>\n\t<meta property=\"og:image:height\" content=\"375\" \/>\n\t<meta property=\"og:image:type\" content=\"image\/jpeg\" \/>\n<meta name=\"author\" content=\"emblematik-daller\" \/>\n<meta name=\"twitter:card\" content=\"summary_large_image\" \/>\n<meta name=\"twitter:label1\" content=\"Verfasst von\" \/>\n\t<meta name=\"twitter:data1\" content=\"emblematik-daller\" \/>\n\t<meta name=\"twitter:label2\" content=\"Gesch\u00e4tzte Lesezeit\" \/>\n\t<meta name=\"twitter:data2\" content=\"1\u00a0Minute\" \/>\n<script type=\"application\/ld+json\" class=\"yoast-schema-graph\">{\"@context\":\"https:\\\/\\\/schema.org\",\"@graph\":[{\"@type\":\"Article\",\"@id\":\"https:\\\/\\\/daler.ch\\\/accreditation-du-prof-bruno-roche\\\/#article\",\"isPartOf\":{\"@id\":\"https:\\\/\\\/daler.ch\\\/accreditation-du-prof-bruno-roche\\\/\"},\"author\":{\"name\":\"emblematik-daller\",\"@id\":\"https:\\\/\\\/daler.ch\\\/#\\\/schema\\\/person\\\/3efe34bd72d30c33193e0a6142fd126e\"},\"headline\":\"Akkreditierung von Prof. Bruno Roch\",\"datePublished\":\"2020-07-27T12:57:34+00:00\",\"dateModified\":\"2020-08-31T13:19:46+00:00\",\"mainEntityOfPage\":{\"@id\":\"https:\\\/\\\/daler.ch\\\/accreditation-du-prof-bruno-roche\\\/\"},\"wordCount\":149,\"image\":{\"@id\":\"https:\\\/\\\/daler.ch\\\/accreditation-du-prof-bruno-roche\\\/#primaryimage\"},\"thumbnailUrl\":\"https:\\\/\\\/daler.ch\\\/wp-content\\\/uploads\\\/2020\\\/07\\\/Daler_lot1_072015_009.jpg\",\"articleSection\":[\"Unkategorisiert\"],\"inLanguage\":\"de\"},{\"@type\":\"WebPage\",\"@id\":\"https:\\\/\\\/daler.ch\\\/accreditation-du-prof-bruno-roche\\\/\",\"url\":\"https:\\\/\\\/daler.ch\\\/accreditation-du-prof-bruno-roche\\\/\",\"name\":\"Akkreditierung von Prof. Bruno Roch - Daler-Spital\",\"isPartOf\":{\"@id\":\"https:\\\/\\\/daler.ch\\\/#website\"},\"primaryImageOfPage\":{\"@id\":\"https:\\\/\\\/daler.ch\\\/accreditation-du-prof-bruno-roche\\\/#primaryimage\"},\"image\":{\"@id\":\"https:\\\/\\\/daler.ch\\\/accreditation-du-prof-bruno-roche\\\/#primaryimage\"},\"thumbnailUrl\":\"https:\\\/\\\/daler.ch\\\/wp-content\\\/uploads\\\/2020\\\/07\\\/Daler_lot1_072015_009.jpg\",\"datePublished\":\"2020-07-27T12:57:34+00:00\",\"dateModified\":\"2020-08-31T13:19:46+00:00\",\"author\":{\"@id\":\"https:\\\/\\\/daler.ch\\\/#\\\/schema\\\/person\\\/3efe34bd72d30c33193e0a6142fd126e\"},\"breadcrumb\":{\"@id\":\"https:\\\/\\\/daler.ch\\\/accreditation-du-prof-bruno-roche\\\/#breadcrumb\"},\"inLanguage\":\"de\",\"potentialAction\":[{\"@type\":\"ReadAction\",\"target\":[\"https:\\\/\\\/daler.ch\\\/accreditation-du-prof-bruno-roche\\\/\"]}]},{\"@type\":\"ImageObject\",\"inLanguage\":\"de\",\"@id\":\"https:\\\/\\\/daler.ch\\\/accreditation-du-prof-bruno-roche\\\/#primaryimage\",\"url\":\"https:\\\/\\\/daler.ch\\\/wp-content\\\/uploads\\\/2020\\\/07\\\/Daler_lot1_072015_009.jpg\",\"contentUrl\":\"https:\\\/\\\/daler.ch\\\/wp-content\\\/uploads\\\/2020\\\/07\\\/Daler_lot1_072015_009.jpg\",\"width\":5082,\"height\":1588},{\"@type\":\"BreadcrumbList\",\"@id\":\"https:\\\/\\\/daler.ch\\\/accreditation-du-prof-bruno-roche\\\/#breadcrumb\",\"itemListElement\":[{\"@type\":\"ListItem\",\"position\":1,\"name\":\"Home\",\"item\":\"https:\\\/\\\/daler.ch\\\/de\\\/\"},{\"@type\":\"ListItem\",\"position\":2,\"name\":\"Akkreditierung von Prof. Bruno Roch\"}]},{\"@type\":\"WebSite\",\"@id\":\"https:\\\/\\\/daler.ch\\\/#website\",\"url\":\"https:\\\/\\\/daler.ch\\\/\",\"name\":\"Daler-Spital\",\"description\":\"Hopital Daler\",\"potentialAction\":[{\"@type\":\"SearchAction\",\"target\":{\"@type\":\"EntryPoint\",\"urlTemplate\":\"https:\\\/\\\/daler.ch\\\/?s={search_term_string}\"},\"query-input\":{\"@type\":\"PropertyValueSpecification\",\"valueRequired\":true,\"valueName\":\"search_term_string\"}}],\"inLanguage\":\"de\"},{\"@type\":\"Person\",\"@id\":\"https:\\\/\\\/daler.ch\\\/#\\\/schema\\\/person\\\/3efe34bd72d30c33193e0a6142fd126e\",\"name\":\"emblematik-daller\",\"image\":{\"@type\":\"ImageObject\",\"inLanguage\":\"de\",\"@id\":\"https:\\\/\\\/secure.gravatar.com\\\/avatar\\\/a4eebccbc81c422944fd8163ba969d1383db6733d5694ac571ccaf054519f805?s=96&d=mm&r=g\",\"url\":\"https:\\\/\\\/secure.gravatar.com\\\/avatar\\\/a4eebccbc81c422944fd8163ba969d1383db6733d5694ac571ccaf054519f805?s=96&d=mm&r=g\",\"contentUrl\":\"https:\\\/\\\/secure.gravatar.com\\\/avatar\\\/a4eebccbc81c422944fd8163ba969d1383db6733d5694ac571ccaf054519f805?s=96&d=mm&r=g\",\"caption\":\"emblematik-daller\"}}]}<\/script>\n<!-- \/ Yoast SEO plugin. -->","yoast_head_json":{"title":"Akkreditierung von Prof. Bruno Roch - Daler-Spital","robots":{"index":"index","follow":"follow","max-snippet":"max-snippet:-1","max-image-preview":"max-image-preview:large","max-video-preview":"max-video-preview:-1"},"canonical":"https:\/\/daler.ch\/accreditation-du-prof-bruno-roche\/","og_locale":"de_DE","og_type":"article","og_title":"Akkreditierung von Prof. Bruno Roch - Daler-Spital","og_description":"Am 8. Juni 2020 hat der Vorstand des Daler-Spitals die Akkreditierung von PD Prof. Dr. med. Bruno Roche, Facharzt FMH f\u00fcr Allgemeine Chirurgie und Spezialist f\u00fcr Proktologie und Perineologie angenommen. Er schloss 1991 sein Studium an der Medizinischen Fakult\u00e4t der [&hellip;]","og_url":"https:\/\/daler.ch\/accreditation-du-prof-bruno-roche\/","og_site_name":"Daler-Spital","article_published_time":"2020-07-27T12:57:34+00:00","article_modified_time":"2020-08-31T13:19:46+00:00","og_image":[{"width":1200,"height":375,"url":"https:\/\/daler.ch\/wp-content\/uploads\/2020\/07\/Daler_lot1_072015_009-1200x375.jpg","type":"image\/jpeg"}],"author":"emblematik-daller","twitter_card":"summary_large_image","twitter_misc":{"Verfasst von":"emblematik-daller","Gesch\u00e4tzte Lesezeit":"1\u00a0Minute"},"schema":{"@context":"https:\/\/schema.org","@graph":[{"@type":"Article","@id":"https:\/\/daler.ch\/accreditation-du-prof-bruno-roche\/#article","isPartOf":{"@id":"https:\/\/daler.ch\/accreditation-du-prof-bruno-roche\/"},"author":{"name":"emblematik-daller","@id":"https:\/\/daler.ch\/#\/schema\/person\/3efe34bd72d30c33193e0a6142fd126e"},"headline":"Akkreditierung von Prof. Bruno Roch","datePublished":"2020-07-27T12:57:34+00:00","dateModified":"2020-08-31T13:19:46+00:00","mainEntityOfPage":{"@id":"https:\/\/daler.ch\/accreditation-du-prof-bruno-roche\/"},"wordCount":149,"image":{"@id":"https:\/\/daler.ch\/accreditation-du-prof-bruno-roche\/#primaryimage"},"thumbnailUrl":"https:\/\/daler.ch\/wp-content\/uploads\/2020\/07\/Daler_lot1_072015_009.jpg","articleSection":["Unkategorisiert"],"inLanguage":"de"},{"@type":"WebPage","@id":"https:\/\/daler.ch\/accreditation-du-prof-bruno-roche\/","url":"https:\/\/daler.ch\/accreditation-du-prof-bruno-roche\/","name":"Akkreditierung von Prof. Bruno Roch - Daler-Spital","isPartOf":{"@id":"https:\/\/daler.ch\/#website"},"primaryImageOfPage":{"@id":"https:\/\/daler.ch\/accreditation-du-prof-bruno-roche\/#primaryimage"},"image":{"@id":"https:\/\/daler.ch\/accreditation-du-prof-bruno-roche\/#primaryimage"},"thumbnailUrl":"https:\/\/daler.ch\/wp-content\/uploads\/2020\/07\/Daler_lot1_072015_009.jpg","datePublished":"2020-07-27T12:57:34+00:00","dateModified":"2020-08-31T13:19:46+00:00","author":{"@id":"https:\/\/daler.ch\/#\/schema\/person\/3efe34bd72d30c33193e0a6142fd126e"},"breadcrumb":{"@id":"https:\/\/daler.ch\/accreditation-du-prof-bruno-roche\/#breadcrumb"},"inLanguage":"de","potentialAction":[{"@type":"ReadAction","target":["https:\/\/daler.ch\/accreditation-du-prof-bruno-roche\/"]}]},{"@type":"ImageObject","inLanguage":"de","@id":"https:\/\/daler.ch\/accreditation-du-prof-bruno-roche\/#primaryimage","url":"https:\/\/daler.ch\/wp-content\/uploads\/2020\/07\/Daler_lot1_072015_009.jpg","contentUrl":"https:\/\/daler.ch\/wp-content\/uploads\/2020\/07\/Daler_lot1_072015_009.jpg","width":5082,"height":1588},{"@type":"BreadcrumbList","@id":"https:\/\/daler.ch\/accreditation-du-prof-bruno-roche\/#breadcrumb","itemListElement":[{"@type":"ListItem","position":1,"name":"Home","item":"https:\/\/daler.ch\/de\/"},{"@type":"ListItem","position":2,"name":"Akkreditierung von Prof. Bruno Roch"}]},{"@type":"WebSite","@id":"https:\/\/daler.ch\/#website","url":"https:\/\/daler.ch\/","name":"Daler-Spital","description":"Hopital Daler","potentialAction":[{"@type":"SearchAction","target":{"@type":"EntryPoint","urlTemplate":"https:\/\/daler.ch\/?s={search_term_string}"},"query-input":{"@type":"PropertyValueSpecification","valueRequired":true,"valueName":"search_term_string"}}],"inLanguage":"de"},{"@type":"Person","@id":"https:\/\/daler.ch\/#\/schema\/person\/3efe34bd72d30c33193e0a6142fd126e","name":"emblematik-daller","image":{"@type":"ImageObject","inLanguage":"de","@id":"https:\/\/secure.gravatar.com\/avatar\/a4eebccbc81c422944fd8163ba969d1383db6733d5694ac571ccaf054519f805?s=96&d=mm&r=g","url":"https:\/\/secure.gravatar.com\/avatar\/a4eebccbc81c422944fd8163ba969d1383db6733d5694ac571ccaf054519f805?s=96&d=mm&r=g","contentUrl":"https:\/\/secure.gravatar.com\/avatar\/a4eebccbc81c422944fd8163ba969d1383db6733d5694ac571ccaf054519f805?s=96&d=mm&r=g","caption":"emblematik-daller"}}]}},"_links":{"self":[{"href":"https:\/\/daler.ch\/de\/wp-json\/wp\/v2\/posts\/3410","targetHints":{"allow":["GET"]}}],"collection":[{"href":"https:\/\/daler.ch\/de\/wp-json\/wp\/v2\/posts"}],"about":[{"href":"https:\/\/daler.ch\/de\/wp-json\/wp\/v2\/types\/post"}],"author":[{"embeddable":true,"href":"https:\/\/daler.ch\/de\/wp-json\/wp\/v2\/users\/13"}],"replies":[{"embeddable":true,"href":"https:\/\/daler.ch\/de\/wp-json\/wp\/v2\/comments?post=3410"}],"version-history":[{"count":2,"href":"https:\/\/daler.ch\/de\/wp-json\/wp\/v2\/posts\/3410\/revisions"}],"predecessor-version":[{"id":3462,"href":"https:\/\/daler.ch\/de\/wp-json\/wp\/v2\/posts\/3410\/revisions\/3462"}],"wp:featuredmedia":[{"embeddable":true,"href":"https:\/\/daler.ch\/de\/wp-json\/wp\/v2\/media\/3408"}],"wp:attachment":[{"href":"https:\/\/daler.ch\/de\/wp-json\/wp\/v2\/media?parent=3410"}],"wp:term":[{"taxonomy":"category","embeddable":true,"href":"https:\/\/daler.ch\/de\/wp-json\/wp\/v2\/categories?post=3410"},{"taxonomy":"post_tag","embeddable":true,"href":"https:\/\/daler.ch\/de\/wp-json\/wp\/v2\/tags?post=3410"}],"curies":[{"name":"wp","href":"https:\/\/api.w.org\/{rel}","templated":true}]}}