{"id":3414,"date":"2020-07-27T15:06:40","date_gmt":"2020-07-27T13:06:40","guid":{"rendered":"https:\/\/www.daler.ch\/?p=3414"},"modified":"2020-07-27T15:06:40","modified_gmt":"2020-07-27T13:06:40","slug":"akkreditierung-von-dr-alyne-bosson","status":"publish","type":"post","link":"https:\/\/daler.ch\/de\/akkreditierung-von-dr-alyne-bosson\/","title":{"rendered":"Akkreditierung von Dr. Alyne Bosson"},"content":{"rendered":"<p>Am 8. Juni 2020 hat der Vorstand des Daler-Spitals die Akkreditierung von Dr. Alyne Bosson, Fach\u00e4rztin FMH f\u00fcr Gyn\u00e4kologie und Geburtshilfe angenommen. <\/p>\n<p>Frau Dr. Alyne Bosson hat 2010 an der Medizinischen Fakult\u00e4t der Universit\u00e4t Lausanne ihr Staatsexamen abgelegt. Danach hat sie sich in Gyn\u00e4kologie und Geburtshilfe spezialisiert und erwarb ihre FMH-Weiterbildungstitel in 2018. Ihre Weiterbildung zur Fach\u00e4rztin f\u00fcr Gyn\u00e4kologie und Geburtshilfe setzte sie insbesondere am Universit\u00e4tsspital CHUV Lausanne (Prof. Patrice Mathevet) und in der H\u00f4pital \u00abRiviera-Chablais\u00bb (site du Samaritain\/Dr Christian Valla) fort. Seitdem, betreibt Frau Dr. Alyne Bosson eine T\u00e4tigkeit in einer Privatpraxis in Freiburg. <\/p>\n<p>Das Daler Spital freut sich, sein \u00c4rzteteam durch eine erfahrene Spezialistin auf dem Gebiet der Gyn\u00e4kologie zu erweitern.<\/p>\n","protected":false},"excerpt":{"rendered":"<p>Am 8. Juni 2020 hat der Vorstand des Daler-Spitals die Akkreditierung von Dr. Alyne Bosson, Fach\u00e4rztin FMH f\u00fcr Gyn\u00e4kologie und Geburtshilfe angenommen. Frau Dr. Alyne Bosson hat 2010 an der Medizinischen Fakult\u00e4t der Universit\u00e4t Lausanne ihr Staatsexamen abgelegt. Danach hat [&hellip;]<\/p>\n","protected":false},"author":13,"featured_media":2259,"comment_status":"closed","ping_status":"closed","sticky":false,"template":"","format":"standard","meta":{"footnotes":""},"categories":[2],"tags":[],"class_list":["post-3414","post","type-post","status-publish","format-standard","has-post-thumbnail","hentry","category-unkategorisiert"],"yoast_head":"<!-- This site is optimized with the Yoast SEO plugin v27.5 - https:\/\/yoast.com\/product\/yoast-seo-wordpress\/ -->\n<title>Akkreditierung von Dr. Alyne Bosson - Daler-Spital<\/title>\n<meta name=\"robots\" content=\"index, follow, max-snippet:-1, max-image-preview:large, max-video-preview:-1\" \/>\n<link rel=\"canonical\" href=\"https:\/\/daler.ch\/accreditation-de-la-dre-alyne-bosson\/\" \/>\n<meta property=\"og:locale\" content=\"de_DE\" \/>\n<meta property=\"og:type\" content=\"article\" \/>\n<meta property=\"og:title\" content=\"Akkreditierung von Dr. Alyne Bosson - Daler-Spital\" \/>\n<meta property=\"og:description\" content=\"Am 8. Juni 2020 hat der Vorstand des Daler-Spitals die Akkreditierung von Dr. Alyne Bosson, Fach\u00e4rztin FMH f\u00fcr Gyn\u00e4kologie und Geburtshilfe angenommen. Frau Dr. Alyne Bosson hat 2010 an der Medizinischen Fakult\u00e4t der Universit\u00e4t Lausanne ihr Staatsexamen abgelegt. Danach hat [&hellip;]\" \/>\n<meta property=\"og:url\" content=\"https:\/\/daler.ch\/accreditation-de-la-dre-alyne-bosson\/\" \/>\n<meta property=\"og:site_name\" content=\"Daler-Spital\" \/>\n<meta property=\"article:published_time\" content=\"2020-07-27T13:06:40+00:00\" \/>\n<meta property=\"og:image\" content=\"https:\/\/daler.ch\/wp-content\/uploads\/2018\/06\/accueil_0aler.jpg\" \/>\n\t<meta property=\"og:image:width\" content=\"1600\" \/>\n\t<meta property=\"og:image:height\" content=\"500\" \/>\n\t<meta property=\"og:image:type\" content=\"image\/jpeg\" \/>\n<meta name=\"author\" content=\"emblematik-daller\" \/>\n<meta name=\"twitter:card\" content=\"summary_large_image\" \/>\n<meta name=\"twitter:label1\" content=\"Verfasst von\" \/>\n\t<meta name=\"twitter:data1\" content=\"emblematik-daller\" \/>\n\t<meta name=\"twitter:label2\" content=\"Gesch\u00e4tzte Lesezeit\" \/>\n\t<meta name=\"twitter:data2\" content=\"1\u00a0Minute\" \/>\n<script type=\"application\/ld+json\" class=\"yoast-schema-graph\">{\"@context\":\"https:\\\/\\\/schema.org\",\"@graph\":[{\"@type\":\"Article\",\"@id\":\"https:\\\/\\\/daler.ch\\\/accreditation-de-la-dre-alyne-bosson\\\/#article\",\"isPartOf\":{\"@id\":\"https:\\\/\\\/daler.ch\\\/accreditation-de-la-dre-alyne-bosson\\\/\"},\"author\":{\"name\":\"emblematik-daller\",\"@id\":\"https:\\\/\\\/daler.ch\\\/#\\\/schema\\\/person\\\/3efe34bd72d30c33193e0a6142fd126e\"},\"headline\":\"Akkreditierung von Dr. Alyne Bosson\",\"datePublished\":\"2020-07-27T13:06:40+00:00\",\"mainEntityOfPage\":{\"@id\":\"https:\\\/\\\/daler.ch\\\/accreditation-de-la-dre-alyne-bosson\\\/\"},\"wordCount\":128,\"image\":{\"@id\":\"https:\\\/\\\/daler.ch\\\/accreditation-de-la-dre-alyne-bosson\\\/#primaryimage\"},\"thumbnailUrl\":\"https:\\\/\\\/daler.ch\\\/wp-content\\\/uploads\\\/2018\\\/06\\\/accueil_0aler.jpg\",\"articleSection\":[\"Unkategorisiert\"],\"inLanguage\":\"de\"},{\"@type\":\"WebPage\",\"@id\":\"https:\\\/\\\/daler.ch\\\/accreditation-de-la-dre-alyne-bosson\\\/\",\"url\":\"https:\\\/\\\/daler.ch\\\/accreditation-de-la-dre-alyne-bosson\\\/\",\"name\":\"Akkreditierung von Dr. Alyne Bosson - Daler-Spital\",\"isPartOf\":{\"@id\":\"https:\\\/\\\/daler.ch\\\/#website\"},\"primaryImageOfPage\":{\"@id\":\"https:\\\/\\\/daler.ch\\\/accreditation-de-la-dre-alyne-bosson\\\/#primaryimage\"},\"image\":{\"@id\":\"https:\\\/\\\/daler.ch\\\/accreditation-de-la-dre-alyne-bosson\\\/#primaryimage\"},\"thumbnailUrl\":\"https:\\\/\\\/daler.ch\\\/wp-content\\\/uploads\\\/2018\\\/06\\\/accueil_0aler.jpg\",\"datePublished\":\"2020-07-27T13:06:40+00:00\",\"author\":{\"@id\":\"https:\\\/\\\/daler.ch\\\/#\\\/schema\\\/person\\\/3efe34bd72d30c33193e0a6142fd126e\"},\"breadcrumb\":{\"@id\":\"https:\\\/\\\/daler.ch\\\/accreditation-de-la-dre-alyne-bosson\\\/#breadcrumb\"},\"inLanguage\":\"de\",\"potentialAction\":[{\"@type\":\"ReadAction\",\"target\":[\"https:\\\/\\\/daler.ch\\\/accreditation-de-la-dre-alyne-bosson\\\/\"]}]},{\"@type\":\"ImageObject\",\"inLanguage\":\"de\",\"@id\":\"https:\\\/\\\/daler.ch\\\/accreditation-de-la-dre-alyne-bosson\\\/#primaryimage\",\"url\":\"https:\\\/\\\/daler.ch\\\/wp-content\\\/uploads\\\/2018\\\/06\\\/accueil_0aler.jpg\",\"contentUrl\":\"https:\\\/\\\/daler.ch\\\/wp-content\\\/uploads\\\/2018\\\/06\\\/accueil_0aler.jpg\",\"width\":1600,\"height\":500},{\"@type\":\"BreadcrumbList\",\"@id\":\"https:\\\/\\\/daler.ch\\\/accreditation-de-la-dre-alyne-bosson\\\/#breadcrumb\",\"itemListElement\":[{\"@type\":\"ListItem\",\"position\":1,\"name\":\"Home\",\"item\":\"https:\\\/\\\/daler.ch\\\/de\\\/\"},{\"@type\":\"ListItem\",\"position\":2,\"name\":\"Akkreditierung von Dr. Alyne Bosson\"}]},{\"@type\":\"WebSite\",\"@id\":\"https:\\\/\\\/daler.ch\\\/#website\",\"url\":\"https:\\\/\\\/daler.ch\\\/\",\"name\":\"Daler-Spital\",\"description\":\"Hopital Daler\",\"potentialAction\":[{\"@type\":\"SearchAction\",\"target\":{\"@type\":\"EntryPoint\",\"urlTemplate\":\"https:\\\/\\\/daler.ch\\\/?s={search_term_string}\"},\"query-input\":{\"@type\":\"PropertyValueSpecification\",\"valueRequired\":true,\"valueName\":\"search_term_string\"}}],\"inLanguage\":\"de\"},{\"@type\":\"Person\",\"@id\":\"https:\\\/\\\/daler.ch\\\/#\\\/schema\\\/person\\\/3efe34bd72d30c33193e0a6142fd126e\",\"name\":\"emblematik-daller\",\"image\":{\"@type\":\"ImageObject\",\"inLanguage\":\"de\",\"@id\":\"https:\\\/\\\/secure.gravatar.com\\\/avatar\\\/a4eebccbc81c422944fd8163ba969d1383db6733d5694ac571ccaf054519f805?s=96&d=mm&r=g\",\"url\":\"https:\\\/\\\/secure.gravatar.com\\\/avatar\\\/a4eebccbc81c422944fd8163ba969d1383db6733d5694ac571ccaf054519f805?s=96&d=mm&r=g\",\"contentUrl\":\"https:\\\/\\\/secure.gravatar.com\\\/avatar\\\/a4eebccbc81c422944fd8163ba969d1383db6733d5694ac571ccaf054519f805?s=96&d=mm&r=g\",\"caption\":\"emblematik-daller\"}}]}<\/script>\n<!-- \/ Yoast SEO plugin. -->","yoast_head_json":{"title":"Akkreditierung von Dr. Alyne Bosson - Daler-Spital","robots":{"index":"index","follow":"follow","max-snippet":"max-snippet:-1","max-image-preview":"max-image-preview:large","max-video-preview":"max-video-preview:-1"},"canonical":"https:\/\/daler.ch\/accreditation-de-la-dre-alyne-bosson\/","og_locale":"de_DE","og_type":"article","og_title":"Akkreditierung von Dr. Alyne Bosson - Daler-Spital","og_description":"Am 8. Juni 2020 hat der Vorstand des Daler-Spitals die Akkreditierung von Dr. Alyne Bosson, Fach\u00e4rztin FMH f\u00fcr Gyn\u00e4kologie und Geburtshilfe angenommen. Frau Dr. Alyne Bosson hat 2010 an der Medizinischen Fakult\u00e4t der Universit\u00e4t Lausanne ihr Staatsexamen abgelegt. Danach hat [&hellip;]","og_url":"https:\/\/daler.ch\/accreditation-de-la-dre-alyne-bosson\/","og_site_name":"Daler-Spital","article_published_time":"2020-07-27T13:06:40+00:00","og_image":[{"width":1600,"height":500,"url":"https:\/\/daler.ch\/wp-content\/uploads\/2018\/06\/accueil_0aler.jpg","type":"image\/jpeg"}],"author":"emblematik-daller","twitter_card":"summary_large_image","twitter_misc":{"Verfasst von":"emblematik-daller","Gesch\u00e4tzte Lesezeit":"1\u00a0Minute"},"schema":{"@context":"https:\/\/schema.org","@graph":[{"@type":"Article","@id":"https:\/\/daler.ch\/accreditation-de-la-dre-alyne-bosson\/#article","isPartOf":{"@id":"https:\/\/daler.ch\/accreditation-de-la-dre-alyne-bosson\/"},"author":{"name":"emblematik-daller","@id":"https:\/\/daler.ch\/#\/schema\/person\/3efe34bd72d30c33193e0a6142fd126e"},"headline":"Akkreditierung von Dr. Alyne Bosson","datePublished":"2020-07-27T13:06:40+00:00","mainEntityOfPage":{"@id":"https:\/\/daler.ch\/accreditation-de-la-dre-alyne-bosson\/"},"wordCount":128,"image":{"@id":"https:\/\/daler.ch\/accreditation-de-la-dre-alyne-bosson\/#primaryimage"},"thumbnailUrl":"https:\/\/daler.ch\/wp-content\/uploads\/2018\/06\/accueil_0aler.jpg","articleSection":["Unkategorisiert"],"inLanguage":"de"},{"@type":"WebPage","@id":"https:\/\/daler.ch\/accreditation-de-la-dre-alyne-bosson\/","url":"https:\/\/daler.ch\/accreditation-de-la-dre-alyne-bosson\/","name":"Akkreditierung von Dr. Alyne Bosson - Daler-Spital","isPartOf":{"@id":"https:\/\/daler.ch\/#website"},"primaryImageOfPage":{"@id":"https:\/\/daler.ch\/accreditation-de-la-dre-alyne-bosson\/#primaryimage"},"image":{"@id":"https:\/\/daler.ch\/accreditation-de-la-dre-alyne-bosson\/#primaryimage"},"thumbnailUrl":"https:\/\/daler.ch\/wp-content\/uploads\/2018\/06\/accueil_0aler.jpg","datePublished":"2020-07-27T13:06:40+00:00","author":{"@id":"https:\/\/daler.ch\/#\/schema\/person\/3efe34bd72d30c33193e0a6142fd126e"},"breadcrumb":{"@id":"https:\/\/daler.ch\/accreditation-de-la-dre-alyne-bosson\/#breadcrumb"},"inLanguage":"de","potentialAction":[{"@type":"ReadAction","target":["https:\/\/daler.ch\/accreditation-de-la-dre-alyne-bosson\/"]}]},{"@type":"ImageObject","inLanguage":"de","@id":"https:\/\/daler.ch\/accreditation-de-la-dre-alyne-bosson\/#primaryimage","url":"https:\/\/daler.ch\/wp-content\/uploads\/2018\/06\/accueil_0aler.jpg","contentUrl":"https:\/\/daler.ch\/wp-content\/uploads\/2018\/06\/accueil_0aler.jpg","width":1600,"height":500},{"@type":"BreadcrumbList","@id":"https:\/\/daler.ch\/accreditation-de-la-dre-alyne-bosson\/#breadcrumb","itemListElement":[{"@type":"ListItem","position":1,"name":"Home","item":"https:\/\/daler.ch\/de\/"},{"@type":"ListItem","position":2,"name":"Akkreditierung von Dr. Alyne Bosson"}]},{"@type":"WebSite","@id":"https:\/\/daler.ch\/#website","url":"https:\/\/daler.ch\/","name":"Daler-Spital","description":"Hopital Daler","potentialAction":[{"@type":"SearchAction","target":{"@type":"EntryPoint","urlTemplate":"https:\/\/daler.ch\/?s={search_term_string}"},"query-input":{"@type":"PropertyValueSpecification","valueRequired":true,"valueName":"search_term_string"}}],"inLanguage":"de"},{"@type":"Person","@id":"https:\/\/daler.ch\/#\/schema\/person\/3efe34bd72d30c33193e0a6142fd126e","name":"emblematik-daller","image":{"@type":"ImageObject","inLanguage":"de","@id":"https:\/\/secure.gravatar.com\/avatar\/a4eebccbc81c422944fd8163ba969d1383db6733d5694ac571ccaf054519f805?s=96&d=mm&r=g","url":"https:\/\/secure.gravatar.com\/avatar\/a4eebccbc81c422944fd8163ba969d1383db6733d5694ac571ccaf054519f805?s=96&d=mm&r=g","contentUrl":"https:\/\/secure.gravatar.com\/avatar\/a4eebccbc81c422944fd8163ba969d1383db6733d5694ac571ccaf054519f805?s=96&d=mm&r=g","caption":"emblematik-daller"}}]}},"_links":{"self":[{"href":"https:\/\/daler.ch\/de\/wp-json\/wp\/v2\/posts\/3414","targetHints":{"allow":["GET"]}}],"collection":[{"href":"https:\/\/daler.ch\/de\/wp-json\/wp\/v2\/posts"}],"about":[{"href":"https:\/\/daler.ch\/de\/wp-json\/wp\/v2\/types\/post"}],"author":[{"embeddable":true,"href":"https:\/\/daler.ch\/de\/wp-json\/wp\/v2\/users\/13"}],"replies":[{"embeddable":true,"href":"https:\/\/daler.ch\/de\/wp-json\/wp\/v2\/comments?post=3414"}],"version-history":[{"count":1,"href":"https:\/\/daler.ch\/de\/wp-json\/wp\/v2\/posts\/3414\/revisions"}],"predecessor-version":[{"id":3415,"href":"https:\/\/daler.ch\/de\/wp-json\/wp\/v2\/posts\/3414\/revisions\/3415"}],"wp:featuredmedia":[{"embeddable":true,"href":"https:\/\/daler.ch\/de\/wp-json\/wp\/v2\/media\/2259"}],"wp:attachment":[{"href":"https:\/\/daler.ch\/de\/wp-json\/wp\/v2\/media?parent=3414"}],"wp:term":[{"taxonomy":"category","embeddable":true,"href":"https:\/\/daler.ch\/de\/wp-json\/wp\/v2\/categories?post=3414"},{"taxonomy":"post_tag","embeddable":true,"href":"https:\/\/daler.ch\/de\/wp-json\/wp\/v2\/tags?post=3414"}],"curies":[{"name":"wp","href":"https:\/\/api.w.org\/{rel}","templated":true}]}}