{"id":3418,"date":"2020-07-27T15:24:55","date_gmt":"2020-07-27T13:24:55","guid":{"rendered":"https:\/\/www.daler.ch\/?p=3418"},"modified":"2020-07-27T15:30:23","modified_gmt":"2020-07-27T13:30:23","slug":"akkreditierung-von-dr-med-georges-kohut-dr-med-laurence-grueber-dr-med-monika-senftl-und-dr-med-corinne-siebenmann","status":"publish","type":"post","link":"https:\/\/daler.ch\/de\/akkreditierung-von-dr-med-georges-kohut-dr-med-laurence-grueber-dr-med-monika-senftl-und-dr-med-corinne-siebenmann\/","title":{"rendered":"Akkreditierung von Dr. med. Georges Kohut, Dr. med. Laurence Gr\u00fcber, Dr. med. Monika Senftl und Dr. med. Corinne Siebenmann"},"content":{"rendered":"<p>Am 8. Juni 2020 hat der Vorstand des Daler Spitals die Akkreditierung des \u00c4rzteteams der Praxis Kohut-Orthop\u00e9die angenommen: Dr. med. Georges Kohut, Dr. med. Laurence Gr\u00fcber, Dr. med. Monika Senftl und Dr. med. Corinne Siebenmann, Fach\u00e4rzte FMH f\u00fcr Orthop\u00e4dische Chirurgie und Traumatologie des Bewegungsapparates. <\/p>\n<p>Die \u00c4rztinnen und \u00c4rzte werden haupts\u00e4chlich Operationen im Bereich der oberen Gliedmassen \u2013 Schulter, Ellenbogen und Hand \u2013 und des peripheren Nervensystems durchf\u00fchren. Als Fach\u00e4rzte FMH f\u00fcr Orthop\u00e4dische Chirurgie und Traumatologie des Bewegungsapparates k\u00f6nnen sie gelegentlich auch andere Eingriffe am Bewegungsapparat \u00fcbernehmen. <\/p>\n<p>Das Daler Spital freut sich auf diese Zusammenarbeit mit dem medizinischen Team der Praxis Kohut-Orthop\u00e9die.<\/p>\n","protected":false},"excerpt":{"rendered":"<p>Am 8. Juni 2020 hat der Vorstand des Daler Spitals die Akkreditierung des \u00c4rzteteams der Praxis Kohut-Orthop\u00e9die angenommen: Dr. med. Georges Kohut, Dr. med. Laurence Gr\u00fcber, Dr. med. Monika Senftl und Dr. med. Corinne Siebenmann, Fach\u00e4rzte FMH f\u00fcr Orthop\u00e4dische Chirurgie [&hellip;]<\/p>\n","protected":false},"author":13,"featured_media":2660,"comment_status":"closed","ping_status":"closed","sticky":false,"template":"","format":"standard","meta":{"footnotes":""},"categories":[2],"tags":[],"class_list":["post-3418","post","type-post","status-publish","format-standard","has-post-thumbnail","hentry","category-unkategorisiert"],"yoast_head":"<!-- This site is optimized with the Yoast SEO plugin v27.5 - https:\/\/yoast.com\/product\/yoast-seo-wordpress\/ -->\n<title>Akkreditierung von Dr. med. Georges Kohut, Dr. med. Laurence Gr\u00fcber, Dr. med. Monika Senftl und Dr. med. Corinne Siebenmann - Daler-Spital<\/title>\n<meta name=\"robots\" content=\"index, follow, max-snippet:-1, max-image-preview:large, max-video-preview:-1\" \/>\n<link rel=\"canonical\" href=\"https:\/\/daler.ch\/accreditation-des-dr-georges-kohut-dres-laurence-gruber-monika-senftl-et-corinne-siebenmann\/\" \/>\n<meta property=\"og:locale\" content=\"de_DE\" \/>\n<meta property=\"og:type\" content=\"article\" \/>\n<meta property=\"og:title\" content=\"Akkreditierung von Dr. med. Georges Kohut, Dr. med. Laurence Gr\u00fcber, Dr. med. Monika Senftl und Dr. med. Corinne Siebenmann - Daler-Spital\" \/>\n<meta property=\"og:description\" content=\"Am 8. Juni 2020 hat der Vorstand des Daler Spitals die Akkreditierung des \u00c4rzteteams der Praxis Kohut-Orthop\u00e9die angenommen: Dr. med. Georges Kohut, Dr. med. Laurence Gr\u00fcber, Dr. med. Monika Senftl und Dr. med. Corinne Siebenmann, Fach\u00e4rzte FMH f\u00fcr Orthop\u00e4dische Chirurgie [&hellip;]\" \/>\n<meta property=\"og:url\" content=\"https:\/\/daler.ch\/accreditation-des-dr-georges-kohut-dres-laurence-gruber-monika-senftl-et-corinne-siebenmann\/\" \/>\n<meta property=\"og:site_name\" content=\"Daler-Spital\" \/>\n<meta property=\"article:published_time\" content=\"2020-07-27T13:24:55+00:00\" \/>\n<meta property=\"article:modified_time\" content=\"2020-07-27T13:30:23+00:00\" \/>\n<meta property=\"og:image\" content=\"https:\/\/daler.ch\/wp-content\/uploads\/2019\/07\/medecin.jpg\" \/>\n\t<meta property=\"og:image:width\" content=\"1600\" \/>\n\t<meta property=\"og:image:height\" content=\"495\" \/>\n\t<meta property=\"og:image:type\" content=\"image\/jpeg\" \/>\n<meta name=\"author\" content=\"emblematik-daller\" \/>\n<meta name=\"twitter:card\" content=\"summary_large_image\" \/>\n<meta name=\"twitter:label1\" content=\"Verfasst von\" \/>\n\t<meta name=\"twitter:data1\" content=\"emblematik-daller\" \/>\n\t<meta name=\"twitter:label2\" content=\"Gesch\u00e4tzte Lesezeit\" \/>\n\t<meta name=\"twitter:data2\" content=\"1\u00a0Minute\" \/>\n<script type=\"application\/ld+json\" class=\"yoast-schema-graph\">{\"@context\":\"https:\\\/\\\/schema.org\",\"@graph\":[{\"@type\":\"Article\",\"@id\":\"https:\\\/\\\/daler.ch\\\/accreditation-des-dr-georges-kohut-dres-laurence-gruber-monika-senftl-et-corinne-siebenmann\\\/#article\",\"isPartOf\":{\"@id\":\"https:\\\/\\\/daler.ch\\\/accreditation-des-dr-georges-kohut-dres-laurence-gruber-monika-senftl-et-corinne-siebenmann\\\/\"},\"author\":{\"name\":\"emblematik-daller\",\"@id\":\"https:\\\/\\\/daler.ch\\\/#\\\/schema\\\/person\\\/3efe34bd72d30c33193e0a6142fd126e\"},\"headline\":\"Akkreditierung von Dr. med. Georges Kohut, Dr. med. Laurence Gr\u00fcber, Dr. med. Monika Senftl und Dr. med. Corinne Siebenmann\",\"datePublished\":\"2020-07-27T13:24:55+00:00\",\"dateModified\":\"2020-07-27T13:30:23+00:00\",\"mainEntityOfPage\":{\"@id\":\"https:\\\/\\\/daler.ch\\\/accreditation-des-dr-georges-kohut-dres-laurence-gruber-monika-senftl-et-corinne-siebenmann\\\/\"},\"wordCount\":129,\"image\":{\"@id\":\"https:\\\/\\\/daler.ch\\\/accreditation-des-dr-georges-kohut-dres-laurence-gruber-monika-senftl-et-corinne-siebenmann\\\/#primaryimage\"},\"thumbnailUrl\":\"https:\\\/\\\/daler.ch\\\/wp-content\\\/uploads\\\/2019\\\/07\\\/medecin.jpg\",\"articleSection\":[\"Unkategorisiert\"],\"inLanguage\":\"de\"},{\"@type\":\"WebPage\",\"@id\":\"https:\\\/\\\/daler.ch\\\/accreditation-des-dr-georges-kohut-dres-laurence-gruber-monika-senftl-et-corinne-siebenmann\\\/\",\"url\":\"https:\\\/\\\/daler.ch\\\/accreditation-des-dr-georges-kohut-dres-laurence-gruber-monika-senftl-et-corinne-siebenmann\\\/\",\"name\":\"Akkreditierung von Dr. med. Georges Kohut, Dr. med. Laurence Gr\u00fcber, Dr. med. Monika Senftl und Dr. med. Corinne Siebenmann - Daler-Spital\",\"isPartOf\":{\"@id\":\"https:\\\/\\\/daler.ch\\\/#website\"},\"primaryImageOfPage\":{\"@id\":\"https:\\\/\\\/daler.ch\\\/accreditation-des-dr-georges-kohut-dres-laurence-gruber-monika-senftl-et-corinne-siebenmann\\\/#primaryimage\"},\"image\":{\"@id\":\"https:\\\/\\\/daler.ch\\\/accreditation-des-dr-georges-kohut-dres-laurence-gruber-monika-senftl-et-corinne-siebenmann\\\/#primaryimage\"},\"thumbnailUrl\":\"https:\\\/\\\/daler.ch\\\/wp-content\\\/uploads\\\/2019\\\/07\\\/medecin.jpg\",\"datePublished\":\"2020-07-27T13:24:55+00:00\",\"dateModified\":\"2020-07-27T13:30:23+00:00\",\"author\":{\"@id\":\"https:\\\/\\\/daler.ch\\\/#\\\/schema\\\/person\\\/3efe34bd72d30c33193e0a6142fd126e\"},\"breadcrumb\":{\"@id\":\"https:\\\/\\\/daler.ch\\\/accreditation-des-dr-georges-kohut-dres-laurence-gruber-monika-senftl-et-corinne-siebenmann\\\/#breadcrumb\"},\"inLanguage\":\"de\",\"potentialAction\":[{\"@type\":\"ReadAction\",\"target\":[\"https:\\\/\\\/daler.ch\\\/accreditation-des-dr-georges-kohut-dres-laurence-gruber-monika-senftl-et-corinne-siebenmann\\\/\"]}]},{\"@type\":\"ImageObject\",\"inLanguage\":\"de\",\"@id\":\"https:\\\/\\\/daler.ch\\\/accreditation-des-dr-georges-kohut-dres-laurence-gruber-monika-senftl-et-corinne-siebenmann\\\/#primaryimage\",\"url\":\"https:\\\/\\\/daler.ch\\\/wp-content\\\/uploads\\\/2019\\\/07\\\/medecin.jpg\",\"contentUrl\":\"https:\\\/\\\/daler.ch\\\/wp-content\\\/uploads\\\/2019\\\/07\\\/medecin.jpg\",\"width\":1600,\"height\":495},{\"@type\":\"BreadcrumbList\",\"@id\":\"https:\\\/\\\/daler.ch\\\/accreditation-des-dr-georges-kohut-dres-laurence-gruber-monika-senftl-et-corinne-siebenmann\\\/#breadcrumb\",\"itemListElement\":[{\"@type\":\"ListItem\",\"position\":1,\"name\":\"Home\",\"item\":\"https:\\\/\\\/daler.ch\\\/de\\\/\"},{\"@type\":\"ListItem\",\"position\":2,\"name\":\"Akkreditierung von Dr. med. Georges Kohut, Dr. med. Laurence Gr\u00fcber, Dr. med. Monika Senftl und Dr. med. Corinne Siebenmann\"}]},{\"@type\":\"WebSite\",\"@id\":\"https:\\\/\\\/daler.ch\\\/#website\",\"url\":\"https:\\\/\\\/daler.ch\\\/\",\"name\":\"Daler-Spital\",\"description\":\"Hopital Daler\",\"potentialAction\":[{\"@type\":\"SearchAction\",\"target\":{\"@type\":\"EntryPoint\",\"urlTemplate\":\"https:\\\/\\\/daler.ch\\\/?s={search_term_string}\"},\"query-input\":{\"@type\":\"PropertyValueSpecification\",\"valueRequired\":true,\"valueName\":\"search_term_string\"}}],\"inLanguage\":\"de\"},{\"@type\":\"Person\",\"@id\":\"https:\\\/\\\/daler.ch\\\/#\\\/schema\\\/person\\\/3efe34bd72d30c33193e0a6142fd126e\",\"name\":\"emblematik-daller\",\"image\":{\"@type\":\"ImageObject\",\"inLanguage\":\"de\",\"@id\":\"https:\\\/\\\/secure.gravatar.com\\\/avatar\\\/a4eebccbc81c422944fd8163ba969d1383db6733d5694ac571ccaf054519f805?s=96&d=mm&r=g\",\"url\":\"https:\\\/\\\/secure.gravatar.com\\\/avatar\\\/a4eebccbc81c422944fd8163ba969d1383db6733d5694ac571ccaf054519f805?s=96&d=mm&r=g\",\"contentUrl\":\"https:\\\/\\\/secure.gravatar.com\\\/avatar\\\/a4eebccbc81c422944fd8163ba969d1383db6733d5694ac571ccaf054519f805?s=96&d=mm&r=g\",\"caption\":\"emblematik-daller\"}}]}<\/script>\n<!-- \/ Yoast SEO plugin. -->","yoast_head_json":{"title":"Akkreditierung von Dr. med. Georges Kohut, Dr. med. Laurence Gr\u00fcber, Dr. med. Monika Senftl und Dr. med. Corinne Siebenmann - Daler-Spital","robots":{"index":"index","follow":"follow","max-snippet":"max-snippet:-1","max-image-preview":"max-image-preview:large","max-video-preview":"max-video-preview:-1"},"canonical":"https:\/\/daler.ch\/accreditation-des-dr-georges-kohut-dres-laurence-gruber-monika-senftl-et-corinne-siebenmann\/","og_locale":"de_DE","og_type":"article","og_title":"Akkreditierung von Dr. med. Georges Kohut, Dr. med. Laurence Gr\u00fcber, Dr. med. Monika Senftl und Dr. med. Corinne Siebenmann - Daler-Spital","og_description":"Am 8. Juni 2020 hat der Vorstand des Daler Spitals die Akkreditierung des \u00c4rzteteams der Praxis Kohut-Orthop\u00e9die angenommen: Dr. med. Georges Kohut, Dr. med. Laurence Gr\u00fcber, Dr. med. Monika Senftl und Dr. med. Corinne Siebenmann, Fach\u00e4rzte FMH f\u00fcr Orthop\u00e4dische Chirurgie [&hellip;]","og_url":"https:\/\/daler.ch\/accreditation-des-dr-georges-kohut-dres-laurence-gruber-monika-senftl-et-corinne-siebenmann\/","og_site_name":"Daler-Spital","article_published_time":"2020-07-27T13:24:55+00:00","article_modified_time":"2020-07-27T13:30:23+00:00","og_image":[{"width":1600,"height":495,"url":"https:\/\/daler.ch\/wp-content\/uploads\/2019\/07\/medecin.jpg","type":"image\/jpeg"}],"author":"emblematik-daller","twitter_card":"summary_large_image","twitter_misc":{"Verfasst von":"emblematik-daller","Gesch\u00e4tzte Lesezeit":"1\u00a0Minute"},"schema":{"@context":"https:\/\/schema.org","@graph":[{"@type":"Article","@id":"https:\/\/daler.ch\/accreditation-des-dr-georges-kohut-dres-laurence-gruber-monika-senftl-et-corinne-siebenmann\/#article","isPartOf":{"@id":"https:\/\/daler.ch\/accreditation-des-dr-georges-kohut-dres-laurence-gruber-monika-senftl-et-corinne-siebenmann\/"},"author":{"name":"emblematik-daller","@id":"https:\/\/daler.ch\/#\/schema\/person\/3efe34bd72d30c33193e0a6142fd126e"},"headline":"Akkreditierung von Dr. med. Georges Kohut, Dr. med. Laurence Gr\u00fcber, Dr. med. Monika Senftl und Dr. med. Corinne Siebenmann","datePublished":"2020-07-27T13:24:55+00:00","dateModified":"2020-07-27T13:30:23+00:00","mainEntityOfPage":{"@id":"https:\/\/daler.ch\/accreditation-des-dr-georges-kohut-dres-laurence-gruber-monika-senftl-et-corinne-siebenmann\/"},"wordCount":129,"image":{"@id":"https:\/\/daler.ch\/accreditation-des-dr-georges-kohut-dres-laurence-gruber-monika-senftl-et-corinne-siebenmann\/#primaryimage"},"thumbnailUrl":"https:\/\/daler.ch\/wp-content\/uploads\/2019\/07\/medecin.jpg","articleSection":["Unkategorisiert"],"inLanguage":"de"},{"@type":"WebPage","@id":"https:\/\/daler.ch\/accreditation-des-dr-georges-kohut-dres-laurence-gruber-monika-senftl-et-corinne-siebenmann\/","url":"https:\/\/daler.ch\/accreditation-des-dr-georges-kohut-dres-laurence-gruber-monika-senftl-et-corinne-siebenmann\/","name":"Akkreditierung von Dr. med. Georges Kohut, Dr. med. Laurence Gr\u00fcber, Dr. med. Monika Senftl und Dr. med. Corinne Siebenmann - Daler-Spital","isPartOf":{"@id":"https:\/\/daler.ch\/#website"},"primaryImageOfPage":{"@id":"https:\/\/daler.ch\/accreditation-des-dr-georges-kohut-dres-laurence-gruber-monika-senftl-et-corinne-siebenmann\/#primaryimage"},"image":{"@id":"https:\/\/daler.ch\/accreditation-des-dr-georges-kohut-dres-laurence-gruber-monika-senftl-et-corinne-siebenmann\/#primaryimage"},"thumbnailUrl":"https:\/\/daler.ch\/wp-content\/uploads\/2019\/07\/medecin.jpg","datePublished":"2020-07-27T13:24:55+00:00","dateModified":"2020-07-27T13:30:23+00:00","author":{"@id":"https:\/\/daler.ch\/#\/schema\/person\/3efe34bd72d30c33193e0a6142fd126e"},"breadcrumb":{"@id":"https:\/\/daler.ch\/accreditation-des-dr-georges-kohut-dres-laurence-gruber-monika-senftl-et-corinne-siebenmann\/#breadcrumb"},"inLanguage":"de","potentialAction":[{"@type":"ReadAction","target":["https:\/\/daler.ch\/accreditation-des-dr-georges-kohut-dres-laurence-gruber-monika-senftl-et-corinne-siebenmann\/"]}]},{"@type":"ImageObject","inLanguage":"de","@id":"https:\/\/daler.ch\/accreditation-des-dr-georges-kohut-dres-laurence-gruber-monika-senftl-et-corinne-siebenmann\/#primaryimage","url":"https:\/\/daler.ch\/wp-content\/uploads\/2019\/07\/medecin.jpg","contentUrl":"https:\/\/daler.ch\/wp-content\/uploads\/2019\/07\/medecin.jpg","width":1600,"height":495},{"@type":"BreadcrumbList","@id":"https:\/\/daler.ch\/accreditation-des-dr-georges-kohut-dres-laurence-gruber-monika-senftl-et-corinne-siebenmann\/#breadcrumb","itemListElement":[{"@type":"ListItem","position":1,"name":"Home","item":"https:\/\/daler.ch\/de\/"},{"@type":"ListItem","position":2,"name":"Akkreditierung von Dr. med. Georges Kohut, Dr. med. Laurence Gr\u00fcber, Dr. med. Monika Senftl und Dr. med. Corinne Siebenmann"}]},{"@type":"WebSite","@id":"https:\/\/daler.ch\/#website","url":"https:\/\/daler.ch\/","name":"Daler-Spital","description":"Hopital Daler","potentialAction":[{"@type":"SearchAction","target":{"@type":"EntryPoint","urlTemplate":"https:\/\/daler.ch\/?s={search_term_string}"},"query-input":{"@type":"PropertyValueSpecification","valueRequired":true,"valueName":"search_term_string"}}],"inLanguage":"de"},{"@type":"Person","@id":"https:\/\/daler.ch\/#\/schema\/person\/3efe34bd72d30c33193e0a6142fd126e","name":"emblematik-daller","image":{"@type":"ImageObject","inLanguage":"de","@id":"https:\/\/secure.gravatar.com\/avatar\/a4eebccbc81c422944fd8163ba969d1383db6733d5694ac571ccaf054519f805?s=96&d=mm&r=g","url":"https:\/\/secure.gravatar.com\/avatar\/a4eebccbc81c422944fd8163ba969d1383db6733d5694ac571ccaf054519f805?s=96&d=mm&r=g","contentUrl":"https:\/\/secure.gravatar.com\/avatar\/a4eebccbc81c422944fd8163ba969d1383db6733d5694ac571ccaf054519f805?s=96&d=mm&r=g","caption":"emblematik-daller"}}]}},"_links":{"self":[{"href":"https:\/\/daler.ch\/de\/wp-json\/wp\/v2\/posts\/3418","targetHints":{"allow":["GET"]}}],"collection":[{"href":"https:\/\/daler.ch\/de\/wp-json\/wp\/v2\/posts"}],"about":[{"href":"https:\/\/daler.ch\/de\/wp-json\/wp\/v2\/types\/post"}],"author":[{"embeddable":true,"href":"https:\/\/daler.ch\/de\/wp-json\/wp\/v2\/users\/13"}],"replies":[{"embeddable":true,"href":"https:\/\/daler.ch\/de\/wp-json\/wp\/v2\/comments?post=3418"}],"version-history":[{"count":3,"href":"https:\/\/daler.ch\/de\/wp-json\/wp\/v2\/posts\/3418\/revisions"}],"predecessor-version":[{"id":3422,"href":"https:\/\/daler.ch\/de\/wp-json\/wp\/v2\/posts\/3418\/revisions\/3422"}],"wp:featuredmedia":[{"embeddable":true,"href":"https:\/\/daler.ch\/de\/wp-json\/wp\/v2\/media\/2660"}],"wp:attachment":[{"href":"https:\/\/daler.ch\/de\/wp-json\/wp\/v2\/media?parent=3418"}],"wp:term":[{"taxonomy":"category","embeddable":true,"href":"https:\/\/daler.ch\/de\/wp-json\/wp\/v2\/categories?post=3418"},{"taxonomy":"post_tag","embeddable":true,"href":"https:\/\/daler.ch\/de\/wp-json\/wp\/v2\/tags?post=3418"}],"curies":[{"name":"wp","href":"https:\/\/api.w.org\/{rel}","templated":true}]}}