{"id":3459,"date":"2020-08-31T15:15:21","date_gmt":"2020-08-31T13:15:21","guid":{"rendered":"https:\/\/www.daler.ch\/?p=3459"},"modified":"2020-08-31T15:15:21","modified_gmt":"2020-08-31T13:15:21","slug":"akkreditierung-von-dr-med-giulia-virginia-vottero","status":"publish","type":"post","link":"https:\/\/daler.ch\/de\/akkreditierung-von-dr-med-giulia-virginia-vottero\/","title":{"rendered":"Akkreditierung von Dr. med. Giulia Virginia Vottero"},"content":{"rendered":"<p><span>Am 8. Juni 2020 hat der Vorstand des Daler Spitals die Akkreditierung von Dr. med. Giulia Virginia Vottero, Fach\u00e4rztin FMH f\u00fcr plastische rekonstruktive und \u00e4sthetische Chirurgie.<\/p>\n<p>Nach ihrem Abschluss an der Medizinischen Fakult\u00e4t der Universit\u00e4t Turin im Jahr 2006 spezialisierte sie sich auf die Plastische Rekonstruktive und \u00c4sthetische Chirurgie und arbeitete insbesondere in den chirurgischen Abteilungen des HFR Freiburg \u2013 Kantonsspitals, des CHUV in Lausanne sowie in verschiedenen Abteilungen f\u00fcr Plastische Rekonstruktive und \u00c4sthetische Chirurgie am Europ\u00e4ischen Institut f\u00fcr Onkologie (IEO) in Mailand und am Centre hospitalier universitaire de Li\u00e8ge\/CHU in L\u00fcttich (BE). Im Jahr 2013 erwarb sie den FMH-Facharzttitel und im Oktober 2018 den Facharzttitel f\u00fcr Plastische, Rekonstruktive und \u00c4sthetische Chirurgie. Seit 2019 ist sie in einer Privatpraxis in Freiburg und Siders t\u00e4tig.<br \/>\n<\/span><\/p>\n<p><span>Das Daler Spital freut sich, sein \u00c4rzteteam durch eine erfahrene Spezialistin auf dem Gebiet der plastische rekonstruktive und \u00e4sthetische Chirurgie zu erweitern.<\/p>\n<p><\/span><\/p>\n","protected":false},"excerpt":{"rendered":"<p>Am 8. Juni 2020 hat der Vorstand des Daler Spitals die Akkreditierung von Dr. med. Giulia Virginia Vottero, Fach\u00e4rztin FMH f\u00fcr plastische rekonstruktive und \u00e4sthetische Chirurgie. Nach ihrem Abschluss an der Medizinischen Fakult\u00e4t der Universit\u00e4t Turin im Jahr 2006 spezialisierte [&hellip;]<\/p>\n","protected":false},"author":13,"featured_media":2521,"comment_status":"closed","ping_status":"closed","sticky":false,"template":"","format":"standard","meta":{"footnotes":""},"categories":[2],"tags":[],"class_list":["post-3459","post","type-post","status-publish","format-standard","has-post-thumbnail","hentry","category-unkategorisiert"],"yoast_head":"<!-- This site is optimized with the Yoast SEO plugin v27.5 - https:\/\/yoast.com\/product\/yoast-seo-wordpress\/ -->\n<title>Akkreditierung von Dr. med. Giulia Virginia Vottero - Daler-Spital<\/title>\n<meta name=\"robots\" content=\"index, follow, max-snippet:-1, max-image-preview:large, max-video-preview:-1\" \/>\n<link rel=\"canonical\" href=\"https:\/\/daler.ch\/accreditation-de-la-dre-giulia-virginia-vottero\/\" \/>\n<meta property=\"og:locale\" content=\"de_DE\" \/>\n<meta property=\"og:type\" content=\"article\" \/>\n<meta property=\"og:title\" content=\"Akkreditierung von Dr. med. Giulia Virginia Vottero - Daler-Spital\" \/>\n<meta property=\"og:description\" content=\"Am 8. Juni 2020 hat der Vorstand des Daler Spitals die Akkreditierung von Dr. med. Giulia Virginia Vottero, Fach\u00e4rztin FMH f\u00fcr plastische rekonstruktive und \u00e4sthetische Chirurgie. Nach ihrem Abschluss an der Medizinischen Fakult\u00e4t der Universit\u00e4t Turin im Jahr 2006 spezialisierte [&hellip;]\" \/>\n<meta property=\"og:url\" content=\"https:\/\/daler.ch\/accreditation-de-la-dre-giulia-virginia-vottero\/\" \/>\n<meta property=\"og:site_name\" content=\"Daler-Spital\" \/>\n<meta property=\"article:published_time\" content=\"2020-08-31T13:15:21+00:00\" \/>\n<meta property=\"og:image\" content=\"https:\/\/daler.ch\/wp-content\/uploads\/2019\/04\/Daler_lot1_072015_027-e1556008388450.jpg\" \/>\n\t<meta property=\"og:image:width\" content=\"1600\" \/>\n\t<meta property=\"og:image:height\" content=\"500\" \/>\n\t<meta property=\"og:image:type\" content=\"image\/jpeg\" \/>\n<meta name=\"author\" content=\"emblematik-daller\" \/>\n<meta name=\"twitter:card\" content=\"summary_large_image\" \/>\n<meta name=\"twitter:label1\" content=\"Verfasst von\" \/>\n\t<meta name=\"twitter:data1\" content=\"emblematik-daller\" \/>\n\t<meta name=\"twitter:label2\" content=\"Gesch\u00e4tzte Lesezeit\" \/>\n\t<meta name=\"twitter:data2\" content=\"1\u00a0Minute\" \/>\n<script type=\"application\/ld+json\" class=\"yoast-schema-graph\">{\"@context\":\"https:\\\/\\\/schema.org\",\"@graph\":[{\"@type\":\"Article\",\"@id\":\"https:\\\/\\\/daler.ch\\\/accreditation-de-la-dre-giulia-virginia-vottero\\\/#article\",\"isPartOf\":{\"@id\":\"https:\\\/\\\/daler.ch\\\/accreditation-de-la-dre-giulia-virginia-vottero\\\/\"},\"author\":{\"name\":\"emblematik-daller\",\"@id\":\"https:\\\/\\\/daler.ch\\\/#\\\/schema\\\/person\\\/3efe34bd72d30c33193e0a6142fd126e\"},\"headline\":\"Akkreditierung von Dr. med. Giulia Virginia Vottero\",\"datePublished\":\"2020-08-31T13:15:21+00:00\",\"mainEntityOfPage\":{\"@id\":\"https:\\\/\\\/daler.ch\\\/accreditation-de-la-dre-giulia-virginia-vottero\\\/\"},\"wordCount\":158,\"image\":{\"@id\":\"https:\\\/\\\/daler.ch\\\/accreditation-de-la-dre-giulia-virginia-vottero\\\/#primaryimage\"},\"thumbnailUrl\":\"https:\\\/\\\/daler.ch\\\/wp-content\\\/uploads\\\/2019\\\/04\\\/Daler_lot1_072015_027-e1556008388450.jpg\",\"articleSection\":[\"Unkategorisiert\"],\"inLanguage\":\"de\"},{\"@type\":\"WebPage\",\"@id\":\"https:\\\/\\\/daler.ch\\\/accreditation-de-la-dre-giulia-virginia-vottero\\\/\",\"url\":\"https:\\\/\\\/daler.ch\\\/accreditation-de-la-dre-giulia-virginia-vottero\\\/\",\"name\":\"Akkreditierung von Dr. med. Giulia Virginia Vottero - Daler-Spital\",\"isPartOf\":{\"@id\":\"https:\\\/\\\/daler.ch\\\/#website\"},\"primaryImageOfPage\":{\"@id\":\"https:\\\/\\\/daler.ch\\\/accreditation-de-la-dre-giulia-virginia-vottero\\\/#primaryimage\"},\"image\":{\"@id\":\"https:\\\/\\\/daler.ch\\\/accreditation-de-la-dre-giulia-virginia-vottero\\\/#primaryimage\"},\"thumbnailUrl\":\"https:\\\/\\\/daler.ch\\\/wp-content\\\/uploads\\\/2019\\\/04\\\/Daler_lot1_072015_027-e1556008388450.jpg\",\"datePublished\":\"2020-08-31T13:15:21+00:00\",\"author\":{\"@id\":\"https:\\\/\\\/daler.ch\\\/#\\\/schema\\\/person\\\/3efe34bd72d30c33193e0a6142fd126e\"},\"breadcrumb\":{\"@id\":\"https:\\\/\\\/daler.ch\\\/accreditation-de-la-dre-giulia-virginia-vottero\\\/#breadcrumb\"},\"inLanguage\":\"de\",\"potentialAction\":[{\"@type\":\"ReadAction\",\"target\":[\"https:\\\/\\\/daler.ch\\\/accreditation-de-la-dre-giulia-virginia-vottero\\\/\"]}]},{\"@type\":\"ImageObject\",\"inLanguage\":\"de\",\"@id\":\"https:\\\/\\\/daler.ch\\\/accreditation-de-la-dre-giulia-virginia-vottero\\\/#primaryimage\",\"url\":\"https:\\\/\\\/daler.ch\\\/wp-content\\\/uploads\\\/2019\\\/04\\\/Daler_lot1_072015_027-e1556008388450.jpg\",\"contentUrl\":\"https:\\\/\\\/daler.ch\\\/wp-content\\\/uploads\\\/2019\\\/04\\\/Daler_lot1_072015_027-e1556008388450.jpg\",\"width\":1600,\"height\":500},{\"@type\":\"BreadcrumbList\",\"@id\":\"https:\\\/\\\/daler.ch\\\/accreditation-de-la-dre-giulia-virginia-vottero\\\/#breadcrumb\",\"itemListElement\":[{\"@type\":\"ListItem\",\"position\":1,\"name\":\"Home\",\"item\":\"https:\\\/\\\/daler.ch\\\/de\\\/\"},{\"@type\":\"ListItem\",\"position\":2,\"name\":\"Akkreditierung von Dr. med. Giulia Virginia Vottero\"}]},{\"@type\":\"WebSite\",\"@id\":\"https:\\\/\\\/daler.ch\\\/#website\",\"url\":\"https:\\\/\\\/daler.ch\\\/\",\"name\":\"Daler-Spital\",\"description\":\"Hopital Daler\",\"potentialAction\":[{\"@type\":\"SearchAction\",\"target\":{\"@type\":\"EntryPoint\",\"urlTemplate\":\"https:\\\/\\\/daler.ch\\\/?s={search_term_string}\"},\"query-input\":{\"@type\":\"PropertyValueSpecification\",\"valueRequired\":true,\"valueName\":\"search_term_string\"}}],\"inLanguage\":\"de\"},{\"@type\":\"Person\",\"@id\":\"https:\\\/\\\/daler.ch\\\/#\\\/schema\\\/person\\\/3efe34bd72d30c33193e0a6142fd126e\",\"name\":\"emblematik-daller\",\"image\":{\"@type\":\"ImageObject\",\"inLanguage\":\"de\",\"@id\":\"https:\\\/\\\/secure.gravatar.com\\\/avatar\\\/a4eebccbc81c422944fd8163ba969d1383db6733d5694ac571ccaf054519f805?s=96&d=mm&r=g\",\"url\":\"https:\\\/\\\/secure.gravatar.com\\\/avatar\\\/a4eebccbc81c422944fd8163ba969d1383db6733d5694ac571ccaf054519f805?s=96&d=mm&r=g\",\"contentUrl\":\"https:\\\/\\\/secure.gravatar.com\\\/avatar\\\/a4eebccbc81c422944fd8163ba969d1383db6733d5694ac571ccaf054519f805?s=96&d=mm&r=g\",\"caption\":\"emblematik-daller\"}}]}<\/script>\n<!-- \/ Yoast SEO plugin. -->","yoast_head_json":{"title":"Akkreditierung von Dr. med. Giulia Virginia Vottero - Daler-Spital","robots":{"index":"index","follow":"follow","max-snippet":"max-snippet:-1","max-image-preview":"max-image-preview:large","max-video-preview":"max-video-preview:-1"},"canonical":"https:\/\/daler.ch\/accreditation-de-la-dre-giulia-virginia-vottero\/","og_locale":"de_DE","og_type":"article","og_title":"Akkreditierung von Dr. med. Giulia Virginia Vottero - Daler-Spital","og_description":"Am 8. Juni 2020 hat der Vorstand des Daler Spitals die Akkreditierung von Dr. med. Giulia Virginia Vottero, Fach\u00e4rztin FMH f\u00fcr plastische rekonstruktive und \u00e4sthetische Chirurgie. Nach ihrem Abschluss an der Medizinischen Fakult\u00e4t der Universit\u00e4t Turin im Jahr 2006 spezialisierte [&hellip;]","og_url":"https:\/\/daler.ch\/accreditation-de-la-dre-giulia-virginia-vottero\/","og_site_name":"Daler-Spital","article_published_time":"2020-08-31T13:15:21+00:00","og_image":[{"width":1600,"height":500,"url":"https:\/\/daler.ch\/wp-content\/uploads\/2019\/04\/Daler_lot1_072015_027-e1556008388450.jpg","type":"image\/jpeg"}],"author":"emblematik-daller","twitter_card":"summary_large_image","twitter_misc":{"Verfasst von":"emblematik-daller","Gesch\u00e4tzte Lesezeit":"1\u00a0Minute"},"schema":{"@context":"https:\/\/schema.org","@graph":[{"@type":"Article","@id":"https:\/\/daler.ch\/accreditation-de-la-dre-giulia-virginia-vottero\/#article","isPartOf":{"@id":"https:\/\/daler.ch\/accreditation-de-la-dre-giulia-virginia-vottero\/"},"author":{"name":"emblematik-daller","@id":"https:\/\/daler.ch\/#\/schema\/person\/3efe34bd72d30c33193e0a6142fd126e"},"headline":"Akkreditierung von Dr. med. Giulia Virginia Vottero","datePublished":"2020-08-31T13:15:21+00:00","mainEntityOfPage":{"@id":"https:\/\/daler.ch\/accreditation-de-la-dre-giulia-virginia-vottero\/"},"wordCount":158,"image":{"@id":"https:\/\/daler.ch\/accreditation-de-la-dre-giulia-virginia-vottero\/#primaryimage"},"thumbnailUrl":"https:\/\/daler.ch\/wp-content\/uploads\/2019\/04\/Daler_lot1_072015_027-e1556008388450.jpg","articleSection":["Unkategorisiert"],"inLanguage":"de"},{"@type":"WebPage","@id":"https:\/\/daler.ch\/accreditation-de-la-dre-giulia-virginia-vottero\/","url":"https:\/\/daler.ch\/accreditation-de-la-dre-giulia-virginia-vottero\/","name":"Akkreditierung von Dr. med. Giulia Virginia Vottero - Daler-Spital","isPartOf":{"@id":"https:\/\/daler.ch\/#website"},"primaryImageOfPage":{"@id":"https:\/\/daler.ch\/accreditation-de-la-dre-giulia-virginia-vottero\/#primaryimage"},"image":{"@id":"https:\/\/daler.ch\/accreditation-de-la-dre-giulia-virginia-vottero\/#primaryimage"},"thumbnailUrl":"https:\/\/daler.ch\/wp-content\/uploads\/2019\/04\/Daler_lot1_072015_027-e1556008388450.jpg","datePublished":"2020-08-31T13:15:21+00:00","author":{"@id":"https:\/\/daler.ch\/#\/schema\/person\/3efe34bd72d30c33193e0a6142fd126e"},"breadcrumb":{"@id":"https:\/\/daler.ch\/accreditation-de-la-dre-giulia-virginia-vottero\/#breadcrumb"},"inLanguage":"de","potentialAction":[{"@type":"ReadAction","target":["https:\/\/daler.ch\/accreditation-de-la-dre-giulia-virginia-vottero\/"]}]},{"@type":"ImageObject","inLanguage":"de","@id":"https:\/\/daler.ch\/accreditation-de-la-dre-giulia-virginia-vottero\/#primaryimage","url":"https:\/\/daler.ch\/wp-content\/uploads\/2019\/04\/Daler_lot1_072015_027-e1556008388450.jpg","contentUrl":"https:\/\/daler.ch\/wp-content\/uploads\/2019\/04\/Daler_lot1_072015_027-e1556008388450.jpg","width":1600,"height":500},{"@type":"BreadcrumbList","@id":"https:\/\/daler.ch\/accreditation-de-la-dre-giulia-virginia-vottero\/#breadcrumb","itemListElement":[{"@type":"ListItem","position":1,"name":"Home","item":"https:\/\/daler.ch\/de\/"},{"@type":"ListItem","position":2,"name":"Akkreditierung von Dr. med. Giulia Virginia Vottero"}]},{"@type":"WebSite","@id":"https:\/\/daler.ch\/#website","url":"https:\/\/daler.ch\/","name":"Daler-Spital","description":"Hopital Daler","potentialAction":[{"@type":"SearchAction","target":{"@type":"EntryPoint","urlTemplate":"https:\/\/daler.ch\/?s={search_term_string}"},"query-input":{"@type":"PropertyValueSpecification","valueRequired":true,"valueName":"search_term_string"}}],"inLanguage":"de"},{"@type":"Person","@id":"https:\/\/daler.ch\/#\/schema\/person\/3efe34bd72d30c33193e0a6142fd126e","name":"emblematik-daller","image":{"@type":"ImageObject","inLanguage":"de","@id":"https:\/\/secure.gravatar.com\/avatar\/a4eebccbc81c422944fd8163ba969d1383db6733d5694ac571ccaf054519f805?s=96&d=mm&r=g","url":"https:\/\/secure.gravatar.com\/avatar\/a4eebccbc81c422944fd8163ba969d1383db6733d5694ac571ccaf054519f805?s=96&d=mm&r=g","contentUrl":"https:\/\/secure.gravatar.com\/avatar\/a4eebccbc81c422944fd8163ba969d1383db6733d5694ac571ccaf054519f805?s=96&d=mm&r=g","caption":"emblematik-daller"}}]}},"_links":{"self":[{"href":"https:\/\/daler.ch\/de\/wp-json\/wp\/v2\/posts\/3459","targetHints":{"allow":["GET"]}}],"collection":[{"href":"https:\/\/daler.ch\/de\/wp-json\/wp\/v2\/posts"}],"about":[{"href":"https:\/\/daler.ch\/de\/wp-json\/wp\/v2\/types\/post"}],"author":[{"embeddable":true,"href":"https:\/\/daler.ch\/de\/wp-json\/wp\/v2\/users\/13"}],"replies":[{"embeddable":true,"href":"https:\/\/daler.ch\/de\/wp-json\/wp\/v2\/comments?post=3459"}],"version-history":[{"count":1,"href":"https:\/\/daler.ch\/de\/wp-json\/wp\/v2\/posts\/3459\/revisions"}],"predecessor-version":[{"id":3460,"href":"https:\/\/daler.ch\/de\/wp-json\/wp\/v2\/posts\/3459\/revisions\/3460"}],"wp:featuredmedia":[{"embeddable":true,"href":"https:\/\/daler.ch\/de\/wp-json\/wp\/v2\/media\/2521"}],"wp:attachment":[{"href":"https:\/\/daler.ch\/de\/wp-json\/wp\/v2\/media?parent=3459"}],"wp:term":[{"taxonomy":"category","embeddable":true,"href":"https:\/\/daler.ch\/de\/wp-json\/wp\/v2\/categories?post=3459"},{"taxonomy":"post_tag","embeddable":true,"href":"https:\/\/daler.ch\/de\/wp-json\/wp\/v2\/tags?post=3459"}],"curies":[{"name":"wp","href":"https:\/\/api.w.org\/{rel}","templated":true}]}}