{"id":3484,"date":"2020-09-14T16:35:46","date_gmt":"2020-09-14T14:35:46","guid":{"rendered":"https:\/\/www.daler.ch\/?p=3484"},"modified":"2020-09-14T16:35:46","modified_gmt":"2020-09-14T14:35:46","slug":"akkreditierung-von-frau-dr-sena-ben-amor","status":"publish","type":"post","link":"https:\/\/daler.ch\/de\/akkreditierung-von-frau-dr-sena-ben-amor\/","title":{"rendered":"Akkreditierung von Frau Dr Sena Ben Amor"},"content":{"rendered":"<p>Am 17. August 2020 hat der Vorstand des Daler-Spitals die Akkreditierung von Dr. Sena Ben Amor, Fach\u00e4rztin FMH f\u00fcr Gyn\u00e4kologie und Geburtshilfe angenommen.<\/p>\n<p>Frau Dr. Sena Ben Amor hat 2010 an der Medizinischen Fakult\u00e4t der Universit\u00e4t Lausanne ihr Staatsexamen abgelegt. Ihre Facharztausbildung in Gyn\u00e4kologie\/Geburtshilfe absolvierte sie in den gyn\u00e4kologisch-geburtshilflichen Abteilungen des HFR Freiburg &#8211; Kantonsspital, am H\u00f4pital Riviera-Chablais in Aigle, an der eHnv in Yverdon, am CHUV und am HIB in Payerne, wo sie weiterhin als Ober\u00e4rztin t\u00e4tig ist. Ab November 2020 wird Dr. med. Sena Ben Amor die Arztpraxis von Dr. med. Paul Rwakabayiza in Freiburg \u00fcbernehmen.<\/p>\n<p>Das Daler Spital freut sich, sein \u00c4rzteteam durch eine erfahrene Spezialistin auf dem Gebiet der Gyn\u00e4kologie zu erweitern.<\/p>\n","protected":false},"excerpt":{"rendered":"<p>Am 17. August 2020 hat der Vorstand des Daler-Spitals die Akkreditierung von Dr. Sena Ben Amor, Fach\u00e4rztin FMH f\u00fcr Gyn\u00e4kologie und Geburtshilfe angenommen. Frau Dr. Sena Ben Amor hat 2010 an der Medizinischen Fakult\u00e4t der Universit\u00e4t Lausanne ihr Staatsexamen abgelegt. [&hellip;]<\/p>\n","protected":false},"author":13,"featured_media":2355,"comment_status":"closed","ping_status":"closed","sticky":false,"template":"","format":"standard","meta":{"footnotes":""},"categories":[2],"tags":[],"class_list":["post-3484","post","type-post","status-publish","format-standard","has-post-thumbnail","hentry","category-unkategorisiert"],"yoast_head":"<!-- This site is optimized with the Yoast SEO plugin v27.5 - https:\/\/yoast.com\/product\/yoast-seo-wordpress\/ -->\n<title>Akkreditierung von Frau Dr Sena Ben Amor - Daler-Spital<\/title>\n<meta name=\"robots\" content=\"index, follow, max-snippet:-1, max-image-preview:large, max-video-preview:-1\" \/>\n<link rel=\"canonical\" href=\"https:\/\/daler.ch\/accreditation-de-la-dre-sena-ben-amor\/\" \/>\n<meta property=\"og:locale\" content=\"de_DE\" \/>\n<meta property=\"og:type\" content=\"article\" \/>\n<meta property=\"og:title\" content=\"Akkreditierung von Frau Dr Sena Ben Amor - Daler-Spital\" \/>\n<meta property=\"og:description\" content=\"Am 17. August 2020 hat der Vorstand des Daler-Spitals die Akkreditierung von Dr. Sena Ben Amor, Fach\u00e4rztin FMH f\u00fcr Gyn\u00e4kologie und Geburtshilfe angenommen. Frau Dr. Sena Ben Amor hat 2010 an der Medizinischen Fakult\u00e4t der Universit\u00e4t Lausanne ihr Staatsexamen abgelegt. [&hellip;]\" \/>\n<meta property=\"og:url\" content=\"https:\/\/daler.ch\/accreditation-de-la-dre-sena-ben-amor\/\" \/>\n<meta property=\"og:site_name\" content=\"Daler-Spital\" \/>\n<meta property=\"article:published_time\" content=\"2020-09-14T14:35:46+00:00\" \/>\n<meta property=\"og:image\" content=\"https:\/\/daler.ch\/wp-content\/uploads\/2018\/10\/Maternite-1.jpg\" \/>\n\t<meta property=\"og:image:width\" content=\"1601\" \/>\n\t<meta property=\"og:image:height\" content=\"500\" \/>\n\t<meta property=\"og:image:type\" content=\"image\/jpeg\" \/>\n<meta name=\"author\" content=\"emblematik-daller\" \/>\n<meta name=\"twitter:card\" content=\"summary_large_image\" \/>\n<meta name=\"twitter:label1\" content=\"Verfasst von\" \/>\n\t<meta name=\"twitter:data1\" content=\"emblematik-daller\" \/>\n\t<meta name=\"twitter:label2\" content=\"Gesch\u00e4tzte Lesezeit\" \/>\n\t<meta name=\"twitter:data2\" content=\"1\u00a0Minute\" \/>\n<script type=\"application\/ld+json\" class=\"yoast-schema-graph\">{\"@context\":\"https:\\\/\\\/schema.org\",\"@graph\":[{\"@type\":\"Article\",\"@id\":\"https:\\\/\\\/daler.ch\\\/accreditation-de-la-dre-sena-ben-amor\\\/#article\",\"isPartOf\":{\"@id\":\"https:\\\/\\\/daler.ch\\\/accreditation-de-la-dre-sena-ben-amor\\\/\"},\"author\":{\"name\":\"emblematik-daller\",\"@id\":\"https:\\\/\\\/daler.ch\\\/#\\\/schema\\\/person\\\/3efe34bd72d30c33193e0a6142fd126e\"},\"headline\":\"Akkreditierung von Frau Dr Sena Ben Amor\",\"datePublished\":\"2020-09-14T14:35:46+00:00\",\"mainEntityOfPage\":{\"@id\":\"https:\\\/\\\/daler.ch\\\/accreditation-de-la-dre-sena-ben-amor\\\/\"},\"wordCount\":131,\"image\":{\"@id\":\"https:\\\/\\\/daler.ch\\\/accreditation-de-la-dre-sena-ben-amor\\\/#primaryimage\"},\"thumbnailUrl\":\"https:\\\/\\\/daler.ch\\\/wp-content\\\/uploads\\\/2018\\\/10\\\/Maternite-1.jpg\",\"articleSection\":[\"Unkategorisiert\"],\"inLanguage\":\"de\"},{\"@type\":\"WebPage\",\"@id\":\"https:\\\/\\\/daler.ch\\\/accreditation-de-la-dre-sena-ben-amor\\\/\",\"url\":\"https:\\\/\\\/daler.ch\\\/accreditation-de-la-dre-sena-ben-amor\\\/\",\"name\":\"Akkreditierung von Frau Dr Sena Ben Amor - Daler-Spital\",\"isPartOf\":{\"@id\":\"https:\\\/\\\/daler.ch\\\/#website\"},\"primaryImageOfPage\":{\"@id\":\"https:\\\/\\\/daler.ch\\\/accreditation-de-la-dre-sena-ben-amor\\\/#primaryimage\"},\"image\":{\"@id\":\"https:\\\/\\\/daler.ch\\\/accreditation-de-la-dre-sena-ben-amor\\\/#primaryimage\"},\"thumbnailUrl\":\"https:\\\/\\\/daler.ch\\\/wp-content\\\/uploads\\\/2018\\\/10\\\/Maternite-1.jpg\",\"datePublished\":\"2020-09-14T14:35:46+00:00\",\"author\":{\"@id\":\"https:\\\/\\\/daler.ch\\\/#\\\/schema\\\/person\\\/3efe34bd72d30c33193e0a6142fd126e\"},\"breadcrumb\":{\"@id\":\"https:\\\/\\\/daler.ch\\\/accreditation-de-la-dre-sena-ben-amor\\\/#breadcrumb\"},\"inLanguage\":\"de\",\"potentialAction\":[{\"@type\":\"ReadAction\",\"target\":[\"https:\\\/\\\/daler.ch\\\/accreditation-de-la-dre-sena-ben-amor\\\/\"]}]},{\"@type\":\"ImageObject\",\"inLanguage\":\"de\",\"@id\":\"https:\\\/\\\/daler.ch\\\/accreditation-de-la-dre-sena-ben-amor\\\/#primaryimage\",\"url\":\"https:\\\/\\\/daler.ch\\\/wp-content\\\/uploads\\\/2018\\\/10\\\/Maternite-1.jpg\",\"contentUrl\":\"https:\\\/\\\/daler.ch\\\/wp-content\\\/uploads\\\/2018\\\/10\\\/Maternite-1.jpg\",\"width\":1601,\"height\":500},{\"@type\":\"BreadcrumbList\",\"@id\":\"https:\\\/\\\/daler.ch\\\/accreditation-de-la-dre-sena-ben-amor\\\/#breadcrumb\",\"itemListElement\":[{\"@type\":\"ListItem\",\"position\":1,\"name\":\"Home\",\"item\":\"https:\\\/\\\/daler.ch\\\/de\\\/\"},{\"@type\":\"ListItem\",\"position\":2,\"name\":\"Akkreditierung von Frau Dr Sena Ben Amor\"}]},{\"@type\":\"WebSite\",\"@id\":\"https:\\\/\\\/daler.ch\\\/#website\",\"url\":\"https:\\\/\\\/daler.ch\\\/\",\"name\":\"Daler-Spital\",\"description\":\"Hopital Daler\",\"potentialAction\":[{\"@type\":\"SearchAction\",\"target\":{\"@type\":\"EntryPoint\",\"urlTemplate\":\"https:\\\/\\\/daler.ch\\\/?s={search_term_string}\"},\"query-input\":{\"@type\":\"PropertyValueSpecification\",\"valueRequired\":true,\"valueName\":\"search_term_string\"}}],\"inLanguage\":\"de\"},{\"@type\":\"Person\",\"@id\":\"https:\\\/\\\/daler.ch\\\/#\\\/schema\\\/person\\\/3efe34bd72d30c33193e0a6142fd126e\",\"name\":\"emblematik-daller\",\"image\":{\"@type\":\"ImageObject\",\"inLanguage\":\"de\",\"@id\":\"https:\\\/\\\/secure.gravatar.com\\\/avatar\\\/a4eebccbc81c422944fd8163ba969d1383db6733d5694ac571ccaf054519f805?s=96&d=mm&r=g\",\"url\":\"https:\\\/\\\/secure.gravatar.com\\\/avatar\\\/a4eebccbc81c422944fd8163ba969d1383db6733d5694ac571ccaf054519f805?s=96&d=mm&r=g\",\"contentUrl\":\"https:\\\/\\\/secure.gravatar.com\\\/avatar\\\/a4eebccbc81c422944fd8163ba969d1383db6733d5694ac571ccaf054519f805?s=96&d=mm&r=g\",\"caption\":\"emblematik-daller\"}}]}<\/script>\n<!-- \/ Yoast SEO plugin. -->","yoast_head_json":{"title":"Akkreditierung von Frau Dr Sena Ben Amor - Daler-Spital","robots":{"index":"index","follow":"follow","max-snippet":"max-snippet:-1","max-image-preview":"max-image-preview:large","max-video-preview":"max-video-preview:-1"},"canonical":"https:\/\/daler.ch\/accreditation-de-la-dre-sena-ben-amor\/","og_locale":"de_DE","og_type":"article","og_title":"Akkreditierung von Frau Dr Sena Ben Amor - Daler-Spital","og_description":"Am 17. August 2020 hat der Vorstand des Daler-Spitals die Akkreditierung von Dr. Sena Ben Amor, Fach\u00e4rztin FMH f\u00fcr Gyn\u00e4kologie und Geburtshilfe angenommen. Frau Dr. Sena Ben Amor hat 2010 an der Medizinischen Fakult\u00e4t der Universit\u00e4t Lausanne ihr Staatsexamen abgelegt. [&hellip;]","og_url":"https:\/\/daler.ch\/accreditation-de-la-dre-sena-ben-amor\/","og_site_name":"Daler-Spital","article_published_time":"2020-09-14T14:35:46+00:00","og_image":[{"width":1601,"height":500,"url":"https:\/\/daler.ch\/wp-content\/uploads\/2018\/10\/Maternite-1.jpg","type":"image\/jpeg"}],"author":"emblematik-daller","twitter_card":"summary_large_image","twitter_misc":{"Verfasst von":"emblematik-daller","Gesch\u00e4tzte Lesezeit":"1\u00a0Minute"},"schema":{"@context":"https:\/\/schema.org","@graph":[{"@type":"Article","@id":"https:\/\/daler.ch\/accreditation-de-la-dre-sena-ben-amor\/#article","isPartOf":{"@id":"https:\/\/daler.ch\/accreditation-de-la-dre-sena-ben-amor\/"},"author":{"name":"emblematik-daller","@id":"https:\/\/daler.ch\/#\/schema\/person\/3efe34bd72d30c33193e0a6142fd126e"},"headline":"Akkreditierung von Frau Dr Sena Ben Amor","datePublished":"2020-09-14T14:35:46+00:00","mainEntityOfPage":{"@id":"https:\/\/daler.ch\/accreditation-de-la-dre-sena-ben-amor\/"},"wordCount":131,"image":{"@id":"https:\/\/daler.ch\/accreditation-de-la-dre-sena-ben-amor\/#primaryimage"},"thumbnailUrl":"https:\/\/daler.ch\/wp-content\/uploads\/2018\/10\/Maternite-1.jpg","articleSection":["Unkategorisiert"],"inLanguage":"de"},{"@type":"WebPage","@id":"https:\/\/daler.ch\/accreditation-de-la-dre-sena-ben-amor\/","url":"https:\/\/daler.ch\/accreditation-de-la-dre-sena-ben-amor\/","name":"Akkreditierung von Frau Dr Sena Ben Amor - Daler-Spital","isPartOf":{"@id":"https:\/\/daler.ch\/#website"},"primaryImageOfPage":{"@id":"https:\/\/daler.ch\/accreditation-de-la-dre-sena-ben-amor\/#primaryimage"},"image":{"@id":"https:\/\/daler.ch\/accreditation-de-la-dre-sena-ben-amor\/#primaryimage"},"thumbnailUrl":"https:\/\/daler.ch\/wp-content\/uploads\/2018\/10\/Maternite-1.jpg","datePublished":"2020-09-14T14:35:46+00:00","author":{"@id":"https:\/\/daler.ch\/#\/schema\/person\/3efe34bd72d30c33193e0a6142fd126e"},"breadcrumb":{"@id":"https:\/\/daler.ch\/accreditation-de-la-dre-sena-ben-amor\/#breadcrumb"},"inLanguage":"de","potentialAction":[{"@type":"ReadAction","target":["https:\/\/daler.ch\/accreditation-de-la-dre-sena-ben-amor\/"]}]},{"@type":"ImageObject","inLanguage":"de","@id":"https:\/\/daler.ch\/accreditation-de-la-dre-sena-ben-amor\/#primaryimage","url":"https:\/\/daler.ch\/wp-content\/uploads\/2018\/10\/Maternite-1.jpg","contentUrl":"https:\/\/daler.ch\/wp-content\/uploads\/2018\/10\/Maternite-1.jpg","width":1601,"height":500},{"@type":"BreadcrumbList","@id":"https:\/\/daler.ch\/accreditation-de-la-dre-sena-ben-amor\/#breadcrumb","itemListElement":[{"@type":"ListItem","position":1,"name":"Home","item":"https:\/\/daler.ch\/de\/"},{"@type":"ListItem","position":2,"name":"Akkreditierung von Frau Dr Sena Ben Amor"}]},{"@type":"WebSite","@id":"https:\/\/daler.ch\/#website","url":"https:\/\/daler.ch\/","name":"Daler-Spital","description":"Hopital Daler","potentialAction":[{"@type":"SearchAction","target":{"@type":"EntryPoint","urlTemplate":"https:\/\/daler.ch\/?s={search_term_string}"},"query-input":{"@type":"PropertyValueSpecification","valueRequired":true,"valueName":"search_term_string"}}],"inLanguage":"de"},{"@type":"Person","@id":"https:\/\/daler.ch\/#\/schema\/person\/3efe34bd72d30c33193e0a6142fd126e","name":"emblematik-daller","image":{"@type":"ImageObject","inLanguage":"de","@id":"https:\/\/secure.gravatar.com\/avatar\/a4eebccbc81c422944fd8163ba969d1383db6733d5694ac571ccaf054519f805?s=96&d=mm&r=g","url":"https:\/\/secure.gravatar.com\/avatar\/a4eebccbc81c422944fd8163ba969d1383db6733d5694ac571ccaf054519f805?s=96&d=mm&r=g","contentUrl":"https:\/\/secure.gravatar.com\/avatar\/a4eebccbc81c422944fd8163ba969d1383db6733d5694ac571ccaf054519f805?s=96&d=mm&r=g","caption":"emblematik-daller"}}]}},"_links":{"self":[{"href":"https:\/\/daler.ch\/de\/wp-json\/wp\/v2\/posts\/3484","targetHints":{"allow":["GET"]}}],"collection":[{"href":"https:\/\/daler.ch\/de\/wp-json\/wp\/v2\/posts"}],"about":[{"href":"https:\/\/daler.ch\/de\/wp-json\/wp\/v2\/types\/post"}],"author":[{"embeddable":true,"href":"https:\/\/daler.ch\/de\/wp-json\/wp\/v2\/users\/13"}],"replies":[{"embeddable":true,"href":"https:\/\/daler.ch\/de\/wp-json\/wp\/v2\/comments?post=3484"}],"version-history":[{"count":1,"href":"https:\/\/daler.ch\/de\/wp-json\/wp\/v2\/posts\/3484\/revisions"}],"predecessor-version":[{"id":3485,"href":"https:\/\/daler.ch\/de\/wp-json\/wp\/v2\/posts\/3484\/revisions\/3485"}],"wp:featuredmedia":[{"embeddable":true,"href":"https:\/\/daler.ch\/de\/wp-json\/wp\/v2\/media\/2355"}],"wp:attachment":[{"href":"https:\/\/daler.ch\/de\/wp-json\/wp\/v2\/media?parent=3484"}],"wp:term":[{"taxonomy":"category","embeddable":true,"href":"https:\/\/daler.ch\/de\/wp-json\/wp\/v2\/categories?post=3484"},{"taxonomy":"post_tag","embeddable":true,"href":"https:\/\/daler.ch\/de\/wp-json\/wp\/v2\/tags?post=3484"}],"curies":[{"name":"wp","href":"https:\/\/api.w.org\/{rel}","templated":true}]}}