{"id":4198,"date":"2021-05-03T11:07:59","date_gmt":"2021-05-03T09:07:59","guid":{"rendered":"https:\/\/www.daler.ch\/bilan-2020-de-lhopital-daler\/"},"modified":"2021-05-03T11:20:50","modified_gmt":"2021-05-03T09:20:50","slug":"bilan-2020-de-lhopital-daler","status":"publish","type":"post","link":"https:\/\/daler.ch\/de\/bilan-2020-de-lhopital-daler\/","title":{"rendered":"Jahresbilanz"},"content":{"rendered":"<p>In einem von der Covid-19-Pandemie gepr\u00e4gten Kontext konnte die Stiftung die Erwartungen der Bev\u00f6lkerung, aber auch diejenigen der verschiedenen f\u00fcr die Bew\u00e4ltigung der Gesundheitskrise zust\u00e4ndigen Stellen erf\u00fcllen. Gleichzeitig wurde<br \/>\nEnde Dezember 2020 das Strategieprojekt zur Modernisierung des Operationstraktes abgeschlossen. Damit verf\u00fcgt der Kanton Freiburg \u00fcber eine medizintechnische Plattform mit sechs der modernsten Operationss\u00e4le, was den Willen des Daler Spitals verdeutlicht, seine Infrastruktur auf einem sehr hohen Qualit\u00e4tsniveau zu halten.<\/p>\n<p>Leider l\u00e4sst die gesundheitliche Situation keinen traditionellen Tag der offenen T\u00fcr im Operationstrakt zu; die Freiburger Bev\u00f6lkerung kann ihn jedoch in einem virtuellen Rundgang auf der Website der Einrichtung entdecken.<\/p>\n<p>Das Daler Spital weist im Vergleich zum Vorjahr eine leichte Zunahme der station\u00e4ren und ambulanten T\u00e4tigkeit sowie eine konstante Anzahl von Geburten auf. Trotz der durch Covid-19 beeinflussten Rahmenbedingungen ist das Finanzergebnis f\u00fcr 2020 ausgeglichen.<\/p>\n<p><strong>Erinnerung an unsere Mission und Werte<\/strong><\/p>\n<p>W\u00e4hrend der Sitzung des Stiftungsrates, der die Jahresrechnung und den Jahresbericht 2020 genehmigte, verwies dessen Pr\u00e4sident, Herr Paul-Albert Nobs, auf die Grundlagen unserer Institution: <em>\u00abDie besondere Situation im Jahr 2020 hat uns bei verschiedenen Gelegenheiten daran erinnert, wie wichtig die Mission des Daler Spitals ist und welche Rolle es im Sinne seiner Werte Verantwortung, Modernit\u00e4t und nachhaltige Entwicklung spielt.\u00bb <\/em><\/p>\n<p><strong>T\u00e4tigkeit 2020<\/strong><\/p>\n<p>2020 lag die station\u00e4re T\u00e4tigkeit mit 5020 F\u00e4llen leicht \u00fcber dem Niveau des Vorjahres (+185 \/ +3,8 %). In der Geburtsabteilung kamen im Berichtsjahr 1508 Babys zur Welt (1547 im Jahr 2019); seit 2014 verzeichnet die zweitgr\u00f6sste private Geburtsabteilung der Schweiz und die gr\u00f6sste Geburtsklinik des Kantons Freiburg j\u00e4hrlich rund 1500 Geburten. Schliesslich ist im teilstation\u00e4ren Bereich ein deutlicher Anstieg der Aktivit\u00e4t zu verzeichnen (1742 F\u00e4lle gegen\u00fcber 1571 im Jahr 2019; siehe Punkt unten).<\/p>\n<p><strong>Zusammenarbeit mit dem HFR durch Covid-19 weiter verst\u00e4rkt<\/strong><\/p>\n<p>Seit vielen Jahren arbeiten das Daler Spital und das freiburger spital (HFR) in verschiedenen Bereichen zusammen, insbesondere um auf kantonaler Ebene erstklassige Dienstleistungen im Bereich der Onkologie anzubieten (Brustzentrum Freiburg, Prostatazentrum Freiburg).<\/p>\n<p>2020 wurden im Rahmen der kantonalen Gesundheitsauftr\u00e4ge, die jeder Einrichtung w\u00e4hrend der Pandemie (erste und zweite Welle) zugewiesen wurden, 66 station\u00e4re und 187 ambulante Patienten von HFR-\u00c4rzten im Daler Spital operiert und von den Mitarbeitern unserer Einrichtung betreut.<\/p>\n<p><strong>Finanzen<\/strong><\/p>\n<p>Das Finanzergebnis 2020 ist wie in den Vorjahren ausgeglichen und der Gewinn wird erneut in die zuk\u00fcnftige Anpassung der Spitalinfrastruktur investiert.<\/p>\n<p>Diese finanzielle Situation ist unerwartet: Die durch die Pandemie verursachte Ausnahmesituation f\u00fchrte sowohl zu einem R\u00fcckgang der Einnahmen als auch zu einem Anstieg vieler Ausgaben, die nicht durch die fakturierten Pauschalen abgedeckt werden (z. B. Schutzausr\u00fcstung). Ein \u00e4usserst straffes Kostenmanagement und ein hohes Mass an organisatorischer Flexibilit\u00e4t (z. B. im Hinblick auf die verschobenen Operationen im Fr\u00fchjahr 2020) sind die Hauptgr\u00fcnde f\u00fcr diese g\u00fcnstige Situation.<\/p>\n<p><strong>Komplette Modernisierung des Operationstraktes<\/strong><\/p>\n<p>Das im Oktober 2018 gestartete Strategieprojekt zur Modernisierung des Operationstraktes und seiner sechs OP-S\u00e4le wurde bis Ende Dezember 2020 abgeschlossen. Neben der Bew\u00e4ltigung der (unerwarteten) Auswirkungen der Pandemie erforderte die Umsetzung eines solchen Grossprojektes die Suche nach L\u00f6sungen f\u00fcr die Probleme, die mit dieser Art von Bauarbeiten einhergehen, mit der Einschr\u00e4nkung, dass der Spitalbetrieb ununterbrochen aufrechterhalten werden musste: Qualit\u00e4t und Sicherheit der Patientenversorgung, Respekt f\u00fcr deren Komfort usw.<\/p>\n<p>Urspr\u00fcnglich als Tag der offenen T\u00fcr geplant, kann die Besichtigung dieser neuen Infrastruktur durch die Freiburger Bev\u00f6lkerung nun virtuell erfolgen, und zwar \u00fcber die Website des Spitals (daler.ch).<\/p>\n<p><strong>Energie aus der Fotovoltaikanlage<\/strong><\/p>\n<p>Das Daler Spital engagiert sich weiterhin f\u00fcr eine nachhaltige Entwicklung in \u00dcbereinstimmung mit seinen Werten: \u00ab<em>Durch die Anwendung von Grunds\u00e4tzen der nachhaltigen Entwicklung und <\/em><em>umweltfreundlichen Verwaltung und unter Ber\u00fccksichtigung aller verf\u00fcgbaren Mittel ein Wachstum <\/em><em>anstreben, das den Fortbestand der Institution sicherstellt.<\/em>\u00bb<\/p>\n<p>Aus diesem Grund wurden Ende M\u00e4rz 2020 \u00fcber 400 Fotovoltaikmodule auf den D\u00e4chern des Spitals in Betrieb genommen. Mit einer Gesamtfl\u00e4che von 700 m2 wird die Anlage sch\u00e4tzungsweise 137 000 kWh produzieren (rund 10 % des j\u00e4hrlichen Stromverbrauchs).<\/p>\n<p>Dies ist Teil der Massnahmen, die in den letzten Jahren eingef\u00fchrt wurden, wie z. B. die Fernw\u00e4rme durch das FRICAD-System und die Anpassungen im Rahmen der kantonalen Gesetzgebung f\u00fcr Grossverbraucher.<\/p>\n","protected":false},"excerpt":{"rendered":"<p>In einem von der Covid-19-Pandemie gepr\u00e4gten Kontext konnte die Stiftung die Erwartungen der Bev\u00f6lkerung, aber auch diejenigen der verschiedenen f\u00fcr die Bew\u00e4ltigung der Gesundheitskrise zust\u00e4ndigen Stellen erf\u00fcllen. Gleichzeitig wurde Ende Dezember 2020 das Strategieprojekt zur Modernisierung des Operationstraktes abgeschlossen. Damit [&hellip;]<\/p>\n","protected":false},"author":13,"featured_media":4194,"comment_status":"closed","ping_status":"closed","sticky":false,"template":"","format":"standard","meta":{"footnotes":""},"categories":[2],"tags":[],"class_list":["post-4198","post","type-post","status-publish","format-standard","has-post-thumbnail","hentry","category-unkategorisiert"],"yoast_head":"<!-- This site is optimized with the Yoast SEO plugin v27.5 - https:\/\/yoast.com\/product\/yoast-seo-wordpress\/ -->\n<title>Jahresbilanz - Daler-Spital<\/title>\n<meta name=\"robots\" content=\"index, follow, max-snippet:-1, max-image-preview:large, max-video-preview:-1\" \/>\n<link rel=\"canonical\" href=\"https:\/\/daler.ch\/bilan-2020-de-lhopital-daler\/\" \/>\n<meta property=\"og:locale\" content=\"de_DE\" \/>\n<meta property=\"og:type\" content=\"article\" \/>\n<meta property=\"og:title\" content=\"Jahresbilanz - Daler-Spital\" \/>\n<meta property=\"og:description\" content=\"In einem von der Covid-19-Pandemie gepr\u00e4gten Kontext konnte die Stiftung die Erwartungen der Bev\u00f6lkerung, aber auch diejenigen der verschiedenen f\u00fcr die Bew\u00e4ltigung der Gesundheitskrise zust\u00e4ndigen Stellen erf\u00fcllen. Gleichzeitig wurde Ende Dezember 2020 das Strategieprojekt zur Modernisierung des Operationstraktes abgeschlossen. Damit [&hellip;]\" \/>\n<meta property=\"og:url\" content=\"https:\/\/daler.ch\/bilan-2020-de-lhopital-daler\/\" \/>\n<meta property=\"og:site_name\" content=\"Daler-Spital\" \/>\n<meta property=\"article:published_time\" content=\"2021-05-03T09:07:59+00:00\" \/>\n<meta property=\"article:modified_time\" content=\"2021-05-03T09:20:50+00:00\" \/>\n<meta property=\"og:image\" content=\"https:\/\/daler.ch\/wp-content\/uploads\/2021\/05\/Daler_lot1_072015_020-1200x375.jpg\" \/>\n\t<meta property=\"og:image:width\" content=\"1200\" \/>\n\t<meta property=\"og:image:height\" content=\"375\" \/>\n\t<meta property=\"og:image:type\" content=\"image\/jpeg\" \/>\n<meta name=\"author\" content=\"emblematik-daller\" \/>\n<meta name=\"twitter:card\" content=\"summary_large_image\" \/>\n<meta name=\"twitter:label1\" content=\"Verfasst von\" \/>\n\t<meta name=\"twitter:data1\" content=\"emblematik-daller\" \/>\n\t<meta name=\"twitter:label2\" content=\"Gesch\u00e4tzte Lesezeit\" \/>\n\t<meta name=\"twitter:data2\" content=\"3\u00a0Minuten\" \/>\n<script type=\"application\/ld+json\" class=\"yoast-schema-graph\">{\"@context\":\"https:\\\/\\\/schema.org\",\"@graph\":[{\"@type\":\"Article\",\"@id\":\"https:\\\/\\\/daler.ch\\\/bilan-2020-de-lhopital-daler\\\/#article\",\"isPartOf\":{\"@id\":\"https:\\\/\\\/daler.ch\\\/bilan-2020-de-lhopital-daler\\\/\"},\"author\":{\"name\":\"emblematik-daller\",\"@id\":\"https:\\\/\\\/daler.ch\\\/#\\\/schema\\\/person\\\/3efe34bd72d30c33193e0a6142fd126e\"},\"headline\":\"Jahresbilanz\",\"datePublished\":\"2021-05-03T09:07:59+00:00\",\"dateModified\":\"2021-05-03T09:20:50+00:00\",\"mainEntityOfPage\":{\"@id\":\"https:\\\/\\\/daler.ch\\\/bilan-2020-de-lhopital-daler\\\/\"},\"wordCount\":688,\"image\":{\"@id\":\"https:\\\/\\\/daler.ch\\\/bilan-2020-de-lhopital-daler\\\/#primaryimage\"},\"thumbnailUrl\":\"https:\\\/\\\/daler.ch\\\/wp-content\\\/uploads\\\/2021\\\/05\\\/Daler_lot1_072015_020.jpg\",\"articleSection\":[\"Unkategorisiert\"],\"inLanguage\":\"de\"},{\"@type\":\"WebPage\",\"@id\":\"https:\\\/\\\/daler.ch\\\/bilan-2020-de-lhopital-daler\\\/\",\"url\":\"https:\\\/\\\/daler.ch\\\/bilan-2020-de-lhopital-daler\\\/\",\"name\":\"Jahresbilanz - Daler-Spital\",\"isPartOf\":{\"@id\":\"https:\\\/\\\/daler.ch\\\/#website\"},\"primaryImageOfPage\":{\"@id\":\"https:\\\/\\\/daler.ch\\\/bilan-2020-de-lhopital-daler\\\/#primaryimage\"},\"image\":{\"@id\":\"https:\\\/\\\/daler.ch\\\/bilan-2020-de-lhopital-daler\\\/#primaryimage\"},\"thumbnailUrl\":\"https:\\\/\\\/daler.ch\\\/wp-content\\\/uploads\\\/2021\\\/05\\\/Daler_lot1_072015_020.jpg\",\"datePublished\":\"2021-05-03T09:07:59+00:00\",\"dateModified\":\"2021-05-03T09:20:50+00:00\",\"author\":{\"@id\":\"https:\\\/\\\/daler.ch\\\/#\\\/schema\\\/person\\\/3efe34bd72d30c33193e0a6142fd126e\"},\"breadcrumb\":{\"@id\":\"https:\\\/\\\/daler.ch\\\/bilan-2020-de-lhopital-daler\\\/#breadcrumb\"},\"inLanguage\":\"de\",\"potentialAction\":[{\"@type\":\"ReadAction\",\"target\":[\"https:\\\/\\\/daler.ch\\\/bilan-2020-de-lhopital-daler\\\/\"]}]},{\"@type\":\"ImageObject\",\"inLanguage\":\"de\",\"@id\":\"https:\\\/\\\/daler.ch\\\/bilan-2020-de-lhopital-daler\\\/#primaryimage\",\"url\":\"https:\\\/\\\/daler.ch\\\/wp-content\\\/uploads\\\/2021\\\/05\\\/Daler_lot1_072015_020.jpg\",\"contentUrl\":\"https:\\\/\\\/daler.ch\\\/wp-content\\\/uploads\\\/2021\\\/05\\\/Daler_lot1_072015_020.jpg\",\"width\":5720,\"height\":1788},{\"@type\":\"BreadcrumbList\",\"@id\":\"https:\\\/\\\/daler.ch\\\/bilan-2020-de-lhopital-daler\\\/#breadcrumb\",\"itemListElement\":[{\"@type\":\"ListItem\",\"position\":1,\"name\":\"Home\",\"item\":\"https:\\\/\\\/daler.ch\\\/de\\\/\"},{\"@type\":\"ListItem\",\"position\":2,\"name\":\"Jahresbilanz\"}]},{\"@type\":\"WebSite\",\"@id\":\"https:\\\/\\\/daler.ch\\\/#website\",\"url\":\"https:\\\/\\\/daler.ch\\\/\",\"name\":\"Daler-Spital\",\"description\":\"Hopital Daler\",\"potentialAction\":[{\"@type\":\"SearchAction\",\"target\":{\"@type\":\"EntryPoint\",\"urlTemplate\":\"https:\\\/\\\/daler.ch\\\/?s={search_term_string}\"},\"query-input\":{\"@type\":\"PropertyValueSpecification\",\"valueRequired\":true,\"valueName\":\"search_term_string\"}}],\"inLanguage\":\"de\"},{\"@type\":\"Person\",\"@id\":\"https:\\\/\\\/daler.ch\\\/#\\\/schema\\\/person\\\/3efe34bd72d30c33193e0a6142fd126e\",\"name\":\"emblematik-daller\",\"image\":{\"@type\":\"ImageObject\",\"inLanguage\":\"de\",\"@id\":\"https:\\\/\\\/secure.gravatar.com\\\/avatar\\\/a4eebccbc81c422944fd8163ba969d1383db6733d5694ac571ccaf054519f805?s=96&d=mm&r=g\",\"url\":\"https:\\\/\\\/secure.gravatar.com\\\/avatar\\\/a4eebccbc81c422944fd8163ba969d1383db6733d5694ac571ccaf054519f805?s=96&d=mm&r=g\",\"contentUrl\":\"https:\\\/\\\/secure.gravatar.com\\\/avatar\\\/a4eebccbc81c422944fd8163ba969d1383db6733d5694ac571ccaf054519f805?s=96&d=mm&r=g\",\"caption\":\"emblematik-daller\"}}]}<\/script>\n<!-- \/ Yoast SEO plugin. -->","yoast_head_json":{"title":"Jahresbilanz - Daler-Spital","robots":{"index":"index","follow":"follow","max-snippet":"max-snippet:-1","max-image-preview":"max-image-preview:large","max-video-preview":"max-video-preview:-1"},"canonical":"https:\/\/daler.ch\/bilan-2020-de-lhopital-daler\/","og_locale":"de_DE","og_type":"article","og_title":"Jahresbilanz - Daler-Spital","og_description":"In einem von der Covid-19-Pandemie gepr\u00e4gten Kontext konnte die Stiftung die Erwartungen der Bev\u00f6lkerung, aber auch diejenigen der verschiedenen f\u00fcr die Bew\u00e4ltigung der Gesundheitskrise zust\u00e4ndigen Stellen erf\u00fcllen. Gleichzeitig wurde Ende Dezember 2020 das Strategieprojekt zur Modernisierung des Operationstraktes abgeschlossen. Damit [&hellip;]","og_url":"https:\/\/daler.ch\/bilan-2020-de-lhopital-daler\/","og_site_name":"Daler-Spital","article_published_time":"2021-05-03T09:07:59+00:00","article_modified_time":"2021-05-03T09:20:50+00:00","og_image":[{"width":1200,"height":375,"url":"https:\/\/daler.ch\/wp-content\/uploads\/2021\/05\/Daler_lot1_072015_020-1200x375.jpg","type":"image\/jpeg"}],"author":"emblematik-daller","twitter_card":"summary_large_image","twitter_misc":{"Verfasst von":"emblematik-daller","Gesch\u00e4tzte Lesezeit":"3\u00a0Minuten"},"schema":{"@context":"https:\/\/schema.org","@graph":[{"@type":"Article","@id":"https:\/\/daler.ch\/bilan-2020-de-lhopital-daler\/#article","isPartOf":{"@id":"https:\/\/daler.ch\/bilan-2020-de-lhopital-daler\/"},"author":{"name":"emblematik-daller","@id":"https:\/\/daler.ch\/#\/schema\/person\/3efe34bd72d30c33193e0a6142fd126e"},"headline":"Jahresbilanz","datePublished":"2021-05-03T09:07:59+00:00","dateModified":"2021-05-03T09:20:50+00:00","mainEntityOfPage":{"@id":"https:\/\/daler.ch\/bilan-2020-de-lhopital-daler\/"},"wordCount":688,"image":{"@id":"https:\/\/daler.ch\/bilan-2020-de-lhopital-daler\/#primaryimage"},"thumbnailUrl":"https:\/\/daler.ch\/wp-content\/uploads\/2021\/05\/Daler_lot1_072015_020.jpg","articleSection":["Unkategorisiert"],"inLanguage":"de"},{"@type":"WebPage","@id":"https:\/\/daler.ch\/bilan-2020-de-lhopital-daler\/","url":"https:\/\/daler.ch\/bilan-2020-de-lhopital-daler\/","name":"Jahresbilanz - Daler-Spital","isPartOf":{"@id":"https:\/\/daler.ch\/#website"},"primaryImageOfPage":{"@id":"https:\/\/daler.ch\/bilan-2020-de-lhopital-daler\/#primaryimage"},"image":{"@id":"https:\/\/daler.ch\/bilan-2020-de-lhopital-daler\/#primaryimage"},"thumbnailUrl":"https:\/\/daler.ch\/wp-content\/uploads\/2021\/05\/Daler_lot1_072015_020.jpg","datePublished":"2021-05-03T09:07:59+00:00","dateModified":"2021-05-03T09:20:50+00:00","author":{"@id":"https:\/\/daler.ch\/#\/schema\/person\/3efe34bd72d30c33193e0a6142fd126e"},"breadcrumb":{"@id":"https:\/\/daler.ch\/bilan-2020-de-lhopital-daler\/#breadcrumb"},"inLanguage":"de","potentialAction":[{"@type":"ReadAction","target":["https:\/\/daler.ch\/bilan-2020-de-lhopital-daler\/"]}]},{"@type":"ImageObject","inLanguage":"de","@id":"https:\/\/daler.ch\/bilan-2020-de-lhopital-daler\/#primaryimage","url":"https:\/\/daler.ch\/wp-content\/uploads\/2021\/05\/Daler_lot1_072015_020.jpg","contentUrl":"https:\/\/daler.ch\/wp-content\/uploads\/2021\/05\/Daler_lot1_072015_020.jpg","width":5720,"height":1788},{"@type":"BreadcrumbList","@id":"https:\/\/daler.ch\/bilan-2020-de-lhopital-daler\/#breadcrumb","itemListElement":[{"@type":"ListItem","position":1,"name":"Home","item":"https:\/\/daler.ch\/de\/"},{"@type":"ListItem","position":2,"name":"Jahresbilanz"}]},{"@type":"WebSite","@id":"https:\/\/daler.ch\/#website","url":"https:\/\/daler.ch\/","name":"Daler-Spital","description":"Hopital Daler","potentialAction":[{"@type":"SearchAction","target":{"@type":"EntryPoint","urlTemplate":"https:\/\/daler.ch\/?s={search_term_string}"},"query-input":{"@type":"PropertyValueSpecification","valueRequired":true,"valueName":"search_term_string"}}],"inLanguage":"de"},{"@type":"Person","@id":"https:\/\/daler.ch\/#\/schema\/person\/3efe34bd72d30c33193e0a6142fd126e","name":"emblematik-daller","image":{"@type":"ImageObject","inLanguage":"de","@id":"https:\/\/secure.gravatar.com\/avatar\/a4eebccbc81c422944fd8163ba969d1383db6733d5694ac571ccaf054519f805?s=96&d=mm&r=g","url":"https:\/\/secure.gravatar.com\/avatar\/a4eebccbc81c422944fd8163ba969d1383db6733d5694ac571ccaf054519f805?s=96&d=mm&r=g","contentUrl":"https:\/\/secure.gravatar.com\/avatar\/a4eebccbc81c422944fd8163ba969d1383db6733d5694ac571ccaf054519f805?s=96&d=mm&r=g","caption":"emblematik-daller"}}]}},"_links":{"self":[{"href":"https:\/\/daler.ch\/de\/wp-json\/wp\/v2\/posts\/4198","targetHints":{"allow":["GET"]}}],"collection":[{"href":"https:\/\/daler.ch\/de\/wp-json\/wp\/v2\/posts"}],"about":[{"href":"https:\/\/daler.ch\/de\/wp-json\/wp\/v2\/types\/post"}],"author":[{"embeddable":true,"href":"https:\/\/daler.ch\/de\/wp-json\/wp\/v2\/users\/13"}],"replies":[{"embeddable":true,"href":"https:\/\/daler.ch\/de\/wp-json\/wp\/v2\/comments?post=4198"}],"version-history":[{"count":5,"href":"https:\/\/daler.ch\/de\/wp-json\/wp\/v2\/posts\/4198\/revisions"}],"predecessor-version":[{"id":4204,"href":"https:\/\/daler.ch\/de\/wp-json\/wp\/v2\/posts\/4198\/revisions\/4204"}],"wp:featuredmedia":[{"embeddable":true,"href":"https:\/\/daler.ch\/de\/wp-json\/wp\/v2\/media\/4194"}],"wp:attachment":[{"href":"https:\/\/daler.ch\/de\/wp-json\/wp\/v2\/media?parent=4198"}],"wp:term":[{"taxonomy":"category","embeddable":true,"href":"https:\/\/daler.ch\/de\/wp-json\/wp\/v2\/categories?post=4198"},{"taxonomy":"post_tag","embeddable":true,"href":"https:\/\/daler.ch\/de\/wp-json\/wp\/v2\/tags?post=4198"}],"curies":[{"name":"wp","href":"https:\/\/api.w.org\/{rel}","templated":true}]}}