{"id":4231,"date":"2021-05-10T10:53:36","date_gmt":"2021-05-10T08:53:36","guid":{"rendered":"https:\/\/www.daler.ch\/?p=4231"},"modified":"2021-05-10T11:09:29","modified_gmt":"2021-05-10T09:09:29","slug":"brustzentrum-bilanz-2020","status":"publish","type":"post","link":"https:\/\/daler.ch\/de\/brustzentrum-bilanz-2020\/","title":{"rendered":"Brustzentrum \u2013 Bilanz 2020"},"content":{"rendered":"<p><strong>100\u00a0Prozent der Patientinnen w\u00fcrden das Brustzentrum Freiburg weiterempfehlen <\/strong><\/p>\n<p><em>Das Brustzentrum Freiburg hat im vergangenen Jahr deutlich mehr Patientinnen behandelt, und diese sind mit ihrer Betreuung sehr zufrieden, wie eine Umfrage zeigt. Die Forschung ist und bleibt von gr\u00f6sster Bedeutung, um noch wirksamere Behandlungen zu entwickeln. Daher nimmt das Brustzentrum Freiburg an mehreren Studien teil, einige davon international. <\/em><\/p>\n<p>Das Brustzentrum Freiburg hat im vergangenen Jahr 183 Patientinnen behandelt (18\u00a0mehr als 2019). Das zentrale Radiologie-Team f\u00fchrte 8001 Mammografien durch. Jede Patientin des Brustzentrums Freiburg wird beim w\u00f6chentlichen Tumorboard vorgestellt, einer multidisziplin\u00e4ren Sitzung, an der Fach\u00e4rztinnen und Fach\u00e4rzte aus der Gyn\u00e4kologie, plastischen Chirurgie, Onkologie, Pathologie, Radiologie und Radioonkologie teilnehmen. Ziel ist, den Patientinnen die bestm\u00f6gliche Behandlung zu bieten. Seit 2017 hat das Brustzentrum etwa 750 Patientinnen und Patienten betreut.<\/p>\n<p>Von den befragten Patientinnen w\u00fcrden 100\u00a0Prozent das Brustzentrum Freiburg ihren Angeh\u00f6rigen und Freundinnen weiterempfehlen. Dies geht aus der Zufriedenheitsumfrage hervor, die im Mai 2020 an alle Frauen verschickt wurde, die zwischen dem 1. November 2019 und dem 1. M\u00e4rz 2020 am Brustzentrum behandelt wurden. 75 Prozent der Patientinnen hatten einen hervorragenden Gesamteindruck, 22\u00a0Prozent beurteilten diesen als gut und 3 Prozent als durchschnittlich. Besonders zufrieden zeigten sich die Patientinnen mit dem raschen Beginn der Betreuung, dem freundlichen Empfang, den klaren Informationen und der effizienten Nachsorge, insbesondere durch die BCN (Breast Care Nurse). Diese R\u00fcckmeldungen zeugen von der hohen Betreuungsqualit\u00e4t, die das Brustzentrum seit Jahren anstrebt.<\/p>\n<p>Trotz der grossen Fortschritte im Bereich der Behandlung, dank denen brusterhaltende Operationen immer h\u00e4ufiger m\u00f6glich sind, bleibt die Forschung nach wie vor eine der wichtigsten Ressourcen im Kampf gegen Brustkrebs. Es handelt sich um die h\u00e4ufigste Krebsart bei Frauen: Eine von acht Frauen ist betroffen. Das Brustzentrum Freiburg, das aus einer \u00f6ffentlich-privaten Partnerschaft zwischen dem Daler-Spital und dem freiburger spital (HFR) entstand, leistet einen aktiven Beitrag zum wissenschaftlichen Fortschritt. 2020 haben verschiedene klinische Studien der Schweizerischen Arbeitsgemeinschaft f\u00fcr Klinische Krebsforschung (SAKK) 23 neue Patientinnen des Brustzentrums Freiburg in verschiedene Protokolle einbezogen. 7 Patientinnen wurden in die RIB-ELLE-Studie von Novartis aufgenommen. Ausserdem bestehen wertvolle Partnerschaften, lokal mit der Universit\u00e4t Freiburg und international mit der International Breast Cancer Study Group (IBCSG).<\/p>\n<p><i>Mehr Informationen unter:\u00a0<\/i><a href=\"http:\/\/www.centre-du-sein-fribourg.ch\/de\">www.centre-du-sein-fribourg.ch\/de<\/a><\/p>\n","protected":false},"excerpt":{"rendered":"<p>100\u00a0Prozent der Patientinnen w\u00fcrden das Brustzentrum Freiburg weiterempfehlen Das Brustzentrum Freiburg hat im vergangenen Jahr deutlich mehr Patientinnen behandelt, und diese sind mit ihrer Betreuung sehr zufrieden, wie eine Umfrage zeigt. Die Forschung ist und bleibt von gr\u00f6sster Bedeutung, um [&hellip;]<\/p>\n","protected":false},"author":13,"featured_media":2112,"comment_status":"closed","ping_status":"closed","sticky":false,"template":"","format":"standard","meta":{"footnotes":""},"categories":[2],"tags":[],"class_list":["post-4231","post","type-post","status-publish","format-standard","has-post-thumbnail","hentry","category-unkategorisiert"],"yoast_head":"<!-- This site is optimized with the Yoast SEO plugin v27.5 - https:\/\/yoast.com\/product\/yoast-seo-wordpress\/ -->\n<title>Brustzentrum \u2013 Bilanz 2020 - Daler-Spital<\/title>\n<meta name=\"robots\" content=\"index, follow, max-snippet:-1, max-image-preview:large, max-video-preview:-1\" \/>\n<link rel=\"canonical\" href=\"https:\/\/daler.ch\/center-du-sein-bilan-2020\/\" \/>\n<meta property=\"og:locale\" content=\"de_DE\" \/>\n<meta property=\"og:type\" content=\"article\" \/>\n<meta property=\"og:title\" content=\"Brustzentrum \u2013 Bilanz 2020 - Daler-Spital\" \/>\n<meta property=\"og:description\" content=\"100\u00a0Prozent der Patientinnen w\u00fcrden das Brustzentrum Freiburg weiterempfehlen Das Brustzentrum Freiburg hat im vergangenen Jahr deutlich mehr Patientinnen behandelt, und diese sind mit ihrer Betreuung sehr zufrieden, wie eine Umfrage zeigt. Die Forschung ist und bleibt von gr\u00f6sster Bedeutung, um [&hellip;]\" \/>\n<meta property=\"og:url\" content=\"https:\/\/daler.ch\/center-du-sein-bilan-2020\/\" \/>\n<meta property=\"og:site_name\" content=\"Daler-Spital\" \/>\n<meta property=\"article:published_time\" content=\"2021-05-10T08:53:36+00:00\" \/>\n<meta property=\"article:modified_time\" content=\"2021-05-10T09:09:29+00:00\" \/>\n<meta property=\"og:image\" content=\"https:\/\/daler.ch\/wp-content\/uploads\/2018\/04\/CsF.jpg\" \/>\n\t<meta property=\"og:image:width\" content=\"1600\" \/>\n\t<meta property=\"og:image:height\" content=\"500\" \/>\n\t<meta property=\"og:image:type\" content=\"image\/jpeg\" \/>\n<meta name=\"author\" content=\"emblematik-daller\" \/>\n<meta name=\"twitter:card\" content=\"summary_large_image\" \/>\n<meta name=\"twitter:label1\" content=\"Verfasst von\" \/>\n\t<meta name=\"twitter:data1\" content=\"emblematik-daller\" \/>\n\t<meta name=\"twitter:label2\" content=\"Gesch\u00e4tzte Lesezeit\" \/>\n\t<meta name=\"twitter:data2\" content=\"2\u00a0Minuten\" \/>\n<script type=\"application\/ld+json\" class=\"yoast-schema-graph\">{\"@context\":\"https:\\\/\\\/schema.org\",\"@graph\":[{\"@type\":\"Article\",\"@id\":\"https:\\\/\\\/daler.ch\\\/center-du-sein-bilan-2020\\\/#article\",\"isPartOf\":{\"@id\":\"https:\\\/\\\/daler.ch\\\/center-du-sein-bilan-2020\\\/\"},\"author\":{\"name\":\"emblematik-daller\",\"@id\":\"https:\\\/\\\/daler.ch\\\/#\\\/schema\\\/person\\\/3efe34bd72d30c33193e0a6142fd126e\"},\"headline\":\"Brustzentrum \u2013 Bilanz 2020\",\"datePublished\":\"2021-05-10T08:53:36+00:00\",\"dateModified\":\"2021-05-10T09:09:29+00:00\",\"mainEntityOfPage\":{\"@id\":\"https:\\\/\\\/daler.ch\\\/center-du-sein-bilan-2020\\\/\"},\"wordCount\":362,\"image\":{\"@id\":\"https:\\\/\\\/daler.ch\\\/center-du-sein-bilan-2020\\\/#primaryimage\"},\"thumbnailUrl\":\"https:\\\/\\\/daler.ch\\\/wp-content\\\/uploads\\\/2018\\\/04\\\/CsF.jpg\",\"articleSection\":[\"Unkategorisiert\"],\"inLanguage\":\"de\"},{\"@type\":\"WebPage\",\"@id\":\"https:\\\/\\\/daler.ch\\\/center-du-sein-bilan-2020\\\/\",\"url\":\"https:\\\/\\\/daler.ch\\\/center-du-sein-bilan-2020\\\/\",\"name\":\"Brustzentrum \u2013 Bilanz 2020 - Daler-Spital\",\"isPartOf\":{\"@id\":\"https:\\\/\\\/daler.ch\\\/#website\"},\"primaryImageOfPage\":{\"@id\":\"https:\\\/\\\/daler.ch\\\/center-du-sein-bilan-2020\\\/#primaryimage\"},\"image\":{\"@id\":\"https:\\\/\\\/daler.ch\\\/center-du-sein-bilan-2020\\\/#primaryimage\"},\"thumbnailUrl\":\"https:\\\/\\\/daler.ch\\\/wp-content\\\/uploads\\\/2018\\\/04\\\/CsF.jpg\",\"datePublished\":\"2021-05-10T08:53:36+00:00\",\"dateModified\":\"2021-05-10T09:09:29+00:00\",\"author\":{\"@id\":\"https:\\\/\\\/daler.ch\\\/#\\\/schema\\\/person\\\/3efe34bd72d30c33193e0a6142fd126e\"},\"breadcrumb\":{\"@id\":\"https:\\\/\\\/daler.ch\\\/center-du-sein-bilan-2020\\\/#breadcrumb\"},\"inLanguage\":\"de\",\"potentialAction\":[{\"@type\":\"ReadAction\",\"target\":[\"https:\\\/\\\/daler.ch\\\/center-du-sein-bilan-2020\\\/\"]}]},{\"@type\":\"ImageObject\",\"inLanguage\":\"de\",\"@id\":\"https:\\\/\\\/daler.ch\\\/center-du-sein-bilan-2020\\\/#primaryimage\",\"url\":\"https:\\\/\\\/daler.ch\\\/wp-content\\\/uploads\\\/2018\\\/04\\\/CsF.jpg\",\"contentUrl\":\"https:\\\/\\\/daler.ch\\\/wp-content\\\/uploads\\\/2018\\\/04\\\/CsF.jpg\",\"width\":1600,\"height\":500},{\"@type\":\"BreadcrumbList\",\"@id\":\"https:\\\/\\\/daler.ch\\\/center-du-sein-bilan-2020\\\/#breadcrumb\",\"itemListElement\":[{\"@type\":\"ListItem\",\"position\":1,\"name\":\"Home\",\"item\":\"https:\\\/\\\/daler.ch\\\/de\\\/\"},{\"@type\":\"ListItem\",\"position\":2,\"name\":\"Brustzentrum \u2013 Bilanz 2020\"}]},{\"@type\":\"WebSite\",\"@id\":\"https:\\\/\\\/daler.ch\\\/#website\",\"url\":\"https:\\\/\\\/daler.ch\\\/\",\"name\":\"Daler-Spital\",\"description\":\"Hopital Daler\",\"potentialAction\":[{\"@type\":\"SearchAction\",\"target\":{\"@type\":\"EntryPoint\",\"urlTemplate\":\"https:\\\/\\\/daler.ch\\\/?s={search_term_string}\"},\"query-input\":{\"@type\":\"PropertyValueSpecification\",\"valueRequired\":true,\"valueName\":\"search_term_string\"}}],\"inLanguage\":\"de\"},{\"@type\":\"Person\",\"@id\":\"https:\\\/\\\/daler.ch\\\/#\\\/schema\\\/person\\\/3efe34bd72d30c33193e0a6142fd126e\",\"name\":\"emblematik-daller\",\"image\":{\"@type\":\"ImageObject\",\"inLanguage\":\"de\",\"@id\":\"https:\\\/\\\/secure.gravatar.com\\\/avatar\\\/a4eebccbc81c422944fd8163ba969d1383db6733d5694ac571ccaf054519f805?s=96&d=mm&r=g\",\"url\":\"https:\\\/\\\/secure.gravatar.com\\\/avatar\\\/a4eebccbc81c422944fd8163ba969d1383db6733d5694ac571ccaf054519f805?s=96&d=mm&r=g\",\"contentUrl\":\"https:\\\/\\\/secure.gravatar.com\\\/avatar\\\/a4eebccbc81c422944fd8163ba969d1383db6733d5694ac571ccaf054519f805?s=96&d=mm&r=g\",\"caption\":\"emblematik-daller\"}}]}<\/script>\n<!-- \/ Yoast SEO plugin. -->","yoast_head_json":{"title":"Brustzentrum \u2013 Bilanz 2020 - Daler-Spital","robots":{"index":"index","follow":"follow","max-snippet":"max-snippet:-1","max-image-preview":"max-image-preview:large","max-video-preview":"max-video-preview:-1"},"canonical":"https:\/\/daler.ch\/center-du-sein-bilan-2020\/","og_locale":"de_DE","og_type":"article","og_title":"Brustzentrum \u2013 Bilanz 2020 - Daler-Spital","og_description":"100\u00a0Prozent der Patientinnen w\u00fcrden das Brustzentrum Freiburg weiterempfehlen Das Brustzentrum Freiburg hat im vergangenen Jahr deutlich mehr Patientinnen behandelt, und diese sind mit ihrer Betreuung sehr zufrieden, wie eine Umfrage zeigt. Die Forschung ist und bleibt von gr\u00f6sster Bedeutung, um [&hellip;]","og_url":"https:\/\/daler.ch\/center-du-sein-bilan-2020\/","og_site_name":"Daler-Spital","article_published_time":"2021-05-10T08:53:36+00:00","article_modified_time":"2021-05-10T09:09:29+00:00","og_image":[{"width":1600,"height":500,"url":"https:\/\/daler.ch\/wp-content\/uploads\/2018\/04\/CsF.jpg","type":"image\/jpeg"}],"author":"emblematik-daller","twitter_card":"summary_large_image","twitter_misc":{"Verfasst von":"emblematik-daller","Gesch\u00e4tzte Lesezeit":"2\u00a0Minuten"},"schema":{"@context":"https:\/\/schema.org","@graph":[{"@type":"Article","@id":"https:\/\/daler.ch\/center-du-sein-bilan-2020\/#article","isPartOf":{"@id":"https:\/\/daler.ch\/center-du-sein-bilan-2020\/"},"author":{"name":"emblematik-daller","@id":"https:\/\/daler.ch\/#\/schema\/person\/3efe34bd72d30c33193e0a6142fd126e"},"headline":"Brustzentrum \u2013 Bilanz 2020","datePublished":"2021-05-10T08:53:36+00:00","dateModified":"2021-05-10T09:09:29+00:00","mainEntityOfPage":{"@id":"https:\/\/daler.ch\/center-du-sein-bilan-2020\/"},"wordCount":362,"image":{"@id":"https:\/\/daler.ch\/center-du-sein-bilan-2020\/#primaryimage"},"thumbnailUrl":"https:\/\/daler.ch\/wp-content\/uploads\/2018\/04\/CsF.jpg","articleSection":["Unkategorisiert"],"inLanguage":"de"},{"@type":"WebPage","@id":"https:\/\/daler.ch\/center-du-sein-bilan-2020\/","url":"https:\/\/daler.ch\/center-du-sein-bilan-2020\/","name":"Brustzentrum \u2013 Bilanz 2020 - Daler-Spital","isPartOf":{"@id":"https:\/\/daler.ch\/#website"},"primaryImageOfPage":{"@id":"https:\/\/daler.ch\/center-du-sein-bilan-2020\/#primaryimage"},"image":{"@id":"https:\/\/daler.ch\/center-du-sein-bilan-2020\/#primaryimage"},"thumbnailUrl":"https:\/\/daler.ch\/wp-content\/uploads\/2018\/04\/CsF.jpg","datePublished":"2021-05-10T08:53:36+00:00","dateModified":"2021-05-10T09:09:29+00:00","author":{"@id":"https:\/\/daler.ch\/#\/schema\/person\/3efe34bd72d30c33193e0a6142fd126e"},"breadcrumb":{"@id":"https:\/\/daler.ch\/center-du-sein-bilan-2020\/#breadcrumb"},"inLanguage":"de","potentialAction":[{"@type":"ReadAction","target":["https:\/\/daler.ch\/center-du-sein-bilan-2020\/"]}]},{"@type":"ImageObject","inLanguage":"de","@id":"https:\/\/daler.ch\/center-du-sein-bilan-2020\/#primaryimage","url":"https:\/\/daler.ch\/wp-content\/uploads\/2018\/04\/CsF.jpg","contentUrl":"https:\/\/daler.ch\/wp-content\/uploads\/2018\/04\/CsF.jpg","width":1600,"height":500},{"@type":"BreadcrumbList","@id":"https:\/\/daler.ch\/center-du-sein-bilan-2020\/#breadcrumb","itemListElement":[{"@type":"ListItem","position":1,"name":"Home","item":"https:\/\/daler.ch\/de\/"},{"@type":"ListItem","position":2,"name":"Brustzentrum \u2013 Bilanz 2020"}]},{"@type":"WebSite","@id":"https:\/\/daler.ch\/#website","url":"https:\/\/daler.ch\/","name":"Daler-Spital","description":"Hopital Daler","potentialAction":[{"@type":"SearchAction","target":{"@type":"EntryPoint","urlTemplate":"https:\/\/daler.ch\/?s={search_term_string}"},"query-input":{"@type":"PropertyValueSpecification","valueRequired":true,"valueName":"search_term_string"}}],"inLanguage":"de"},{"@type":"Person","@id":"https:\/\/daler.ch\/#\/schema\/person\/3efe34bd72d30c33193e0a6142fd126e","name":"emblematik-daller","image":{"@type":"ImageObject","inLanguage":"de","@id":"https:\/\/secure.gravatar.com\/avatar\/a4eebccbc81c422944fd8163ba969d1383db6733d5694ac571ccaf054519f805?s=96&d=mm&r=g","url":"https:\/\/secure.gravatar.com\/avatar\/a4eebccbc81c422944fd8163ba969d1383db6733d5694ac571ccaf054519f805?s=96&d=mm&r=g","contentUrl":"https:\/\/secure.gravatar.com\/avatar\/a4eebccbc81c422944fd8163ba969d1383db6733d5694ac571ccaf054519f805?s=96&d=mm&r=g","caption":"emblematik-daller"}}]}},"_links":{"self":[{"href":"https:\/\/daler.ch\/de\/wp-json\/wp\/v2\/posts\/4231","targetHints":{"allow":["GET"]}}],"collection":[{"href":"https:\/\/daler.ch\/de\/wp-json\/wp\/v2\/posts"}],"about":[{"href":"https:\/\/daler.ch\/de\/wp-json\/wp\/v2\/types\/post"}],"author":[{"embeddable":true,"href":"https:\/\/daler.ch\/de\/wp-json\/wp\/v2\/users\/13"}],"replies":[{"embeddable":true,"href":"https:\/\/daler.ch\/de\/wp-json\/wp\/v2\/comments?post=4231"}],"version-history":[{"count":2,"href":"https:\/\/daler.ch\/de\/wp-json\/wp\/v2\/posts\/4231\/revisions"}],"predecessor-version":[{"id":4237,"href":"https:\/\/daler.ch\/de\/wp-json\/wp\/v2\/posts\/4231\/revisions\/4237"}],"wp:featuredmedia":[{"embeddable":true,"href":"https:\/\/daler.ch\/de\/wp-json\/wp\/v2\/media\/2112"}],"wp:attachment":[{"href":"https:\/\/daler.ch\/de\/wp-json\/wp\/v2\/media?parent=4231"}],"wp:term":[{"taxonomy":"category","embeddable":true,"href":"https:\/\/daler.ch\/de\/wp-json\/wp\/v2\/categories?post=4231"},{"taxonomy":"post_tag","embeddable":true,"href":"https:\/\/daler.ch\/de\/wp-json\/wp\/v2\/tags?post=4231"}],"curies":[{"name":"wp","href":"https:\/\/api.w.org\/{rel}","templated":true}]}}