{"id":4341,"date":"2021-07-19T14:37:39","date_gmt":"2021-07-19T12:37:39","guid":{"rendered":"https:\/\/www.daler.ch\/gestion-des-visites-des-le-19-juillet-2021\/"},"modified":"2021-07-19T15:02:34","modified_gmt":"2021-07-19T13:02:34","slug":"neue-besucherregelung-ab-19-juli-2021","status":"publish","type":"post","link":"https:\/\/daler.ch\/de\/neue-besucherregelung-ab-19-juli-2021\/","title":{"rendered":"Neue Besucherregelung ab 19. Juli 2021"},"content":{"rendered":"<p><em>Da die Covid-19-Gesundheits-Taskforce des Kantons Freiburg eine positive Stellungnahme abgegeben hat, k\u00f6nnen die Freiburger Spit\u00e4ler ab dem 19. Juli 2021 wieder Besuche nach ihren eigenen Regeln zulassen.<\/em><\/p>\n<p><em>Dank den Erkenntnissen aus den Erfahrungen der letzten 18 Monate hat das Daler Spital beschlossen, die Organisation der Besuche unter Ber\u00fccksichtigung der vorher bestehenden Situation Covid-19 anzupassen. So k\u00f6nnen wir den Bed\u00fcrfnissen der Patienten gerecht werden, sowohl in Bezug auf die Unterst\u00fctzung ihrer Angeh\u00f6rigen als auch in Bezug auf die Qualit\u00e4t der medizinischen und pflegerischen Versorgung; die Infrastrukturen des Spitals, insbesondere der herrliche Park mit seinen B\u00e4umen und das f\u00fcr die Entbindungsstation geschaffene Besucherraum, stehen den Patienten und ihren Angeh\u00f6rigen zur Verf\u00fcgung. <\/em><\/p>\n<p><strong>Neue Besucherregelung<\/strong><br \/>\nDas Daler Spital hat sich entschlossen, neue Regeln f\u00fcr Besucher einzuf\u00fchren, die dazu beitragen sollen, eine Umgebung zu schaffen, die dem Wohlbefinden der Patienten f\u00f6rderlich und der Spitalumgebung angemessen sind.<\/p>\n<p>Insbesondere verst\u00e4rken sie den Grundsatz, dass das Patientenzimmer ein Ort ist, an dem der Patient und andere Patienten sich ausruhen und versorgt werden k\u00f6nnen.<\/p>\n<p>Die folgenden Regeln werden in Zukunft angewendet:<\/p>\n<ul>\n<li>Es sind maximal 2 Besucher gleichzeitig pro Patient im Zimmer erlaubt (Maternit\u00e9: einschlie\u00dflich Partner); Ausnahme: Geschwister von Neugeborenen)<\/li>\n<li>Die Patienten k\u00f6nnen auf Wunsch weitere Besucher empfangen, indem sie in die Cafeteria oder in den Park gehen. F\u00fcr W\u00f6chnerinnen wird es au\u00dferdem m\u00f6glich sein, das neue, speziell f\u00fcr sie eingerichtete Besuchszimmer zu nutzen.<\/li>\n<\/ul>\n<p>Die Besuchszeiten bleiben unver\u00e4ndert, je nach Versicherungsklasse (halbprivat\/privat: 10:00 &#8211; 20:00 Uhr; gemeinsam: 14:00 &#8211; 20:00 Uhr).<\/p>\n<p>Alle Informationen finden Sie auf der Rubrik &#8222;<a href=\"\/?page_id=1639\">Besucher<\/a>&#8220; auf unserer Website daler.ch.<\/p>\n<p><strong>Spezifische Regeln in Bezug auf Covid-19<\/strong><br \/>\nm aktuellen Gesundheitskontext bleiben spezifische Hygieneregeln (z. B. Tragen von Masken, kein Besuch von infizierten Patienten im Covid-19) in Kraft.<\/p>\n","protected":false},"excerpt":{"rendered":"<p>Da die Covid-19-Gesundheits-Taskforce des Kantons Freiburg eine positive Stellungnahme abgegeben hat, k\u00f6nnen die Freiburger Spit\u00e4ler ab dem 19. Juli 2021 wieder Besuche nach ihren eigenen Regeln zulassen. Dank den Erkenntnissen aus den Erfahrungen der letzten 18 Monate hat das Daler [&hellip;]<\/p>\n","protected":false},"author":13,"featured_media":2724,"comment_status":"closed","ping_status":"closed","sticky":false,"template":"","format":"standard","meta":{"footnotes":""},"categories":[2],"tags":[],"class_list":["post-4341","post","type-post","status-publish","format-standard","has-post-thumbnail","hentry","category-unkategorisiert"],"yoast_head":"<!-- This site is optimized with the Yoast SEO plugin v27.5 - https:\/\/yoast.com\/product\/yoast-seo-wordpress\/ -->\n<title>Neue Besucherregelung ab 19. Juli 2021 - Daler-Spital<\/title>\n<meta name=\"robots\" content=\"index, follow, max-snippet:-1, max-image-preview:large, max-video-preview:-1\" \/>\n<link rel=\"canonical\" href=\"https:\/\/daler.ch\/gestion-des-visites-des-le-19-juillet-2021\/\" \/>\n<meta property=\"og:locale\" content=\"de_DE\" \/>\n<meta property=\"og:type\" content=\"article\" \/>\n<meta property=\"og:title\" content=\"Neue Besucherregelung ab 19. Juli 2021 - Daler-Spital\" \/>\n<meta property=\"og:description\" content=\"Da die Covid-19-Gesundheits-Taskforce des Kantons Freiburg eine positive Stellungnahme abgegeben hat, k\u00f6nnen die Freiburger Spit\u00e4ler ab dem 19. Juli 2021 wieder Besuche nach ihren eigenen Regeln zulassen. Dank den Erkenntnissen aus den Erfahrungen der letzten 18 Monate hat das Daler [&hellip;]\" \/>\n<meta property=\"og:url\" content=\"https:\/\/daler.ch\/gestion-des-visites-des-le-19-juillet-2021\/\" \/>\n<meta property=\"og:site_name\" content=\"Daler-Spital\" \/>\n<meta property=\"article:published_time\" content=\"2021-07-19T12:37:39+00:00\" \/>\n<meta property=\"article:modified_time\" content=\"2021-07-19T13:02:34+00:00\" \/>\n<meta property=\"og:image\" content=\"https:\/\/daler.ch\/wp-content\/uploads\/2019\/08\/ORL.jpg\" \/>\n\t<meta property=\"og:image:width\" content=\"1600\" \/>\n\t<meta property=\"og:image:height\" content=\"500\" \/>\n\t<meta property=\"og:image:type\" content=\"image\/jpeg\" \/>\n<meta name=\"author\" content=\"emblematik-daller\" \/>\n<meta name=\"twitter:card\" content=\"summary_large_image\" \/>\n<meta name=\"twitter:label1\" content=\"Verfasst von\" \/>\n\t<meta name=\"twitter:data1\" content=\"emblematik-daller\" \/>\n\t<meta name=\"twitter:label2\" content=\"Gesch\u00e4tzte Lesezeit\" \/>\n\t<meta name=\"twitter:data2\" content=\"1\u00a0Minute\" \/>\n<script type=\"application\/ld+json\" class=\"yoast-schema-graph\">{\"@context\":\"https:\\\/\\\/schema.org\",\"@graph\":[{\"@type\":\"Article\",\"@id\":\"https:\\\/\\\/daler.ch\\\/gestion-des-visites-des-le-19-juillet-2021\\\/#article\",\"isPartOf\":{\"@id\":\"https:\\\/\\\/daler.ch\\\/gestion-des-visites-des-le-19-juillet-2021\\\/\"},\"author\":{\"name\":\"emblematik-daller\",\"@id\":\"https:\\\/\\\/daler.ch\\\/#\\\/schema\\\/person\\\/3efe34bd72d30c33193e0a6142fd126e\"},\"headline\":\"Neue Besucherregelung ab 19. Juli 2021\",\"datePublished\":\"2021-07-19T12:37:39+00:00\",\"dateModified\":\"2021-07-19T13:02:34+00:00\",\"mainEntityOfPage\":{\"@id\":\"https:\\\/\\\/daler.ch\\\/gestion-des-visites-des-le-19-juillet-2021\\\/\"},\"wordCount\":303,\"image\":{\"@id\":\"https:\\\/\\\/daler.ch\\\/gestion-des-visites-des-le-19-juillet-2021\\\/#primaryimage\"},\"thumbnailUrl\":\"https:\\\/\\\/daler.ch\\\/wp-content\\\/uploads\\\/2019\\\/08\\\/ORL.jpg\",\"articleSection\":[\"Unkategorisiert\"],\"inLanguage\":\"de\"},{\"@type\":\"WebPage\",\"@id\":\"https:\\\/\\\/daler.ch\\\/gestion-des-visites-des-le-19-juillet-2021\\\/\",\"url\":\"https:\\\/\\\/daler.ch\\\/gestion-des-visites-des-le-19-juillet-2021\\\/\",\"name\":\"Neue Besucherregelung ab 19. Juli 2021 - Daler-Spital\",\"isPartOf\":{\"@id\":\"https:\\\/\\\/daler.ch\\\/#website\"},\"primaryImageOfPage\":{\"@id\":\"https:\\\/\\\/daler.ch\\\/gestion-des-visites-des-le-19-juillet-2021\\\/#primaryimage\"},\"image\":{\"@id\":\"https:\\\/\\\/daler.ch\\\/gestion-des-visites-des-le-19-juillet-2021\\\/#primaryimage\"},\"thumbnailUrl\":\"https:\\\/\\\/daler.ch\\\/wp-content\\\/uploads\\\/2019\\\/08\\\/ORL.jpg\",\"datePublished\":\"2021-07-19T12:37:39+00:00\",\"dateModified\":\"2021-07-19T13:02:34+00:00\",\"author\":{\"@id\":\"https:\\\/\\\/daler.ch\\\/#\\\/schema\\\/person\\\/3efe34bd72d30c33193e0a6142fd126e\"},\"breadcrumb\":{\"@id\":\"https:\\\/\\\/daler.ch\\\/gestion-des-visites-des-le-19-juillet-2021\\\/#breadcrumb\"},\"inLanguage\":\"de\",\"potentialAction\":[{\"@type\":\"ReadAction\",\"target\":[\"https:\\\/\\\/daler.ch\\\/gestion-des-visites-des-le-19-juillet-2021\\\/\"]}]},{\"@type\":\"ImageObject\",\"inLanguage\":\"de\",\"@id\":\"https:\\\/\\\/daler.ch\\\/gestion-des-visites-des-le-19-juillet-2021\\\/#primaryimage\",\"url\":\"https:\\\/\\\/daler.ch\\\/wp-content\\\/uploads\\\/2019\\\/08\\\/ORL.jpg\",\"contentUrl\":\"https:\\\/\\\/daler.ch\\\/wp-content\\\/uploads\\\/2019\\\/08\\\/ORL.jpg\",\"width\":1600,\"height\":500},{\"@type\":\"BreadcrumbList\",\"@id\":\"https:\\\/\\\/daler.ch\\\/gestion-des-visites-des-le-19-juillet-2021\\\/#breadcrumb\",\"itemListElement\":[{\"@type\":\"ListItem\",\"position\":1,\"name\":\"Home\",\"item\":\"https:\\\/\\\/daler.ch\\\/de\\\/\"},{\"@type\":\"ListItem\",\"position\":2,\"name\":\"Neue Besucherregelung ab 19. Juli 2021\"}]},{\"@type\":\"WebSite\",\"@id\":\"https:\\\/\\\/daler.ch\\\/#website\",\"url\":\"https:\\\/\\\/daler.ch\\\/\",\"name\":\"Daler-Spital\",\"description\":\"Hopital Daler\",\"potentialAction\":[{\"@type\":\"SearchAction\",\"target\":{\"@type\":\"EntryPoint\",\"urlTemplate\":\"https:\\\/\\\/daler.ch\\\/?s={search_term_string}\"},\"query-input\":{\"@type\":\"PropertyValueSpecification\",\"valueRequired\":true,\"valueName\":\"search_term_string\"}}],\"inLanguage\":\"de\"},{\"@type\":\"Person\",\"@id\":\"https:\\\/\\\/daler.ch\\\/#\\\/schema\\\/person\\\/3efe34bd72d30c33193e0a6142fd126e\",\"name\":\"emblematik-daller\",\"image\":{\"@type\":\"ImageObject\",\"inLanguage\":\"de\",\"@id\":\"https:\\\/\\\/secure.gravatar.com\\\/avatar\\\/a4eebccbc81c422944fd8163ba969d1383db6733d5694ac571ccaf054519f805?s=96&d=mm&r=g\",\"url\":\"https:\\\/\\\/secure.gravatar.com\\\/avatar\\\/a4eebccbc81c422944fd8163ba969d1383db6733d5694ac571ccaf054519f805?s=96&d=mm&r=g\",\"contentUrl\":\"https:\\\/\\\/secure.gravatar.com\\\/avatar\\\/a4eebccbc81c422944fd8163ba969d1383db6733d5694ac571ccaf054519f805?s=96&d=mm&r=g\",\"caption\":\"emblematik-daller\"}}]}<\/script>\n<!-- \/ Yoast SEO plugin. -->","yoast_head_json":{"title":"Neue Besucherregelung ab 19. Juli 2021 - Daler-Spital","robots":{"index":"index","follow":"follow","max-snippet":"max-snippet:-1","max-image-preview":"max-image-preview:large","max-video-preview":"max-video-preview:-1"},"canonical":"https:\/\/daler.ch\/gestion-des-visites-des-le-19-juillet-2021\/","og_locale":"de_DE","og_type":"article","og_title":"Neue Besucherregelung ab 19. Juli 2021 - Daler-Spital","og_description":"Da die Covid-19-Gesundheits-Taskforce des Kantons Freiburg eine positive Stellungnahme abgegeben hat, k\u00f6nnen die Freiburger Spit\u00e4ler ab dem 19. Juli 2021 wieder Besuche nach ihren eigenen Regeln zulassen. Dank den Erkenntnissen aus den Erfahrungen der letzten 18 Monate hat das Daler [&hellip;]","og_url":"https:\/\/daler.ch\/gestion-des-visites-des-le-19-juillet-2021\/","og_site_name":"Daler-Spital","article_published_time":"2021-07-19T12:37:39+00:00","article_modified_time":"2021-07-19T13:02:34+00:00","og_image":[{"width":1600,"height":500,"url":"https:\/\/daler.ch\/wp-content\/uploads\/2019\/08\/ORL.jpg","type":"image\/jpeg"}],"author":"emblematik-daller","twitter_card":"summary_large_image","twitter_misc":{"Verfasst von":"emblematik-daller","Gesch\u00e4tzte Lesezeit":"1\u00a0Minute"},"schema":{"@context":"https:\/\/schema.org","@graph":[{"@type":"Article","@id":"https:\/\/daler.ch\/gestion-des-visites-des-le-19-juillet-2021\/#article","isPartOf":{"@id":"https:\/\/daler.ch\/gestion-des-visites-des-le-19-juillet-2021\/"},"author":{"name":"emblematik-daller","@id":"https:\/\/daler.ch\/#\/schema\/person\/3efe34bd72d30c33193e0a6142fd126e"},"headline":"Neue Besucherregelung ab 19. Juli 2021","datePublished":"2021-07-19T12:37:39+00:00","dateModified":"2021-07-19T13:02:34+00:00","mainEntityOfPage":{"@id":"https:\/\/daler.ch\/gestion-des-visites-des-le-19-juillet-2021\/"},"wordCount":303,"image":{"@id":"https:\/\/daler.ch\/gestion-des-visites-des-le-19-juillet-2021\/#primaryimage"},"thumbnailUrl":"https:\/\/daler.ch\/wp-content\/uploads\/2019\/08\/ORL.jpg","articleSection":["Unkategorisiert"],"inLanguage":"de"},{"@type":"WebPage","@id":"https:\/\/daler.ch\/gestion-des-visites-des-le-19-juillet-2021\/","url":"https:\/\/daler.ch\/gestion-des-visites-des-le-19-juillet-2021\/","name":"Neue Besucherregelung ab 19. Juli 2021 - Daler-Spital","isPartOf":{"@id":"https:\/\/daler.ch\/#website"},"primaryImageOfPage":{"@id":"https:\/\/daler.ch\/gestion-des-visites-des-le-19-juillet-2021\/#primaryimage"},"image":{"@id":"https:\/\/daler.ch\/gestion-des-visites-des-le-19-juillet-2021\/#primaryimage"},"thumbnailUrl":"https:\/\/daler.ch\/wp-content\/uploads\/2019\/08\/ORL.jpg","datePublished":"2021-07-19T12:37:39+00:00","dateModified":"2021-07-19T13:02:34+00:00","author":{"@id":"https:\/\/daler.ch\/#\/schema\/person\/3efe34bd72d30c33193e0a6142fd126e"},"breadcrumb":{"@id":"https:\/\/daler.ch\/gestion-des-visites-des-le-19-juillet-2021\/#breadcrumb"},"inLanguage":"de","potentialAction":[{"@type":"ReadAction","target":["https:\/\/daler.ch\/gestion-des-visites-des-le-19-juillet-2021\/"]}]},{"@type":"ImageObject","inLanguage":"de","@id":"https:\/\/daler.ch\/gestion-des-visites-des-le-19-juillet-2021\/#primaryimage","url":"https:\/\/daler.ch\/wp-content\/uploads\/2019\/08\/ORL.jpg","contentUrl":"https:\/\/daler.ch\/wp-content\/uploads\/2019\/08\/ORL.jpg","width":1600,"height":500},{"@type":"BreadcrumbList","@id":"https:\/\/daler.ch\/gestion-des-visites-des-le-19-juillet-2021\/#breadcrumb","itemListElement":[{"@type":"ListItem","position":1,"name":"Home","item":"https:\/\/daler.ch\/de\/"},{"@type":"ListItem","position":2,"name":"Neue Besucherregelung ab 19. Juli 2021"}]},{"@type":"WebSite","@id":"https:\/\/daler.ch\/#website","url":"https:\/\/daler.ch\/","name":"Daler-Spital","description":"Hopital Daler","potentialAction":[{"@type":"SearchAction","target":{"@type":"EntryPoint","urlTemplate":"https:\/\/daler.ch\/?s={search_term_string}"},"query-input":{"@type":"PropertyValueSpecification","valueRequired":true,"valueName":"search_term_string"}}],"inLanguage":"de"},{"@type":"Person","@id":"https:\/\/daler.ch\/#\/schema\/person\/3efe34bd72d30c33193e0a6142fd126e","name":"emblematik-daller","image":{"@type":"ImageObject","inLanguage":"de","@id":"https:\/\/secure.gravatar.com\/avatar\/a4eebccbc81c422944fd8163ba969d1383db6733d5694ac571ccaf054519f805?s=96&d=mm&r=g","url":"https:\/\/secure.gravatar.com\/avatar\/a4eebccbc81c422944fd8163ba969d1383db6733d5694ac571ccaf054519f805?s=96&d=mm&r=g","contentUrl":"https:\/\/secure.gravatar.com\/avatar\/a4eebccbc81c422944fd8163ba969d1383db6733d5694ac571ccaf054519f805?s=96&d=mm&r=g","caption":"emblematik-daller"}}]}},"_links":{"self":[{"href":"https:\/\/daler.ch\/de\/wp-json\/wp\/v2\/posts\/4341","targetHints":{"allow":["GET"]}}],"collection":[{"href":"https:\/\/daler.ch\/de\/wp-json\/wp\/v2\/posts"}],"about":[{"href":"https:\/\/daler.ch\/de\/wp-json\/wp\/v2\/types\/post"}],"author":[{"embeddable":true,"href":"https:\/\/daler.ch\/de\/wp-json\/wp\/v2\/users\/13"}],"replies":[{"embeddable":true,"href":"https:\/\/daler.ch\/de\/wp-json\/wp\/v2\/comments?post=4341"}],"version-history":[{"count":3,"href":"https:\/\/daler.ch\/de\/wp-json\/wp\/v2\/posts\/4341\/revisions"}],"predecessor-version":[{"id":4344,"href":"https:\/\/daler.ch\/de\/wp-json\/wp\/v2\/posts\/4341\/revisions\/4344"}],"wp:featuredmedia":[{"embeddable":true,"href":"https:\/\/daler.ch\/de\/wp-json\/wp\/v2\/media\/2724"}],"wp:attachment":[{"href":"https:\/\/daler.ch\/de\/wp-json\/wp\/v2\/media?parent=4341"}],"wp:term":[{"taxonomy":"category","embeddable":true,"href":"https:\/\/daler.ch\/de\/wp-json\/wp\/v2\/categories?post=4341"},{"taxonomy":"post_tag","embeddable":true,"href":"https:\/\/daler.ch\/de\/wp-json\/wp\/v2\/tags?post=4341"}],"curies":[{"name":"wp","href":"https:\/\/api.w.org\/{rel}","templated":true}]}}