{"id":4393,"date":"2021-08-30T15:56:11","date_gmt":"2021-08-30T13:56:11","guid":{"rendered":"https:\/\/www.daler.ch\/?p=4393"},"modified":"2021-08-30T15:56:11","modified_gmt":"2021-08-30T13:56:11","slug":"akkreditierung-von-dr-olivier-despond","status":"publish","type":"post","link":"https:\/\/daler.ch\/de\/akkreditierung-von-dr-olivier-despond\/","title":{"rendered":"Akkreditierung von Dr. Olivier Despond"},"content":{"rendered":"<p>Wir informieren Sie \u00fcber die Akkreditierung von Dr. Olivier Despond, Facharzt FMH f\u00fcr An\u00e4sthesiologie und FMH f\u00fcr Intensivmedizin, ab dem 16. August 2021.<\/p>\n<p>Nach Abschluss seines Medizinstudiums an der Universit\u00e4t Lausanne im Jahr 1999, erwarb er 2000 und 2002 den FMH-Titel f\u00fcr An\u00e4sthesiologie und f\u00fcr Intensivmedizin. Er hat seine Fachausbildung unter anderen in den an\u00e4sthesiologischen Abteilungen des Inselspitals\/Bern, am Royal Victoria Hospital in Montreal (Kanada) und am HFR\/Fribourg fortgesetzt. Zurzeit ist er Teilzeit Oberarzt am Centre Hospitalier du Valais Romand\/Sion t\u00e4tig.<\/p>\n<p>Das Daler-Spital freut sich, sein \u00c4rzteteam durch einen erfahrenen Spezialisten auf dem Gebiet der An\u00e4sthesiologie zu erweitern.<\/p>\n","protected":false},"excerpt":{"rendered":"<p>Wir informieren Sie \u00fcber die Akkreditierung von Dr. Olivier Despond, Facharzt FMH f\u00fcr An\u00e4sthesiologie und FMH f\u00fcr Intensivmedizin, ab dem 16. August 2021. Nach Abschluss seines Medizinstudiums an der Universit\u00e4t Lausanne im Jahr 1999, erwarb er 2000 und 2002 den [&hellip;]<\/p>\n","protected":false},"author":13,"featured_media":1192,"comment_status":"closed","ping_status":"closed","sticky":false,"template":"","format":"standard","meta":{"footnotes":""},"categories":[2],"tags":[],"class_list":["post-4393","post","type-post","status-publish","format-standard","has-post-thumbnail","hentry","category-unkategorisiert"],"yoast_head":"<!-- This site is optimized with the Yoast SEO plugin v27.5 - https:\/\/yoast.com\/product\/yoast-seo-wordpress\/ -->\n<title>Akkreditierung von Dr. Olivier Despond - Daler-Spital<\/title>\n<meta name=\"robots\" content=\"index, follow, max-snippet:-1, max-image-preview:large, max-video-preview:-1\" \/>\n<link rel=\"canonical\" href=\"https:\/\/daler.ch\/accreditation-du-dr-olivier-despond\/\" \/>\n<meta property=\"og:locale\" content=\"de_DE\" \/>\n<meta property=\"og:type\" content=\"article\" \/>\n<meta property=\"og:title\" content=\"Akkreditierung von Dr. Olivier Despond - Daler-Spital\" \/>\n<meta property=\"og:description\" content=\"Wir informieren Sie \u00fcber die Akkreditierung von Dr. Olivier Despond, Facharzt FMH f\u00fcr An\u00e4sthesiologie und FMH f\u00fcr Intensivmedizin, ab dem 16. August 2021. Nach Abschluss seines Medizinstudiums an der Universit\u00e4t Lausanne im Jahr 1999, erwarb er 2000 und 2002 den [&hellip;]\" \/>\n<meta property=\"og:url\" content=\"https:\/\/daler.ch\/accreditation-du-dr-olivier-despond\/\" \/>\n<meta property=\"og:site_name\" content=\"Daler-Spital\" \/>\n<meta property=\"article:published_time\" content=\"2021-08-30T13:56:11+00:00\" \/>\n<meta property=\"og:image\" content=\"https:\/\/daler.ch\/wp-content\/uploads\/2017\/07\/presentation2-e1587656867192.jpg\" \/>\n\t<meta property=\"og:image:width\" content=\"1600\" \/>\n\t<meta property=\"og:image:height\" content=\"500\" \/>\n\t<meta property=\"og:image:type\" content=\"image\/jpeg\" \/>\n<meta name=\"author\" content=\"emblematik-daller\" \/>\n<meta name=\"twitter:card\" content=\"summary_large_image\" \/>\n<meta name=\"twitter:label1\" content=\"Verfasst von\" \/>\n\t<meta name=\"twitter:data1\" content=\"emblematik-daller\" \/>\n\t<meta name=\"twitter:label2\" content=\"Gesch\u00e4tzte Lesezeit\" \/>\n\t<meta name=\"twitter:data2\" content=\"1\u00a0Minute\" \/>\n<script type=\"application\/ld+json\" class=\"yoast-schema-graph\">{\"@context\":\"https:\\\/\\\/schema.org\",\"@graph\":[{\"@type\":\"Article\",\"@id\":\"https:\\\/\\\/daler.ch\\\/accreditation-du-dr-olivier-despond\\\/#article\",\"isPartOf\":{\"@id\":\"https:\\\/\\\/daler.ch\\\/accreditation-du-dr-olivier-despond\\\/\"},\"author\":{\"name\":\"emblematik-daller\",\"@id\":\"https:\\\/\\\/daler.ch\\\/#\\\/schema\\\/person\\\/3efe34bd72d30c33193e0a6142fd126e\"},\"headline\":\"Akkreditierung von Dr. Olivier Despond\",\"datePublished\":\"2021-08-30T13:56:11+00:00\",\"mainEntityOfPage\":{\"@id\":\"https:\\\/\\\/daler.ch\\\/accreditation-du-dr-olivier-despond\\\/\"},\"wordCount\":111,\"image\":{\"@id\":\"https:\\\/\\\/daler.ch\\\/accreditation-du-dr-olivier-despond\\\/#primaryimage\"},\"thumbnailUrl\":\"https:\\\/\\\/daler.ch\\\/wp-content\\\/uploads\\\/2017\\\/07\\\/presentation2-e1587656867192.jpg\",\"articleSection\":[\"Unkategorisiert\"],\"inLanguage\":\"de\"},{\"@type\":\"WebPage\",\"@id\":\"https:\\\/\\\/daler.ch\\\/accreditation-du-dr-olivier-despond\\\/\",\"url\":\"https:\\\/\\\/daler.ch\\\/accreditation-du-dr-olivier-despond\\\/\",\"name\":\"Akkreditierung von Dr. Olivier Despond - Daler-Spital\",\"isPartOf\":{\"@id\":\"https:\\\/\\\/daler.ch\\\/#website\"},\"primaryImageOfPage\":{\"@id\":\"https:\\\/\\\/daler.ch\\\/accreditation-du-dr-olivier-despond\\\/#primaryimage\"},\"image\":{\"@id\":\"https:\\\/\\\/daler.ch\\\/accreditation-du-dr-olivier-despond\\\/#primaryimage\"},\"thumbnailUrl\":\"https:\\\/\\\/daler.ch\\\/wp-content\\\/uploads\\\/2017\\\/07\\\/presentation2-e1587656867192.jpg\",\"datePublished\":\"2021-08-30T13:56:11+00:00\",\"author\":{\"@id\":\"https:\\\/\\\/daler.ch\\\/#\\\/schema\\\/person\\\/3efe34bd72d30c33193e0a6142fd126e\"},\"breadcrumb\":{\"@id\":\"https:\\\/\\\/daler.ch\\\/accreditation-du-dr-olivier-despond\\\/#breadcrumb\"},\"inLanguage\":\"de\",\"potentialAction\":[{\"@type\":\"ReadAction\",\"target\":[\"https:\\\/\\\/daler.ch\\\/accreditation-du-dr-olivier-despond\\\/\"]}]},{\"@type\":\"ImageObject\",\"inLanguage\":\"de\",\"@id\":\"https:\\\/\\\/daler.ch\\\/accreditation-du-dr-olivier-despond\\\/#primaryimage\",\"url\":\"https:\\\/\\\/daler.ch\\\/wp-content\\\/uploads\\\/2017\\\/07\\\/presentation2-e1587656867192.jpg\",\"contentUrl\":\"https:\\\/\\\/daler.ch\\\/wp-content\\\/uploads\\\/2017\\\/07\\\/presentation2-e1587656867192.jpg\",\"width\":1600,\"height\":500},{\"@type\":\"BreadcrumbList\",\"@id\":\"https:\\\/\\\/daler.ch\\\/accreditation-du-dr-olivier-despond\\\/#breadcrumb\",\"itemListElement\":[{\"@type\":\"ListItem\",\"position\":1,\"name\":\"Home\",\"item\":\"https:\\\/\\\/daler.ch\\\/de\\\/\"},{\"@type\":\"ListItem\",\"position\":2,\"name\":\"Akkreditierung von Dr. Olivier Despond\"}]},{\"@type\":\"WebSite\",\"@id\":\"https:\\\/\\\/daler.ch\\\/#website\",\"url\":\"https:\\\/\\\/daler.ch\\\/\",\"name\":\"Daler-Spital\",\"description\":\"Hopital Daler\",\"potentialAction\":[{\"@type\":\"SearchAction\",\"target\":{\"@type\":\"EntryPoint\",\"urlTemplate\":\"https:\\\/\\\/daler.ch\\\/?s={search_term_string}\"},\"query-input\":{\"@type\":\"PropertyValueSpecification\",\"valueRequired\":true,\"valueName\":\"search_term_string\"}}],\"inLanguage\":\"de\"},{\"@type\":\"Person\",\"@id\":\"https:\\\/\\\/daler.ch\\\/#\\\/schema\\\/person\\\/3efe34bd72d30c33193e0a6142fd126e\",\"name\":\"emblematik-daller\",\"image\":{\"@type\":\"ImageObject\",\"inLanguage\":\"de\",\"@id\":\"https:\\\/\\\/secure.gravatar.com\\\/avatar\\\/a4eebccbc81c422944fd8163ba969d1383db6733d5694ac571ccaf054519f805?s=96&d=mm&r=g\",\"url\":\"https:\\\/\\\/secure.gravatar.com\\\/avatar\\\/a4eebccbc81c422944fd8163ba969d1383db6733d5694ac571ccaf054519f805?s=96&d=mm&r=g\",\"contentUrl\":\"https:\\\/\\\/secure.gravatar.com\\\/avatar\\\/a4eebccbc81c422944fd8163ba969d1383db6733d5694ac571ccaf054519f805?s=96&d=mm&r=g\",\"caption\":\"emblematik-daller\"}}]}<\/script>\n<!-- \/ Yoast SEO plugin. -->","yoast_head_json":{"title":"Akkreditierung von Dr. Olivier Despond - Daler-Spital","robots":{"index":"index","follow":"follow","max-snippet":"max-snippet:-1","max-image-preview":"max-image-preview:large","max-video-preview":"max-video-preview:-1"},"canonical":"https:\/\/daler.ch\/accreditation-du-dr-olivier-despond\/","og_locale":"de_DE","og_type":"article","og_title":"Akkreditierung von Dr. Olivier Despond - Daler-Spital","og_description":"Wir informieren Sie \u00fcber die Akkreditierung von Dr. Olivier Despond, Facharzt FMH f\u00fcr An\u00e4sthesiologie und FMH f\u00fcr Intensivmedizin, ab dem 16. August 2021. Nach Abschluss seines Medizinstudiums an der Universit\u00e4t Lausanne im Jahr 1999, erwarb er 2000 und 2002 den [&hellip;]","og_url":"https:\/\/daler.ch\/accreditation-du-dr-olivier-despond\/","og_site_name":"Daler-Spital","article_published_time":"2021-08-30T13:56:11+00:00","og_image":[{"width":1600,"height":500,"url":"https:\/\/daler.ch\/wp-content\/uploads\/2017\/07\/presentation2-e1587656867192.jpg","type":"image\/jpeg"}],"author":"emblematik-daller","twitter_card":"summary_large_image","twitter_misc":{"Verfasst von":"emblematik-daller","Gesch\u00e4tzte Lesezeit":"1\u00a0Minute"},"schema":{"@context":"https:\/\/schema.org","@graph":[{"@type":"Article","@id":"https:\/\/daler.ch\/accreditation-du-dr-olivier-despond\/#article","isPartOf":{"@id":"https:\/\/daler.ch\/accreditation-du-dr-olivier-despond\/"},"author":{"name":"emblematik-daller","@id":"https:\/\/daler.ch\/#\/schema\/person\/3efe34bd72d30c33193e0a6142fd126e"},"headline":"Akkreditierung von Dr. Olivier Despond","datePublished":"2021-08-30T13:56:11+00:00","mainEntityOfPage":{"@id":"https:\/\/daler.ch\/accreditation-du-dr-olivier-despond\/"},"wordCount":111,"image":{"@id":"https:\/\/daler.ch\/accreditation-du-dr-olivier-despond\/#primaryimage"},"thumbnailUrl":"https:\/\/daler.ch\/wp-content\/uploads\/2017\/07\/presentation2-e1587656867192.jpg","articleSection":["Unkategorisiert"],"inLanguage":"de"},{"@type":"WebPage","@id":"https:\/\/daler.ch\/accreditation-du-dr-olivier-despond\/","url":"https:\/\/daler.ch\/accreditation-du-dr-olivier-despond\/","name":"Akkreditierung von Dr. Olivier Despond - Daler-Spital","isPartOf":{"@id":"https:\/\/daler.ch\/#website"},"primaryImageOfPage":{"@id":"https:\/\/daler.ch\/accreditation-du-dr-olivier-despond\/#primaryimage"},"image":{"@id":"https:\/\/daler.ch\/accreditation-du-dr-olivier-despond\/#primaryimage"},"thumbnailUrl":"https:\/\/daler.ch\/wp-content\/uploads\/2017\/07\/presentation2-e1587656867192.jpg","datePublished":"2021-08-30T13:56:11+00:00","author":{"@id":"https:\/\/daler.ch\/#\/schema\/person\/3efe34bd72d30c33193e0a6142fd126e"},"breadcrumb":{"@id":"https:\/\/daler.ch\/accreditation-du-dr-olivier-despond\/#breadcrumb"},"inLanguage":"de","potentialAction":[{"@type":"ReadAction","target":["https:\/\/daler.ch\/accreditation-du-dr-olivier-despond\/"]}]},{"@type":"ImageObject","inLanguage":"de","@id":"https:\/\/daler.ch\/accreditation-du-dr-olivier-despond\/#primaryimage","url":"https:\/\/daler.ch\/wp-content\/uploads\/2017\/07\/presentation2-e1587656867192.jpg","contentUrl":"https:\/\/daler.ch\/wp-content\/uploads\/2017\/07\/presentation2-e1587656867192.jpg","width":1600,"height":500},{"@type":"BreadcrumbList","@id":"https:\/\/daler.ch\/accreditation-du-dr-olivier-despond\/#breadcrumb","itemListElement":[{"@type":"ListItem","position":1,"name":"Home","item":"https:\/\/daler.ch\/de\/"},{"@type":"ListItem","position":2,"name":"Akkreditierung von Dr. Olivier Despond"}]},{"@type":"WebSite","@id":"https:\/\/daler.ch\/#website","url":"https:\/\/daler.ch\/","name":"Daler-Spital","description":"Hopital Daler","potentialAction":[{"@type":"SearchAction","target":{"@type":"EntryPoint","urlTemplate":"https:\/\/daler.ch\/?s={search_term_string}"},"query-input":{"@type":"PropertyValueSpecification","valueRequired":true,"valueName":"search_term_string"}}],"inLanguage":"de"},{"@type":"Person","@id":"https:\/\/daler.ch\/#\/schema\/person\/3efe34bd72d30c33193e0a6142fd126e","name":"emblematik-daller","image":{"@type":"ImageObject","inLanguage":"de","@id":"https:\/\/secure.gravatar.com\/avatar\/a4eebccbc81c422944fd8163ba969d1383db6733d5694ac571ccaf054519f805?s=96&d=mm&r=g","url":"https:\/\/secure.gravatar.com\/avatar\/a4eebccbc81c422944fd8163ba969d1383db6733d5694ac571ccaf054519f805?s=96&d=mm&r=g","contentUrl":"https:\/\/secure.gravatar.com\/avatar\/a4eebccbc81c422944fd8163ba969d1383db6733d5694ac571ccaf054519f805?s=96&d=mm&r=g","caption":"emblematik-daller"}}]}},"_links":{"self":[{"href":"https:\/\/daler.ch\/de\/wp-json\/wp\/v2\/posts\/4393","targetHints":{"allow":["GET"]}}],"collection":[{"href":"https:\/\/daler.ch\/de\/wp-json\/wp\/v2\/posts"}],"about":[{"href":"https:\/\/daler.ch\/de\/wp-json\/wp\/v2\/types\/post"}],"author":[{"embeddable":true,"href":"https:\/\/daler.ch\/de\/wp-json\/wp\/v2\/users\/13"}],"replies":[{"embeddable":true,"href":"https:\/\/daler.ch\/de\/wp-json\/wp\/v2\/comments?post=4393"}],"version-history":[{"count":1,"href":"https:\/\/daler.ch\/de\/wp-json\/wp\/v2\/posts\/4393\/revisions"}],"predecessor-version":[{"id":4394,"href":"https:\/\/daler.ch\/de\/wp-json\/wp\/v2\/posts\/4393\/revisions\/4394"}],"wp:featuredmedia":[{"embeddable":true,"href":"https:\/\/daler.ch\/de\/wp-json\/wp\/v2\/media\/1192"}],"wp:attachment":[{"href":"https:\/\/daler.ch\/de\/wp-json\/wp\/v2\/media?parent=4393"}],"wp:term":[{"taxonomy":"category","embeddable":true,"href":"https:\/\/daler.ch\/de\/wp-json\/wp\/v2\/categories?post=4393"},{"taxonomy":"post_tag","embeddable":true,"href":"https:\/\/daler.ch\/de\/wp-json\/wp\/v2\/tags?post=4393"}],"curies":[{"name":"wp","href":"https:\/\/api.w.org\/{rel}","templated":true}]}}