{"id":4574,"date":"2021-10-11T10:14:46","date_gmt":"2021-10-11T08:14:46","guid":{"rendered":"https:\/\/www.daler.ch\/?p=4574"},"modified":"2022-11-03T15:35:13","modified_gmt":"2022-11-03T14:35:13","slug":"rosa-oktober-publikumsvortrag","status":"publish","type":"post","link":"https:\/\/daler.ch\/de\/rosa-oktober-publikumsvortrag\/","title":{"rendered":"Rosa Oktober &#8211; Publikumsvortrag"},"content":{"rendered":"<p><a href=\"https:\/\/www.centre-du-sein-fribourg.ch\/wp-content\/uploads\/2021\/10\/octobre-rose-conference-publique-brustkrebs-und-ernahung_FRI_flyer_A5_XD_DE_20210920_PRINT.pdf\" target=\"_blank\" rel=\"noopener\">Pr\u00e4sentationsbrosch\u00fcre<\/a><\/p>\n<p><a href=\"https:\/\/www.h-fr.ch\/de\/agenda-veranstaltungen\" target=\"_blank\" rel=\"noopener\">Anmeldung<\/a><\/p>\n<p>Einlass nur mit Covid-Zertifikat und Ausweis.<\/p>\n<p>Beschr\u00e4nkte Platzzahl; bitte melden Sie sich bis 18. Oktober an:<\/p>\n<ul>\n<li>\u00fcber unsere Website www.h-fr.ch &gt; News &amp; Agenda &gt; Agenda &amp; Veranstaltungen<\/li>\n<li>oder unter T 026 306 01 21 an.<\/li>\n<\/ul>\n","protected":false},"excerpt":{"rendered":"<p>Pr\u00e4sentationsbrosch\u00fcre Anmeldung Einlass nur mit Covid-Zertifikat und Ausweis. Beschr\u00e4nkte Platzzahl; bitte melden Sie sich bis 18. Oktober an: \u00fcber unsere Website www.h-fr.ch &gt; News &amp; Agenda &gt; Agenda &amp; Veranstaltungen oder unter T 026 306 01 21 an.<\/p>\n","protected":false},"author":13,"featured_media":2487,"comment_status":"closed","ping_status":"closed","sticky":false,"template":"","format":"standard","meta":{"footnotes":""},"categories":[2],"tags":[],"class_list":["post-4574","post","type-post","status-publish","format-standard","has-post-thumbnail","hentry","category-unkategorisiert"],"yoast_head":"<!-- This site is optimized with the Yoast SEO plugin v27.5 - https:\/\/yoast.com\/product\/yoast-seo-wordpress\/ -->\n<title>Rosa Oktober - Publikumsvortrag - Daler-Spital<\/title>\n<meta name=\"robots\" content=\"index, follow, max-snippet:-1, max-image-preview:large, max-video-preview:-1\" \/>\n<link rel=\"canonical\" href=\"https:\/\/daler.ch\/octobre-rose-conference-publique\/\" \/>\n<meta property=\"og:locale\" content=\"de_DE\" \/>\n<meta property=\"og:type\" content=\"article\" \/>\n<meta property=\"og:title\" content=\"Rosa Oktober - Publikumsvortrag - Daler-Spital\" \/>\n<meta property=\"og:description\" content=\"Pr\u00e4sentationsbrosch\u00fcre Anmeldung Einlass nur mit Covid-Zertifikat und Ausweis. Beschr\u00e4nkte Platzzahl; bitte melden Sie sich bis 18. Oktober an: \u00fcber unsere Website www.h-fr.ch &gt; News &amp; Agenda &gt; Agenda &amp; Veranstaltungen oder unter T 026 306 01 21 an.\" \/>\n<meta property=\"og:url\" content=\"https:\/\/daler.ch\/octobre-rose-conference-publique\/\" \/>\n<meta property=\"og:site_name\" content=\"Daler-Spital\" \/>\n<meta property=\"article:published_time\" content=\"2021-10-11T08:14:46+00:00\" \/>\n<meta property=\"article:modified_time\" content=\"2022-11-03T14:35:13+00:00\" \/>\n<meta property=\"og:image\" content=\"https:\/\/daler.ch\/wp-content\/uploads\/2019\/03\/Image_bilan.jpg\" \/>\n\t<meta property=\"og:image:width\" content=\"1600\" \/>\n\t<meta property=\"og:image:height\" content=\"500\" \/>\n\t<meta property=\"og:image:type\" content=\"image\/jpeg\" \/>\n<meta name=\"author\" content=\"emblematik-daller\" \/>\n<meta name=\"twitter:card\" content=\"summary_large_image\" \/>\n<meta name=\"twitter:label1\" content=\"Verfasst von\" \/>\n\t<meta name=\"twitter:data1\" content=\"emblematik-daller\" \/>\n\t<meta name=\"twitter:label2\" content=\"Gesch\u00e4tzte Lesezeit\" \/>\n\t<meta name=\"twitter:data2\" content=\"1\u00a0Minute\" \/>\n<script type=\"application\/ld+json\" class=\"yoast-schema-graph\">{\"@context\":\"https:\\\/\\\/schema.org\",\"@graph\":[{\"@type\":\"Article\",\"@id\":\"https:\\\/\\\/daler.ch\\\/octobre-rose-conference-publique\\\/#article\",\"isPartOf\":{\"@id\":\"https:\\\/\\\/daler.ch\\\/octobre-rose-conference-publique\\\/\"},\"author\":{\"name\":\"emblematik-daller\",\"@id\":\"https:\\\/\\\/daler.ch\\\/#\\\/schema\\\/person\\\/3efe34bd72d30c33193e0a6142fd126e\"},\"headline\":\"Rosa Oktober &#8211; Publikumsvortrag\",\"datePublished\":\"2021-10-11T08:14:46+00:00\",\"dateModified\":\"2022-11-03T14:35:13+00:00\",\"mainEntityOfPage\":{\"@id\":\"https:\\\/\\\/daler.ch\\\/octobre-rose-conference-publique\\\/\"},\"wordCount\":42,\"image\":{\"@id\":\"https:\\\/\\\/daler.ch\\\/octobre-rose-conference-publique\\\/#primaryimage\"},\"thumbnailUrl\":\"https:\\\/\\\/daler.ch\\\/wp-content\\\/uploads\\\/2019\\\/03\\\/Image_bilan.jpg\",\"articleSection\":[\"Unkategorisiert\"],\"inLanguage\":\"de\"},{\"@type\":\"WebPage\",\"@id\":\"https:\\\/\\\/daler.ch\\\/octobre-rose-conference-publique\\\/\",\"url\":\"https:\\\/\\\/daler.ch\\\/octobre-rose-conference-publique\\\/\",\"name\":\"Rosa Oktober - Publikumsvortrag - Daler-Spital\",\"isPartOf\":{\"@id\":\"https:\\\/\\\/daler.ch\\\/#website\"},\"primaryImageOfPage\":{\"@id\":\"https:\\\/\\\/daler.ch\\\/octobre-rose-conference-publique\\\/#primaryimage\"},\"image\":{\"@id\":\"https:\\\/\\\/daler.ch\\\/octobre-rose-conference-publique\\\/#primaryimage\"},\"thumbnailUrl\":\"https:\\\/\\\/daler.ch\\\/wp-content\\\/uploads\\\/2019\\\/03\\\/Image_bilan.jpg\",\"datePublished\":\"2021-10-11T08:14:46+00:00\",\"dateModified\":\"2022-11-03T14:35:13+00:00\",\"author\":{\"@id\":\"https:\\\/\\\/daler.ch\\\/#\\\/schema\\\/person\\\/3efe34bd72d30c33193e0a6142fd126e\"},\"breadcrumb\":{\"@id\":\"https:\\\/\\\/daler.ch\\\/octobre-rose-conference-publique\\\/#breadcrumb\"},\"inLanguage\":\"de\",\"potentialAction\":[{\"@type\":\"ReadAction\",\"target\":[\"https:\\\/\\\/daler.ch\\\/octobre-rose-conference-publique\\\/\"]}]},{\"@type\":\"ImageObject\",\"inLanguage\":\"de\",\"@id\":\"https:\\\/\\\/daler.ch\\\/octobre-rose-conference-publique\\\/#primaryimage\",\"url\":\"https:\\\/\\\/daler.ch\\\/wp-content\\\/uploads\\\/2019\\\/03\\\/Image_bilan.jpg\",\"contentUrl\":\"https:\\\/\\\/daler.ch\\\/wp-content\\\/uploads\\\/2019\\\/03\\\/Image_bilan.jpg\",\"width\":1600,\"height\":500},{\"@type\":\"BreadcrumbList\",\"@id\":\"https:\\\/\\\/daler.ch\\\/octobre-rose-conference-publique\\\/#breadcrumb\",\"itemListElement\":[{\"@type\":\"ListItem\",\"position\":1,\"name\":\"Home\",\"item\":\"https:\\\/\\\/daler.ch\\\/de\\\/\"},{\"@type\":\"ListItem\",\"position\":2,\"name\":\"Rosa Oktober &#8211; Publikumsvortrag\"}]},{\"@type\":\"WebSite\",\"@id\":\"https:\\\/\\\/daler.ch\\\/#website\",\"url\":\"https:\\\/\\\/daler.ch\\\/\",\"name\":\"Daler-Spital\",\"description\":\"Hopital Daler\",\"potentialAction\":[{\"@type\":\"SearchAction\",\"target\":{\"@type\":\"EntryPoint\",\"urlTemplate\":\"https:\\\/\\\/daler.ch\\\/?s={search_term_string}\"},\"query-input\":{\"@type\":\"PropertyValueSpecification\",\"valueRequired\":true,\"valueName\":\"search_term_string\"}}],\"inLanguage\":\"de\"},{\"@type\":\"Person\",\"@id\":\"https:\\\/\\\/daler.ch\\\/#\\\/schema\\\/person\\\/3efe34bd72d30c33193e0a6142fd126e\",\"name\":\"emblematik-daller\",\"image\":{\"@type\":\"ImageObject\",\"inLanguage\":\"de\",\"@id\":\"https:\\\/\\\/secure.gravatar.com\\\/avatar\\\/a4eebccbc81c422944fd8163ba969d1383db6733d5694ac571ccaf054519f805?s=96&d=mm&r=g\",\"url\":\"https:\\\/\\\/secure.gravatar.com\\\/avatar\\\/a4eebccbc81c422944fd8163ba969d1383db6733d5694ac571ccaf054519f805?s=96&d=mm&r=g\",\"contentUrl\":\"https:\\\/\\\/secure.gravatar.com\\\/avatar\\\/a4eebccbc81c422944fd8163ba969d1383db6733d5694ac571ccaf054519f805?s=96&d=mm&r=g\",\"caption\":\"emblematik-daller\"}}]}<\/script>\n<!-- \/ Yoast SEO plugin. -->","yoast_head_json":{"title":"Rosa Oktober - Publikumsvortrag - Daler-Spital","robots":{"index":"index","follow":"follow","max-snippet":"max-snippet:-1","max-image-preview":"max-image-preview:large","max-video-preview":"max-video-preview:-1"},"canonical":"https:\/\/daler.ch\/octobre-rose-conference-publique\/","og_locale":"de_DE","og_type":"article","og_title":"Rosa Oktober - Publikumsvortrag - Daler-Spital","og_description":"Pr\u00e4sentationsbrosch\u00fcre Anmeldung Einlass nur mit Covid-Zertifikat und Ausweis. Beschr\u00e4nkte Platzzahl; bitte melden Sie sich bis 18. Oktober an: \u00fcber unsere Website www.h-fr.ch &gt; News &amp; Agenda &gt; Agenda &amp; Veranstaltungen oder unter T 026 306 01 21 an.","og_url":"https:\/\/daler.ch\/octobre-rose-conference-publique\/","og_site_name":"Daler-Spital","article_published_time":"2021-10-11T08:14:46+00:00","article_modified_time":"2022-11-03T14:35:13+00:00","og_image":[{"width":1600,"height":500,"url":"https:\/\/daler.ch\/wp-content\/uploads\/2019\/03\/Image_bilan.jpg","type":"image\/jpeg"}],"author":"emblematik-daller","twitter_card":"summary_large_image","twitter_misc":{"Verfasst von":"emblematik-daller","Gesch\u00e4tzte Lesezeit":"1\u00a0Minute"},"schema":{"@context":"https:\/\/schema.org","@graph":[{"@type":"Article","@id":"https:\/\/daler.ch\/octobre-rose-conference-publique\/#article","isPartOf":{"@id":"https:\/\/daler.ch\/octobre-rose-conference-publique\/"},"author":{"name":"emblematik-daller","@id":"https:\/\/daler.ch\/#\/schema\/person\/3efe34bd72d30c33193e0a6142fd126e"},"headline":"Rosa Oktober &#8211; Publikumsvortrag","datePublished":"2021-10-11T08:14:46+00:00","dateModified":"2022-11-03T14:35:13+00:00","mainEntityOfPage":{"@id":"https:\/\/daler.ch\/octobre-rose-conference-publique\/"},"wordCount":42,"image":{"@id":"https:\/\/daler.ch\/octobre-rose-conference-publique\/#primaryimage"},"thumbnailUrl":"https:\/\/daler.ch\/wp-content\/uploads\/2019\/03\/Image_bilan.jpg","articleSection":["Unkategorisiert"],"inLanguage":"de"},{"@type":"WebPage","@id":"https:\/\/daler.ch\/octobre-rose-conference-publique\/","url":"https:\/\/daler.ch\/octobre-rose-conference-publique\/","name":"Rosa Oktober - Publikumsvortrag - Daler-Spital","isPartOf":{"@id":"https:\/\/daler.ch\/#website"},"primaryImageOfPage":{"@id":"https:\/\/daler.ch\/octobre-rose-conference-publique\/#primaryimage"},"image":{"@id":"https:\/\/daler.ch\/octobre-rose-conference-publique\/#primaryimage"},"thumbnailUrl":"https:\/\/daler.ch\/wp-content\/uploads\/2019\/03\/Image_bilan.jpg","datePublished":"2021-10-11T08:14:46+00:00","dateModified":"2022-11-03T14:35:13+00:00","author":{"@id":"https:\/\/daler.ch\/#\/schema\/person\/3efe34bd72d30c33193e0a6142fd126e"},"breadcrumb":{"@id":"https:\/\/daler.ch\/octobre-rose-conference-publique\/#breadcrumb"},"inLanguage":"de","potentialAction":[{"@type":"ReadAction","target":["https:\/\/daler.ch\/octobre-rose-conference-publique\/"]}]},{"@type":"ImageObject","inLanguage":"de","@id":"https:\/\/daler.ch\/octobre-rose-conference-publique\/#primaryimage","url":"https:\/\/daler.ch\/wp-content\/uploads\/2019\/03\/Image_bilan.jpg","contentUrl":"https:\/\/daler.ch\/wp-content\/uploads\/2019\/03\/Image_bilan.jpg","width":1600,"height":500},{"@type":"BreadcrumbList","@id":"https:\/\/daler.ch\/octobre-rose-conference-publique\/#breadcrumb","itemListElement":[{"@type":"ListItem","position":1,"name":"Home","item":"https:\/\/daler.ch\/de\/"},{"@type":"ListItem","position":2,"name":"Rosa Oktober &#8211; Publikumsvortrag"}]},{"@type":"WebSite","@id":"https:\/\/daler.ch\/#website","url":"https:\/\/daler.ch\/","name":"Daler-Spital","description":"Hopital Daler","potentialAction":[{"@type":"SearchAction","target":{"@type":"EntryPoint","urlTemplate":"https:\/\/daler.ch\/?s={search_term_string}"},"query-input":{"@type":"PropertyValueSpecification","valueRequired":true,"valueName":"search_term_string"}}],"inLanguage":"de"},{"@type":"Person","@id":"https:\/\/daler.ch\/#\/schema\/person\/3efe34bd72d30c33193e0a6142fd126e","name":"emblematik-daller","image":{"@type":"ImageObject","inLanguage":"de","@id":"https:\/\/secure.gravatar.com\/avatar\/a4eebccbc81c422944fd8163ba969d1383db6733d5694ac571ccaf054519f805?s=96&d=mm&r=g","url":"https:\/\/secure.gravatar.com\/avatar\/a4eebccbc81c422944fd8163ba969d1383db6733d5694ac571ccaf054519f805?s=96&d=mm&r=g","contentUrl":"https:\/\/secure.gravatar.com\/avatar\/a4eebccbc81c422944fd8163ba969d1383db6733d5694ac571ccaf054519f805?s=96&d=mm&r=g","caption":"emblematik-daller"}}]}},"_links":{"self":[{"href":"https:\/\/daler.ch\/de\/wp-json\/wp\/v2\/posts\/4574","targetHints":{"allow":["GET"]}}],"collection":[{"href":"https:\/\/daler.ch\/de\/wp-json\/wp\/v2\/posts"}],"about":[{"href":"https:\/\/daler.ch\/de\/wp-json\/wp\/v2\/types\/post"}],"author":[{"embeddable":true,"href":"https:\/\/daler.ch\/de\/wp-json\/wp\/v2\/users\/13"}],"replies":[{"embeddable":true,"href":"https:\/\/daler.ch\/de\/wp-json\/wp\/v2\/comments?post=4574"}],"version-history":[{"count":3,"href":"https:\/\/daler.ch\/de\/wp-json\/wp\/v2\/posts\/4574\/revisions"}],"predecessor-version":[{"id":4673,"href":"https:\/\/daler.ch\/de\/wp-json\/wp\/v2\/posts\/4574\/revisions\/4673"}],"wp:featuredmedia":[{"embeddable":true,"href":"https:\/\/daler.ch\/de\/wp-json\/wp\/v2\/media\/2487"}],"wp:attachment":[{"href":"https:\/\/daler.ch\/de\/wp-json\/wp\/v2\/media?parent=4574"}],"wp:term":[{"taxonomy":"category","embeddable":true,"href":"https:\/\/daler.ch\/de\/wp-json\/wp\/v2\/categories?post=4574"},{"taxonomy":"post_tag","embeddable":true,"href":"https:\/\/daler.ch\/de\/wp-json\/wp\/v2\/tags?post=4574"}],"curies":[{"name":"wp","href":"https:\/\/api.w.org\/{rel}","templated":true}]}}