{"id":4608,"date":"2021-10-28T10:21:53","date_gmt":"2021-10-28T08:21:53","guid":{"rendered":"https:\/\/www.daler.ch\/accreditation-du-dr-konstantin-burgmann\/"},"modified":"2021-10-28T10:25:50","modified_gmt":"2021-10-28T08:25:50","slug":"akkreditierung-von-dr-konstantin-burgmann","status":"publish","type":"post","link":"https:\/\/daler.ch\/de\/akkreditierung-von-dr-konstantin-burgmann\/","title":{"rendered":"Akkreditierung von Dr. Konstantin Burgmann"},"content":{"rendered":"<p>Wir freuen uns, Sie \u00fcber die Akkreditierung von Dr. med. Konstantin Burgmann, Facharzt FMH f\u00fcr Gastroenterologie, zu informieren.<\/p>\n<p>2007 schloss Dr. med. Burgmann sein Medizinstudium an der Universit\u00e4t Bern ab, 2013 und 2016 erlangte er seine Facharzttitel FMH in Innerer Medizin und Gastroenterologie. Danach bildete er sich als Facharzt f\u00fcr Gastroenterologie weiter und arbeitete insbesondere in der Gastroenterologie des CHUV, in der Praxis Balsiger, Seibold &amp; Partner und am HFR. Heute ist er Mitinhaber der gastroenterologischen Praxis Intesto KLG in Freiburg.<\/p>\n<p>Das Daler Spital freut sich, sein \u00c4rzteteam durch einen erfahrenen Spezialisten auf dem Gebiet der Gastroenterologie zu erweitern.<\/p>\n","protected":false},"excerpt":{"rendered":"<p>Wir freuen uns, Sie \u00fcber die Akkreditierung von Dr. med. Konstantin Burgmann, Facharzt FMH f\u00fcr Gastroenterologie, zu informieren. 2007 schloss Dr. med. Burgmann sein Medizinstudium an der Universit\u00e4t Bern ab, 2013 und 2016 erlangte er seine Facharzttitel FMH in Innerer [&hellip;]<\/p>\n","protected":false},"author":13,"featured_media":477,"comment_status":"closed","ping_status":"closed","sticky":false,"template":"","format":"standard","meta":{"footnotes":""},"categories":[2],"tags":[],"class_list":["post-4608","post","type-post","status-publish","format-standard","has-post-thumbnail","hentry","category-unkategorisiert"],"yoast_head":"<!-- This site is optimized with the Yoast SEO plugin v27.5 - https:\/\/yoast.com\/product\/yoast-seo-wordpress\/ -->\n<title>Akkreditierung von Dr. Konstantin Burgmann - Daler-Spital<\/title>\n<meta name=\"robots\" content=\"index, follow, max-snippet:-1, max-image-preview:large, max-video-preview:-1\" \/>\n<link rel=\"canonical\" href=\"https:\/\/daler.ch\/accreditation-du-dr-konstantin-burgmann\/\" \/>\n<meta property=\"og:locale\" content=\"de_DE\" \/>\n<meta property=\"og:type\" content=\"article\" \/>\n<meta property=\"og:title\" content=\"Akkreditierung von Dr. Konstantin Burgmann - Daler-Spital\" \/>\n<meta property=\"og:description\" content=\"Wir freuen uns, Sie \u00fcber die Akkreditierung von Dr. med. Konstantin Burgmann, Facharzt FMH f\u00fcr Gastroenterologie, zu informieren. 2007 schloss Dr. med. Burgmann sein Medizinstudium an der Universit\u00e4t Bern ab, 2013 und 2016 erlangte er seine Facharzttitel FMH in Innerer [&hellip;]\" \/>\n<meta property=\"og:url\" content=\"https:\/\/daler.ch\/accreditation-du-dr-konstantin-burgmann\/\" \/>\n<meta property=\"og:site_name\" content=\"Daler-Spital\" \/>\n<meta property=\"article:published_time\" content=\"2021-10-28T08:21:53+00:00\" \/>\n<meta property=\"article:modified_time\" content=\"2021-10-28T08:25:50+00:00\" \/>\n<meta property=\"og:image\" content=\"https:\/\/daler.ch\/wp-content\/uploads\/2016\/09\/slide02.jpg\" \/>\n\t<meta property=\"og:image:width\" content=\"1800\" \/>\n\t<meta property=\"og:image:height\" content=\"500\" \/>\n\t<meta property=\"og:image:type\" content=\"image\/jpeg\" \/>\n<meta name=\"author\" content=\"emblematik-daller\" \/>\n<meta name=\"twitter:card\" content=\"summary_large_image\" \/>\n<meta name=\"twitter:label1\" content=\"Verfasst von\" \/>\n\t<meta name=\"twitter:data1\" content=\"emblematik-daller\" \/>\n<script type=\"application\/ld+json\" class=\"yoast-schema-graph\">{\"@context\":\"https:\\\/\\\/schema.org\",\"@graph\":[{\"@type\":\"Article\",\"@id\":\"https:\\\/\\\/daler.ch\\\/accreditation-du-dr-konstantin-burgmann\\\/#article\",\"isPartOf\":{\"@id\":\"https:\\\/\\\/daler.ch\\\/accreditation-du-dr-konstantin-burgmann\\\/\"},\"author\":{\"name\":\"emblematik-daller\",\"@id\":\"https:\\\/\\\/daler.ch\\\/#\\\/schema\\\/person\\\/3efe34bd72d30c33193e0a6142fd126e\"},\"headline\":\"Akkreditierung von Dr. Konstantin Burgmann\",\"datePublished\":\"2021-10-28T08:21:53+00:00\",\"dateModified\":\"2021-10-28T08:25:50+00:00\",\"mainEntityOfPage\":{\"@id\":\"https:\\\/\\\/daler.ch\\\/accreditation-du-dr-konstantin-burgmann\\\/\"},\"wordCount\":104,\"image\":{\"@id\":\"https:\\\/\\\/daler.ch\\\/accreditation-du-dr-konstantin-burgmann\\\/#primaryimage\"},\"thumbnailUrl\":\"https:\\\/\\\/daler.ch\\\/wp-content\\\/uploads\\\/2016\\\/09\\\/slide02.jpg\",\"articleSection\":[\"Unkategorisiert\"],\"inLanguage\":\"de\"},{\"@type\":\"WebPage\",\"@id\":\"https:\\\/\\\/daler.ch\\\/accreditation-du-dr-konstantin-burgmann\\\/\",\"url\":\"https:\\\/\\\/daler.ch\\\/accreditation-du-dr-konstantin-burgmann\\\/\",\"name\":\"Akkreditierung von Dr. Konstantin Burgmann - Daler-Spital\",\"isPartOf\":{\"@id\":\"https:\\\/\\\/daler.ch\\\/#website\"},\"primaryImageOfPage\":{\"@id\":\"https:\\\/\\\/daler.ch\\\/accreditation-du-dr-konstantin-burgmann\\\/#primaryimage\"},\"image\":{\"@id\":\"https:\\\/\\\/daler.ch\\\/accreditation-du-dr-konstantin-burgmann\\\/#primaryimage\"},\"thumbnailUrl\":\"https:\\\/\\\/daler.ch\\\/wp-content\\\/uploads\\\/2016\\\/09\\\/slide02.jpg\",\"datePublished\":\"2021-10-28T08:21:53+00:00\",\"dateModified\":\"2021-10-28T08:25:50+00:00\",\"author\":{\"@id\":\"https:\\\/\\\/daler.ch\\\/#\\\/schema\\\/person\\\/3efe34bd72d30c33193e0a6142fd126e\"},\"breadcrumb\":{\"@id\":\"https:\\\/\\\/daler.ch\\\/accreditation-du-dr-konstantin-burgmann\\\/#breadcrumb\"},\"inLanguage\":\"de\",\"potentialAction\":[{\"@type\":\"ReadAction\",\"target\":[\"https:\\\/\\\/daler.ch\\\/accreditation-du-dr-konstantin-burgmann\\\/\"]}]},{\"@type\":\"ImageObject\",\"inLanguage\":\"de\",\"@id\":\"https:\\\/\\\/daler.ch\\\/accreditation-du-dr-konstantin-burgmann\\\/#primaryimage\",\"url\":\"https:\\\/\\\/daler.ch\\\/wp-content\\\/uploads\\\/2016\\\/09\\\/slide02.jpg\",\"contentUrl\":\"https:\\\/\\\/daler.ch\\\/wp-content\\\/uploads\\\/2016\\\/09\\\/slide02.jpg\",\"width\":1800,\"height\":500},{\"@type\":\"BreadcrumbList\",\"@id\":\"https:\\\/\\\/daler.ch\\\/accreditation-du-dr-konstantin-burgmann\\\/#breadcrumb\",\"itemListElement\":[{\"@type\":\"ListItem\",\"position\":1,\"name\":\"Home\",\"item\":\"https:\\\/\\\/daler.ch\\\/de\\\/\"},{\"@type\":\"ListItem\",\"position\":2,\"name\":\"Akkreditierung von Dr. Konstantin Burgmann\"}]},{\"@type\":\"WebSite\",\"@id\":\"https:\\\/\\\/daler.ch\\\/#website\",\"url\":\"https:\\\/\\\/daler.ch\\\/\",\"name\":\"Daler-Spital\",\"description\":\"Hopital Daler\",\"potentialAction\":[{\"@type\":\"SearchAction\",\"target\":{\"@type\":\"EntryPoint\",\"urlTemplate\":\"https:\\\/\\\/daler.ch\\\/?s={search_term_string}\"},\"query-input\":{\"@type\":\"PropertyValueSpecification\",\"valueRequired\":true,\"valueName\":\"search_term_string\"}}],\"inLanguage\":\"de\"},{\"@type\":\"Person\",\"@id\":\"https:\\\/\\\/daler.ch\\\/#\\\/schema\\\/person\\\/3efe34bd72d30c33193e0a6142fd126e\",\"name\":\"emblematik-daller\",\"image\":{\"@type\":\"ImageObject\",\"inLanguage\":\"de\",\"@id\":\"https:\\\/\\\/secure.gravatar.com\\\/avatar\\\/a4eebccbc81c422944fd8163ba969d1383db6733d5694ac571ccaf054519f805?s=96&d=mm&r=g\",\"url\":\"https:\\\/\\\/secure.gravatar.com\\\/avatar\\\/a4eebccbc81c422944fd8163ba969d1383db6733d5694ac571ccaf054519f805?s=96&d=mm&r=g\",\"contentUrl\":\"https:\\\/\\\/secure.gravatar.com\\\/avatar\\\/a4eebccbc81c422944fd8163ba969d1383db6733d5694ac571ccaf054519f805?s=96&d=mm&r=g\",\"caption\":\"emblematik-daller\"}}]}<\/script>\n<!-- \/ Yoast SEO plugin. -->","yoast_head_json":{"title":"Akkreditierung von Dr. Konstantin Burgmann - Daler-Spital","robots":{"index":"index","follow":"follow","max-snippet":"max-snippet:-1","max-image-preview":"max-image-preview:large","max-video-preview":"max-video-preview:-1"},"canonical":"https:\/\/daler.ch\/accreditation-du-dr-konstantin-burgmann\/","og_locale":"de_DE","og_type":"article","og_title":"Akkreditierung von Dr. Konstantin Burgmann - Daler-Spital","og_description":"Wir freuen uns, Sie \u00fcber die Akkreditierung von Dr. med. Konstantin Burgmann, Facharzt FMH f\u00fcr Gastroenterologie, zu informieren. 2007 schloss Dr. med. Burgmann sein Medizinstudium an der Universit\u00e4t Bern ab, 2013 und 2016 erlangte er seine Facharzttitel FMH in Innerer [&hellip;]","og_url":"https:\/\/daler.ch\/accreditation-du-dr-konstantin-burgmann\/","og_site_name":"Daler-Spital","article_published_time":"2021-10-28T08:21:53+00:00","article_modified_time":"2021-10-28T08:25:50+00:00","og_image":[{"width":1800,"height":500,"url":"https:\/\/daler.ch\/wp-content\/uploads\/2016\/09\/slide02.jpg","type":"image\/jpeg"}],"author":"emblematik-daller","twitter_card":"summary_large_image","twitter_misc":{"Verfasst von":"emblematik-daller"},"schema":{"@context":"https:\/\/schema.org","@graph":[{"@type":"Article","@id":"https:\/\/daler.ch\/accreditation-du-dr-konstantin-burgmann\/#article","isPartOf":{"@id":"https:\/\/daler.ch\/accreditation-du-dr-konstantin-burgmann\/"},"author":{"name":"emblematik-daller","@id":"https:\/\/daler.ch\/#\/schema\/person\/3efe34bd72d30c33193e0a6142fd126e"},"headline":"Akkreditierung von Dr. Konstantin Burgmann","datePublished":"2021-10-28T08:21:53+00:00","dateModified":"2021-10-28T08:25:50+00:00","mainEntityOfPage":{"@id":"https:\/\/daler.ch\/accreditation-du-dr-konstantin-burgmann\/"},"wordCount":104,"image":{"@id":"https:\/\/daler.ch\/accreditation-du-dr-konstantin-burgmann\/#primaryimage"},"thumbnailUrl":"https:\/\/daler.ch\/wp-content\/uploads\/2016\/09\/slide02.jpg","articleSection":["Unkategorisiert"],"inLanguage":"de"},{"@type":"WebPage","@id":"https:\/\/daler.ch\/accreditation-du-dr-konstantin-burgmann\/","url":"https:\/\/daler.ch\/accreditation-du-dr-konstantin-burgmann\/","name":"Akkreditierung von Dr. Konstantin Burgmann - Daler-Spital","isPartOf":{"@id":"https:\/\/daler.ch\/#website"},"primaryImageOfPage":{"@id":"https:\/\/daler.ch\/accreditation-du-dr-konstantin-burgmann\/#primaryimage"},"image":{"@id":"https:\/\/daler.ch\/accreditation-du-dr-konstantin-burgmann\/#primaryimage"},"thumbnailUrl":"https:\/\/daler.ch\/wp-content\/uploads\/2016\/09\/slide02.jpg","datePublished":"2021-10-28T08:21:53+00:00","dateModified":"2021-10-28T08:25:50+00:00","author":{"@id":"https:\/\/daler.ch\/#\/schema\/person\/3efe34bd72d30c33193e0a6142fd126e"},"breadcrumb":{"@id":"https:\/\/daler.ch\/accreditation-du-dr-konstantin-burgmann\/#breadcrumb"},"inLanguage":"de","potentialAction":[{"@type":"ReadAction","target":["https:\/\/daler.ch\/accreditation-du-dr-konstantin-burgmann\/"]}]},{"@type":"ImageObject","inLanguage":"de","@id":"https:\/\/daler.ch\/accreditation-du-dr-konstantin-burgmann\/#primaryimage","url":"https:\/\/daler.ch\/wp-content\/uploads\/2016\/09\/slide02.jpg","contentUrl":"https:\/\/daler.ch\/wp-content\/uploads\/2016\/09\/slide02.jpg","width":1800,"height":500},{"@type":"BreadcrumbList","@id":"https:\/\/daler.ch\/accreditation-du-dr-konstantin-burgmann\/#breadcrumb","itemListElement":[{"@type":"ListItem","position":1,"name":"Home","item":"https:\/\/daler.ch\/de\/"},{"@type":"ListItem","position":2,"name":"Akkreditierung von Dr. Konstantin Burgmann"}]},{"@type":"WebSite","@id":"https:\/\/daler.ch\/#website","url":"https:\/\/daler.ch\/","name":"Daler-Spital","description":"Hopital Daler","potentialAction":[{"@type":"SearchAction","target":{"@type":"EntryPoint","urlTemplate":"https:\/\/daler.ch\/?s={search_term_string}"},"query-input":{"@type":"PropertyValueSpecification","valueRequired":true,"valueName":"search_term_string"}}],"inLanguage":"de"},{"@type":"Person","@id":"https:\/\/daler.ch\/#\/schema\/person\/3efe34bd72d30c33193e0a6142fd126e","name":"emblematik-daller","image":{"@type":"ImageObject","inLanguage":"de","@id":"https:\/\/secure.gravatar.com\/avatar\/a4eebccbc81c422944fd8163ba969d1383db6733d5694ac571ccaf054519f805?s=96&d=mm&r=g","url":"https:\/\/secure.gravatar.com\/avatar\/a4eebccbc81c422944fd8163ba969d1383db6733d5694ac571ccaf054519f805?s=96&d=mm&r=g","contentUrl":"https:\/\/secure.gravatar.com\/avatar\/a4eebccbc81c422944fd8163ba969d1383db6733d5694ac571ccaf054519f805?s=96&d=mm&r=g","caption":"emblematik-daller"}}]}},"_links":{"self":[{"href":"https:\/\/daler.ch\/de\/wp-json\/wp\/v2\/posts\/4608","targetHints":{"allow":["GET"]}}],"collection":[{"href":"https:\/\/daler.ch\/de\/wp-json\/wp\/v2\/posts"}],"about":[{"href":"https:\/\/daler.ch\/de\/wp-json\/wp\/v2\/types\/post"}],"author":[{"embeddable":true,"href":"https:\/\/daler.ch\/de\/wp-json\/wp\/v2\/users\/13"}],"replies":[{"embeddable":true,"href":"https:\/\/daler.ch\/de\/wp-json\/wp\/v2\/comments?post=4608"}],"version-history":[{"count":2,"href":"https:\/\/daler.ch\/de\/wp-json\/wp\/v2\/posts\/4608\/revisions"}],"predecessor-version":[{"id":4610,"href":"https:\/\/daler.ch\/de\/wp-json\/wp\/v2\/posts\/4608\/revisions\/4610"}],"wp:featuredmedia":[{"embeddable":true,"href":"https:\/\/daler.ch\/de\/wp-json\/wp\/v2\/media\/477"}],"wp:attachment":[{"href":"https:\/\/daler.ch\/de\/wp-json\/wp\/v2\/media?parent=4608"}],"wp:term":[{"taxonomy":"category","embeddable":true,"href":"https:\/\/daler.ch\/de\/wp-json\/wp\/v2\/categories?post=4608"},{"taxonomy":"post_tag","embeddable":true,"href":"https:\/\/daler.ch\/de\/wp-json\/wp\/v2\/tags?post=4608"}],"curies":[{"name":"wp","href":"https:\/\/api.w.org\/{rel}","templated":true}]}}