{"id":4729,"date":"2021-12-20T13:48:41","date_gmt":"2021-12-20T12:48:41","guid":{"rendered":"https:\/\/www.daler.ch\/renouvellement-du-label-de-qualite-pour-le-centre-du-sein\/"},"modified":"2021-12-20T17:23:13","modified_gmt":"2021-12-20T16:23:13","slug":"rezertifizierung-des-brustzentrums-freiburg","status":"publish","type":"post","link":"https:\/\/daler.ch\/de\/rezertifizierung-des-brustzentrums-freiburg\/","title":{"rendered":"Rezertifizierung des Brustzentrums Freiburg"},"content":{"rendered":"<p><strong>Das Brustzentrum Freiburg wurde von der Krebsliga Schweiz und der Schweizerischen Gesellschaft f\u00fcr Senologie (SGS) vorbehaltlos rezertifiziert.<\/strong><\/p>\n<p>Das Qualit\u00e4tslabel, das dem Brustzentrum 2017 zum ersten Mal verliehen wurde, wird um weitere vier Jahre bis 2025 verl\u00e4ngert. F\u00fcr die Verleihung des Labels wurden rund hundert Kriterien bez\u00fcglich die Information und die Rechte der Patientinnen sowie die Diagnose- und Therapieverfahren analysiert. Ein externes Audit unter der Verantwortung von SanaCert stellt sicher, dass diese Kriterien in den Pflegeprozessen und bei der Betreuung der Patientinnen angewendet werden. Das Qualit\u00e4tslabel gilt auch f\u00fcr die plastische Chirurgie, die 2019 am Brustzentrum eingef\u00fchrt wurde.<\/p>\n<p>Unter der Leitung des Onkologen Dr. med. Laurent Rosset konnte das Brustzentrum \u2013 das Ergebnis der privat-\u00f6ffentlichen Partnerschaft zwischen dem Daler-Spital und dem freiburger spital (HFR) \u2013 trotz der Pandemiesituation der vergangenen Monate eine qualitativ hochwertige Betreuung gem\u00e4ss den Anforderungen des Labels aufrechterhalten. Die Fallzahlen stiegen deutlich an: 165 neue Patientinnen bis Ende September 2021 gegen\u00fcber 120 im gleichen Zeitraum 2020 (insgesamt 183 F\u00e4lle im Jahr 2020). Ausserdem erf\u00fcllte das Zentrum die anspruchsvolle Vorgabe, dass die Mitteilung der Diagnose bei 95 Prozent der Patientinnen innerhalb von 5 Tagen nach der Biopsie erfolgt.<\/p>\n<p>Die Auditoren betonten die bemerkenswerte institutionelle Zusammenarbeit zwischen den Vertretern der verschiedenen medizinischen Fachrichtungen, die im Brustzentrum mitwirken. Diese Zusammenarbeit ist eine Qualit\u00e4tsgarantie f\u00fcr die Betreuung der Patientinnen im Kanton Freiburg. Ferner empfehlen die Auditoren dem Brustzentrum, mehr spezifische Schulungen f\u00fcr die Mitglieder des Zentrums und die auszubildenden \u00c4rztinnen und \u00c4rzte zu organisieren.<\/p>\n","protected":false},"excerpt":{"rendered":"<p>Das Brustzentrum Freiburg wurde von der Krebsliga Schweiz und der Schweizerischen Gesellschaft f\u00fcr Senologie (SGS) vorbehaltlos rezertifiziert. Das Qualit\u00e4tslabel, das dem Brustzentrum 2017 zum ersten Mal verliehen wurde, wird um weitere vier Jahre bis 2025 verl\u00e4ngert. F\u00fcr die Verleihung des [&hellip;]<\/p>\n","protected":false},"author":13,"featured_media":2112,"comment_status":"closed","ping_status":"closed","sticky":false,"template":"","format":"standard","meta":{"footnotes":""},"categories":[2],"tags":[],"class_list":["post-4729","post","type-post","status-publish","format-standard","has-post-thumbnail","hentry","category-unkategorisiert"],"yoast_head":"<!-- This site is optimized with the Yoast SEO plugin v27.5 - https:\/\/yoast.com\/product\/yoast-seo-wordpress\/ -->\n<title>Rezertifizierung des Brustzentrums Freiburg - Daler-Spital<\/title>\n<meta name=\"robots\" content=\"index, follow, max-snippet:-1, max-image-preview:large, max-video-preview:-1\" \/>\n<link rel=\"canonical\" href=\"https:\/\/daler.ch\/renouvellement-du-label-de-qualite-pour-le-centre-du-sein\/\" \/>\n<meta property=\"og:locale\" content=\"de_DE\" \/>\n<meta property=\"og:type\" content=\"article\" \/>\n<meta property=\"og:title\" content=\"Rezertifizierung des Brustzentrums Freiburg - Daler-Spital\" \/>\n<meta property=\"og:description\" content=\"Das Brustzentrum Freiburg wurde von der Krebsliga Schweiz und der Schweizerischen Gesellschaft f\u00fcr Senologie (SGS) vorbehaltlos rezertifiziert. Das Qualit\u00e4tslabel, das dem Brustzentrum 2017 zum ersten Mal verliehen wurde, wird um weitere vier Jahre bis 2025 verl\u00e4ngert. F\u00fcr die Verleihung des [&hellip;]\" \/>\n<meta property=\"og:url\" content=\"https:\/\/daler.ch\/renouvellement-du-label-de-qualite-pour-le-centre-du-sein\/\" \/>\n<meta property=\"og:site_name\" content=\"Daler-Spital\" \/>\n<meta property=\"article:published_time\" content=\"2021-12-20T12:48:41+00:00\" \/>\n<meta property=\"article:modified_time\" content=\"2021-12-20T16:23:13+00:00\" \/>\n<meta property=\"og:image\" content=\"https:\/\/daler.ch\/wp-content\/uploads\/2018\/04\/CsF.jpg\" \/>\n\t<meta property=\"og:image:width\" content=\"1600\" \/>\n\t<meta property=\"og:image:height\" content=\"500\" \/>\n\t<meta property=\"og:image:type\" content=\"image\/jpeg\" \/>\n<meta name=\"author\" content=\"emblematik-daller\" \/>\n<meta name=\"twitter:card\" content=\"summary_large_image\" \/>\n<meta name=\"twitter:label1\" content=\"Verfasst von\" \/>\n\t<meta name=\"twitter:data1\" content=\"emblematik-daller\" \/>\n\t<meta name=\"twitter:label2\" content=\"Gesch\u00e4tzte Lesezeit\" \/>\n\t<meta name=\"twitter:data2\" content=\"1\u00a0Minute\" \/>\n<script type=\"application\/ld+json\" class=\"yoast-schema-graph\">{\"@context\":\"https:\\\/\\\/schema.org\",\"@graph\":[{\"@type\":\"Article\",\"@id\":\"https:\\\/\\\/daler.ch\\\/renouvellement-du-label-de-qualite-pour-le-centre-du-sein\\\/#article\",\"isPartOf\":{\"@id\":\"https:\\\/\\\/daler.ch\\\/renouvellement-du-label-de-qualite-pour-le-centre-du-sein\\\/\"},\"author\":{\"name\":\"emblematik-daller\",\"@id\":\"https:\\\/\\\/daler.ch\\\/#\\\/schema\\\/person\\\/3efe34bd72d30c33193e0a6142fd126e\"},\"headline\":\"Rezertifizierung des Brustzentrums Freiburg\",\"datePublished\":\"2021-12-20T12:48:41+00:00\",\"dateModified\":\"2021-12-20T16:23:13+00:00\",\"mainEntityOfPage\":{\"@id\":\"https:\\\/\\\/daler.ch\\\/renouvellement-du-label-de-qualite-pour-le-centre-du-sein\\\/\"},\"wordCount\":249,\"image\":{\"@id\":\"https:\\\/\\\/daler.ch\\\/renouvellement-du-label-de-qualite-pour-le-centre-du-sein\\\/#primaryimage\"},\"thumbnailUrl\":\"https:\\\/\\\/daler.ch\\\/wp-content\\\/uploads\\\/2018\\\/04\\\/CsF.jpg\",\"articleSection\":[\"Unkategorisiert\"],\"inLanguage\":\"de\"},{\"@type\":\"WebPage\",\"@id\":\"https:\\\/\\\/daler.ch\\\/renouvellement-du-label-de-qualite-pour-le-centre-du-sein\\\/\",\"url\":\"https:\\\/\\\/daler.ch\\\/renouvellement-du-label-de-qualite-pour-le-centre-du-sein\\\/\",\"name\":\"Rezertifizierung des Brustzentrums Freiburg - Daler-Spital\",\"isPartOf\":{\"@id\":\"https:\\\/\\\/daler.ch\\\/#website\"},\"primaryImageOfPage\":{\"@id\":\"https:\\\/\\\/daler.ch\\\/renouvellement-du-label-de-qualite-pour-le-centre-du-sein\\\/#primaryimage\"},\"image\":{\"@id\":\"https:\\\/\\\/daler.ch\\\/renouvellement-du-label-de-qualite-pour-le-centre-du-sein\\\/#primaryimage\"},\"thumbnailUrl\":\"https:\\\/\\\/daler.ch\\\/wp-content\\\/uploads\\\/2018\\\/04\\\/CsF.jpg\",\"datePublished\":\"2021-12-20T12:48:41+00:00\",\"dateModified\":\"2021-12-20T16:23:13+00:00\",\"author\":{\"@id\":\"https:\\\/\\\/daler.ch\\\/#\\\/schema\\\/person\\\/3efe34bd72d30c33193e0a6142fd126e\"},\"breadcrumb\":{\"@id\":\"https:\\\/\\\/daler.ch\\\/renouvellement-du-label-de-qualite-pour-le-centre-du-sein\\\/#breadcrumb\"},\"inLanguage\":\"de\",\"potentialAction\":[{\"@type\":\"ReadAction\",\"target\":[\"https:\\\/\\\/daler.ch\\\/renouvellement-du-label-de-qualite-pour-le-centre-du-sein\\\/\"]}]},{\"@type\":\"ImageObject\",\"inLanguage\":\"de\",\"@id\":\"https:\\\/\\\/daler.ch\\\/renouvellement-du-label-de-qualite-pour-le-centre-du-sein\\\/#primaryimage\",\"url\":\"https:\\\/\\\/daler.ch\\\/wp-content\\\/uploads\\\/2018\\\/04\\\/CsF.jpg\",\"contentUrl\":\"https:\\\/\\\/daler.ch\\\/wp-content\\\/uploads\\\/2018\\\/04\\\/CsF.jpg\",\"width\":1600,\"height\":500},{\"@type\":\"BreadcrumbList\",\"@id\":\"https:\\\/\\\/daler.ch\\\/renouvellement-du-label-de-qualite-pour-le-centre-du-sein\\\/#breadcrumb\",\"itemListElement\":[{\"@type\":\"ListItem\",\"position\":1,\"name\":\"Home\",\"item\":\"https:\\\/\\\/daler.ch\\\/de\\\/\"},{\"@type\":\"ListItem\",\"position\":2,\"name\":\"Rezertifizierung des Brustzentrums Freiburg\"}]},{\"@type\":\"WebSite\",\"@id\":\"https:\\\/\\\/daler.ch\\\/#website\",\"url\":\"https:\\\/\\\/daler.ch\\\/\",\"name\":\"Daler-Spital\",\"description\":\"Hopital Daler\",\"potentialAction\":[{\"@type\":\"SearchAction\",\"target\":{\"@type\":\"EntryPoint\",\"urlTemplate\":\"https:\\\/\\\/daler.ch\\\/?s={search_term_string}\"},\"query-input\":{\"@type\":\"PropertyValueSpecification\",\"valueRequired\":true,\"valueName\":\"search_term_string\"}}],\"inLanguage\":\"de\"},{\"@type\":\"Person\",\"@id\":\"https:\\\/\\\/daler.ch\\\/#\\\/schema\\\/person\\\/3efe34bd72d30c33193e0a6142fd126e\",\"name\":\"emblematik-daller\",\"image\":{\"@type\":\"ImageObject\",\"inLanguage\":\"de\",\"@id\":\"https:\\\/\\\/secure.gravatar.com\\\/avatar\\\/a4eebccbc81c422944fd8163ba969d1383db6733d5694ac571ccaf054519f805?s=96&d=mm&r=g\",\"url\":\"https:\\\/\\\/secure.gravatar.com\\\/avatar\\\/a4eebccbc81c422944fd8163ba969d1383db6733d5694ac571ccaf054519f805?s=96&d=mm&r=g\",\"contentUrl\":\"https:\\\/\\\/secure.gravatar.com\\\/avatar\\\/a4eebccbc81c422944fd8163ba969d1383db6733d5694ac571ccaf054519f805?s=96&d=mm&r=g\",\"caption\":\"emblematik-daller\"}}]}<\/script>\n<!-- \/ Yoast SEO plugin. -->","yoast_head_json":{"title":"Rezertifizierung des Brustzentrums Freiburg - Daler-Spital","robots":{"index":"index","follow":"follow","max-snippet":"max-snippet:-1","max-image-preview":"max-image-preview:large","max-video-preview":"max-video-preview:-1"},"canonical":"https:\/\/daler.ch\/renouvellement-du-label-de-qualite-pour-le-centre-du-sein\/","og_locale":"de_DE","og_type":"article","og_title":"Rezertifizierung des Brustzentrums Freiburg - Daler-Spital","og_description":"Das Brustzentrum Freiburg wurde von der Krebsliga Schweiz und der Schweizerischen Gesellschaft f\u00fcr Senologie (SGS) vorbehaltlos rezertifiziert. Das Qualit\u00e4tslabel, das dem Brustzentrum 2017 zum ersten Mal verliehen wurde, wird um weitere vier Jahre bis 2025 verl\u00e4ngert. F\u00fcr die Verleihung des [&hellip;]","og_url":"https:\/\/daler.ch\/renouvellement-du-label-de-qualite-pour-le-centre-du-sein\/","og_site_name":"Daler-Spital","article_published_time":"2021-12-20T12:48:41+00:00","article_modified_time":"2021-12-20T16:23:13+00:00","og_image":[{"width":1600,"height":500,"url":"https:\/\/daler.ch\/wp-content\/uploads\/2018\/04\/CsF.jpg","type":"image\/jpeg"}],"author":"emblematik-daller","twitter_card":"summary_large_image","twitter_misc":{"Verfasst von":"emblematik-daller","Gesch\u00e4tzte Lesezeit":"1\u00a0Minute"},"schema":{"@context":"https:\/\/schema.org","@graph":[{"@type":"Article","@id":"https:\/\/daler.ch\/renouvellement-du-label-de-qualite-pour-le-centre-du-sein\/#article","isPartOf":{"@id":"https:\/\/daler.ch\/renouvellement-du-label-de-qualite-pour-le-centre-du-sein\/"},"author":{"name":"emblematik-daller","@id":"https:\/\/daler.ch\/#\/schema\/person\/3efe34bd72d30c33193e0a6142fd126e"},"headline":"Rezertifizierung des Brustzentrums Freiburg","datePublished":"2021-12-20T12:48:41+00:00","dateModified":"2021-12-20T16:23:13+00:00","mainEntityOfPage":{"@id":"https:\/\/daler.ch\/renouvellement-du-label-de-qualite-pour-le-centre-du-sein\/"},"wordCount":249,"image":{"@id":"https:\/\/daler.ch\/renouvellement-du-label-de-qualite-pour-le-centre-du-sein\/#primaryimage"},"thumbnailUrl":"https:\/\/daler.ch\/wp-content\/uploads\/2018\/04\/CsF.jpg","articleSection":["Unkategorisiert"],"inLanguage":"de"},{"@type":"WebPage","@id":"https:\/\/daler.ch\/renouvellement-du-label-de-qualite-pour-le-centre-du-sein\/","url":"https:\/\/daler.ch\/renouvellement-du-label-de-qualite-pour-le-centre-du-sein\/","name":"Rezertifizierung des Brustzentrums Freiburg - Daler-Spital","isPartOf":{"@id":"https:\/\/daler.ch\/#website"},"primaryImageOfPage":{"@id":"https:\/\/daler.ch\/renouvellement-du-label-de-qualite-pour-le-centre-du-sein\/#primaryimage"},"image":{"@id":"https:\/\/daler.ch\/renouvellement-du-label-de-qualite-pour-le-centre-du-sein\/#primaryimage"},"thumbnailUrl":"https:\/\/daler.ch\/wp-content\/uploads\/2018\/04\/CsF.jpg","datePublished":"2021-12-20T12:48:41+00:00","dateModified":"2021-12-20T16:23:13+00:00","author":{"@id":"https:\/\/daler.ch\/#\/schema\/person\/3efe34bd72d30c33193e0a6142fd126e"},"breadcrumb":{"@id":"https:\/\/daler.ch\/renouvellement-du-label-de-qualite-pour-le-centre-du-sein\/#breadcrumb"},"inLanguage":"de","potentialAction":[{"@type":"ReadAction","target":["https:\/\/daler.ch\/renouvellement-du-label-de-qualite-pour-le-centre-du-sein\/"]}]},{"@type":"ImageObject","inLanguage":"de","@id":"https:\/\/daler.ch\/renouvellement-du-label-de-qualite-pour-le-centre-du-sein\/#primaryimage","url":"https:\/\/daler.ch\/wp-content\/uploads\/2018\/04\/CsF.jpg","contentUrl":"https:\/\/daler.ch\/wp-content\/uploads\/2018\/04\/CsF.jpg","width":1600,"height":500},{"@type":"BreadcrumbList","@id":"https:\/\/daler.ch\/renouvellement-du-label-de-qualite-pour-le-centre-du-sein\/#breadcrumb","itemListElement":[{"@type":"ListItem","position":1,"name":"Home","item":"https:\/\/daler.ch\/de\/"},{"@type":"ListItem","position":2,"name":"Rezertifizierung des Brustzentrums Freiburg"}]},{"@type":"WebSite","@id":"https:\/\/daler.ch\/#website","url":"https:\/\/daler.ch\/","name":"Daler-Spital","description":"Hopital Daler","potentialAction":[{"@type":"SearchAction","target":{"@type":"EntryPoint","urlTemplate":"https:\/\/daler.ch\/?s={search_term_string}"},"query-input":{"@type":"PropertyValueSpecification","valueRequired":true,"valueName":"search_term_string"}}],"inLanguage":"de"},{"@type":"Person","@id":"https:\/\/daler.ch\/#\/schema\/person\/3efe34bd72d30c33193e0a6142fd126e","name":"emblematik-daller","image":{"@type":"ImageObject","inLanguage":"de","@id":"https:\/\/secure.gravatar.com\/avatar\/a4eebccbc81c422944fd8163ba969d1383db6733d5694ac571ccaf054519f805?s=96&d=mm&r=g","url":"https:\/\/secure.gravatar.com\/avatar\/a4eebccbc81c422944fd8163ba969d1383db6733d5694ac571ccaf054519f805?s=96&d=mm&r=g","contentUrl":"https:\/\/secure.gravatar.com\/avatar\/a4eebccbc81c422944fd8163ba969d1383db6733d5694ac571ccaf054519f805?s=96&d=mm&r=g","caption":"emblematik-daller"}}]}},"_links":{"self":[{"href":"https:\/\/daler.ch\/de\/wp-json\/wp\/v2\/posts\/4729","targetHints":{"allow":["GET"]}}],"collection":[{"href":"https:\/\/daler.ch\/de\/wp-json\/wp\/v2\/posts"}],"about":[{"href":"https:\/\/daler.ch\/de\/wp-json\/wp\/v2\/types\/post"}],"author":[{"embeddable":true,"href":"https:\/\/daler.ch\/de\/wp-json\/wp\/v2\/users\/13"}],"replies":[{"embeddable":true,"href":"https:\/\/daler.ch\/de\/wp-json\/wp\/v2\/comments?post=4729"}],"version-history":[{"count":1,"href":"https:\/\/daler.ch\/de\/wp-json\/wp\/v2\/posts\/4729\/revisions"}],"predecessor-version":[{"id":4730,"href":"https:\/\/daler.ch\/de\/wp-json\/wp\/v2\/posts\/4729\/revisions\/4730"}],"wp:featuredmedia":[{"embeddable":true,"href":"https:\/\/daler.ch\/de\/wp-json\/wp\/v2\/media\/2112"}],"wp:attachment":[{"href":"https:\/\/daler.ch\/de\/wp-json\/wp\/v2\/media?parent=4729"}],"wp:term":[{"taxonomy":"category","embeddable":true,"href":"https:\/\/daler.ch\/de\/wp-json\/wp\/v2\/categories?post=4729"},{"taxonomy":"post_tag","embeddable":true,"href":"https:\/\/daler.ch\/de\/wp-json\/wp\/v2\/tags?post=4729"}],"curies":[{"name":"wp","href":"https:\/\/api.w.org\/{rel}","templated":true}]}}