{"id":4934,"date":"2022-09-15T17:20:06","date_gmt":"2022-09-15T15:20:06","guid":{"rendered":"https:\/\/www.daler.ch\/?p=4934"},"modified":"2022-11-03T16:04:18","modified_gmt":"2022-11-03T15:04:18","slug":"rosa-oktober-publikumsvortrag-2","status":"publish","type":"post","link":"https:\/\/daler.ch\/de\/rosa-oktober-publikumsvortrag-2\/","title":{"rendered":"Rosa Oktober \u2013 Publikumsvortrag"},"content":{"rendered":"<p>Das Daler-Spital und das freiburger spital (HFR) freuen sich, Sie zu einem Publikumsvortrag zu folgendem Thema einzuladen:<br \/>\n<strong>Physiotherapeutische Betreuung bei Brustkrebs<\/strong><\/p>\n<div class=\"description\">\n<div class=\"clearfix text-formatted field field--name-field-hfr-n-description field--type-text-long field--label-hidden field__item\">\n<p>Die Behandlung von Brustkrebs kann zu Nebenwirkungen f\u00fchren, welche die Mobilit\u00e4t der Betroffenen einschr\u00e4nken oder ihre Lebensqualit\u00e4t beeintr\u00e4chtigen. Narbenprobleme, Durchblutungsst\u00f6rungen, krebsbedingte Schmerzen und M\u00fcdigkeit sind gute Indikationen f\u00fcr Physiotherapie w\u00e4hrend des gesamten Behandlungsverlaufs. In jeder Phase der onkologischen Behandlung f\u00fchrt eine angemessene Betreuung zu einer schnelleren Genesung.<\/p>\n<p>Referenten:<br \/>\n<strong>Dr. med. Aline Borcard<\/strong>, selbst\u00e4ndige Gyn\u00e4kologin, Mitglied des Kernteams des Brustzentrums<br \/>\n<strong>Aline Descloux<\/strong>, selbst\u00e4ndige Physiotherapeutin, Villars-sur-Gl\u00e2ne<br \/>\n<strong>krebsliga freiburg<\/strong><\/p>\n<div class=\"label-address\">\n<div class=\"field field--name-field-hfr-n-location field--type-entity-reference field--label-hidden field__item\"><strong>Mittwoch, 20. Oktober 2021 um 19 Uhr<\/strong><\/div>\n<div class=\"field field--name-field-hfr-n-location field--type-entity-reference field--label-hidden field__item\"><strong>HFR Tafers<\/strong><\/div>\n<div class=\"field field--name-field-hfr-n-salle field--type-string field--label-hidden field__item\">Saal Maggenberg<\/div>\n<p>&nbsp;<\/p>\n<\/div>\n<\/div>\n<\/div>\n<div class=\"description\">\n<div class=\"clearfix text-formatted field field--name-field-hfr-n-description field--type-text-long field--label-hidden field__item\">\n<div class=\"post-content\"><a href=\"https:\/\/daler.ch\/wp-content\/uploads\/2022\/09\/Flyer-DE-2022-1.pdf\" target=\"_blank\" rel=\"noopener\">Pr\u00e4sentationsbrosch\u00fcre<\/a><\/div>\n<div><\/div>\n<div class=\"post-content\">\n<p><a href=\"https:\/\/www.h-fr.ch\/de\/news-agenda\/agenda-veranstaltungen\/brustkrebsmonat-oktober-gemeinsam-gegen-krebs-0\" target=\"_blank\" rel=\"noopener\">Anmeldung<\/a><\/p>\n<p>Beschr\u00e4nkte Platzzahl; bitte melden Sie sich bis 4. Oktober an:<br \/>\nwww.h-fr.ch &gt; News &amp; Agenda &gt; Agenda &amp; Veranstaltungen<\/p>\n<\/div>\n<\/div>\n<\/div>\n","protected":false},"excerpt":{"rendered":"<p>Das Daler-Spital und das freiburger spital (HFR) freuen sich, Sie zu einem Publikumsvortrag zu folgendem Thema einzuladen: Physiotherapeutische Betreuung bei Brustkrebs Die Behandlung von Brustkrebs kann zu Nebenwirkungen f\u00fchren, welche die Mobilit\u00e4t der Betroffenen einschr\u00e4nken oder ihre Lebensqualit\u00e4t beeintr\u00e4chtigen. Narbenprobleme, [&hellip;]<\/p>\n","protected":false},"author":13,"featured_media":2112,"comment_status":"closed","ping_status":"closed","sticky":false,"template":"","format":"standard","meta":{"footnotes":""},"categories":[2],"tags":[],"class_list":["post-4934","post","type-post","status-publish","format-standard","has-post-thumbnail","hentry","category-unkategorisiert"],"yoast_head":"<!-- This site is optimized with the Yoast SEO plugin v27.5 - https:\/\/yoast.com\/product\/yoast-seo-wordpress\/ -->\n<title>Rosa Oktober \u2013 Publikumsvortrag - Daler-Spital<\/title>\n<meta name=\"robots\" content=\"index, follow, max-snippet:-1, max-image-preview:large, max-video-preview:-1\" \/>\n<link rel=\"canonical\" href=\"https:\/\/daler.ch\/octobre-rose-conference-publique-2\/\" \/>\n<meta property=\"og:locale\" content=\"de_DE\" \/>\n<meta property=\"og:type\" content=\"article\" \/>\n<meta property=\"og:title\" content=\"Rosa Oktober \u2013 Publikumsvortrag - Daler-Spital\" \/>\n<meta property=\"og:description\" content=\"Das Daler-Spital und das freiburger spital (HFR) freuen sich, Sie zu einem Publikumsvortrag zu folgendem Thema einzuladen: Physiotherapeutische Betreuung bei Brustkrebs Die Behandlung von Brustkrebs kann zu Nebenwirkungen f\u00fchren, welche die Mobilit\u00e4t der Betroffenen einschr\u00e4nken oder ihre Lebensqualit\u00e4t beeintr\u00e4chtigen. Narbenprobleme, [&hellip;]\" \/>\n<meta property=\"og:url\" content=\"https:\/\/daler.ch\/octobre-rose-conference-publique-2\/\" \/>\n<meta property=\"og:site_name\" content=\"Daler-Spital\" \/>\n<meta property=\"article:published_time\" content=\"2022-09-15T15:20:06+00:00\" \/>\n<meta property=\"article:modified_time\" content=\"2022-11-03T15:04:18+00:00\" \/>\n<meta property=\"og:image\" content=\"https:\/\/daler.ch\/wp-content\/uploads\/2018\/04\/CsF.jpg\" \/>\n\t<meta property=\"og:image:width\" content=\"1600\" \/>\n\t<meta property=\"og:image:height\" content=\"500\" \/>\n\t<meta property=\"og:image:type\" content=\"image\/jpeg\" \/>\n<meta name=\"author\" content=\"emblematik-daller\" \/>\n<meta name=\"twitter:card\" content=\"summary_large_image\" \/>\n<meta name=\"twitter:label1\" content=\"Verfasst von\" \/>\n\t<meta name=\"twitter:data1\" content=\"emblematik-daller\" \/>\n\t<meta name=\"twitter:label2\" content=\"Gesch\u00e4tzte Lesezeit\" \/>\n\t<meta name=\"twitter:data2\" content=\"1\u00a0Minute\" \/>\n<script type=\"application\/ld+json\" class=\"yoast-schema-graph\">{\"@context\":\"https:\\\/\\\/schema.org\",\"@graph\":[{\"@type\":\"Article\",\"@id\":\"https:\\\/\\\/daler.ch\\\/octobre-rose-conference-publique-2\\\/#article\",\"isPartOf\":{\"@id\":\"https:\\\/\\\/daler.ch\\\/octobre-rose-conference-publique-2\\\/\"},\"author\":{\"name\":\"emblematik-daller\",\"@id\":\"https:\\\/\\\/daler.ch\\\/#\\\/schema\\\/person\\\/3efe34bd72d30c33193e0a6142fd126e\"},\"headline\":\"Rosa Oktober \u2013 Publikumsvortrag\",\"datePublished\":\"2022-09-15T15:20:06+00:00\",\"dateModified\":\"2022-11-03T15:04:18+00:00\",\"mainEntityOfPage\":{\"@id\":\"https:\\\/\\\/daler.ch\\\/octobre-rose-conference-publique-2\\\/\"},\"wordCount\":138,\"image\":{\"@id\":\"https:\\\/\\\/daler.ch\\\/octobre-rose-conference-publique-2\\\/#primaryimage\"},\"thumbnailUrl\":\"https:\\\/\\\/daler.ch\\\/wp-content\\\/uploads\\\/2018\\\/04\\\/CsF.jpg\",\"articleSection\":[\"Unkategorisiert\"],\"inLanguage\":\"de\"},{\"@type\":\"WebPage\",\"@id\":\"https:\\\/\\\/daler.ch\\\/octobre-rose-conference-publique-2\\\/\",\"url\":\"https:\\\/\\\/daler.ch\\\/octobre-rose-conference-publique-2\\\/\",\"name\":\"Rosa Oktober \u2013 Publikumsvortrag - Daler-Spital\",\"isPartOf\":{\"@id\":\"https:\\\/\\\/daler.ch\\\/#website\"},\"primaryImageOfPage\":{\"@id\":\"https:\\\/\\\/daler.ch\\\/octobre-rose-conference-publique-2\\\/#primaryimage\"},\"image\":{\"@id\":\"https:\\\/\\\/daler.ch\\\/octobre-rose-conference-publique-2\\\/#primaryimage\"},\"thumbnailUrl\":\"https:\\\/\\\/daler.ch\\\/wp-content\\\/uploads\\\/2018\\\/04\\\/CsF.jpg\",\"datePublished\":\"2022-09-15T15:20:06+00:00\",\"dateModified\":\"2022-11-03T15:04:18+00:00\",\"author\":{\"@id\":\"https:\\\/\\\/daler.ch\\\/#\\\/schema\\\/person\\\/3efe34bd72d30c33193e0a6142fd126e\"},\"breadcrumb\":{\"@id\":\"https:\\\/\\\/daler.ch\\\/octobre-rose-conference-publique-2\\\/#breadcrumb\"},\"inLanguage\":\"de\",\"potentialAction\":[{\"@type\":\"ReadAction\",\"target\":[\"https:\\\/\\\/daler.ch\\\/octobre-rose-conference-publique-2\\\/\"]}]},{\"@type\":\"ImageObject\",\"inLanguage\":\"de\",\"@id\":\"https:\\\/\\\/daler.ch\\\/octobre-rose-conference-publique-2\\\/#primaryimage\",\"url\":\"https:\\\/\\\/daler.ch\\\/wp-content\\\/uploads\\\/2018\\\/04\\\/CsF.jpg\",\"contentUrl\":\"https:\\\/\\\/daler.ch\\\/wp-content\\\/uploads\\\/2018\\\/04\\\/CsF.jpg\",\"width\":1600,\"height\":500},{\"@type\":\"BreadcrumbList\",\"@id\":\"https:\\\/\\\/daler.ch\\\/octobre-rose-conference-publique-2\\\/#breadcrumb\",\"itemListElement\":[{\"@type\":\"ListItem\",\"position\":1,\"name\":\"Home\",\"item\":\"https:\\\/\\\/daler.ch\\\/de\\\/\"},{\"@type\":\"ListItem\",\"position\":2,\"name\":\"Rosa Oktober \u2013 Publikumsvortrag\"}]},{\"@type\":\"WebSite\",\"@id\":\"https:\\\/\\\/daler.ch\\\/#website\",\"url\":\"https:\\\/\\\/daler.ch\\\/\",\"name\":\"Daler-Spital\",\"description\":\"Hopital Daler\",\"potentialAction\":[{\"@type\":\"SearchAction\",\"target\":{\"@type\":\"EntryPoint\",\"urlTemplate\":\"https:\\\/\\\/daler.ch\\\/?s={search_term_string}\"},\"query-input\":{\"@type\":\"PropertyValueSpecification\",\"valueRequired\":true,\"valueName\":\"search_term_string\"}}],\"inLanguage\":\"de\"},{\"@type\":\"Person\",\"@id\":\"https:\\\/\\\/daler.ch\\\/#\\\/schema\\\/person\\\/3efe34bd72d30c33193e0a6142fd126e\",\"name\":\"emblematik-daller\",\"image\":{\"@type\":\"ImageObject\",\"inLanguage\":\"de\",\"@id\":\"https:\\\/\\\/secure.gravatar.com\\\/avatar\\\/a4eebccbc81c422944fd8163ba969d1383db6733d5694ac571ccaf054519f805?s=96&d=mm&r=g\",\"url\":\"https:\\\/\\\/secure.gravatar.com\\\/avatar\\\/a4eebccbc81c422944fd8163ba969d1383db6733d5694ac571ccaf054519f805?s=96&d=mm&r=g\",\"contentUrl\":\"https:\\\/\\\/secure.gravatar.com\\\/avatar\\\/a4eebccbc81c422944fd8163ba969d1383db6733d5694ac571ccaf054519f805?s=96&d=mm&r=g\",\"caption\":\"emblematik-daller\"}}]}<\/script>\n<!-- \/ Yoast SEO plugin. -->","yoast_head_json":{"title":"Rosa Oktober \u2013 Publikumsvortrag - Daler-Spital","robots":{"index":"index","follow":"follow","max-snippet":"max-snippet:-1","max-image-preview":"max-image-preview:large","max-video-preview":"max-video-preview:-1"},"canonical":"https:\/\/daler.ch\/octobre-rose-conference-publique-2\/","og_locale":"de_DE","og_type":"article","og_title":"Rosa Oktober \u2013 Publikumsvortrag - Daler-Spital","og_description":"Das Daler-Spital und das freiburger spital (HFR) freuen sich, Sie zu einem Publikumsvortrag zu folgendem Thema einzuladen: Physiotherapeutische Betreuung bei Brustkrebs Die Behandlung von Brustkrebs kann zu Nebenwirkungen f\u00fchren, welche die Mobilit\u00e4t der Betroffenen einschr\u00e4nken oder ihre Lebensqualit\u00e4t beeintr\u00e4chtigen. Narbenprobleme, [&hellip;]","og_url":"https:\/\/daler.ch\/octobre-rose-conference-publique-2\/","og_site_name":"Daler-Spital","article_published_time":"2022-09-15T15:20:06+00:00","article_modified_time":"2022-11-03T15:04:18+00:00","og_image":[{"width":1600,"height":500,"url":"https:\/\/daler.ch\/wp-content\/uploads\/2018\/04\/CsF.jpg","type":"image\/jpeg"}],"author":"emblematik-daller","twitter_card":"summary_large_image","twitter_misc":{"Verfasst von":"emblematik-daller","Gesch\u00e4tzte Lesezeit":"1\u00a0Minute"},"schema":{"@context":"https:\/\/schema.org","@graph":[{"@type":"Article","@id":"https:\/\/daler.ch\/octobre-rose-conference-publique-2\/#article","isPartOf":{"@id":"https:\/\/daler.ch\/octobre-rose-conference-publique-2\/"},"author":{"name":"emblematik-daller","@id":"https:\/\/daler.ch\/#\/schema\/person\/3efe34bd72d30c33193e0a6142fd126e"},"headline":"Rosa Oktober \u2013 Publikumsvortrag","datePublished":"2022-09-15T15:20:06+00:00","dateModified":"2022-11-03T15:04:18+00:00","mainEntityOfPage":{"@id":"https:\/\/daler.ch\/octobre-rose-conference-publique-2\/"},"wordCount":138,"image":{"@id":"https:\/\/daler.ch\/octobre-rose-conference-publique-2\/#primaryimage"},"thumbnailUrl":"https:\/\/daler.ch\/wp-content\/uploads\/2018\/04\/CsF.jpg","articleSection":["Unkategorisiert"],"inLanguage":"de"},{"@type":"WebPage","@id":"https:\/\/daler.ch\/octobre-rose-conference-publique-2\/","url":"https:\/\/daler.ch\/octobre-rose-conference-publique-2\/","name":"Rosa Oktober \u2013 Publikumsvortrag - Daler-Spital","isPartOf":{"@id":"https:\/\/daler.ch\/#website"},"primaryImageOfPage":{"@id":"https:\/\/daler.ch\/octobre-rose-conference-publique-2\/#primaryimage"},"image":{"@id":"https:\/\/daler.ch\/octobre-rose-conference-publique-2\/#primaryimage"},"thumbnailUrl":"https:\/\/daler.ch\/wp-content\/uploads\/2018\/04\/CsF.jpg","datePublished":"2022-09-15T15:20:06+00:00","dateModified":"2022-11-03T15:04:18+00:00","author":{"@id":"https:\/\/daler.ch\/#\/schema\/person\/3efe34bd72d30c33193e0a6142fd126e"},"breadcrumb":{"@id":"https:\/\/daler.ch\/octobre-rose-conference-publique-2\/#breadcrumb"},"inLanguage":"de","potentialAction":[{"@type":"ReadAction","target":["https:\/\/daler.ch\/octobre-rose-conference-publique-2\/"]}]},{"@type":"ImageObject","inLanguage":"de","@id":"https:\/\/daler.ch\/octobre-rose-conference-publique-2\/#primaryimage","url":"https:\/\/daler.ch\/wp-content\/uploads\/2018\/04\/CsF.jpg","contentUrl":"https:\/\/daler.ch\/wp-content\/uploads\/2018\/04\/CsF.jpg","width":1600,"height":500},{"@type":"BreadcrumbList","@id":"https:\/\/daler.ch\/octobre-rose-conference-publique-2\/#breadcrumb","itemListElement":[{"@type":"ListItem","position":1,"name":"Home","item":"https:\/\/daler.ch\/de\/"},{"@type":"ListItem","position":2,"name":"Rosa Oktober \u2013 Publikumsvortrag"}]},{"@type":"WebSite","@id":"https:\/\/daler.ch\/#website","url":"https:\/\/daler.ch\/","name":"Daler-Spital","description":"Hopital Daler","potentialAction":[{"@type":"SearchAction","target":{"@type":"EntryPoint","urlTemplate":"https:\/\/daler.ch\/?s={search_term_string}"},"query-input":{"@type":"PropertyValueSpecification","valueRequired":true,"valueName":"search_term_string"}}],"inLanguage":"de"},{"@type":"Person","@id":"https:\/\/daler.ch\/#\/schema\/person\/3efe34bd72d30c33193e0a6142fd126e","name":"emblematik-daller","image":{"@type":"ImageObject","inLanguage":"de","@id":"https:\/\/secure.gravatar.com\/avatar\/a4eebccbc81c422944fd8163ba969d1383db6733d5694ac571ccaf054519f805?s=96&d=mm&r=g","url":"https:\/\/secure.gravatar.com\/avatar\/a4eebccbc81c422944fd8163ba969d1383db6733d5694ac571ccaf054519f805?s=96&d=mm&r=g","contentUrl":"https:\/\/secure.gravatar.com\/avatar\/a4eebccbc81c422944fd8163ba969d1383db6733d5694ac571ccaf054519f805?s=96&d=mm&r=g","caption":"emblematik-daller"}}]}},"_links":{"self":[{"href":"https:\/\/daler.ch\/de\/wp-json\/wp\/v2\/posts\/4934","targetHints":{"allow":["GET"]}}],"collection":[{"href":"https:\/\/daler.ch\/de\/wp-json\/wp\/v2\/posts"}],"about":[{"href":"https:\/\/daler.ch\/de\/wp-json\/wp\/v2\/types\/post"}],"author":[{"embeddable":true,"href":"https:\/\/daler.ch\/de\/wp-json\/wp\/v2\/users\/13"}],"replies":[{"embeddable":true,"href":"https:\/\/daler.ch\/de\/wp-json\/wp\/v2\/comments?post=4934"}],"version-history":[{"count":11,"href":"https:\/\/daler.ch\/de\/wp-json\/wp\/v2\/posts\/4934\/revisions"}],"predecessor-version":[{"id":4959,"href":"https:\/\/daler.ch\/de\/wp-json\/wp\/v2\/posts\/4934\/revisions\/4959"}],"wp:featuredmedia":[{"embeddable":true,"href":"https:\/\/daler.ch\/de\/wp-json\/wp\/v2\/media\/2112"}],"wp:attachment":[{"href":"https:\/\/daler.ch\/de\/wp-json\/wp\/v2\/media?parent=4934"}],"wp:term":[{"taxonomy":"category","embeddable":true,"href":"https:\/\/daler.ch\/de\/wp-json\/wp\/v2\/categories?post=4934"},{"taxonomy":"post_tag","embeddable":true,"href":"https:\/\/daler.ch\/de\/wp-json\/wp\/v2\/tags?post=4934"}],"curies":[{"name":"wp","href":"https:\/\/api.w.org\/{rel}","templated":true}]}}