{"id":5101,"date":"2023-01-09T10:04:44","date_gmt":"2023-01-09T09:04:44","guid":{"rendered":"https:\/\/www.daler.ch\/?p=5101"},"modified":"2023-01-09T10:04:44","modified_gmt":"2023-01-09T09:04:44","slug":"installation-des-ersten-operationsroboters-im-daler-spital","status":"publish","type":"post","link":"https:\/\/daler.ch\/de\/installation-des-ersten-operationsroboters-im-daler-spital\/","title":{"rendered":"Installation des ersten Operationsroboters im Daler Spital"},"content":{"rendered":"<p><strong>F\u00fcr qualitativ hochstehende Pflegeleistungen im Kanton Freiburg:<\/strong><br \/>\n<strong>Installation des ersten Operationsroboters im Daler Spital<\/strong><\/p>\n<p><em>Das Daler Spital baut seine technische Infrastruktur aus und wird im M\u00e4rz 2023 einen Operationsroboter der Marke da Vinci\u00ae installieren. Damit tr\u00e4gt das Spital aktiv dazu bei, die Anforderungen der Freiburger Bev\u00f6lkerung zu erf\u00fcllen, die Attraktivit\u00e4t des Kantons zu erh\u00f6hen und damit die Zahl der ausserkantonalen Spitalaufenthalte zu reduzieren.<\/em><\/p>\n<p><em>Das Gesundheitsfachpersonal profitiert von der technischen Aufwertung und kann dadurch zus\u00e4tzliche medizinische Leistungen im Kanton anbieten. Eine m\u00f6gliche Erweiterung der derzeitigen Zusammenarbeit zwischen dem Daler Spital und dem freiburger spital (HFR) im Bereich Roboterchirurgie wird in Zukunft angesprochen.<\/em><\/p>\n<p><strong>Modernit\u00e4t und Tradition<\/strong><br \/>\nIm Sinne der Erf\u00fcllung seines \u00f6ffentlichen Auftrags hat der Stiftungsrat des Daler Spitals entschieden, einen Operationsroboter der Marke da Vinci\u00ae anzuschaffen, der im M\u00e4rz 2023 installiert wird.<\/p>\n<p>W\u00e4hrend roboterunterst\u00fctzte Operationen in mehreren anderen Kantonen bereits m\u00f6glich sind, bietet die Ankunft dieses neuen medizinischen Ger\u00e4ts die M\u00f6glichkeit, das derzeitige Angebot f\u00fcr die Freiburger Bev\u00f6lkerung zu erweitern. Der \u00abda Vinci\u00ae\u00bb-Roboter kommt insbesondere in den medizinischen Fachgebieten Urologie, Viszeral- und Adipositas-Chirurgie sowie Gyn\u00e4kologie zum Einsatz.<\/p>\n<p>Paul-Albert Nobs, Pr\u00e4sident des Stiftungsrates, \u00e4usserte sich im Rahmen der Schlussdiskussion des Stiftungsrates betreffend diese Investition wie folgt: \u00abSich stets darum zu bem\u00fchen, den Freiburgerinnen und Freiburgern die beste Versorgung in unserem Kanton zu bieten, ist Teil der DNA unserer Stiftung.\u00bb Dies entspricht auch einem der Werte des Daler Spitals: Modernit\u00e4t und Tradition.<\/p>\n<p><strong>Erh\u00f6hung der Attraktivit\u00e4t des Kantons im Bereich Urologie<\/strong><br \/>\nDie Urologie ist eines der Steckenpferde des Daler Spitals genauso wie die Allgemeine Chirurgie, die Viszeralchirurgie, die Geburtshilfe und die Gyn\u00e4kologie. Der Einsatz des \u00abda Vinci\u00bb-Roboters bei Eingriffen zur Entfernung der Prostata (Prostatektomie) ist anerkannt und etabliert. Dank der Neuanschaffung kann die Freiburger Bev\u00f6lkerung weiterhin vom Know-how erfahrener Urologinnen und Urologen profitieren, deren T\u00e4tigkeit durch die Anwendung der neuesten Technologie in ihrem Fachbereich weiter an Attraktivit\u00e4t gewinnt.<\/p>\n<p>Diese Anschaffung ist Teil der kontinuierlichen strategischen Weiterentwicklung sowie von Investitionen in die technische Infrastruktur des Spitals, zu denen auch der Erwerb des neuen extrakorporalen Lithotripters (ein Ger\u00e4t, mit dem Nierensteine von aussen, also ohne chirurgischen Eingriff, zertr\u00fcmmert werden k\u00f6nnen) im Juni 2018 und die vor Kurzem realisierte Modernisierung des kompletten Operationstrakts geh\u00f6ren.<\/p>\n<p>Davon profitiert auch das Prostatazentrum Freiburg, ein gemeinsames Projekt des Daler Spitals und des freiburger spitals (HFR). Das Zentrum, das auf die Behandlung von Patienten mit Prostatakrebs spezialisiert ist, durfte j\u00fcngst das 5-Jahr-Jubil\u00e4um seiner ersten Zertifizierung feiern. Dank des neuen Roboters kann es nun seine Angebotspalette erweitern.<\/p>\n<p><strong>Zusammenarbeit mit dem HFR beim Einsatz des Operationsroboters vorgesehen<\/strong><br \/>\nDie Installation eines solchen Operationsroboters bringt hohe finanzielle Kosten mit sich (Kauf, Unterhalt, Verbrauchsmaterial), die im derzeitigen Spitalfinanzierungssystem (SwissDRG) nicht ber\u00fccksichtigt werden.<\/p>\n<p>Im Sinne einer effizienten Nutzung der zur Verf\u00fcgung gestellten finanziellen Mittel (Steuern, Krankenkassenpr\u00e4mien) und angesichts der guten Zusammenarbeit mit dem freiburger spital (HFR) wird das Daler Spital mit dem HFR M\u00f6glichkeiten zur Mitbenutzung des Operationsroboters besprechen, sowohl f\u00fcr die Patientenbetreuung als auch f\u00fcr die Ausbildung von zuk\u00fcnftigen \u00c4rztinnen und \u00c4rzten.<\/p>\n","protected":false},"excerpt":{"rendered":"<p>F\u00fcr qualitativ hochstehende Pflegeleistungen im Kanton Freiburg: Installation des ersten Operationsroboters im Daler Spital Das Daler Spital baut seine technische Infrastruktur aus und wird im M\u00e4rz 2023 einen Operationsroboter der Marke da Vinci\u00ae installieren. Damit tr\u00e4gt das Spital aktiv dazu [&hellip;]<\/p>\n","protected":false},"author":13,"featured_media":4194,"comment_status":"closed","ping_status":"closed","sticky":false,"template":"","format":"standard","meta":{"footnotes":""},"categories":[2],"tags":[],"class_list":["post-5101","post","type-post","status-publish","format-standard","has-post-thumbnail","hentry","category-unkategorisiert"],"yoast_head":"<!-- This site is optimized with the Yoast SEO plugin v27.5 - https:\/\/yoast.com\/product\/yoast-seo-wordpress\/ -->\n<title>Installation des ersten Operationsroboters im Daler Spital - Daler-Spital<\/title>\n<meta name=\"robots\" content=\"index, follow, max-snippet:-1, max-image-preview:large, max-video-preview:-1\" \/>\n<link rel=\"canonical\" href=\"https:\/\/daler.ch\/installation-dans-lhopital-daler-du-1er-robot-chirurgical\/\" \/>\n<meta property=\"og:locale\" content=\"de_DE\" \/>\n<meta property=\"og:type\" content=\"article\" \/>\n<meta property=\"og:title\" content=\"Installation des ersten Operationsroboters im Daler Spital - Daler-Spital\" \/>\n<meta property=\"og:description\" content=\"F\u00fcr qualitativ hochstehende Pflegeleistungen im Kanton Freiburg: Installation des ersten Operationsroboters im Daler Spital Das Daler Spital baut seine technische Infrastruktur aus und wird im M\u00e4rz 2023 einen Operationsroboter der Marke da Vinci\u00ae installieren. Damit tr\u00e4gt das Spital aktiv dazu [&hellip;]\" \/>\n<meta property=\"og:url\" content=\"https:\/\/daler.ch\/installation-dans-lhopital-daler-du-1er-robot-chirurgical\/\" \/>\n<meta property=\"og:site_name\" content=\"Daler-Spital\" \/>\n<meta property=\"article:published_time\" content=\"2023-01-09T09:04:44+00:00\" \/>\n<meta property=\"og:image\" content=\"https:\/\/daler.ch\/wp-content\/uploads\/2021\/05\/Daler_lot1_072015_020-1200x375.jpg\" \/>\n\t<meta property=\"og:image:width\" content=\"1200\" \/>\n\t<meta property=\"og:image:height\" content=\"375\" \/>\n\t<meta property=\"og:image:type\" content=\"image\/jpeg\" \/>\n<meta name=\"author\" content=\"emblematik-daller\" \/>\n<meta name=\"twitter:card\" content=\"summary_large_image\" \/>\n<meta name=\"twitter:label1\" content=\"Verfasst von\" \/>\n\t<meta name=\"twitter:data1\" content=\"emblematik-daller\" \/>\n\t<meta name=\"twitter:label2\" content=\"Gesch\u00e4tzte Lesezeit\" \/>\n\t<meta name=\"twitter:data2\" content=\"3\u00a0Minuten\" \/>\n<script type=\"application\/ld+json\" class=\"yoast-schema-graph\">{\"@context\":\"https:\\\/\\\/schema.org\",\"@graph\":[{\"@type\":\"Article\",\"@id\":\"https:\\\/\\\/daler.ch\\\/installation-dans-lhopital-daler-du-1er-robot-chirurgical\\\/#article\",\"isPartOf\":{\"@id\":\"https:\\\/\\\/daler.ch\\\/installation-dans-lhopital-daler-du-1er-robot-chirurgical\\\/\"},\"author\":{\"name\":\"emblematik-daller\",\"@id\":\"https:\\\/\\\/daler.ch\\\/#\\\/schema\\\/person\\\/3efe34bd72d30c33193e0a6142fd126e\"},\"headline\":\"Installation des ersten Operationsroboters im Daler Spital\",\"datePublished\":\"2023-01-09T09:04:44+00:00\",\"mainEntityOfPage\":{\"@id\":\"https:\\\/\\\/daler.ch\\\/installation-dans-lhopital-daler-du-1er-robot-chirurgical\\\/\"},\"wordCount\":533,\"image\":{\"@id\":\"https:\\\/\\\/daler.ch\\\/installation-dans-lhopital-daler-du-1er-robot-chirurgical\\\/#primaryimage\"},\"thumbnailUrl\":\"https:\\\/\\\/daler.ch\\\/wp-content\\\/uploads\\\/2021\\\/05\\\/Daler_lot1_072015_020.jpg\",\"articleSection\":[\"Unkategorisiert\"],\"inLanguage\":\"de\"},{\"@type\":\"WebPage\",\"@id\":\"https:\\\/\\\/daler.ch\\\/installation-dans-lhopital-daler-du-1er-robot-chirurgical\\\/\",\"url\":\"https:\\\/\\\/daler.ch\\\/installation-dans-lhopital-daler-du-1er-robot-chirurgical\\\/\",\"name\":\"Installation des ersten Operationsroboters im Daler Spital - Daler-Spital\",\"isPartOf\":{\"@id\":\"https:\\\/\\\/daler.ch\\\/#website\"},\"primaryImageOfPage\":{\"@id\":\"https:\\\/\\\/daler.ch\\\/installation-dans-lhopital-daler-du-1er-robot-chirurgical\\\/#primaryimage\"},\"image\":{\"@id\":\"https:\\\/\\\/daler.ch\\\/installation-dans-lhopital-daler-du-1er-robot-chirurgical\\\/#primaryimage\"},\"thumbnailUrl\":\"https:\\\/\\\/daler.ch\\\/wp-content\\\/uploads\\\/2021\\\/05\\\/Daler_lot1_072015_020.jpg\",\"datePublished\":\"2023-01-09T09:04:44+00:00\",\"author\":{\"@id\":\"https:\\\/\\\/daler.ch\\\/#\\\/schema\\\/person\\\/3efe34bd72d30c33193e0a6142fd126e\"},\"breadcrumb\":{\"@id\":\"https:\\\/\\\/daler.ch\\\/installation-dans-lhopital-daler-du-1er-robot-chirurgical\\\/#breadcrumb\"},\"inLanguage\":\"de\",\"potentialAction\":[{\"@type\":\"ReadAction\",\"target\":[\"https:\\\/\\\/daler.ch\\\/installation-dans-lhopital-daler-du-1er-robot-chirurgical\\\/\"]}]},{\"@type\":\"ImageObject\",\"inLanguage\":\"de\",\"@id\":\"https:\\\/\\\/daler.ch\\\/installation-dans-lhopital-daler-du-1er-robot-chirurgical\\\/#primaryimage\",\"url\":\"https:\\\/\\\/daler.ch\\\/wp-content\\\/uploads\\\/2021\\\/05\\\/Daler_lot1_072015_020.jpg\",\"contentUrl\":\"https:\\\/\\\/daler.ch\\\/wp-content\\\/uploads\\\/2021\\\/05\\\/Daler_lot1_072015_020.jpg\",\"width\":5720,\"height\":1788},{\"@type\":\"BreadcrumbList\",\"@id\":\"https:\\\/\\\/daler.ch\\\/installation-dans-lhopital-daler-du-1er-robot-chirurgical\\\/#breadcrumb\",\"itemListElement\":[{\"@type\":\"ListItem\",\"position\":1,\"name\":\"Home\",\"item\":\"https:\\\/\\\/daler.ch\\\/de\\\/\"},{\"@type\":\"ListItem\",\"position\":2,\"name\":\"Installation des ersten Operationsroboters im Daler Spital\"}]},{\"@type\":\"WebSite\",\"@id\":\"https:\\\/\\\/daler.ch\\\/#website\",\"url\":\"https:\\\/\\\/daler.ch\\\/\",\"name\":\"Daler-Spital\",\"description\":\"Hopital Daler\",\"potentialAction\":[{\"@type\":\"SearchAction\",\"target\":{\"@type\":\"EntryPoint\",\"urlTemplate\":\"https:\\\/\\\/daler.ch\\\/?s={search_term_string}\"},\"query-input\":{\"@type\":\"PropertyValueSpecification\",\"valueRequired\":true,\"valueName\":\"search_term_string\"}}],\"inLanguage\":\"de\"},{\"@type\":\"Person\",\"@id\":\"https:\\\/\\\/daler.ch\\\/#\\\/schema\\\/person\\\/3efe34bd72d30c33193e0a6142fd126e\",\"name\":\"emblematik-daller\",\"image\":{\"@type\":\"ImageObject\",\"inLanguage\":\"de\",\"@id\":\"https:\\\/\\\/secure.gravatar.com\\\/avatar\\\/a4eebccbc81c422944fd8163ba969d1383db6733d5694ac571ccaf054519f805?s=96&d=mm&r=g\",\"url\":\"https:\\\/\\\/secure.gravatar.com\\\/avatar\\\/a4eebccbc81c422944fd8163ba969d1383db6733d5694ac571ccaf054519f805?s=96&d=mm&r=g\",\"contentUrl\":\"https:\\\/\\\/secure.gravatar.com\\\/avatar\\\/a4eebccbc81c422944fd8163ba969d1383db6733d5694ac571ccaf054519f805?s=96&d=mm&r=g\",\"caption\":\"emblematik-daller\"}}]}<\/script>\n<!-- \/ Yoast SEO plugin. -->","yoast_head_json":{"title":"Installation des ersten Operationsroboters im Daler Spital - Daler-Spital","robots":{"index":"index","follow":"follow","max-snippet":"max-snippet:-1","max-image-preview":"max-image-preview:large","max-video-preview":"max-video-preview:-1"},"canonical":"https:\/\/daler.ch\/installation-dans-lhopital-daler-du-1er-robot-chirurgical\/","og_locale":"de_DE","og_type":"article","og_title":"Installation des ersten Operationsroboters im Daler Spital - Daler-Spital","og_description":"F\u00fcr qualitativ hochstehende Pflegeleistungen im Kanton Freiburg: Installation des ersten Operationsroboters im Daler Spital Das Daler Spital baut seine technische Infrastruktur aus und wird im M\u00e4rz 2023 einen Operationsroboter der Marke da Vinci\u00ae installieren. Damit tr\u00e4gt das Spital aktiv dazu [&hellip;]","og_url":"https:\/\/daler.ch\/installation-dans-lhopital-daler-du-1er-robot-chirurgical\/","og_site_name":"Daler-Spital","article_published_time":"2023-01-09T09:04:44+00:00","og_image":[{"width":1200,"height":375,"url":"https:\/\/daler.ch\/wp-content\/uploads\/2021\/05\/Daler_lot1_072015_020-1200x375.jpg","type":"image\/jpeg"}],"author":"emblematik-daller","twitter_card":"summary_large_image","twitter_misc":{"Verfasst von":"emblematik-daller","Gesch\u00e4tzte Lesezeit":"3\u00a0Minuten"},"schema":{"@context":"https:\/\/schema.org","@graph":[{"@type":"Article","@id":"https:\/\/daler.ch\/installation-dans-lhopital-daler-du-1er-robot-chirurgical\/#article","isPartOf":{"@id":"https:\/\/daler.ch\/installation-dans-lhopital-daler-du-1er-robot-chirurgical\/"},"author":{"name":"emblematik-daller","@id":"https:\/\/daler.ch\/#\/schema\/person\/3efe34bd72d30c33193e0a6142fd126e"},"headline":"Installation des ersten Operationsroboters im Daler Spital","datePublished":"2023-01-09T09:04:44+00:00","mainEntityOfPage":{"@id":"https:\/\/daler.ch\/installation-dans-lhopital-daler-du-1er-robot-chirurgical\/"},"wordCount":533,"image":{"@id":"https:\/\/daler.ch\/installation-dans-lhopital-daler-du-1er-robot-chirurgical\/#primaryimage"},"thumbnailUrl":"https:\/\/daler.ch\/wp-content\/uploads\/2021\/05\/Daler_lot1_072015_020.jpg","articleSection":["Unkategorisiert"],"inLanguage":"de"},{"@type":"WebPage","@id":"https:\/\/daler.ch\/installation-dans-lhopital-daler-du-1er-robot-chirurgical\/","url":"https:\/\/daler.ch\/installation-dans-lhopital-daler-du-1er-robot-chirurgical\/","name":"Installation des ersten Operationsroboters im Daler Spital - Daler-Spital","isPartOf":{"@id":"https:\/\/daler.ch\/#website"},"primaryImageOfPage":{"@id":"https:\/\/daler.ch\/installation-dans-lhopital-daler-du-1er-robot-chirurgical\/#primaryimage"},"image":{"@id":"https:\/\/daler.ch\/installation-dans-lhopital-daler-du-1er-robot-chirurgical\/#primaryimage"},"thumbnailUrl":"https:\/\/daler.ch\/wp-content\/uploads\/2021\/05\/Daler_lot1_072015_020.jpg","datePublished":"2023-01-09T09:04:44+00:00","author":{"@id":"https:\/\/daler.ch\/#\/schema\/person\/3efe34bd72d30c33193e0a6142fd126e"},"breadcrumb":{"@id":"https:\/\/daler.ch\/installation-dans-lhopital-daler-du-1er-robot-chirurgical\/#breadcrumb"},"inLanguage":"de","potentialAction":[{"@type":"ReadAction","target":["https:\/\/daler.ch\/installation-dans-lhopital-daler-du-1er-robot-chirurgical\/"]}]},{"@type":"ImageObject","inLanguage":"de","@id":"https:\/\/daler.ch\/installation-dans-lhopital-daler-du-1er-robot-chirurgical\/#primaryimage","url":"https:\/\/daler.ch\/wp-content\/uploads\/2021\/05\/Daler_lot1_072015_020.jpg","contentUrl":"https:\/\/daler.ch\/wp-content\/uploads\/2021\/05\/Daler_lot1_072015_020.jpg","width":5720,"height":1788},{"@type":"BreadcrumbList","@id":"https:\/\/daler.ch\/installation-dans-lhopital-daler-du-1er-robot-chirurgical\/#breadcrumb","itemListElement":[{"@type":"ListItem","position":1,"name":"Home","item":"https:\/\/daler.ch\/de\/"},{"@type":"ListItem","position":2,"name":"Installation des ersten Operationsroboters im Daler Spital"}]},{"@type":"WebSite","@id":"https:\/\/daler.ch\/#website","url":"https:\/\/daler.ch\/","name":"Daler-Spital","description":"Hopital Daler","potentialAction":[{"@type":"SearchAction","target":{"@type":"EntryPoint","urlTemplate":"https:\/\/daler.ch\/?s={search_term_string}"},"query-input":{"@type":"PropertyValueSpecification","valueRequired":true,"valueName":"search_term_string"}}],"inLanguage":"de"},{"@type":"Person","@id":"https:\/\/daler.ch\/#\/schema\/person\/3efe34bd72d30c33193e0a6142fd126e","name":"emblematik-daller","image":{"@type":"ImageObject","inLanguage":"de","@id":"https:\/\/secure.gravatar.com\/avatar\/a4eebccbc81c422944fd8163ba969d1383db6733d5694ac571ccaf054519f805?s=96&d=mm&r=g","url":"https:\/\/secure.gravatar.com\/avatar\/a4eebccbc81c422944fd8163ba969d1383db6733d5694ac571ccaf054519f805?s=96&d=mm&r=g","contentUrl":"https:\/\/secure.gravatar.com\/avatar\/a4eebccbc81c422944fd8163ba969d1383db6733d5694ac571ccaf054519f805?s=96&d=mm&r=g","caption":"emblematik-daller"}}]}},"_links":{"self":[{"href":"https:\/\/daler.ch\/de\/wp-json\/wp\/v2\/posts\/5101","targetHints":{"allow":["GET"]}}],"collection":[{"href":"https:\/\/daler.ch\/de\/wp-json\/wp\/v2\/posts"}],"about":[{"href":"https:\/\/daler.ch\/de\/wp-json\/wp\/v2\/types\/post"}],"author":[{"embeddable":true,"href":"https:\/\/daler.ch\/de\/wp-json\/wp\/v2\/users\/13"}],"replies":[{"embeddable":true,"href":"https:\/\/daler.ch\/de\/wp-json\/wp\/v2\/comments?post=5101"}],"version-history":[{"count":1,"href":"https:\/\/daler.ch\/de\/wp-json\/wp\/v2\/posts\/5101\/revisions"}],"predecessor-version":[{"id":5102,"href":"https:\/\/daler.ch\/de\/wp-json\/wp\/v2\/posts\/5101\/revisions\/5102"}],"wp:featuredmedia":[{"embeddable":true,"href":"https:\/\/daler.ch\/de\/wp-json\/wp\/v2\/media\/4194"}],"wp:attachment":[{"href":"https:\/\/daler.ch\/de\/wp-json\/wp\/v2\/media?parent=5101"}],"wp:term":[{"taxonomy":"category","embeddable":true,"href":"https:\/\/daler.ch\/de\/wp-json\/wp\/v2\/categories?post=5101"},{"taxonomy":"post_tag","embeddable":true,"href":"https:\/\/daler.ch\/de\/wp-json\/wp\/v2\/tags?post=5101"}],"curies":[{"name":"wp","href":"https:\/\/api.w.org\/{rel}","templated":true}]}}