{"id":5696,"date":"2023-07-18T10:30:25","date_gmt":"2023-07-18T08:30:25","guid":{"rendered":"https:\/\/www.daler.ch\/?p=5696"},"modified":"2023-07-18T10:59:29","modified_gmt":"2023-07-18T08:59:29","slug":"charta-regional-kochen","status":"publish","type":"post","link":"https:\/\/daler.ch\/de\/charta-regional-kochen\/","title":{"rendered":"Charta &#8222;Regional Kochen&#8220;"},"content":{"rendered":"<p>Wir freuen uns, Ihnen mitzuteilen, dass das Daler Spital der Charta &#8222;Regional koche&#8220; beigetreten ist.<\/p>\n<p>Bei dieser Initiative stehen nebst der Herkunft der regionalen Produkte auch die Aspekte der ausgewogenen Ern\u00e4hrung und der gesunden Umwelt im Fokus. Sie steht voll und ganz im Einklang mit unseren Werten, einschliesslich der nachhaltigen Entwicklung, und unseren Unternehmenszielen f\u00fcr das Jahr 2023.<\/p>\n<p>Das Daler Spital ist das erste Spital im Kanton, das sich der Charta angeschlossen hat. Sie wird sowohl den Patientinnen und Patienten, den Besucherinnen und und Besuchern, dem Personal und den akkreditierten \u00c4rzten als auch den Kindern in den Kitas und Tagesschulen zugutekommen, f\u00fcr die wir t\u00e4glich Mahlzeiten zubereiten.<\/p>\n<p>Durch diese Charta und die damit verbundenen Aktionen m\u00f6chten wir diese Dimension immer mehr in unsere t\u00e4gliche Vision integrieren.<\/p>\n<p>Wir gratulieren unserem Chefkoch Herrn Ga\u00e9tan Corpataux, der gemeinsam mit seinem K\u00fcchenteam diese sch\u00f6ne Initiative ins Leben gerufen hat!<\/p>\n<p><a href=\"https:\/\/daler.ch\/wp-content\/uploads\/2023\/07\/230717_label-terroir-CP-version-_DE-V2.pdf\" target=\"_blank\" rel=\"noopener\">Medienmitteilung von Terroir Fribourg ansehen<\/a><\/p>\n","protected":false},"excerpt":{"rendered":"<p>Wir freuen uns, Ihnen mitzuteilen, dass das Daler Spital der Charta &#8222;Regional koche&#8220; beigetreten ist. Bei dieser Initiative stehen nebst der Herkunft der regionalen Produkte auch die Aspekte der ausgewogenen Ern\u00e4hrung und der gesunden Umwelt im Fokus. Sie steht voll [&hellip;]<\/p>\n","protected":false},"author":13,"featured_media":5695,"comment_status":"closed","ping_status":"closed","sticky":false,"template":"","format":"standard","meta":{"footnotes":""},"categories":[2],"tags":[],"class_list":["post-5696","post","type-post","status-publish","format-standard","has-post-thumbnail","hentry","category-unkategorisiert"],"yoast_head":"<!-- This site is optimized with the Yoast SEO plugin v27.5 - https:\/\/yoast.com\/product\/yoast-seo-wordpress\/ -->\n<title>Charta &quot;Regional Kochen&quot; - Daler-Spital<\/title>\n<meta name=\"robots\" content=\"index, follow, max-snippet:-1, max-image-preview:large, max-video-preview:-1\" \/>\n<link rel=\"canonical\" href=\"https:\/\/daler.ch\/adhesion-a-la-charte-cuisinons-notre-region\/\" \/>\n<meta property=\"og:locale\" content=\"de_DE\" \/>\n<meta property=\"og:type\" content=\"article\" \/>\n<meta property=\"og:title\" content=\"Charta &quot;Regional Kochen&quot; - Daler-Spital\" \/>\n<meta property=\"og:description\" content=\"Wir freuen uns, Ihnen mitzuteilen, dass das Daler Spital der Charta &#8222;Regional koche&#8220; beigetreten ist. Bei dieser Initiative stehen nebst der Herkunft der regionalen Produkte auch die Aspekte der ausgewogenen Ern\u00e4hrung und der gesunden Umwelt im Fokus. Sie steht voll [&hellip;]\" \/>\n<meta property=\"og:url\" content=\"https:\/\/daler.ch\/adhesion-a-la-charte-cuisinons-notre-region\/\" \/>\n<meta property=\"og:site_name\" content=\"Daler-Spital\" \/>\n<meta property=\"article:published_time\" content=\"2023-07-18T08:30:25+00:00\" \/>\n<meta property=\"article:modified_time\" content=\"2023-07-18T08:59:29+00:00\" \/>\n<meta property=\"og:image\" content=\"https:\/\/daler.ch\/wp-content\/uploads\/2023\/05\/Photo-site-internet-2.jpg\" \/>\n\t<meta property=\"og:image:width\" content=\"2560\" \/>\n\t<meta property=\"og:image:height\" content=\"800\" \/>\n\t<meta property=\"og:image:type\" content=\"image\/jpeg\" \/>\n<meta name=\"author\" content=\"emblematik-daller\" \/>\n<meta name=\"twitter:card\" content=\"summary_large_image\" \/>\n<meta name=\"twitter:label1\" content=\"Verfasst von\" \/>\n\t<meta name=\"twitter:data1\" content=\"emblematik-daller\" \/>\n\t<meta name=\"twitter:label2\" content=\"Gesch\u00e4tzte Lesezeit\" \/>\n\t<meta name=\"twitter:data2\" content=\"1\u00a0Minute\" \/>\n<script type=\"application\/ld+json\" class=\"yoast-schema-graph\">{\"@context\":\"https:\\\/\\\/schema.org\",\"@graph\":[{\"@type\":\"Article\",\"@id\":\"https:\\\/\\\/daler.ch\\\/adhesion-a-la-charte-cuisinons-notre-region\\\/#article\",\"isPartOf\":{\"@id\":\"https:\\\/\\\/daler.ch\\\/adhesion-a-la-charte-cuisinons-notre-region\\\/\"},\"author\":{\"name\":\"emblematik-daller\",\"@id\":\"https:\\\/\\\/daler.ch\\\/#\\\/schema\\\/person\\\/3efe34bd72d30c33193e0a6142fd126e\"},\"headline\":\"Charta &#8222;Regional Kochen&#8220;\",\"datePublished\":\"2023-07-18T08:30:25+00:00\",\"dateModified\":\"2023-07-18T08:59:29+00:00\",\"mainEntityOfPage\":{\"@id\":\"https:\\\/\\\/daler.ch\\\/adhesion-a-la-charte-cuisinons-notre-region\\\/\"},\"wordCount\":161,\"image\":{\"@id\":\"https:\\\/\\\/daler.ch\\\/adhesion-a-la-charte-cuisinons-notre-region\\\/#primaryimage\"},\"thumbnailUrl\":\"https:\\\/\\\/daler.ch\\\/wp-content\\\/uploads\\\/2023\\\/05\\\/Photo-site-internet-2.jpg\",\"articleSection\":[\"Unkategorisiert\"],\"inLanguage\":\"de\"},{\"@type\":\"WebPage\",\"@id\":\"https:\\\/\\\/daler.ch\\\/adhesion-a-la-charte-cuisinons-notre-region\\\/\",\"url\":\"https:\\\/\\\/daler.ch\\\/adhesion-a-la-charte-cuisinons-notre-region\\\/\",\"name\":\"Charta \\\"Regional Kochen\\\" - Daler-Spital\",\"isPartOf\":{\"@id\":\"https:\\\/\\\/daler.ch\\\/#website\"},\"primaryImageOfPage\":{\"@id\":\"https:\\\/\\\/daler.ch\\\/adhesion-a-la-charte-cuisinons-notre-region\\\/#primaryimage\"},\"image\":{\"@id\":\"https:\\\/\\\/daler.ch\\\/adhesion-a-la-charte-cuisinons-notre-region\\\/#primaryimage\"},\"thumbnailUrl\":\"https:\\\/\\\/daler.ch\\\/wp-content\\\/uploads\\\/2023\\\/05\\\/Photo-site-internet-2.jpg\",\"datePublished\":\"2023-07-18T08:30:25+00:00\",\"dateModified\":\"2023-07-18T08:59:29+00:00\",\"author\":{\"@id\":\"https:\\\/\\\/daler.ch\\\/#\\\/schema\\\/person\\\/3efe34bd72d30c33193e0a6142fd126e\"},\"breadcrumb\":{\"@id\":\"https:\\\/\\\/daler.ch\\\/adhesion-a-la-charte-cuisinons-notre-region\\\/#breadcrumb\"},\"inLanguage\":\"de\",\"potentialAction\":[{\"@type\":\"ReadAction\",\"target\":[\"https:\\\/\\\/daler.ch\\\/adhesion-a-la-charte-cuisinons-notre-region\\\/\"]}]},{\"@type\":\"ImageObject\",\"inLanguage\":\"de\",\"@id\":\"https:\\\/\\\/daler.ch\\\/adhesion-a-la-charte-cuisinons-notre-region\\\/#primaryimage\",\"url\":\"https:\\\/\\\/daler.ch\\\/wp-content\\\/uploads\\\/2023\\\/05\\\/Photo-site-internet-2.jpg\",\"contentUrl\":\"https:\\\/\\\/daler.ch\\\/wp-content\\\/uploads\\\/2023\\\/05\\\/Photo-site-internet-2.jpg\",\"width\":2560,\"height\":800},{\"@type\":\"BreadcrumbList\",\"@id\":\"https:\\\/\\\/daler.ch\\\/adhesion-a-la-charte-cuisinons-notre-region\\\/#breadcrumb\",\"itemListElement\":[{\"@type\":\"ListItem\",\"position\":1,\"name\":\"Home\",\"item\":\"https:\\\/\\\/daler.ch\\\/de\\\/\"},{\"@type\":\"ListItem\",\"position\":2,\"name\":\"Charta \u00ab\u00a0Regional Kochen\u00a0\u00bb\"}]},{\"@type\":\"WebSite\",\"@id\":\"https:\\\/\\\/daler.ch\\\/#website\",\"url\":\"https:\\\/\\\/daler.ch\\\/\",\"name\":\"Daler-Spital\",\"description\":\"Hopital Daler\",\"potentialAction\":[{\"@type\":\"SearchAction\",\"target\":{\"@type\":\"EntryPoint\",\"urlTemplate\":\"https:\\\/\\\/daler.ch\\\/?s={search_term_string}\"},\"query-input\":{\"@type\":\"PropertyValueSpecification\",\"valueRequired\":true,\"valueName\":\"search_term_string\"}}],\"inLanguage\":\"de\"},{\"@type\":\"Person\",\"@id\":\"https:\\\/\\\/daler.ch\\\/#\\\/schema\\\/person\\\/3efe34bd72d30c33193e0a6142fd126e\",\"name\":\"emblematik-daller\",\"image\":{\"@type\":\"ImageObject\",\"inLanguage\":\"de\",\"@id\":\"https:\\\/\\\/secure.gravatar.com\\\/avatar\\\/a4eebccbc81c422944fd8163ba969d1383db6733d5694ac571ccaf054519f805?s=96&d=mm&r=g\",\"url\":\"https:\\\/\\\/secure.gravatar.com\\\/avatar\\\/a4eebccbc81c422944fd8163ba969d1383db6733d5694ac571ccaf054519f805?s=96&d=mm&r=g\",\"contentUrl\":\"https:\\\/\\\/secure.gravatar.com\\\/avatar\\\/a4eebccbc81c422944fd8163ba969d1383db6733d5694ac571ccaf054519f805?s=96&d=mm&r=g\",\"caption\":\"emblematik-daller\"}}]}<\/script>\n<!-- \/ Yoast SEO plugin. -->","yoast_head_json":{"title":"Charta \"Regional Kochen\" - Daler-Spital","robots":{"index":"index","follow":"follow","max-snippet":"max-snippet:-1","max-image-preview":"max-image-preview:large","max-video-preview":"max-video-preview:-1"},"canonical":"https:\/\/daler.ch\/adhesion-a-la-charte-cuisinons-notre-region\/","og_locale":"de_DE","og_type":"article","og_title":"Charta \"Regional Kochen\" - Daler-Spital","og_description":"Wir freuen uns, Ihnen mitzuteilen, dass das Daler Spital der Charta &#8222;Regional koche&#8220; beigetreten ist. Bei dieser Initiative stehen nebst der Herkunft der regionalen Produkte auch die Aspekte der ausgewogenen Ern\u00e4hrung und der gesunden Umwelt im Fokus. Sie steht voll [&hellip;]","og_url":"https:\/\/daler.ch\/adhesion-a-la-charte-cuisinons-notre-region\/","og_site_name":"Daler-Spital","article_published_time":"2023-07-18T08:30:25+00:00","article_modified_time":"2023-07-18T08:59:29+00:00","og_image":[{"width":2560,"height":800,"url":"https:\/\/daler.ch\/wp-content\/uploads\/2023\/05\/Photo-site-internet-2.jpg","type":"image\/jpeg"}],"author":"emblematik-daller","twitter_card":"summary_large_image","twitter_misc":{"Verfasst von":"emblematik-daller","Gesch\u00e4tzte Lesezeit":"1\u00a0Minute"},"schema":{"@context":"https:\/\/schema.org","@graph":[{"@type":"Article","@id":"https:\/\/daler.ch\/adhesion-a-la-charte-cuisinons-notre-region\/#article","isPartOf":{"@id":"https:\/\/daler.ch\/adhesion-a-la-charte-cuisinons-notre-region\/"},"author":{"name":"emblematik-daller","@id":"https:\/\/daler.ch\/#\/schema\/person\/3efe34bd72d30c33193e0a6142fd126e"},"headline":"Charta &#8222;Regional Kochen&#8220;","datePublished":"2023-07-18T08:30:25+00:00","dateModified":"2023-07-18T08:59:29+00:00","mainEntityOfPage":{"@id":"https:\/\/daler.ch\/adhesion-a-la-charte-cuisinons-notre-region\/"},"wordCount":161,"image":{"@id":"https:\/\/daler.ch\/adhesion-a-la-charte-cuisinons-notre-region\/#primaryimage"},"thumbnailUrl":"https:\/\/daler.ch\/wp-content\/uploads\/2023\/05\/Photo-site-internet-2.jpg","articleSection":["Unkategorisiert"],"inLanguage":"de"},{"@type":"WebPage","@id":"https:\/\/daler.ch\/adhesion-a-la-charte-cuisinons-notre-region\/","url":"https:\/\/daler.ch\/adhesion-a-la-charte-cuisinons-notre-region\/","name":"Charta \"Regional Kochen\" - Daler-Spital","isPartOf":{"@id":"https:\/\/daler.ch\/#website"},"primaryImageOfPage":{"@id":"https:\/\/daler.ch\/adhesion-a-la-charte-cuisinons-notre-region\/#primaryimage"},"image":{"@id":"https:\/\/daler.ch\/adhesion-a-la-charte-cuisinons-notre-region\/#primaryimage"},"thumbnailUrl":"https:\/\/daler.ch\/wp-content\/uploads\/2023\/05\/Photo-site-internet-2.jpg","datePublished":"2023-07-18T08:30:25+00:00","dateModified":"2023-07-18T08:59:29+00:00","author":{"@id":"https:\/\/daler.ch\/#\/schema\/person\/3efe34bd72d30c33193e0a6142fd126e"},"breadcrumb":{"@id":"https:\/\/daler.ch\/adhesion-a-la-charte-cuisinons-notre-region\/#breadcrumb"},"inLanguage":"de","potentialAction":[{"@type":"ReadAction","target":["https:\/\/daler.ch\/adhesion-a-la-charte-cuisinons-notre-region\/"]}]},{"@type":"ImageObject","inLanguage":"de","@id":"https:\/\/daler.ch\/adhesion-a-la-charte-cuisinons-notre-region\/#primaryimage","url":"https:\/\/daler.ch\/wp-content\/uploads\/2023\/05\/Photo-site-internet-2.jpg","contentUrl":"https:\/\/daler.ch\/wp-content\/uploads\/2023\/05\/Photo-site-internet-2.jpg","width":2560,"height":800},{"@type":"BreadcrumbList","@id":"https:\/\/daler.ch\/adhesion-a-la-charte-cuisinons-notre-region\/#breadcrumb","itemListElement":[{"@type":"ListItem","position":1,"name":"Home","item":"https:\/\/daler.ch\/de\/"},{"@type":"ListItem","position":2,"name":"Charta \u00ab\u00a0Regional Kochen\u00a0\u00bb"}]},{"@type":"WebSite","@id":"https:\/\/daler.ch\/#website","url":"https:\/\/daler.ch\/","name":"Daler-Spital","description":"Hopital Daler","potentialAction":[{"@type":"SearchAction","target":{"@type":"EntryPoint","urlTemplate":"https:\/\/daler.ch\/?s={search_term_string}"},"query-input":{"@type":"PropertyValueSpecification","valueRequired":true,"valueName":"search_term_string"}}],"inLanguage":"de"},{"@type":"Person","@id":"https:\/\/daler.ch\/#\/schema\/person\/3efe34bd72d30c33193e0a6142fd126e","name":"emblematik-daller","image":{"@type":"ImageObject","inLanguage":"de","@id":"https:\/\/secure.gravatar.com\/avatar\/a4eebccbc81c422944fd8163ba969d1383db6733d5694ac571ccaf054519f805?s=96&d=mm&r=g","url":"https:\/\/secure.gravatar.com\/avatar\/a4eebccbc81c422944fd8163ba969d1383db6733d5694ac571ccaf054519f805?s=96&d=mm&r=g","contentUrl":"https:\/\/secure.gravatar.com\/avatar\/a4eebccbc81c422944fd8163ba969d1383db6733d5694ac571ccaf054519f805?s=96&d=mm&r=g","caption":"emblematik-daller"}}]}},"_links":{"self":[{"href":"https:\/\/daler.ch\/de\/wp-json\/wp\/v2\/posts\/5696","targetHints":{"allow":["GET"]}}],"collection":[{"href":"https:\/\/daler.ch\/de\/wp-json\/wp\/v2\/posts"}],"about":[{"href":"https:\/\/daler.ch\/de\/wp-json\/wp\/v2\/types\/post"}],"author":[{"embeddable":true,"href":"https:\/\/daler.ch\/de\/wp-json\/wp\/v2\/users\/13"}],"replies":[{"embeddable":true,"href":"https:\/\/daler.ch\/de\/wp-json\/wp\/v2\/comments?post=5696"}],"version-history":[{"count":4,"href":"https:\/\/daler.ch\/de\/wp-json\/wp\/v2\/posts\/5696\/revisions"}],"predecessor-version":[{"id":5700,"href":"https:\/\/daler.ch\/de\/wp-json\/wp\/v2\/posts\/5696\/revisions\/5700"}],"wp:featuredmedia":[{"embeddable":true,"href":"https:\/\/daler.ch\/de\/wp-json\/wp\/v2\/media\/5695"}],"wp:attachment":[{"href":"https:\/\/daler.ch\/de\/wp-json\/wp\/v2\/media?parent=5696"}],"wp:term":[{"taxonomy":"category","embeddable":true,"href":"https:\/\/daler.ch\/de\/wp-json\/wp\/v2\/categories?post=5696"},{"taxonomy":"post_tag","embeddable":true,"href":"https:\/\/daler.ch\/de\/wp-json\/wp\/v2\/tags?post=5696"}],"curies":[{"name":"wp","href":"https:\/\/api.w.org\/{rel}","templated":true}]}}