{"id":6228,"date":"2024-01-30T10:43:26","date_gmt":"2024-01-30T09:43:26","guid":{"rendered":"https:\/\/daler.ch\/installation-des-operationsroboters-2023-bilanz-und-perspektiven\/"},"modified":"2024-01-30T11:10:25","modified_gmt":"2024-01-30T10:10:25","slug":"installation-des-operationsroboters-2023-bilanz-und-perspektiven","status":"publish","type":"post","link":"https:\/\/daler.ch\/de\/installation-des-operationsroboters-2023-bilanz-und-perspektiven\/","title":{"rendered":"Installation des Operationsroboters 2023 &#8211; Bilanz und Perspektiven"},"content":{"rendered":"<p><strong>Installation des Operationsroboters 2023 &#8211; Bilanz und Perspektiven:<\/strong><br \/>\n<strong>Erfolgreiche Einf\u00fchrung und neue medizinische Entwicklungen<\/strong><\/p>\n<p><em>Ende April 2023 verst\u00e4rkte das Daler Spital seine technische Infrastruktur mit einem Operationsroboter der Marke da Vinci\u00ae. Vor dessen Installation fanden verschiedene Vorbereitungsarbeiten statt, darunter die Schulung des OP-Personals sowie der operierenden \u00c4rztinnen und \u00c4rzte. Die Einf\u00fchrung des Operationsroboters verlief erfolgreich und bis Ende 2023 fanden rund 90 roboter-assistierte Operationen statt, wobei der Fokus auf den Fachbereichen Urologie und Viszeralchirurgie lag. Ab 2024 werden auch gyn\u00e4kologische Eingriffe mit dem Operationsroboter durchgef\u00fchrt.<\/em><\/p>\n<p><em>Wie beim Erwerb des Roboters kommuniziert wurde, m\u00f6chte das Daler Spital mit dieser Neuanschaffung die Erwartungen der Freiburger Bev\u00f6lkerung erf\u00fcllen und zur Attraktivit\u00e4t des Versorgungsangebots im Kanton beitragen, um so die Zahl der ausserkantonalen Spitalaufenthalte zu reduzieren. In diesem Zusammenhang scheint sich eine positive Tendenz abzuzeichnen, denn die Zahl der im Kanton Freiburg durchgef\u00fchrten Prostatektomien (operative Entfernung der Prostata) steigt an. Dies best\u00e4tigt, dass der Stiftungsrat die richtige Entscheidung getroffen hat.<\/em><\/p>\n<p><strong>Umfangreiche Vorbereitung und Schulung der \u00c4rzteschaft<\/strong><br \/>\nIm Rahmen der Installation des ersten Operationsroboters im Kanton Freiburg Ende April 2023 standen f\u00fcr die medizinisch-pflegerischen Teams verschiedene Vorbereitungen an. So haben beispielsweise mehrere Pflegefachpersonen Operationsbereich sowie Fachpersonen Operationstechnik (insgesamt 17 Personen) eine spezielle Schulung zur korrekten Benutzung des Roboters absolviert. Auch das Personal der Sterilisation wurde darin geschult, wie die Instrumente des Roboters aufbereitet werden m\u00fcssen.<\/p>\n<p>Was die \u00c4rzteschaft betrifft, so absolvierten 2023 vier \u00c4rzte ihre Ausbildung zur Anwendung des da Vinci-Roboters am Daler Spital und eigneten sich so die n\u00f6tigen Fertigkeiten an, um roboter-assistierte Eingriffe unter optimalen Bedingungen durchzuf\u00fchren. Die Ausbildung der Mitarbeitenden \u2013 \u00c4rzte, Pflegepersonal oder andere Funktionen, die zum reibungslosen Spitalbetrieb beitragen \u2013 geh\u00f6rt zu den Werten und Priorit\u00e4ten der Stiftung.<\/p>\n<p><strong>Eingriffe im Jahr 2023<\/strong><br \/>\nIm Zeitraum von der Installation bis Ende Dezember 2023 wurden ganze 85 Operationen mit dem neuen Roboter durchgef\u00fchrt. In der Urologie (54 F\u00e4lle) handelte es sich bisher haupts\u00e4chlich um Prostatektomien, w\u00e4hrend in der Viszeralchirurgie (31 F\u00e4lle) in erster Linie Eingriffe im Zusammenhang mit \u00dcbergewicht und im Bereich des Darms durchgef\u00fchrt wurden.<\/p>\n<p>Das \u00e4usserst positive Feedback der Patientinnen und Patienten zeugt von der hohen Qualit\u00e4t der Versorgung sowie der Pertinenz des Einsatzes des Roboters f\u00fcr diese Art von Eingriffen. Ausserdem profitieren die Patientinnen und Patienten unabh\u00e4ngig von ihrer Versicherungsdeckung (allgemein, halbprivat, privat) von dieser neuen Technologie, was ganz den Werten der Stiftung entspricht.<\/p>\n<p><strong>Medizinische Entwicklung in der Gyn\u00e4kologie<\/strong><br \/>\nGem\u00e4ss dem seit der Installation festgelegten Einsatzplan wird der Roboter nunmehr auch in der Gyn\u00e4kologie eingesetzt. Zwei Fach\u00e4rzte dieses Bereichs haben bereits mit der Ausbildung begonnen, um komplexe gyn\u00e4kologische Operationen mit Hilfe des Roboters durchf\u00fchren zu k\u00f6nnen (z. B. bei Endometriose oder Uterus myomatosus). Auch im Bereich der Urogyn\u00e4kologie sind Eingriffe m\u00f6glich, zum Beispiel zur Behebung von Genitalprolaps (Senkung der Beckenorgane \u2013 Blase, Geb\u00e4rmutter, Rektum \u2013 in die Scheide) durch die sogenannte Promontofixierung.<\/p>\n<p><strong>Effiziente Verwaltung des Roboters<\/strong><br \/>\nBei der Verk\u00fcndung des Erwerbs des Roboters wurden die positiven Auswirkungen f\u00fcr die Patientinnen und Patienten beim Einsatz im Rahmen von spezifischen Eingriffen betont. Ausserdem wurde auf die hohen Kosten f\u00fcr die Anschaffung, die Instandhaltung und auch die Benutzung (Kosten f\u00fcr die Verbrauchsg\u00fcter) der Maschine hingewiesen.<\/p>\n<p>Das Daler Spital legt Wert auf eine effiziente Verwendung der zur Verf\u00fcgung gestellten finanziellen Ressourcen (Steuern, Krankenkassenpr\u00e4mien) und hat deshalb eine Roboter-Kommission eingerichtet, die aus \u00c4rztinnen und \u00c4rzten verschiedener Fachrichtungen besteht. Zu den Aufgaben dieser Kommission geh\u00f6rt das Festlegen der Rahmenbedingungen f\u00fcr die Verwendung des Roboters. Das heisst, sie bestimmt die Operationen, deren Kosten-Nutzen-Verh\u00e4ltnis den Einsatz des Roboters rechtfertigt, definiert eine Einsatzstrategie f\u00fcr jeden medizinischen Fachbereich und legt die Bedingungen fest, welche die \u00c4rztinnen und \u00c4rzte erf\u00fcllen m\u00fcssen, um den da Vinci-Roboter verwenden zu k\u00f6nnen (z. B. bestimmte Anzahl F\u00e4lle pro Jahr).<\/p>\n","protected":false},"excerpt":{"rendered":"<p>Installation des Operationsroboters 2023 &#8211; Bilanz und Perspektiven: Erfolgreiche Einf\u00fchrung und neue medizinische Entwicklungen Ende April 2023 verst\u00e4rkte das Daler Spital seine technische Infrastruktur mit einem Operationsroboter der Marke da Vinci\u00ae. Vor dessen Installation fanden verschiedene Vorbereitungsarbeiten statt, darunter die [&hellip;]<\/p>\n","protected":false},"author":13,"featured_media":4194,"comment_status":"closed","ping_status":"closed","sticky":false,"template":"","format":"standard","meta":{"footnotes":""},"categories":[2],"tags":[],"class_list":["post-6228","post","type-post","status-publish","format-standard","has-post-thumbnail","hentry","category-unkategorisiert"],"yoast_head":"<!-- This site is optimized with the Yoast SEO plugin v27.5 - https:\/\/yoast.com\/product\/yoast-seo-wordpress\/ -->\n<title>Installation des Operationsroboters 2023 - Bilanz und Perspektiven - Daler-Spital<\/title>\n<meta name=\"robots\" content=\"index, follow, max-snippet:-1, max-image-preview:large, max-video-preview:-1\" \/>\n<link rel=\"canonical\" href=\"https:\/\/daler.ch\/de\/installation-des-operationsroboters-2023-bilanz-und-perspektiven\/\" \/>\n<meta property=\"og:locale\" content=\"de_DE\" \/>\n<meta property=\"og:type\" content=\"article\" \/>\n<meta property=\"og:title\" content=\"Installation des Operationsroboters 2023 - Bilanz und Perspektiven - Daler-Spital\" \/>\n<meta property=\"og:description\" content=\"Installation des Operationsroboters 2023 &#8211; Bilanz und Perspektiven: Erfolgreiche Einf\u00fchrung und neue medizinische Entwicklungen Ende April 2023 verst\u00e4rkte das Daler Spital seine technische Infrastruktur mit einem Operationsroboter der Marke da Vinci\u00ae. Vor dessen Installation fanden verschiedene Vorbereitungsarbeiten statt, darunter die [&hellip;]\" \/>\n<meta property=\"og:url\" content=\"https:\/\/daler.ch\/de\/installation-des-operationsroboters-2023-bilanz-und-perspektiven\/\" \/>\n<meta property=\"og:site_name\" content=\"Daler-Spital\" \/>\n<meta property=\"article:published_time\" content=\"2024-01-30T09:43:26+00:00\" \/>\n<meta property=\"article:modified_time\" content=\"2024-01-30T10:10:25+00:00\" \/>\n<meta property=\"og:image\" content=\"https:\/\/daler.ch\/wp-content\/uploads\/2021\/05\/Daler_lot1_072015_020-1200x375.jpg\" \/>\n\t<meta property=\"og:image:width\" content=\"1200\" \/>\n\t<meta property=\"og:image:height\" content=\"375\" \/>\n\t<meta property=\"og:image:type\" content=\"image\/jpeg\" \/>\n<meta name=\"author\" content=\"emblematik-daller\" \/>\n<meta name=\"twitter:card\" content=\"summary_large_image\" \/>\n<meta name=\"twitter:label1\" content=\"Verfasst von\" \/>\n\t<meta name=\"twitter:data1\" content=\"emblematik-daller\" \/>\n\t<meta name=\"twitter:label2\" content=\"Gesch\u00e4tzte Lesezeit\" \/>\n\t<meta name=\"twitter:data2\" content=\"4\u00a0Minuten\" \/>\n<script type=\"application\/ld+json\" class=\"yoast-schema-graph\">{\"@context\":\"https:\\\/\\\/schema.org\",\"@graph\":[{\"@type\":\"Article\",\"@id\":\"https:\\\/\\\/daler.ch\\\/de\\\/installation-des-operationsroboters-2023-bilanz-und-perspektiven\\\/#article\",\"isPartOf\":{\"@id\":\"https:\\\/\\\/daler.ch\\\/de\\\/installation-des-operationsroboters-2023-bilanz-und-perspektiven\\\/\"},\"author\":{\"name\":\"emblematik-daller\",\"@id\":\"https:\\\/\\\/daler.ch\\\/#\\\/schema\\\/person\\\/3efe34bd72d30c33193e0a6142fd126e\"},\"headline\":\"Installation des Operationsroboters 2023 &#8211; Bilanz und Perspektiven\",\"datePublished\":\"2024-01-30T09:43:26+00:00\",\"dateModified\":\"2024-01-30T10:10:25+00:00\",\"mainEntityOfPage\":{\"@id\":\"https:\\\/\\\/daler.ch\\\/de\\\/installation-des-operationsroboters-2023-bilanz-und-perspektiven\\\/\"},\"wordCount\":645,\"image\":{\"@id\":\"https:\\\/\\\/daler.ch\\\/de\\\/installation-des-operationsroboters-2023-bilanz-und-perspektiven\\\/#primaryimage\"},\"thumbnailUrl\":\"https:\\\/\\\/daler.ch\\\/wp-content\\\/uploads\\\/2021\\\/05\\\/Daler_lot1_072015_020.jpg\",\"articleSection\":[\"Unkategorisiert\"],\"inLanguage\":\"de\"},{\"@type\":\"WebPage\",\"@id\":\"https:\\\/\\\/daler.ch\\\/de\\\/installation-des-operationsroboters-2023-bilanz-und-perspektiven\\\/\",\"url\":\"https:\\\/\\\/daler.ch\\\/de\\\/installation-des-operationsroboters-2023-bilanz-und-perspektiven\\\/\",\"name\":\"Installation des Operationsroboters 2023 - Bilanz und Perspektiven - Daler-Spital\",\"isPartOf\":{\"@id\":\"https:\\\/\\\/daler.ch\\\/#website\"},\"primaryImageOfPage\":{\"@id\":\"https:\\\/\\\/daler.ch\\\/de\\\/installation-des-operationsroboters-2023-bilanz-und-perspektiven\\\/#primaryimage\"},\"image\":{\"@id\":\"https:\\\/\\\/daler.ch\\\/de\\\/installation-des-operationsroboters-2023-bilanz-und-perspektiven\\\/#primaryimage\"},\"thumbnailUrl\":\"https:\\\/\\\/daler.ch\\\/wp-content\\\/uploads\\\/2021\\\/05\\\/Daler_lot1_072015_020.jpg\",\"datePublished\":\"2024-01-30T09:43:26+00:00\",\"dateModified\":\"2024-01-30T10:10:25+00:00\",\"author\":{\"@id\":\"https:\\\/\\\/daler.ch\\\/#\\\/schema\\\/person\\\/3efe34bd72d30c33193e0a6142fd126e\"},\"breadcrumb\":{\"@id\":\"https:\\\/\\\/daler.ch\\\/de\\\/installation-des-operationsroboters-2023-bilanz-und-perspektiven\\\/#breadcrumb\"},\"inLanguage\":\"de\",\"potentialAction\":[{\"@type\":\"ReadAction\",\"target\":[\"https:\\\/\\\/daler.ch\\\/de\\\/installation-des-operationsroboters-2023-bilanz-und-perspektiven\\\/\"]}]},{\"@type\":\"ImageObject\",\"inLanguage\":\"de\",\"@id\":\"https:\\\/\\\/daler.ch\\\/de\\\/installation-des-operationsroboters-2023-bilanz-und-perspektiven\\\/#primaryimage\",\"url\":\"https:\\\/\\\/daler.ch\\\/wp-content\\\/uploads\\\/2021\\\/05\\\/Daler_lot1_072015_020.jpg\",\"contentUrl\":\"https:\\\/\\\/daler.ch\\\/wp-content\\\/uploads\\\/2021\\\/05\\\/Daler_lot1_072015_020.jpg\",\"width\":5720,\"height\":1788},{\"@type\":\"BreadcrumbList\",\"@id\":\"https:\\\/\\\/daler.ch\\\/de\\\/installation-des-operationsroboters-2023-bilanz-und-perspektiven\\\/#breadcrumb\",\"itemListElement\":[{\"@type\":\"ListItem\",\"position\":1,\"name\":\"Home\",\"item\":\"https:\\\/\\\/daler.ch\\\/de\\\/\"},{\"@type\":\"ListItem\",\"position\":2,\"name\":\"Installation des Operationsroboters 2023 &#8211; Bilanz und Perspektiven\"}]},{\"@type\":\"WebSite\",\"@id\":\"https:\\\/\\\/daler.ch\\\/#website\",\"url\":\"https:\\\/\\\/daler.ch\\\/\",\"name\":\"Daler-Spital\",\"description\":\"Hopital Daler\",\"potentialAction\":[{\"@type\":\"SearchAction\",\"target\":{\"@type\":\"EntryPoint\",\"urlTemplate\":\"https:\\\/\\\/daler.ch\\\/?s={search_term_string}\"},\"query-input\":{\"@type\":\"PropertyValueSpecification\",\"valueRequired\":true,\"valueName\":\"search_term_string\"}}],\"inLanguage\":\"de\"},{\"@type\":\"Person\",\"@id\":\"https:\\\/\\\/daler.ch\\\/#\\\/schema\\\/person\\\/3efe34bd72d30c33193e0a6142fd126e\",\"name\":\"emblematik-daller\",\"image\":{\"@type\":\"ImageObject\",\"inLanguage\":\"de\",\"@id\":\"https:\\\/\\\/secure.gravatar.com\\\/avatar\\\/a4eebccbc81c422944fd8163ba969d1383db6733d5694ac571ccaf054519f805?s=96&d=mm&r=g\",\"url\":\"https:\\\/\\\/secure.gravatar.com\\\/avatar\\\/a4eebccbc81c422944fd8163ba969d1383db6733d5694ac571ccaf054519f805?s=96&d=mm&r=g\",\"contentUrl\":\"https:\\\/\\\/secure.gravatar.com\\\/avatar\\\/a4eebccbc81c422944fd8163ba969d1383db6733d5694ac571ccaf054519f805?s=96&d=mm&r=g\",\"caption\":\"emblematik-daller\"}}]}<\/script>\n<!-- \/ Yoast SEO plugin. -->","yoast_head_json":{"title":"Installation des Operationsroboters 2023 - Bilanz und Perspektiven - Daler-Spital","robots":{"index":"index","follow":"follow","max-snippet":"max-snippet:-1","max-image-preview":"max-image-preview:large","max-video-preview":"max-video-preview:-1"},"canonical":"https:\/\/daler.ch\/de\/installation-des-operationsroboters-2023-bilanz-und-perspektiven\/","og_locale":"de_DE","og_type":"article","og_title":"Installation des Operationsroboters 2023 - Bilanz und Perspektiven - Daler-Spital","og_description":"Installation des Operationsroboters 2023 &#8211; Bilanz und Perspektiven: Erfolgreiche Einf\u00fchrung und neue medizinische Entwicklungen Ende April 2023 verst\u00e4rkte das Daler Spital seine technische Infrastruktur mit einem Operationsroboter der Marke da Vinci\u00ae. Vor dessen Installation fanden verschiedene Vorbereitungsarbeiten statt, darunter die [&hellip;]","og_url":"https:\/\/daler.ch\/de\/installation-des-operationsroboters-2023-bilanz-und-perspektiven\/","og_site_name":"Daler-Spital","article_published_time":"2024-01-30T09:43:26+00:00","article_modified_time":"2024-01-30T10:10:25+00:00","og_image":[{"width":1200,"height":375,"url":"https:\/\/daler.ch\/wp-content\/uploads\/2021\/05\/Daler_lot1_072015_020-1200x375.jpg","type":"image\/jpeg"}],"author":"emblematik-daller","twitter_card":"summary_large_image","twitter_misc":{"Verfasst von":"emblematik-daller","Gesch\u00e4tzte Lesezeit":"4\u00a0Minuten"},"schema":{"@context":"https:\/\/schema.org","@graph":[{"@type":"Article","@id":"https:\/\/daler.ch\/de\/installation-des-operationsroboters-2023-bilanz-und-perspektiven\/#article","isPartOf":{"@id":"https:\/\/daler.ch\/de\/installation-des-operationsroboters-2023-bilanz-und-perspektiven\/"},"author":{"name":"emblematik-daller","@id":"https:\/\/daler.ch\/#\/schema\/person\/3efe34bd72d30c33193e0a6142fd126e"},"headline":"Installation des Operationsroboters 2023 &#8211; Bilanz und Perspektiven","datePublished":"2024-01-30T09:43:26+00:00","dateModified":"2024-01-30T10:10:25+00:00","mainEntityOfPage":{"@id":"https:\/\/daler.ch\/de\/installation-des-operationsroboters-2023-bilanz-und-perspektiven\/"},"wordCount":645,"image":{"@id":"https:\/\/daler.ch\/de\/installation-des-operationsroboters-2023-bilanz-und-perspektiven\/#primaryimage"},"thumbnailUrl":"https:\/\/daler.ch\/wp-content\/uploads\/2021\/05\/Daler_lot1_072015_020.jpg","articleSection":["Unkategorisiert"],"inLanguage":"de"},{"@type":"WebPage","@id":"https:\/\/daler.ch\/de\/installation-des-operationsroboters-2023-bilanz-und-perspektiven\/","url":"https:\/\/daler.ch\/de\/installation-des-operationsroboters-2023-bilanz-und-perspektiven\/","name":"Installation des Operationsroboters 2023 - Bilanz und Perspektiven - Daler-Spital","isPartOf":{"@id":"https:\/\/daler.ch\/#website"},"primaryImageOfPage":{"@id":"https:\/\/daler.ch\/de\/installation-des-operationsroboters-2023-bilanz-und-perspektiven\/#primaryimage"},"image":{"@id":"https:\/\/daler.ch\/de\/installation-des-operationsroboters-2023-bilanz-und-perspektiven\/#primaryimage"},"thumbnailUrl":"https:\/\/daler.ch\/wp-content\/uploads\/2021\/05\/Daler_lot1_072015_020.jpg","datePublished":"2024-01-30T09:43:26+00:00","dateModified":"2024-01-30T10:10:25+00:00","author":{"@id":"https:\/\/daler.ch\/#\/schema\/person\/3efe34bd72d30c33193e0a6142fd126e"},"breadcrumb":{"@id":"https:\/\/daler.ch\/de\/installation-des-operationsroboters-2023-bilanz-und-perspektiven\/#breadcrumb"},"inLanguage":"de","potentialAction":[{"@type":"ReadAction","target":["https:\/\/daler.ch\/de\/installation-des-operationsroboters-2023-bilanz-und-perspektiven\/"]}]},{"@type":"ImageObject","inLanguage":"de","@id":"https:\/\/daler.ch\/de\/installation-des-operationsroboters-2023-bilanz-und-perspektiven\/#primaryimage","url":"https:\/\/daler.ch\/wp-content\/uploads\/2021\/05\/Daler_lot1_072015_020.jpg","contentUrl":"https:\/\/daler.ch\/wp-content\/uploads\/2021\/05\/Daler_lot1_072015_020.jpg","width":5720,"height":1788},{"@type":"BreadcrumbList","@id":"https:\/\/daler.ch\/de\/installation-des-operationsroboters-2023-bilanz-und-perspektiven\/#breadcrumb","itemListElement":[{"@type":"ListItem","position":1,"name":"Home","item":"https:\/\/daler.ch\/de\/"},{"@type":"ListItem","position":2,"name":"Installation des Operationsroboters 2023 &#8211; Bilanz und Perspektiven"}]},{"@type":"WebSite","@id":"https:\/\/daler.ch\/#website","url":"https:\/\/daler.ch\/","name":"Daler-Spital","description":"Hopital Daler","potentialAction":[{"@type":"SearchAction","target":{"@type":"EntryPoint","urlTemplate":"https:\/\/daler.ch\/?s={search_term_string}"},"query-input":{"@type":"PropertyValueSpecification","valueRequired":true,"valueName":"search_term_string"}}],"inLanguage":"de"},{"@type":"Person","@id":"https:\/\/daler.ch\/#\/schema\/person\/3efe34bd72d30c33193e0a6142fd126e","name":"emblematik-daller","image":{"@type":"ImageObject","inLanguage":"de","@id":"https:\/\/secure.gravatar.com\/avatar\/a4eebccbc81c422944fd8163ba969d1383db6733d5694ac571ccaf054519f805?s=96&d=mm&r=g","url":"https:\/\/secure.gravatar.com\/avatar\/a4eebccbc81c422944fd8163ba969d1383db6733d5694ac571ccaf054519f805?s=96&d=mm&r=g","contentUrl":"https:\/\/secure.gravatar.com\/avatar\/a4eebccbc81c422944fd8163ba969d1383db6733d5694ac571ccaf054519f805?s=96&d=mm&r=g","caption":"emblematik-daller"}}]}},"_links":{"self":[{"href":"https:\/\/daler.ch\/de\/wp-json\/wp\/v2\/posts\/6228","targetHints":{"allow":["GET"]}}],"collection":[{"href":"https:\/\/daler.ch\/de\/wp-json\/wp\/v2\/posts"}],"about":[{"href":"https:\/\/daler.ch\/de\/wp-json\/wp\/v2\/types\/post"}],"author":[{"embeddable":true,"href":"https:\/\/daler.ch\/de\/wp-json\/wp\/v2\/users\/13"}],"replies":[{"embeddable":true,"href":"https:\/\/daler.ch\/de\/wp-json\/wp\/v2\/comments?post=6228"}],"version-history":[{"count":3,"href":"https:\/\/daler.ch\/de\/wp-json\/wp\/v2\/posts\/6228\/revisions"}],"predecessor-version":[{"id":6232,"href":"https:\/\/daler.ch\/de\/wp-json\/wp\/v2\/posts\/6228\/revisions\/6232"}],"wp:featuredmedia":[{"embeddable":true,"href":"https:\/\/daler.ch\/de\/wp-json\/wp\/v2\/media\/4194"}],"wp:attachment":[{"href":"https:\/\/daler.ch\/de\/wp-json\/wp\/v2\/media?parent=6228"}],"wp:term":[{"taxonomy":"category","embeddable":true,"href":"https:\/\/daler.ch\/de\/wp-json\/wp\/v2\/categories?post=6228"},{"taxonomy":"post_tag","embeddable":true,"href":"https:\/\/daler.ch\/de\/wp-json\/wp\/v2\/tags?post=6228"}],"curies":[{"name":"wp","href":"https:\/\/api.w.org\/{rel}","templated":true}]}}