{"id":6251,"date":"2024-02-12T11:17:03","date_gmt":"2024-02-12T10:17:03","guid":{"rendered":"https:\/\/daler.ch\/?p=6251"},"modified":"2024-02-12T11:27:13","modified_gmt":"2024-02-12T10:27:13","slug":"accreditation-du-dr-arnaud-doerfler","status":"publish","type":"post","link":"https:\/\/daler.ch\/de\/accreditation-du-dr-arnaud-doerfler\/","title":{"rendered":"Akkreditierung von Dr. med. Arnaud Doerfler"},"content":{"rendered":"<p>Wir freuen uns, Sie \u00fcber die k\u00fcrzlich erfolgte Akkreditierung von Dr. med. Arnaud Doerfler, Facharzt FMH f\u00fcr Urologie, zu informieren.<\/p>\n<p>Nachdem er 2003 sein Medizinstudium an der Universit\u00e4t Strassburg abgeschlossen hatte, erlangte er 2009 seinen FMH-Facharzttitel in Urologie. Dank seiner langj\u00e4hrigen T\u00e4tigkeit in Spit\u00e4lern in Frankreich, Belgien und der Schweiz verf\u00fcgt Dr. med. Doerfler \u00fcber umfangreiche Erfahrungen.<\/p>\n<p>Wir freuen uns auf die Zusammenarbeit mit Dr. med. Doerfler und w\u00fcnschen Ihm f\u00fcr seine T\u00e4tigkeit am Daler Spital viel Erfolg.<\/p>\n","protected":false},"excerpt":{"rendered":"<p>Wir freuen uns, Sie \u00fcber die k\u00fcrzlich erfolgte Akkreditierung von Dr. med. Arnaud Doerfler, Facharzt FMH f\u00fcr Urologie, zu informieren. Nachdem er 2003 sein Medizinstudium an der Universit\u00e4t Strassburg abgeschlossen hatte, erlangte er 2009 seinen FMH-Facharzttitel in Urologie. Dank seiner [&hellip;]<\/p>\n","protected":false},"author":13,"featured_media":2972,"comment_status":"closed","ping_status":"closed","sticky":false,"template":"","format":"standard","meta":{"footnotes":""},"categories":[2],"tags":[],"class_list":["post-6251","post","type-post","status-publish","format-standard","has-post-thumbnail","hentry","category-unkategorisiert"],"yoast_head":"<!-- This site is optimized with the Yoast SEO plugin v27.5 - https:\/\/yoast.com\/product\/yoast-seo-wordpress\/ -->\n<title>Akkreditierung von Dr. med. Arnaud Doerfler - Daler-Spital<\/title>\n<meta name=\"robots\" content=\"index, follow, max-snippet:-1, max-image-preview:large, max-video-preview:-1\" \/>\n<link rel=\"canonical\" href=\"https:\/\/daler.ch\/de\/accreditation-du-dr-arnaud-doerfler\/\" \/>\n<meta property=\"og:locale\" content=\"de_DE\" \/>\n<meta property=\"og:type\" content=\"article\" \/>\n<meta property=\"og:title\" content=\"Akkreditierung von Dr. med. Arnaud Doerfler - Daler-Spital\" \/>\n<meta property=\"og:description\" content=\"Wir freuen uns, Sie \u00fcber die k\u00fcrzlich erfolgte Akkreditierung von Dr. med. Arnaud Doerfler, Facharzt FMH f\u00fcr Urologie, zu informieren. Nachdem er 2003 sein Medizinstudium an der Universit\u00e4t Strassburg abgeschlossen hatte, erlangte er 2009 seinen FMH-Facharzttitel in Urologie. Dank seiner [&hellip;]\" \/>\n<meta property=\"og:url\" content=\"https:\/\/daler.ch\/de\/accreditation-du-dr-arnaud-doerfler\/\" \/>\n<meta property=\"og:site_name\" content=\"Daler-Spital\" \/>\n<meta property=\"article:published_time\" content=\"2024-02-12T10:17:03+00:00\" \/>\n<meta property=\"article:modified_time\" content=\"2024-02-12T10:27:13+00:00\" \/>\n<meta property=\"og:image\" content=\"https:\/\/daler.ch\/wp-content\/uploads\/2017\/07\/slider-dal-e1585646176486.jpg\" \/>\n\t<meta property=\"og:image:width\" content=\"1600\" \/>\n\t<meta property=\"og:image:height\" content=\"500\" \/>\n\t<meta property=\"og:image:type\" content=\"image\/jpeg\" \/>\n<meta name=\"author\" content=\"emblematik-daller\" \/>\n<meta name=\"twitter:card\" content=\"summary_large_image\" \/>\n<meta name=\"twitter:label1\" content=\"Verfasst von\" \/>\n\t<meta name=\"twitter:data1\" content=\"emblematik-daller\" \/>\n\t<meta name=\"twitter:label2\" content=\"Gesch\u00e4tzte Lesezeit\" \/>\n\t<meta name=\"twitter:data2\" content=\"1\u00a0Minute\" \/>\n<script type=\"application\/ld+json\" class=\"yoast-schema-graph\">{\"@context\":\"https:\\\/\\\/schema.org\",\"@graph\":[{\"@type\":\"Article\",\"@id\":\"https:\\\/\\\/daler.ch\\\/de\\\/accreditation-du-dr-arnaud-doerfler\\\/#article\",\"isPartOf\":{\"@id\":\"https:\\\/\\\/daler.ch\\\/de\\\/accreditation-du-dr-arnaud-doerfler\\\/\"},\"author\":{\"name\":\"emblematik-daller\",\"@id\":\"https:\\\/\\\/daler.ch\\\/#\\\/schema\\\/person\\\/3efe34bd72d30c33193e0a6142fd126e\"},\"headline\":\"Akkreditierung von Dr. med. Arnaud Doerfler\",\"datePublished\":\"2024-02-12T10:17:03+00:00\",\"dateModified\":\"2024-02-12T10:27:13+00:00\",\"mainEntityOfPage\":{\"@id\":\"https:\\\/\\\/daler.ch\\\/de\\\/accreditation-du-dr-arnaud-doerfler\\\/\"},\"wordCount\":92,\"image\":{\"@id\":\"https:\\\/\\\/daler.ch\\\/de\\\/accreditation-du-dr-arnaud-doerfler\\\/#primaryimage\"},\"thumbnailUrl\":\"https:\\\/\\\/daler.ch\\\/wp-content\\\/uploads\\\/2017\\\/07\\\/slider-dal-e1585646176486.jpg\",\"articleSection\":[\"Unkategorisiert\"],\"inLanguage\":\"de\"},{\"@type\":\"WebPage\",\"@id\":\"https:\\\/\\\/daler.ch\\\/de\\\/accreditation-du-dr-arnaud-doerfler\\\/\",\"url\":\"https:\\\/\\\/daler.ch\\\/de\\\/accreditation-du-dr-arnaud-doerfler\\\/\",\"name\":\"Akkreditierung von Dr. med. Arnaud Doerfler - Daler-Spital\",\"isPartOf\":{\"@id\":\"https:\\\/\\\/daler.ch\\\/#website\"},\"primaryImageOfPage\":{\"@id\":\"https:\\\/\\\/daler.ch\\\/de\\\/accreditation-du-dr-arnaud-doerfler\\\/#primaryimage\"},\"image\":{\"@id\":\"https:\\\/\\\/daler.ch\\\/de\\\/accreditation-du-dr-arnaud-doerfler\\\/#primaryimage\"},\"thumbnailUrl\":\"https:\\\/\\\/daler.ch\\\/wp-content\\\/uploads\\\/2017\\\/07\\\/slider-dal-e1585646176486.jpg\",\"datePublished\":\"2024-02-12T10:17:03+00:00\",\"dateModified\":\"2024-02-12T10:27:13+00:00\",\"author\":{\"@id\":\"https:\\\/\\\/daler.ch\\\/#\\\/schema\\\/person\\\/3efe34bd72d30c33193e0a6142fd126e\"},\"breadcrumb\":{\"@id\":\"https:\\\/\\\/daler.ch\\\/de\\\/accreditation-du-dr-arnaud-doerfler\\\/#breadcrumb\"},\"inLanguage\":\"de\",\"potentialAction\":[{\"@type\":\"ReadAction\",\"target\":[\"https:\\\/\\\/daler.ch\\\/de\\\/accreditation-du-dr-arnaud-doerfler\\\/\"]}]},{\"@type\":\"ImageObject\",\"inLanguage\":\"de\",\"@id\":\"https:\\\/\\\/daler.ch\\\/de\\\/accreditation-du-dr-arnaud-doerfler\\\/#primaryimage\",\"url\":\"https:\\\/\\\/daler.ch\\\/wp-content\\\/uploads\\\/2017\\\/07\\\/slider-dal-e1585646176486.jpg\",\"contentUrl\":\"https:\\\/\\\/daler.ch\\\/wp-content\\\/uploads\\\/2017\\\/07\\\/slider-dal-e1585646176486.jpg\",\"width\":1600,\"height\":500},{\"@type\":\"BreadcrumbList\",\"@id\":\"https:\\\/\\\/daler.ch\\\/de\\\/accreditation-du-dr-arnaud-doerfler\\\/#breadcrumb\",\"itemListElement\":[{\"@type\":\"ListItem\",\"position\":1,\"name\":\"Home\",\"item\":\"https:\\\/\\\/daler.ch\\\/de\\\/\"},{\"@type\":\"ListItem\",\"position\":2,\"name\":\"Akkreditierung von Dr. med. Arnaud Doerfler\"}]},{\"@type\":\"WebSite\",\"@id\":\"https:\\\/\\\/daler.ch\\\/#website\",\"url\":\"https:\\\/\\\/daler.ch\\\/\",\"name\":\"Daler-Spital\",\"description\":\"Hopital Daler\",\"potentialAction\":[{\"@type\":\"SearchAction\",\"target\":{\"@type\":\"EntryPoint\",\"urlTemplate\":\"https:\\\/\\\/daler.ch\\\/?s={search_term_string}\"},\"query-input\":{\"@type\":\"PropertyValueSpecification\",\"valueRequired\":true,\"valueName\":\"search_term_string\"}}],\"inLanguage\":\"de\"},{\"@type\":\"Person\",\"@id\":\"https:\\\/\\\/daler.ch\\\/#\\\/schema\\\/person\\\/3efe34bd72d30c33193e0a6142fd126e\",\"name\":\"emblematik-daller\",\"image\":{\"@type\":\"ImageObject\",\"inLanguage\":\"de\",\"@id\":\"https:\\\/\\\/secure.gravatar.com\\\/avatar\\\/a4eebccbc81c422944fd8163ba969d1383db6733d5694ac571ccaf054519f805?s=96&d=mm&r=g\",\"url\":\"https:\\\/\\\/secure.gravatar.com\\\/avatar\\\/a4eebccbc81c422944fd8163ba969d1383db6733d5694ac571ccaf054519f805?s=96&d=mm&r=g\",\"contentUrl\":\"https:\\\/\\\/secure.gravatar.com\\\/avatar\\\/a4eebccbc81c422944fd8163ba969d1383db6733d5694ac571ccaf054519f805?s=96&d=mm&r=g\",\"caption\":\"emblematik-daller\"}}]}<\/script>\n<!-- \/ Yoast SEO plugin. -->","yoast_head_json":{"title":"Akkreditierung von Dr. med. Arnaud Doerfler - Daler-Spital","robots":{"index":"index","follow":"follow","max-snippet":"max-snippet:-1","max-image-preview":"max-image-preview:large","max-video-preview":"max-video-preview:-1"},"canonical":"https:\/\/daler.ch\/de\/accreditation-du-dr-arnaud-doerfler\/","og_locale":"de_DE","og_type":"article","og_title":"Akkreditierung von Dr. med. Arnaud Doerfler - Daler-Spital","og_description":"Wir freuen uns, Sie \u00fcber die k\u00fcrzlich erfolgte Akkreditierung von Dr. med. Arnaud Doerfler, Facharzt FMH f\u00fcr Urologie, zu informieren. Nachdem er 2003 sein Medizinstudium an der Universit\u00e4t Strassburg abgeschlossen hatte, erlangte er 2009 seinen FMH-Facharzttitel in Urologie. Dank seiner [&hellip;]","og_url":"https:\/\/daler.ch\/de\/accreditation-du-dr-arnaud-doerfler\/","og_site_name":"Daler-Spital","article_published_time":"2024-02-12T10:17:03+00:00","article_modified_time":"2024-02-12T10:27:13+00:00","og_image":[{"width":1600,"height":500,"url":"https:\/\/daler.ch\/wp-content\/uploads\/2017\/07\/slider-dal-e1585646176486.jpg","type":"image\/jpeg"}],"author":"emblematik-daller","twitter_card":"summary_large_image","twitter_misc":{"Verfasst von":"emblematik-daller","Gesch\u00e4tzte Lesezeit":"1\u00a0Minute"},"schema":{"@context":"https:\/\/schema.org","@graph":[{"@type":"Article","@id":"https:\/\/daler.ch\/de\/accreditation-du-dr-arnaud-doerfler\/#article","isPartOf":{"@id":"https:\/\/daler.ch\/de\/accreditation-du-dr-arnaud-doerfler\/"},"author":{"name":"emblematik-daller","@id":"https:\/\/daler.ch\/#\/schema\/person\/3efe34bd72d30c33193e0a6142fd126e"},"headline":"Akkreditierung von Dr. med. Arnaud Doerfler","datePublished":"2024-02-12T10:17:03+00:00","dateModified":"2024-02-12T10:27:13+00:00","mainEntityOfPage":{"@id":"https:\/\/daler.ch\/de\/accreditation-du-dr-arnaud-doerfler\/"},"wordCount":92,"image":{"@id":"https:\/\/daler.ch\/de\/accreditation-du-dr-arnaud-doerfler\/#primaryimage"},"thumbnailUrl":"https:\/\/daler.ch\/wp-content\/uploads\/2017\/07\/slider-dal-e1585646176486.jpg","articleSection":["Unkategorisiert"],"inLanguage":"de"},{"@type":"WebPage","@id":"https:\/\/daler.ch\/de\/accreditation-du-dr-arnaud-doerfler\/","url":"https:\/\/daler.ch\/de\/accreditation-du-dr-arnaud-doerfler\/","name":"Akkreditierung von Dr. med. Arnaud Doerfler - Daler-Spital","isPartOf":{"@id":"https:\/\/daler.ch\/#website"},"primaryImageOfPage":{"@id":"https:\/\/daler.ch\/de\/accreditation-du-dr-arnaud-doerfler\/#primaryimage"},"image":{"@id":"https:\/\/daler.ch\/de\/accreditation-du-dr-arnaud-doerfler\/#primaryimage"},"thumbnailUrl":"https:\/\/daler.ch\/wp-content\/uploads\/2017\/07\/slider-dal-e1585646176486.jpg","datePublished":"2024-02-12T10:17:03+00:00","dateModified":"2024-02-12T10:27:13+00:00","author":{"@id":"https:\/\/daler.ch\/#\/schema\/person\/3efe34bd72d30c33193e0a6142fd126e"},"breadcrumb":{"@id":"https:\/\/daler.ch\/de\/accreditation-du-dr-arnaud-doerfler\/#breadcrumb"},"inLanguage":"de","potentialAction":[{"@type":"ReadAction","target":["https:\/\/daler.ch\/de\/accreditation-du-dr-arnaud-doerfler\/"]}]},{"@type":"ImageObject","inLanguage":"de","@id":"https:\/\/daler.ch\/de\/accreditation-du-dr-arnaud-doerfler\/#primaryimage","url":"https:\/\/daler.ch\/wp-content\/uploads\/2017\/07\/slider-dal-e1585646176486.jpg","contentUrl":"https:\/\/daler.ch\/wp-content\/uploads\/2017\/07\/slider-dal-e1585646176486.jpg","width":1600,"height":500},{"@type":"BreadcrumbList","@id":"https:\/\/daler.ch\/de\/accreditation-du-dr-arnaud-doerfler\/#breadcrumb","itemListElement":[{"@type":"ListItem","position":1,"name":"Home","item":"https:\/\/daler.ch\/de\/"},{"@type":"ListItem","position":2,"name":"Akkreditierung von Dr. med. Arnaud Doerfler"}]},{"@type":"WebSite","@id":"https:\/\/daler.ch\/#website","url":"https:\/\/daler.ch\/","name":"Daler-Spital","description":"Hopital Daler","potentialAction":[{"@type":"SearchAction","target":{"@type":"EntryPoint","urlTemplate":"https:\/\/daler.ch\/?s={search_term_string}"},"query-input":{"@type":"PropertyValueSpecification","valueRequired":true,"valueName":"search_term_string"}}],"inLanguage":"de"},{"@type":"Person","@id":"https:\/\/daler.ch\/#\/schema\/person\/3efe34bd72d30c33193e0a6142fd126e","name":"emblematik-daller","image":{"@type":"ImageObject","inLanguage":"de","@id":"https:\/\/secure.gravatar.com\/avatar\/a4eebccbc81c422944fd8163ba969d1383db6733d5694ac571ccaf054519f805?s=96&d=mm&r=g","url":"https:\/\/secure.gravatar.com\/avatar\/a4eebccbc81c422944fd8163ba969d1383db6733d5694ac571ccaf054519f805?s=96&d=mm&r=g","contentUrl":"https:\/\/secure.gravatar.com\/avatar\/a4eebccbc81c422944fd8163ba969d1383db6733d5694ac571ccaf054519f805?s=96&d=mm&r=g","caption":"emblematik-daller"}}]}},"_links":{"self":[{"href":"https:\/\/daler.ch\/de\/wp-json\/wp\/v2\/posts\/6251","targetHints":{"allow":["GET"]}}],"collection":[{"href":"https:\/\/daler.ch\/de\/wp-json\/wp\/v2\/posts"}],"about":[{"href":"https:\/\/daler.ch\/de\/wp-json\/wp\/v2\/types\/post"}],"author":[{"embeddable":true,"href":"https:\/\/daler.ch\/de\/wp-json\/wp\/v2\/users\/13"}],"replies":[{"embeddable":true,"href":"https:\/\/daler.ch\/de\/wp-json\/wp\/v2\/comments?post=6251"}],"version-history":[{"count":2,"href":"https:\/\/daler.ch\/de\/wp-json\/wp\/v2\/posts\/6251\/revisions"}],"predecessor-version":[{"id":6254,"href":"https:\/\/daler.ch\/de\/wp-json\/wp\/v2\/posts\/6251\/revisions\/6254"}],"wp:featuredmedia":[{"embeddable":true,"href":"https:\/\/daler.ch\/de\/wp-json\/wp\/v2\/media\/2972"}],"wp:attachment":[{"href":"https:\/\/daler.ch\/de\/wp-json\/wp\/v2\/media?parent=6251"}],"wp:term":[{"taxonomy":"category","embeddable":true,"href":"https:\/\/daler.ch\/de\/wp-json\/wp\/v2\/categories?post=6251"},{"taxonomy":"post_tag","embeddable":true,"href":"https:\/\/daler.ch\/de\/wp-json\/wp\/v2\/tags?post=6251"}],"curies":[{"name":"wp","href":"https:\/\/api.w.org\/{rel}","templated":true}]}}