{"id":6483,"date":"2024-07-16T08:48:09","date_gmt":"2024-07-16T06:48:09","guid":{"rendered":"https:\/\/daler.ch\/akkreditierung-von-dr-med-sylvain-gander-und-dr-med-nicolas-piller\/"},"modified":"2024-07-16T08:53:28","modified_gmt":"2024-07-16T06:53:28","slug":"akkreditierung-von-dr-med-sylvain-gander-und-dr-med-nicolas-piller","status":"publish","type":"post","link":"https:\/\/daler.ch\/de\/akkreditierung-von-dr-med-sylvain-gander-und-dr-med-nicolas-piller\/","title":{"rendered":"Akkreditierung von Dr. med. Sylvain Gander und Dr. med. Nicolas Piller"},"content":{"rendered":"<p>Wir freuen uns, Ihnen die Akkreditierung von zwei \u00c4rzten bekanntzugeben, die in der Abteilung An\u00e4sthesie des Daler Spitals t\u00e4tig sind:<\/p>\n<p>&#8211; <strong>Dr. Sylvain Gander<\/strong> hat 2010 seinen Facharzttitel FMH in An\u00e4sthesiologie erworben und verschiedene Zusatzausbildungen absolviert. Er praktizierte haupts\u00e4chlich in Spit\u00e4lern des Kantons Waadt, insbesondere als Oberarzt am CHUV und sp\u00e4ter als Chefarzt am eHnv.<\/p>\n<p>&#8211; <strong>Dr. Nicolas Piller<\/strong> erhielt 2014 seinen Facharzttitel FMH f\u00fcr An\u00e4sthesiologie. Nach seiner Ausbildung in An\u00e4sthesie an mehreren Universit\u00e4tskliniken konnte er am CHUV als Oberarzt und sp\u00e4ter in Neuenburg als Kaderarzt seine erworbenen Kenntnisse festigen und seine Erfahrung ausbauen.<\/p>\n<p>Wir freuen uns auf die Zusammenarbeit mit den erfahrenen \u00c4rzten und w\u00fcnschen ihnen f\u00fcr ihre T\u00e4tigkeit am Daler Spital viel Erfolg und Freude.<\/p>\n","protected":false},"excerpt":{"rendered":"<p>Wir freuen uns, Ihnen die Akkreditierung von zwei \u00c4rzten bekanntzugeben, die in der Abteilung An\u00e4sthesie des Daler Spitals t\u00e4tig sind: &#8211; Dr. Sylvain Gander hat 2010 seinen Facharzttitel FMH in An\u00e4sthesiologie erworben und verschiedene Zusatzausbildungen absolviert. Er praktizierte haupts\u00e4chlich in [&hellip;]<\/p>\n","protected":false},"author":18,"featured_media":4194,"comment_status":"closed","ping_status":"closed","sticky":false,"template":"","format":"standard","meta":{"footnotes":""},"categories":[2],"tags":[],"class_list":["post-6483","post","type-post","status-publish","format-standard","has-post-thumbnail","hentry","category-unkategorisiert"],"yoast_head":"<!-- This site is optimized with the Yoast SEO plugin v27.5 - https:\/\/yoast.com\/product\/yoast-seo-wordpress\/ -->\n<title>Akkreditierung von Dr. med. Sylvain Gander und Dr. med. Nicolas Piller - Daler-Spital<\/title>\n<meta name=\"robots\" content=\"index, follow, max-snippet:-1, max-image-preview:large, max-video-preview:-1\" \/>\n<link rel=\"canonical\" href=\"https:\/\/daler.ch\/de\/akkreditierung-von-dr-med-sylvain-gander-und-dr-med-nicolas-piller\/\" \/>\n<meta property=\"og:locale\" content=\"de_DE\" \/>\n<meta property=\"og:type\" content=\"article\" \/>\n<meta property=\"og:title\" content=\"Akkreditierung von Dr. med. Sylvain Gander und Dr. med. Nicolas Piller - Daler-Spital\" \/>\n<meta property=\"og:description\" content=\"Wir freuen uns, Ihnen die Akkreditierung von zwei \u00c4rzten bekanntzugeben, die in der Abteilung An\u00e4sthesie des Daler Spitals t\u00e4tig sind: &#8211; Dr. Sylvain Gander hat 2010 seinen Facharzttitel FMH in An\u00e4sthesiologie erworben und verschiedene Zusatzausbildungen absolviert. Er praktizierte haupts\u00e4chlich in [&hellip;]\" \/>\n<meta property=\"og:url\" content=\"https:\/\/daler.ch\/de\/akkreditierung-von-dr-med-sylvain-gander-und-dr-med-nicolas-piller\/\" \/>\n<meta property=\"og:site_name\" content=\"Daler-Spital\" \/>\n<meta property=\"article:published_time\" content=\"2024-07-16T06:48:09+00:00\" \/>\n<meta property=\"article:modified_time\" content=\"2024-07-16T06:53:28+00:00\" \/>\n<meta property=\"og:image\" content=\"https:\/\/daler.ch\/wp-content\/uploads\/2021\/05\/Daler_lot1_072015_020-1200x375.jpg\" \/>\n\t<meta property=\"og:image:width\" content=\"1200\" \/>\n\t<meta property=\"og:image:height\" content=\"375\" \/>\n\t<meta property=\"og:image:type\" content=\"image\/jpeg\" \/>\n<meta name=\"author\" content=\"H\u00f4pital Daler\" \/>\n<meta name=\"twitter:card\" content=\"summary_large_image\" \/>\n<meta name=\"twitter:label1\" content=\"Verfasst von\" \/>\n\t<meta name=\"twitter:data1\" content=\"H\u00f4pital Daler\" \/>\n\t<meta name=\"twitter:label2\" content=\"Gesch\u00e4tzte Lesezeit\" \/>\n\t<meta name=\"twitter:data2\" content=\"1\u00a0Minute\" \/>\n<script type=\"application\/ld+json\" class=\"yoast-schema-graph\">{\"@context\":\"https:\\\/\\\/schema.org\",\"@graph\":[{\"@type\":\"Article\",\"@id\":\"https:\\\/\\\/daler.ch\\\/de\\\/akkreditierung-von-dr-med-sylvain-gander-und-dr-med-nicolas-piller\\\/#article\",\"isPartOf\":{\"@id\":\"https:\\\/\\\/daler.ch\\\/de\\\/akkreditierung-von-dr-med-sylvain-gander-und-dr-med-nicolas-piller\\\/\"},\"author\":{\"name\":\"H\u00f4pital Daler\",\"@id\":\"https:\\\/\\\/daler.ch\\\/#\\\/schema\\\/person\\\/f23bb9c3241c52eccdd1f8c8e455635b\"},\"headline\":\"Akkreditierung von Dr. med. Sylvain Gander und Dr. med. Nicolas Piller\",\"datePublished\":\"2024-07-16T06:48:09+00:00\",\"dateModified\":\"2024-07-16T06:53:28+00:00\",\"mainEntityOfPage\":{\"@id\":\"https:\\\/\\\/daler.ch\\\/de\\\/akkreditierung-von-dr-med-sylvain-gander-und-dr-med-nicolas-piller\\\/\"},\"wordCount\":140,\"image\":{\"@id\":\"https:\\\/\\\/daler.ch\\\/de\\\/akkreditierung-von-dr-med-sylvain-gander-und-dr-med-nicolas-piller\\\/#primaryimage\"},\"thumbnailUrl\":\"https:\\\/\\\/daler.ch\\\/wp-content\\\/uploads\\\/2021\\\/05\\\/Daler_lot1_072015_020.jpg\",\"articleSection\":[\"Unkategorisiert\"],\"inLanguage\":\"de\"},{\"@type\":\"WebPage\",\"@id\":\"https:\\\/\\\/daler.ch\\\/de\\\/akkreditierung-von-dr-med-sylvain-gander-und-dr-med-nicolas-piller\\\/\",\"url\":\"https:\\\/\\\/daler.ch\\\/de\\\/akkreditierung-von-dr-med-sylvain-gander-und-dr-med-nicolas-piller\\\/\",\"name\":\"Akkreditierung von Dr. med. Sylvain Gander und Dr. med. Nicolas Piller - Daler-Spital\",\"isPartOf\":{\"@id\":\"https:\\\/\\\/daler.ch\\\/#website\"},\"primaryImageOfPage\":{\"@id\":\"https:\\\/\\\/daler.ch\\\/de\\\/akkreditierung-von-dr-med-sylvain-gander-und-dr-med-nicolas-piller\\\/#primaryimage\"},\"image\":{\"@id\":\"https:\\\/\\\/daler.ch\\\/de\\\/akkreditierung-von-dr-med-sylvain-gander-und-dr-med-nicolas-piller\\\/#primaryimage\"},\"thumbnailUrl\":\"https:\\\/\\\/daler.ch\\\/wp-content\\\/uploads\\\/2021\\\/05\\\/Daler_lot1_072015_020.jpg\",\"datePublished\":\"2024-07-16T06:48:09+00:00\",\"dateModified\":\"2024-07-16T06:53:28+00:00\",\"author\":{\"@id\":\"https:\\\/\\\/daler.ch\\\/#\\\/schema\\\/person\\\/f23bb9c3241c52eccdd1f8c8e455635b\"},\"breadcrumb\":{\"@id\":\"https:\\\/\\\/daler.ch\\\/de\\\/akkreditierung-von-dr-med-sylvain-gander-und-dr-med-nicolas-piller\\\/#breadcrumb\"},\"inLanguage\":\"de\",\"potentialAction\":[{\"@type\":\"ReadAction\",\"target\":[\"https:\\\/\\\/daler.ch\\\/de\\\/akkreditierung-von-dr-med-sylvain-gander-und-dr-med-nicolas-piller\\\/\"]}]},{\"@type\":\"ImageObject\",\"inLanguage\":\"de\",\"@id\":\"https:\\\/\\\/daler.ch\\\/de\\\/akkreditierung-von-dr-med-sylvain-gander-und-dr-med-nicolas-piller\\\/#primaryimage\",\"url\":\"https:\\\/\\\/daler.ch\\\/wp-content\\\/uploads\\\/2021\\\/05\\\/Daler_lot1_072015_020.jpg\",\"contentUrl\":\"https:\\\/\\\/daler.ch\\\/wp-content\\\/uploads\\\/2021\\\/05\\\/Daler_lot1_072015_020.jpg\",\"width\":5720,\"height\":1788},{\"@type\":\"BreadcrumbList\",\"@id\":\"https:\\\/\\\/daler.ch\\\/de\\\/akkreditierung-von-dr-med-sylvain-gander-und-dr-med-nicolas-piller\\\/#breadcrumb\",\"itemListElement\":[{\"@type\":\"ListItem\",\"position\":1,\"name\":\"Home\",\"item\":\"https:\\\/\\\/daler.ch\\\/de\\\/\"},{\"@type\":\"ListItem\",\"position\":2,\"name\":\"Akkreditierung von Dr. med. Sylvain Gander und Dr. med. Nicolas Piller\"}]},{\"@type\":\"WebSite\",\"@id\":\"https:\\\/\\\/daler.ch\\\/#website\",\"url\":\"https:\\\/\\\/daler.ch\\\/\",\"name\":\"Daler-Spital\",\"description\":\"Hopital Daler\",\"potentialAction\":[{\"@type\":\"SearchAction\",\"target\":{\"@type\":\"EntryPoint\",\"urlTemplate\":\"https:\\\/\\\/daler.ch\\\/?s={search_term_string}\"},\"query-input\":{\"@type\":\"PropertyValueSpecification\",\"valueRequired\":true,\"valueName\":\"search_term_string\"}}],\"inLanguage\":\"de\"},{\"@type\":\"Person\",\"@id\":\"https:\\\/\\\/daler.ch\\\/#\\\/schema\\\/person\\\/f23bb9c3241c52eccdd1f8c8e455635b\",\"name\":\"H\u00f4pital Daler\",\"image\":{\"@type\":\"ImageObject\",\"inLanguage\":\"de\",\"@id\":\"https:\\\/\\\/secure.gravatar.com\\\/avatar\\\/4075afe81031e18b3f3aa626db68065d4fece3580c652df72a5ffbf075351a73?s=96&d=mm&r=g\",\"url\":\"https:\\\/\\\/secure.gravatar.com\\\/avatar\\\/4075afe81031e18b3f3aa626db68065d4fece3580c652df72a5ffbf075351a73?s=96&d=mm&r=g\",\"contentUrl\":\"https:\\\/\\\/secure.gravatar.com\\\/avatar\\\/4075afe81031e18b3f3aa626db68065d4fece3580c652df72a5ffbf075351a73?s=96&d=mm&r=g\",\"caption\":\"H\u00f4pital Daler\"}}]}<\/script>\n<!-- \/ Yoast SEO plugin. -->","yoast_head_json":{"title":"Akkreditierung von Dr. med. Sylvain Gander und Dr. med. Nicolas Piller - Daler-Spital","robots":{"index":"index","follow":"follow","max-snippet":"max-snippet:-1","max-image-preview":"max-image-preview:large","max-video-preview":"max-video-preview:-1"},"canonical":"https:\/\/daler.ch\/de\/akkreditierung-von-dr-med-sylvain-gander-und-dr-med-nicolas-piller\/","og_locale":"de_DE","og_type":"article","og_title":"Akkreditierung von Dr. med. Sylvain Gander und Dr. med. Nicolas Piller - Daler-Spital","og_description":"Wir freuen uns, Ihnen die Akkreditierung von zwei \u00c4rzten bekanntzugeben, die in der Abteilung An\u00e4sthesie des Daler Spitals t\u00e4tig sind: &#8211; Dr. Sylvain Gander hat 2010 seinen Facharzttitel FMH in An\u00e4sthesiologie erworben und verschiedene Zusatzausbildungen absolviert. Er praktizierte haupts\u00e4chlich in [&hellip;]","og_url":"https:\/\/daler.ch\/de\/akkreditierung-von-dr-med-sylvain-gander-und-dr-med-nicolas-piller\/","og_site_name":"Daler-Spital","article_published_time":"2024-07-16T06:48:09+00:00","article_modified_time":"2024-07-16T06:53:28+00:00","og_image":[{"width":1200,"height":375,"url":"https:\/\/daler.ch\/wp-content\/uploads\/2021\/05\/Daler_lot1_072015_020-1200x375.jpg","type":"image\/jpeg"}],"author":"H\u00f4pital Daler","twitter_card":"summary_large_image","twitter_misc":{"Verfasst von":"H\u00f4pital Daler","Gesch\u00e4tzte Lesezeit":"1\u00a0Minute"},"schema":{"@context":"https:\/\/schema.org","@graph":[{"@type":"Article","@id":"https:\/\/daler.ch\/de\/akkreditierung-von-dr-med-sylvain-gander-und-dr-med-nicolas-piller\/#article","isPartOf":{"@id":"https:\/\/daler.ch\/de\/akkreditierung-von-dr-med-sylvain-gander-und-dr-med-nicolas-piller\/"},"author":{"name":"H\u00f4pital Daler","@id":"https:\/\/daler.ch\/#\/schema\/person\/f23bb9c3241c52eccdd1f8c8e455635b"},"headline":"Akkreditierung von Dr. med. Sylvain Gander und Dr. med. Nicolas Piller","datePublished":"2024-07-16T06:48:09+00:00","dateModified":"2024-07-16T06:53:28+00:00","mainEntityOfPage":{"@id":"https:\/\/daler.ch\/de\/akkreditierung-von-dr-med-sylvain-gander-und-dr-med-nicolas-piller\/"},"wordCount":140,"image":{"@id":"https:\/\/daler.ch\/de\/akkreditierung-von-dr-med-sylvain-gander-und-dr-med-nicolas-piller\/#primaryimage"},"thumbnailUrl":"https:\/\/daler.ch\/wp-content\/uploads\/2021\/05\/Daler_lot1_072015_020.jpg","articleSection":["Unkategorisiert"],"inLanguage":"de"},{"@type":"WebPage","@id":"https:\/\/daler.ch\/de\/akkreditierung-von-dr-med-sylvain-gander-und-dr-med-nicolas-piller\/","url":"https:\/\/daler.ch\/de\/akkreditierung-von-dr-med-sylvain-gander-und-dr-med-nicolas-piller\/","name":"Akkreditierung von Dr. med. Sylvain Gander und Dr. med. Nicolas Piller - Daler-Spital","isPartOf":{"@id":"https:\/\/daler.ch\/#website"},"primaryImageOfPage":{"@id":"https:\/\/daler.ch\/de\/akkreditierung-von-dr-med-sylvain-gander-und-dr-med-nicolas-piller\/#primaryimage"},"image":{"@id":"https:\/\/daler.ch\/de\/akkreditierung-von-dr-med-sylvain-gander-und-dr-med-nicolas-piller\/#primaryimage"},"thumbnailUrl":"https:\/\/daler.ch\/wp-content\/uploads\/2021\/05\/Daler_lot1_072015_020.jpg","datePublished":"2024-07-16T06:48:09+00:00","dateModified":"2024-07-16T06:53:28+00:00","author":{"@id":"https:\/\/daler.ch\/#\/schema\/person\/f23bb9c3241c52eccdd1f8c8e455635b"},"breadcrumb":{"@id":"https:\/\/daler.ch\/de\/akkreditierung-von-dr-med-sylvain-gander-und-dr-med-nicolas-piller\/#breadcrumb"},"inLanguage":"de","potentialAction":[{"@type":"ReadAction","target":["https:\/\/daler.ch\/de\/akkreditierung-von-dr-med-sylvain-gander-und-dr-med-nicolas-piller\/"]}]},{"@type":"ImageObject","inLanguage":"de","@id":"https:\/\/daler.ch\/de\/akkreditierung-von-dr-med-sylvain-gander-und-dr-med-nicolas-piller\/#primaryimage","url":"https:\/\/daler.ch\/wp-content\/uploads\/2021\/05\/Daler_lot1_072015_020.jpg","contentUrl":"https:\/\/daler.ch\/wp-content\/uploads\/2021\/05\/Daler_lot1_072015_020.jpg","width":5720,"height":1788},{"@type":"BreadcrumbList","@id":"https:\/\/daler.ch\/de\/akkreditierung-von-dr-med-sylvain-gander-und-dr-med-nicolas-piller\/#breadcrumb","itemListElement":[{"@type":"ListItem","position":1,"name":"Home","item":"https:\/\/daler.ch\/de\/"},{"@type":"ListItem","position":2,"name":"Akkreditierung von Dr. med. Sylvain Gander und Dr. med. Nicolas Piller"}]},{"@type":"WebSite","@id":"https:\/\/daler.ch\/#website","url":"https:\/\/daler.ch\/","name":"Daler-Spital","description":"Hopital Daler","potentialAction":[{"@type":"SearchAction","target":{"@type":"EntryPoint","urlTemplate":"https:\/\/daler.ch\/?s={search_term_string}"},"query-input":{"@type":"PropertyValueSpecification","valueRequired":true,"valueName":"search_term_string"}}],"inLanguage":"de"},{"@type":"Person","@id":"https:\/\/daler.ch\/#\/schema\/person\/f23bb9c3241c52eccdd1f8c8e455635b","name":"H\u00f4pital Daler","image":{"@type":"ImageObject","inLanguage":"de","@id":"https:\/\/secure.gravatar.com\/avatar\/4075afe81031e18b3f3aa626db68065d4fece3580c652df72a5ffbf075351a73?s=96&d=mm&r=g","url":"https:\/\/secure.gravatar.com\/avatar\/4075afe81031e18b3f3aa626db68065d4fece3580c652df72a5ffbf075351a73?s=96&d=mm&r=g","contentUrl":"https:\/\/secure.gravatar.com\/avatar\/4075afe81031e18b3f3aa626db68065d4fece3580c652df72a5ffbf075351a73?s=96&d=mm&r=g","caption":"H\u00f4pital Daler"}}]}},"_links":{"self":[{"href":"https:\/\/daler.ch\/de\/wp-json\/wp\/v2\/posts\/6483","targetHints":{"allow":["GET"]}}],"collection":[{"href":"https:\/\/daler.ch\/de\/wp-json\/wp\/v2\/posts"}],"about":[{"href":"https:\/\/daler.ch\/de\/wp-json\/wp\/v2\/types\/post"}],"author":[{"embeddable":true,"href":"https:\/\/daler.ch\/de\/wp-json\/wp\/v2\/users\/18"}],"replies":[{"embeddable":true,"href":"https:\/\/daler.ch\/de\/wp-json\/wp\/v2\/comments?post=6483"}],"version-history":[{"count":2,"href":"https:\/\/daler.ch\/de\/wp-json\/wp\/v2\/posts\/6483\/revisions"}],"predecessor-version":[{"id":6486,"href":"https:\/\/daler.ch\/de\/wp-json\/wp\/v2\/posts\/6483\/revisions\/6486"}],"wp:featuredmedia":[{"embeddable":true,"href":"https:\/\/daler.ch\/de\/wp-json\/wp\/v2\/media\/4194"}],"wp:attachment":[{"href":"https:\/\/daler.ch\/de\/wp-json\/wp\/v2\/media?parent=6483"}],"wp:term":[{"taxonomy":"category","embeddable":true,"href":"https:\/\/daler.ch\/de\/wp-json\/wp\/v2\/categories?post=6483"},{"taxonomy":"post_tag","embeddable":true,"href":"https:\/\/daler.ch\/de\/wp-json\/wp\/v2\/tags?post=6483"}],"curies":[{"name":"wp","href":"https:\/\/api.w.org\/{rel}","templated":true}]}}