{"id":6731,"date":"2024-10-01T11:36:54","date_gmt":"2024-10-01T09:36:54","guid":{"rendered":"https:\/\/daler.ch\/rosa-oktober\/"},"modified":"2024-10-01T11:51:11","modified_gmt":"2024-10-01T09:51:11","slug":"rosa-oktober","status":"publish","type":"post","link":"https:\/\/daler.ch\/de\/rosa-oktober\/","title":{"rendered":"Rosa Oktober"},"content":{"rendered":"<div class=\"fusion-fullwidth fullwidth-box fusion-builder-row-1 fusion-flex-container nonhundred-percent-fullwidth non-hundred-percent-height-scrolling\" style=\"--awb-border-radius-top-left:0px;--awb-border-radius-top-right:0px;--awb-border-radius-bottom-right:0px;--awb-border-radius-bottom-left:0px;--awb-flex-wrap:wrap;\" ><div class=\"fusion-builder-row fusion-row fusion-flex-align-items-flex-start fusion-flex-content-wrap\" style=\"max-width:1144px;margin-left: calc(-4% \/ 2 );margin-right: calc(-4% \/ 2 );\"><div class=\"fusion-layout-column fusion_builder_column fusion-builder-column-0 fusion_builder_column_1_1 1_1 fusion-flex-column\" style=\"--awb-bg-size:cover;--awb-width-large:100%;--awb-margin-top-large:0px;--awb-spacing-right-large:1.92%;--awb-margin-bottom-large:0px;--awb-spacing-left-large:1.92%;--awb-width-medium:100%;--awb-spacing-right-medium:1.92%;--awb-spacing-left-medium:1.92%;--awb-width-small:100%;--awb-spacing-right-small:1.92%;--awb-spacing-left-small:1.92%;\"><div class=\"fusion-column-wrapper fusion-flex-justify-content-flex-start fusion-content-layout-column\"><div class=\"fusion-text fusion-text-1\"><p><strong>Wenn Brustkrebs den K\u00f6rper und das ganze Leben auf den Kopf stellt<\/strong><\/p>\n<p><strong>Der Brustkrebsmonat Oktober steht ganz im Zeichen der rosa Schleife und soll das Bewusstsein der Frauen f\u00fcr die Brustkrebsvorsorge st\u00e4rken. Das Brustzentrum Freiburg, ein vom Daler-Spital und dem freiburger spital (HFR) gemeinsam gegr\u00fcndetes Kompetenzzentrum, stellt in diesem Jahr neu einen Podcast zur Verf\u00fcgung. Dieser ersetzt den in den Jahren zuvor organisierten \u00f6ffentlichen Vortrag. In Zusammenarbeit mit der Krebsliga Freiburg spricht das Brustzentrum Freiburg darin ein pers\u00f6nliches, aber sehr wichtiges Thema an: die Intimit\u00e4t der Patientinnen. <\/strong><\/p>\n<p><a href=\"#_edn1\" name=\"_ednref1\"><\/a><\/p>\n<p>In der Schweiz erkranken j\u00e4hrlich etwa 6000&nbsp;Frauen an Brustkrebs<a href=\"#_edn1\" name=\"_ednref1\">[i]<\/a>. 80&nbsp;Prozent der betroffenen Frauen sind zum Zeitpunkt der Diagnose 50&nbsp;Jahre alt oder \u00e4lter. Erfreulicherweise erh\u00f6ht eine Fr\u00fcherkennung die Heilungschancen und erm\u00f6glicht eine weniger belastende Behandlung.<\/p>\n<p><strong>Podcast und spezialisierte Sprechstunde zum Thema Intimit\u00e4t<\/strong><\/p>\n<p>Eine Brustkrebsdiagnose ist ein Schock f\u00fcr die betroffene Frau und ihr Umfeld. Die Behandlung hat erhebliche Auswirkungen auf das t\u00e4gliche Leben und nicht zuletzt auch auf die Intimit\u00e4t \u2013 dar\u00fcber zu sprechen f\u00e4llt jedoch vielen Patientinnen nicht leicht.<\/p>\n<p>Seit diesem Jahr bietet die Krebsliga eine spezifische Sprechstunde zum Thema \u00abKrebs und Intimit\u00e4t\u00bb an. Die Breast Care Nurses des Brustzentrums&nbsp;Freiburg, welche die Patientinnen vom Zeitpunkt der Diagnose bis zum Abschluss der Behandlung begleiten, stehen den Patientinnen mit Rat und Tat zur Seite und k\u00f6nnen sie an die Sprechstunde der Krebsliga&nbsp;Freiburg \u00fcberweisen.<\/p>\n<p>Um die \u00d6ffentlichkeit im Rahmen des Brustkrebsmonats&nbsp;Oktober f\u00fcr die Brustkrebsvorsorge zu sensibilisieren, geht das Brustkrebszentrum&nbsp;Freiburg in diesem Jahr neue Wege: In Zusammenarbeit mit der Krebsliga&nbsp;Freiburg entstand neu ein Podcast. Dieser ersetzt den in den Jahren zuvor organisierten \u00f6ffentlichen Vortrag. Das Podcastformat eignet sich besonders gut f\u00fcr das pers\u00f6nliche Thema \u00abKrebs und Intimit\u00e4t\u00bb.<\/p>\n<p>Sexualit\u00e4t, Selbstbild, Angst vor dem Blick der anderen, Mastektomie, Trauer um den K\u00f6rper, wie er fr\u00fcher war: All das sind Themen, die in diesem Podcast zur Sprache kommen. Mit dabei sind Carline&nbsp;Andrey und Patricia&nbsp;Magnin, Breast Care Nurses am Brustkrebszentrum&nbsp;Freiburg, sowie V\u00e9ronique&nbsp;Yerly&nbsp;Berchier, Pflegefachfrau Onkologie und Palliative Care, Verantwortliche f\u00fcr die Sprechstunde \u00abKrebs und Intimit\u00e4t\u00bb bei der Krebsliga&nbsp;Freiburg.<\/p>\n<p>Der Podcast kann auf den <a href=\"https:\/\/podcasters.spotify.com\/pod\/show\/hfr---hpital-fribourgeois\">Plattformen<\/a> Amazon&nbsp;Music, Apple Podcasts und Spotify unter der Rubrik \u00abRendez-vous sant\u00e9 de l\u2019HFR \/ Treffpunkt Gesundheit am HFR\u00bb abgerufen werden und ist in Franz\u00f6sisch verf\u00fcgbar.<\/p>\n<p><strong>Eine engmaschige Versorgung<\/strong><\/p>\n<p>Um die bei Frauen am h\u00e4ufigsten auftretende Krebsart zu behandeln, haben das Daler-Spital und das HFR 2017 gemeinsam das Brustzentrum&nbsp;Freiburg gegr\u00fcndet. Dieses vereint die Expertise zahlreicher Fachgebiete: Brustchirurgie, Radiologie, Onkologie, Radio-Onkologie, Pathologie, Onkogenetik, plastische Wiederherstellungschirurgie, Breast Care Nurse, Nuklearmedizin.<\/p>\n<p>Im Jahr&nbsp;2023 hat das Brustzentrum&nbsp;Freiburg 290&nbsp;Patientinnen behandelt und 263&nbsp;Eingriffe (davon 185&nbsp;Tumorektomien und 78&nbsp;Mastektomien, davon wiederum 15 sofortige Rekonstruktionen) durchgef\u00fchrt. Eine Zufriedenheitsumfrage zeigt, dass 100&nbsp;Prozent der befragten Patientinnen das Brustzentrum Freiburg&nbsp;weiterempfehlen. Den Gesamteindruck bewerten 82&nbsp;Prozent der Befragten mit \u00abhervorragend\u00bb.<\/p>\n<p><a href=\"#_edn1\" name=\"_ednref1\"><\/a><\/p>\n<p><a href=\"#_ednref1\" name=\"_edn1\">[i]<\/a> Quelle: Swiss Cancer Screening<\/p>\n<p><a href=\"#_edn1\" name=\"_ednref1\"><\/a><\/p>\n<\/div><\/div><\/div><\/div><\/div>\n","protected":false},"excerpt":{"rendered":"","protected":false},"author":19,"featured_media":6729,"comment_status":"closed","ping_status":"closed","sticky":false,"template":"","format":"standard","meta":{"footnotes":""},"categories":[2],"tags":[],"class_list":["post-6731","post","type-post","status-publish","format-standard","has-post-thumbnail","hentry","category-unkategorisiert"],"yoast_head":"<!-- This site is optimized with the Yoast SEO plugin v27.5 - https:\/\/yoast.com\/product\/yoast-seo-wordpress\/ -->\n<title>Rosa Oktober - Daler-Spital<\/title>\n<meta name=\"robots\" content=\"index, follow, max-snippet:-1, max-image-preview:large, max-video-preview:-1\" \/>\n<link rel=\"canonical\" href=\"https:\/\/daler.ch\/de\/rosa-oktober\/\" \/>\n<meta property=\"og:locale\" content=\"de_DE\" \/>\n<meta property=\"og:type\" content=\"article\" \/>\n<meta property=\"og:title\" content=\"Rosa Oktober - Daler-Spital\" \/>\n<meta property=\"og:url\" content=\"https:\/\/daler.ch\/de\/rosa-oktober\/\" \/>\n<meta property=\"og:site_name\" content=\"Daler-Spital\" \/>\n<meta property=\"article:published_time\" content=\"2024-10-01T09:36:54+00:00\" \/>\n<meta property=\"article:modified_time\" content=\"2024-10-01T09:51:11+00:00\" \/>\n<meta property=\"og:image\" content=\"https:\/\/daler.ch\/wp-content\/uploads\/2024\/10\/Capture.png\" \/>\n\t<meta property=\"og:image:width\" content=\"1146\" \/>\n\t<meta property=\"og:image:height\" content=\"356\" \/>\n\t<meta property=\"og:image:type\" content=\"image\/png\" \/>\n<meta name=\"author\" content=\"H\u00f4pital Daler\" \/>\n<meta name=\"twitter:card\" content=\"summary_large_image\" \/>\n<meta name=\"twitter:label1\" content=\"Verfasst von\" \/>\n\t<meta name=\"twitter:data1\" content=\"H\u00f4pital Daler\" \/>\n\t<meta name=\"twitter:label2\" content=\"Gesch\u00e4tzte Lesezeit\" \/>\n\t<meta name=\"twitter:data2\" content=\"3\u00a0Minuten\" \/>\n<script type=\"application\/ld+json\" class=\"yoast-schema-graph\">{\"@context\":\"https:\\\/\\\/schema.org\",\"@graph\":[{\"@type\":\"Article\",\"@id\":\"https:\\\/\\\/daler.ch\\\/de\\\/rosa-oktober\\\/#article\",\"isPartOf\":{\"@id\":\"https:\\\/\\\/daler.ch\\\/de\\\/rosa-oktober\\\/\"},\"author\":{\"name\":\"H\u00f4pital Daler\",\"@id\":\"https:\\\/\\\/daler.ch\\\/#\\\/schema\\\/person\\\/c95cd80fb196b450ba5c65c698361177\"},\"headline\":\"Rosa Oktober\",\"datePublished\":\"2024-10-01T09:36:54+00:00\",\"dateModified\":\"2024-10-01T09:51:11+00:00\",\"mainEntityOfPage\":{\"@id\":\"https:\\\/\\\/daler.ch\\\/de\\\/rosa-oktober\\\/\"},\"wordCount\":629,\"image\":{\"@id\":\"https:\\\/\\\/daler.ch\\\/de\\\/rosa-oktober\\\/#primaryimage\"},\"thumbnailUrl\":\"https:\\\/\\\/daler.ch\\\/wp-content\\\/uploads\\\/2024\\\/10\\\/Capture.png\",\"articleSection\":[\"Unkategorisiert\"],\"inLanguage\":\"de\"},{\"@type\":\"WebPage\",\"@id\":\"https:\\\/\\\/daler.ch\\\/de\\\/rosa-oktober\\\/\",\"url\":\"https:\\\/\\\/daler.ch\\\/de\\\/rosa-oktober\\\/\",\"name\":\"Rosa Oktober - Daler-Spital\",\"isPartOf\":{\"@id\":\"https:\\\/\\\/daler.ch\\\/#website\"},\"primaryImageOfPage\":{\"@id\":\"https:\\\/\\\/daler.ch\\\/de\\\/rosa-oktober\\\/#primaryimage\"},\"image\":{\"@id\":\"https:\\\/\\\/daler.ch\\\/de\\\/rosa-oktober\\\/#primaryimage\"},\"thumbnailUrl\":\"https:\\\/\\\/daler.ch\\\/wp-content\\\/uploads\\\/2024\\\/10\\\/Capture.png\",\"datePublished\":\"2024-10-01T09:36:54+00:00\",\"dateModified\":\"2024-10-01T09:51:11+00:00\",\"author\":{\"@id\":\"https:\\\/\\\/daler.ch\\\/#\\\/schema\\\/person\\\/c95cd80fb196b450ba5c65c698361177\"},\"breadcrumb\":{\"@id\":\"https:\\\/\\\/daler.ch\\\/de\\\/rosa-oktober\\\/#breadcrumb\"},\"inLanguage\":\"de\",\"potentialAction\":[{\"@type\":\"ReadAction\",\"target\":[\"https:\\\/\\\/daler.ch\\\/de\\\/rosa-oktober\\\/\"]}]},{\"@type\":\"ImageObject\",\"inLanguage\":\"de\",\"@id\":\"https:\\\/\\\/daler.ch\\\/de\\\/rosa-oktober\\\/#primaryimage\",\"url\":\"https:\\\/\\\/daler.ch\\\/wp-content\\\/uploads\\\/2024\\\/10\\\/Capture.png\",\"contentUrl\":\"https:\\\/\\\/daler.ch\\\/wp-content\\\/uploads\\\/2024\\\/10\\\/Capture.png\",\"width\":1146,\"height\":356},{\"@type\":\"BreadcrumbList\",\"@id\":\"https:\\\/\\\/daler.ch\\\/de\\\/rosa-oktober\\\/#breadcrumb\",\"itemListElement\":[{\"@type\":\"ListItem\",\"position\":1,\"name\":\"Home\",\"item\":\"https:\\\/\\\/daler.ch\\\/de\\\/\"},{\"@type\":\"ListItem\",\"position\":2,\"name\":\"Rosa Oktober\"}]},{\"@type\":\"WebSite\",\"@id\":\"https:\\\/\\\/daler.ch\\\/#website\",\"url\":\"https:\\\/\\\/daler.ch\\\/\",\"name\":\"Daler-Spital\",\"description\":\"Hopital Daler\",\"potentialAction\":[{\"@type\":\"SearchAction\",\"target\":{\"@type\":\"EntryPoint\",\"urlTemplate\":\"https:\\\/\\\/daler.ch\\\/?s={search_term_string}\"},\"query-input\":{\"@type\":\"PropertyValueSpecification\",\"valueRequired\":true,\"valueName\":\"search_term_string\"}}],\"inLanguage\":\"de\"},{\"@type\":\"Person\",\"@id\":\"https:\\\/\\\/daler.ch\\\/#\\\/schema\\\/person\\\/c95cd80fb196b450ba5c65c698361177\",\"name\":\"H\u00f4pital Daler\",\"image\":{\"@type\":\"ImageObject\",\"inLanguage\":\"de\",\"@id\":\"https:\\\/\\\/secure.gravatar.com\\\/avatar\\\/9d7fe3e382138a2c682826ea8c2bedce532c025208dae85273950fcac5ed7771?s=96&d=mm&r=g\",\"url\":\"https:\\\/\\\/secure.gravatar.com\\\/avatar\\\/9d7fe3e382138a2c682826ea8c2bedce532c025208dae85273950fcac5ed7771?s=96&d=mm&r=g\",\"contentUrl\":\"https:\\\/\\\/secure.gravatar.com\\\/avatar\\\/9d7fe3e382138a2c682826ea8c2bedce532c025208dae85273950fcac5ed7771?s=96&d=mm&r=g\",\"caption\":\"H\u00f4pital Daler\"}}]}<\/script>\n<!-- \/ Yoast SEO plugin. -->","yoast_head_json":{"title":"Rosa Oktober - Daler-Spital","robots":{"index":"index","follow":"follow","max-snippet":"max-snippet:-1","max-image-preview":"max-image-preview:large","max-video-preview":"max-video-preview:-1"},"canonical":"https:\/\/daler.ch\/de\/rosa-oktober\/","og_locale":"de_DE","og_type":"article","og_title":"Rosa Oktober - Daler-Spital","og_url":"https:\/\/daler.ch\/de\/rosa-oktober\/","og_site_name":"Daler-Spital","article_published_time":"2024-10-01T09:36:54+00:00","article_modified_time":"2024-10-01T09:51:11+00:00","og_image":[{"width":1146,"height":356,"url":"https:\/\/daler.ch\/wp-content\/uploads\/2024\/10\/Capture.png","type":"image\/png"}],"author":"H\u00f4pital Daler","twitter_card":"summary_large_image","twitter_misc":{"Verfasst von":"H\u00f4pital Daler","Gesch\u00e4tzte Lesezeit":"3\u00a0Minuten"},"schema":{"@context":"https:\/\/schema.org","@graph":[{"@type":"Article","@id":"https:\/\/daler.ch\/de\/rosa-oktober\/#article","isPartOf":{"@id":"https:\/\/daler.ch\/de\/rosa-oktober\/"},"author":{"name":"H\u00f4pital Daler","@id":"https:\/\/daler.ch\/#\/schema\/person\/c95cd80fb196b450ba5c65c698361177"},"headline":"Rosa Oktober","datePublished":"2024-10-01T09:36:54+00:00","dateModified":"2024-10-01T09:51:11+00:00","mainEntityOfPage":{"@id":"https:\/\/daler.ch\/de\/rosa-oktober\/"},"wordCount":629,"image":{"@id":"https:\/\/daler.ch\/de\/rosa-oktober\/#primaryimage"},"thumbnailUrl":"https:\/\/daler.ch\/wp-content\/uploads\/2024\/10\/Capture.png","articleSection":["Unkategorisiert"],"inLanguage":"de"},{"@type":"WebPage","@id":"https:\/\/daler.ch\/de\/rosa-oktober\/","url":"https:\/\/daler.ch\/de\/rosa-oktober\/","name":"Rosa Oktober - Daler-Spital","isPartOf":{"@id":"https:\/\/daler.ch\/#website"},"primaryImageOfPage":{"@id":"https:\/\/daler.ch\/de\/rosa-oktober\/#primaryimage"},"image":{"@id":"https:\/\/daler.ch\/de\/rosa-oktober\/#primaryimage"},"thumbnailUrl":"https:\/\/daler.ch\/wp-content\/uploads\/2024\/10\/Capture.png","datePublished":"2024-10-01T09:36:54+00:00","dateModified":"2024-10-01T09:51:11+00:00","author":{"@id":"https:\/\/daler.ch\/#\/schema\/person\/c95cd80fb196b450ba5c65c698361177"},"breadcrumb":{"@id":"https:\/\/daler.ch\/de\/rosa-oktober\/#breadcrumb"},"inLanguage":"de","potentialAction":[{"@type":"ReadAction","target":["https:\/\/daler.ch\/de\/rosa-oktober\/"]}]},{"@type":"ImageObject","inLanguage":"de","@id":"https:\/\/daler.ch\/de\/rosa-oktober\/#primaryimage","url":"https:\/\/daler.ch\/wp-content\/uploads\/2024\/10\/Capture.png","contentUrl":"https:\/\/daler.ch\/wp-content\/uploads\/2024\/10\/Capture.png","width":1146,"height":356},{"@type":"BreadcrumbList","@id":"https:\/\/daler.ch\/de\/rosa-oktober\/#breadcrumb","itemListElement":[{"@type":"ListItem","position":1,"name":"Home","item":"https:\/\/daler.ch\/de\/"},{"@type":"ListItem","position":2,"name":"Rosa Oktober"}]},{"@type":"WebSite","@id":"https:\/\/daler.ch\/#website","url":"https:\/\/daler.ch\/","name":"Daler-Spital","description":"Hopital Daler","potentialAction":[{"@type":"SearchAction","target":{"@type":"EntryPoint","urlTemplate":"https:\/\/daler.ch\/?s={search_term_string}"},"query-input":{"@type":"PropertyValueSpecification","valueRequired":true,"valueName":"search_term_string"}}],"inLanguage":"de"},{"@type":"Person","@id":"https:\/\/daler.ch\/#\/schema\/person\/c95cd80fb196b450ba5c65c698361177","name":"H\u00f4pital Daler","image":{"@type":"ImageObject","inLanguage":"de","@id":"https:\/\/secure.gravatar.com\/avatar\/9d7fe3e382138a2c682826ea8c2bedce532c025208dae85273950fcac5ed7771?s=96&d=mm&r=g","url":"https:\/\/secure.gravatar.com\/avatar\/9d7fe3e382138a2c682826ea8c2bedce532c025208dae85273950fcac5ed7771?s=96&d=mm&r=g","contentUrl":"https:\/\/secure.gravatar.com\/avatar\/9d7fe3e382138a2c682826ea8c2bedce532c025208dae85273950fcac5ed7771?s=96&d=mm&r=g","caption":"H\u00f4pital Daler"}}]}},"_links":{"self":[{"href":"https:\/\/daler.ch\/de\/wp-json\/wp\/v2\/posts\/6731","targetHints":{"allow":["GET"]}}],"collection":[{"href":"https:\/\/daler.ch\/de\/wp-json\/wp\/v2\/posts"}],"about":[{"href":"https:\/\/daler.ch\/de\/wp-json\/wp\/v2\/types\/post"}],"author":[{"embeddable":true,"href":"https:\/\/daler.ch\/de\/wp-json\/wp\/v2\/users\/19"}],"replies":[{"embeddable":true,"href":"https:\/\/daler.ch\/de\/wp-json\/wp\/v2\/comments?post=6731"}],"version-history":[{"count":3,"href":"https:\/\/daler.ch\/de\/wp-json\/wp\/v2\/posts\/6731\/revisions"}],"predecessor-version":[{"id":6735,"href":"https:\/\/daler.ch\/de\/wp-json\/wp\/v2\/posts\/6731\/revisions\/6735"}],"wp:featuredmedia":[{"embeddable":true,"href":"https:\/\/daler.ch\/de\/wp-json\/wp\/v2\/media\/6729"}],"wp:attachment":[{"href":"https:\/\/daler.ch\/de\/wp-json\/wp\/v2\/media?parent=6731"}],"wp:term":[{"taxonomy":"category","embeddable":true,"href":"https:\/\/daler.ch\/de\/wp-json\/wp\/v2\/categories?post=6731"},{"taxonomy":"post_tag","embeddable":true,"href":"https:\/\/daler.ch\/de\/wp-json\/wp\/v2\/tags?post=6731"}],"curies":[{"name":"wp","href":"https:\/\/api.w.org\/{rel}","templated":true}]}}