{"id":7366,"date":"2025-10-02T09:48:24","date_gmt":"2025-10-02T07:48:24","guid":{"rendered":"https:\/\/daler.ch\/?p=7366"},"modified":"2025-10-02T09:48:24","modified_gmt":"2025-10-02T07:48:24","slug":"rosa-oktober-2","status":"publish","type":"post","link":"https:\/\/daler.ch\/de\/rosa-oktober-2\/","title":{"rendered":"Rosa Oktober"},"content":{"rendered":"<div class=\"fusion-fullwidth fullwidth-box fusion-builder-row-1 fusion-flex-container nonhundred-percent-fullwidth non-hundred-percent-height-scrolling\" style=\"--awb-border-radius-top-left:0px;--awb-border-radius-top-right:0px;--awb-border-radius-bottom-right:0px;--awb-border-radius-bottom-left:0px;--awb-flex-wrap:wrap;\" ><div class=\"fusion-builder-row fusion-row fusion-flex-align-items-flex-start fusion-flex-content-wrap\" style=\"max-width:1144px;margin-left: calc(-4% \/ 2 );margin-right: calc(-4% \/ 2 );\"><div class=\"fusion-layout-column fusion_builder_column fusion-builder-column-0 fusion_builder_column_1_1 1_1 fusion-flex-column\" style=\"--awb-bg-blend:overlay;--awb-bg-size:cover;--awb-width-large:100%;--awb-margin-top-large:0px;--awb-spacing-right-large:1.92%;--awb-margin-bottom-large:0px;--awb-spacing-left-large:1.92%;--awb-width-medium:100%;--awb-spacing-right-medium:1.92%;--awb-spacing-left-medium:1.92%;--awb-width-small:100%;--awb-spacing-right-small:1.92%;--awb-spacing-left-small:1.92%;\"><div class=\"fusion-column-wrapper fusion-flex-justify-content-flex-start fusion-content-layout-column\"><div class=\"fusion-text fusion-text-1\"><p><strong>Onkologische Rehabilitation &#8211; Begleitung auf dem Weg zur Heilung<\/strong><\/p>\n<p>Die j\u00e4hrliche Kampagne Brustkrebsmonats Oktober, deren Symbol ein rosa Band ist, soll Frauen f\u00fcr die Brustkrebsvorsorge sensibilisieren. Um sie zu bek\u00e4mpfen, haben das Daler-Spital und das HFR das Brustzentrum Freiburg gegr\u00fcndet. Das angestrebte Ziel ist es, die koordinierte Pflege und individuelle Betreuung jeder Patientin \u2013 rund 300 pro Jahr \u2013 sicherzustellen.<\/p>\n<p><strong>Im diesj\u00e4hrigen Brustkrebsmonat Oktober steht insbesondere das Programm Onkologische Rehabilitation im Fokus, das Brustkrebspatientinnen auf ihrem Weg zur Genesung begleitet. Es sind mehrere Anl\u00e4sse geplant, darunter die Teilnahme der Brustkrebspatientinnen am traditionsreichen Murtenlauf, begleitet von Spielerinnen des Freiburger Basketballteams Elfic. Am Tag nach dem sportlichen Ereignis findet ein Publikumsvortrag statt, der \u00fcber das Programm Onkologische Rehabilitation und \u00fcber die Vorteile f\u00fcr die Patientinnen, die vom Brustzentrum Freiburg betreut werden, informiert.<\/strong><\/p>\n<p><a href=\"#_edn1\" name=\"_ednref1\"><\/a>Medienmitteilung lesen : <a href=\"https:\/\/daler.ch\/cp-octobre-rose_de\/\" rel=\"attachment wp-att-7367\">CP Octobre rose_DE<\/a><\/p>\n<p>Publikumsvortrag, Montag 6. Oktober 2025 um 19 Uhr :\u00a0<a href=\"https:\/\/www.centre-du-sein-fribourg.ch\/de\/blog\/tatigkeit-1\/onkologische-rehabilitation-begleitung-auf-dem-weg-zur-heilung-42\">https:\/\/www.centre-du-sein-fribourg.ch\/de\/blog\/tatigkeit-1\/onkologische-rehabilitation-begleitung-auf-dem-weg-zur-heilung-42<\/a><\/p>\n<\/div><\/div><\/div><\/div><\/div>\n","protected":false},"excerpt":{"rendered":"","protected":false},"author":19,"featured_media":7361,"comment_status":"closed","ping_status":"closed","sticky":false,"template":"","format":"standard","meta":{"footnotes":""},"categories":[2],"tags":[],"class_list":["post-7366","post","type-post","status-publish","format-standard","has-post-thumbnail","hentry","category-unkategorisiert"],"yoast_head":"<!-- This site is optimized with the Yoast SEO plugin v27.5 - https:\/\/yoast.com\/product\/yoast-seo-wordpress\/ -->\n<title>Rosa Oktober - Daler-Spital<\/title>\n<meta name=\"robots\" content=\"index, follow, max-snippet:-1, max-image-preview:large, max-video-preview:-1\" \/>\n<link rel=\"canonical\" href=\"https:\/\/daler.ch\/de\/rosa-oktober-2\/\" \/>\n<meta property=\"og:locale\" content=\"de_DE\" \/>\n<meta property=\"og:type\" content=\"article\" \/>\n<meta property=\"og:title\" content=\"Rosa Oktober - Daler-Spital\" \/>\n<meta property=\"og:url\" content=\"https:\/\/daler.ch\/de\/rosa-oktober-2\/\" \/>\n<meta property=\"og:site_name\" content=\"Daler-Spital\" \/>\n<meta property=\"article:published_time\" content=\"2025-10-02T07:48:24+00:00\" \/>\n<meta property=\"og:image\" content=\"https:\/\/daler.ch\/wp-content\/uploads\/2025\/09\/Photo-ruban.jpg\" \/>\n\t<meta property=\"og:image:width\" content=\"1835\" \/>\n\t<meta property=\"og:image:height\" content=\"617\" \/>\n\t<meta property=\"og:image:type\" content=\"image\/jpeg\" \/>\n<meta name=\"author\" content=\"H\u00f4pital Daler\" \/>\n<meta name=\"twitter:card\" content=\"summary_large_image\" \/>\n<meta name=\"twitter:label1\" content=\"Verfasst von\" \/>\n\t<meta name=\"twitter:data1\" content=\"H\u00f4pital Daler\" \/>\n\t<meta name=\"twitter:label2\" content=\"Gesch\u00e4tzte Lesezeit\" \/>\n\t<meta name=\"twitter:data2\" content=\"1\u00a0Minute\" \/>\n<script type=\"application\/ld+json\" class=\"yoast-schema-graph\">{\"@context\":\"https:\\\/\\\/schema.org\",\"@graph\":[{\"@type\":\"Article\",\"@id\":\"https:\\\/\\\/daler.ch\\\/de\\\/rosa-oktober-2\\\/#article\",\"isPartOf\":{\"@id\":\"https:\\\/\\\/daler.ch\\\/de\\\/rosa-oktober-2\\\/\"},\"author\":{\"name\":\"H\u00f4pital Daler\",\"@id\":\"https:\\\/\\\/daler.ch\\\/#\\\/schema\\\/person\\\/c95cd80fb196b450ba5c65c698361177\"},\"headline\":\"Rosa Oktober\",\"datePublished\":\"2025-10-02T07:48:24+00:00\",\"mainEntityOfPage\":{\"@id\":\"https:\\\/\\\/daler.ch\\\/de\\\/rosa-oktober-2\\\/\"},\"wordCount\":349,\"image\":{\"@id\":\"https:\\\/\\\/daler.ch\\\/de\\\/rosa-oktober-2\\\/#primaryimage\"},\"thumbnailUrl\":\"https:\\\/\\\/daler.ch\\\/wp-content\\\/uploads\\\/2025\\\/09\\\/Photo-ruban.jpg\",\"articleSection\":[\"Unkategorisiert\"],\"inLanguage\":\"de\"},{\"@type\":\"WebPage\",\"@id\":\"https:\\\/\\\/daler.ch\\\/de\\\/rosa-oktober-2\\\/\",\"url\":\"https:\\\/\\\/daler.ch\\\/de\\\/rosa-oktober-2\\\/\",\"name\":\"Rosa Oktober - Daler-Spital\",\"isPartOf\":{\"@id\":\"https:\\\/\\\/daler.ch\\\/#website\"},\"primaryImageOfPage\":{\"@id\":\"https:\\\/\\\/daler.ch\\\/de\\\/rosa-oktober-2\\\/#primaryimage\"},\"image\":{\"@id\":\"https:\\\/\\\/daler.ch\\\/de\\\/rosa-oktober-2\\\/#primaryimage\"},\"thumbnailUrl\":\"https:\\\/\\\/daler.ch\\\/wp-content\\\/uploads\\\/2025\\\/09\\\/Photo-ruban.jpg\",\"datePublished\":\"2025-10-02T07:48:24+00:00\",\"author\":{\"@id\":\"https:\\\/\\\/daler.ch\\\/#\\\/schema\\\/person\\\/c95cd80fb196b450ba5c65c698361177\"},\"breadcrumb\":{\"@id\":\"https:\\\/\\\/daler.ch\\\/de\\\/rosa-oktober-2\\\/#breadcrumb\"},\"inLanguage\":\"de\",\"potentialAction\":[{\"@type\":\"ReadAction\",\"target\":[\"https:\\\/\\\/daler.ch\\\/de\\\/rosa-oktober-2\\\/\"]}]},{\"@type\":\"ImageObject\",\"inLanguage\":\"de\",\"@id\":\"https:\\\/\\\/daler.ch\\\/de\\\/rosa-oktober-2\\\/#primaryimage\",\"url\":\"https:\\\/\\\/daler.ch\\\/wp-content\\\/uploads\\\/2025\\\/09\\\/Photo-ruban.jpg\",\"contentUrl\":\"https:\\\/\\\/daler.ch\\\/wp-content\\\/uploads\\\/2025\\\/09\\\/Photo-ruban.jpg\",\"width\":1835,\"height\":617,\"caption\":\"Design sans titre - 1\"},{\"@type\":\"BreadcrumbList\",\"@id\":\"https:\\\/\\\/daler.ch\\\/de\\\/rosa-oktober-2\\\/#breadcrumb\",\"itemListElement\":[{\"@type\":\"ListItem\",\"position\":1,\"name\":\"Home\",\"item\":\"https:\\\/\\\/daler.ch\\\/de\\\/\"},{\"@type\":\"ListItem\",\"position\":2,\"name\":\"Rosa Oktober\"}]},{\"@type\":\"WebSite\",\"@id\":\"https:\\\/\\\/daler.ch\\\/#website\",\"url\":\"https:\\\/\\\/daler.ch\\\/\",\"name\":\"Daler-Spital\",\"description\":\"Hopital Daler\",\"potentialAction\":[{\"@type\":\"SearchAction\",\"target\":{\"@type\":\"EntryPoint\",\"urlTemplate\":\"https:\\\/\\\/daler.ch\\\/?s={search_term_string}\"},\"query-input\":{\"@type\":\"PropertyValueSpecification\",\"valueRequired\":true,\"valueName\":\"search_term_string\"}}],\"inLanguage\":\"de\"},{\"@type\":\"Person\",\"@id\":\"https:\\\/\\\/daler.ch\\\/#\\\/schema\\\/person\\\/c95cd80fb196b450ba5c65c698361177\",\"name\":\"H\u00f4pital Daler\",\"image\":{\"@type\":\"ImageObject\",\"inLanguage\":\"de\",\"@id\":\"https:\\\/\\\/secure.gravatar.com\\\/avatar\\\/9d7fe3e382138a2c682826ea8c2bedce532c025208dae85273950fcac5ed7771?s=96&d=mm&r=g\",\"url\":\"https:\\\/\\\/secure.gravatar.com\\\/avatar\\\/9d7fe3e382138a2c682826ea8c2bedce532c025208dae85273950fcac5ed7771?s=96&d=mm&r=g\",\"contentUrl\":\"https:\\\/\\\/secure.gravatar.com\\\/avatar\\\/9d7fe3e382138a2c682826ea8c2bedce532c025208dae85273950fcac5ed7771?s=96&d=mm&r=g\",\"caption\":\"H\u00f4pital Daler\"}}]}<\/script>\n<!-- \/ Yoast SEO plugin. -->","yoast_head_json":{"title":"Rosa Oktober - Daler-Spital","robots":{"index":"index","follow":"follow","max-snippet":"max-snippet:-1","max-image-preview":"max-image-preview:large","max-video-preview":"max-video-preview:-1"},"canonical":"https:\/\/daler.ch\/de\/rosa-oktober-2\/","og_locale":"de_DE","og_type":"article","og_title":"Rosa Oktober - Daler-Spital","og_url":"https:\/\/daler.ch\/de\/rosa-oktober-2\/","og_site_name":"Daler-Spital","article_published_time":"2025-10-02T07:48:24+00:00","og_image":[{"width":1835,"height":617,"url":"https:\/\/daler.ch\/wp-content\/uploads\/2025\/09\/Photo-ruban.jpg","type":"image\/jpeg"}],"author":"H\u00f4pital Daler","twitter_card":"summary_large_image","twitter_misc":{"Verfasst von":"H\u00f4pital Daler","Gesch\u00e4tzte Lesezeit":"1\u00a0Minute"},"schema":{"@context":"https:\/\/schema.org","@graph":[{"@type":"Article","@id":"https:\/\/daler.ch\/de\/rosa-oktober-2\/#article","isPartOf":{"@id":"https:\/\/daler.ch\/de\/rosa-oktober-2\/"},"author":{"name":"H\u00f4pital Daler","@id":"https:\/\/daler.ch\/#\/schema\/person\/c95cd80fb196b450ba5c65c698361177"},"headline":"Rosa Oktober","datePublished":"2025-10-02T07:48:24+00:00","mainEntityOfPage":{"@id":"https:\/\/daler.ch\/de\/rosa-oktober-2\/"},"wordCount":349,"image":{"@id":"https:\/\/daler.ch\/de\/rosa-oktober-2\/#primaryimage"},"thumbnailUrl":"https:\/\/daler.ch\/wp-content\/uploads\/2025\/09\/Photo-ruban.jpg","articleSection":["Unkategorisiert"],"inLanguage":"de"},{"@type":"WebPage","@id":"https:\/\/daler.ch\/de\/rosa-oktober-2\/","url":"https:\/\/daler.ch\/de\/rosa-oktober-2\/","name":"Rosa Oktober - Daler-Spital","isPartOf":{"@id":"https:\/\/daler.ch\/#website"},"primaryImageOfPage":{"@id":"https:\/\/daler.ch\/de\/rosa-oktober-2\/#primaryimage"},"image":{"@id":"https:\/\/daler.ch\/de\/rosa-oktober-2\/#primaryimage"},"thumbnailUrl":"https:\/\/daler.ch\/wp-content\/uploads\/2025\/09\/Photo-ruban.jpg","datePublished":"2025-10-02T07:48:24+00:00","author":{"@id":"https:\/\/daler.ch\/#\/schema\/person\/c95cd80fb196b450ba5c65c698361177"},"breadcrumb":{"@id":"https:\/\/daler.ch\/de\/rosa-oktober-2\/#breadcrumb"},"inLanguage":"de","potentialAction":[{"@type":"ReadAction","target":["https:\/\/daler.ch\/de\/rosa-oktober-2\/"]}]},{"@type":"ImageObject","inLanguage":"de","@id":"https:\/\/daler.ch\/de\/rosa-oktober-2\/#primaryimage","url":"https:\/\/daler.ch\/wp-content\/uploads\/2025\/09\/Photo-ruban.jpg","contentUrl":"https:\/\/daler.ch\/wp-content\/uploads\/2025\/09\/Photo-ruban.jpg","width":1835,"height":617,"caption":"Design sans titre - 1"},{"@type":"BreadcrumbList","@id":"https:\/\/daler.ch\/de\/rosa-oktober-2\/#breadcrumb","itemListElement":[{"@type":"ListItem","position":1,"name":"Home","item":"https:\/\/daler.ch\/de\/"},{"@type":"ListItem","position":2,"name":"Rosa Oktober"}]},{"@type":"WebSite","@id":"https:\/\/daler.ch\/#website","url":"https:\/\/daler.ch\/","name":"Daler-Spital","description":"Hopital Daler","potentialAction":[{"@type":"SearchAction","target":{"@type":"EntryPoint","urlTemplate":"https:\/\/daler.ch\/?s={search_term_string}"},"query-input":{"@type":"PropertyValueSpecification","valueRequired":true,"valueName":"search_term_string"}}],"inLanguage":"de"},{"@type":"Person","@id":"https:\/\/daler.ch\/#\/schema\/person\/c95cd80fb196b450ba5c65c698361177","name":"H\u00f4pital Daler","image":{"@type":"ImageObject","inLanguage":"de","@id":"https:\/\/secure.gravatar.com\/avatar\/9d7fe3e382138a2c682826ea8c2bedce532c025208dae85273950fcac5ed7771?s=96&d=mm&r=g","url":"https:\/\/secure.gravatar.com\/avatar\/9d7fe3e382138a2c682826ea8c2bedce532c025208dae85273950fcac5ed7771?s=96&d=mm&r=g","contentUrl":"https:\/\/secure.gravatar.com\/avatar\/9d7fe3e382138a2c682826ea8c2bedce532c025208dae85273950fcac5ed7771?s=96&d=mm&r=g","caption":"H\u00f4pital Daler"}}]}},"_links":{"self":[{"href":"https:\/\/daler.ch\/de\/wp-json\/wp\/v2\/posts\/7366","targetHints":{"allow":["GET"]}}],"collection":[{"href":"https:\/\/daler.ch\/de\/wp-json\/wp\/v2\/posts"}],"about":[{"href":"https:\/\/daler.ch\/de\/wp-json\/wp\/v2\/types\/post"}],"author":[{"embeddable":true,"href":"https:\/\/daler.ch\/de\/wp-json\/wp\/v2\/users\/19"}],"replies":[{"embeddable":true,"href":"https:\/\/daler.ch\/de\/wp-json\/wp\/v2\/comments?post=7366"}],"version-history":[{"count":1,"href":"https:\/\/daler.ch\/de\/wp-json\/wp\/v2\/posts\/7366\/revisions"}],"predecessor-version":[{"id":7369,"href":"https:\/\/daler.ch\/de\/wp-json\/wp\/v2\/posts\/7366\/revisions\/7369"}],"wp:featuredmedia":[{"embeddable":true,"href":"https:\/\/daler.ch\/de\/wp-json\/wp\/v2\/media\/7361"}],"wp:attachment":[{"href":"https:\/\/daler.ch\/de\/wp-json\/wp\/v2\/media?parent=7366"}],"wp:term":[{"taxonomy":"category","embeddable":true,"href":"https:\/\/daler.ch\/de\/wp-json\/wp\/v2\/categories?post=7366"},{"taxonomy":"post_tag","embeddable":true,"href":"https:\/\/daler.ch\/de\/wp-json\/wp\/v2\/tags?post=7366"}],"curies":[{"name":"wp","href":"https:\/\/api.w.org\/{rel}","templated":true}]}}