{"id":7399,"date":"2025-10-27T13:22:30","date_gmt":"2025-10-27T12:22:30","guid":{"rendered":"https:\/\/daler.ch\/?p=7399"},"modified":"2025-10-27T13:49:14","modified_gmt":"2025-10-27T12:49:14","slug":"movember-3","status":"publish","type":"post","link":"https:\/\/daler.ch\/de\/movember-3\/","title":{"rendered":"Movember"},"content":{"rendered":"<h2>Nuklearmedizin und psychische Gesundheit bei Prostatakrebs<\/h2>\n<p>Jeder achte Mann erkrankt im Laufe seines Lebens an Prostatakrebs. Mit schweizweit j\u00e4hrlich \u00fcber 7400 neu registrierten F\u00e4llen (rund 200 davon im Kanton Freiburg) handelt es sich um die h\u00e4ufigste Krebserkrankung bei M\u00e4nnern. Prostatakrebs geh\u00f6rt zu den Krebsarten mit den besten Heilungschancen, insbesondere dank den Diagnoseverfahren und wirksamen Therapien. Dennoch k\u00f6nnen eine Krebsdiagnose und die damit einhergehende Behandlung das Leben der Patienten und ihrer Angeh\u00f6rigen gewaltig auf den Kopf stellen.<\/p>\n<p><strong>Im Aktionsmonat Movember organisiert das Prostatazentrum Freiburg einen Publikumsvortrag, um die Bev\u00f6lkerung f\u00fcr die in der Nuklearmedizin erzielten Fortschritte und die psychischen Auswirkungen von Prostatakrebs zu sensibilisieren. Die Veranstaltung, mit dem Titel \u00abProstatakrebs: Nuklearmedizin und Psychoonkologie im Dienste der Patienten\u00bb, findet am Mittwoch, 12. November 2025 im HFR Tafers statt.<\/strong><\/p>\n<p>Medienmitteilung und flyer :\u00a0<a href=\"https:\/\/www.centre-de-la-prostate-fribourg.ch\/de\/blog\/tatigkeit-2\/movember-2025-nuklearmedizin-und-psychische-gesundheit-bei-prostatakrebs-11\" target=\"_blank\" rel=\"noopener\">Website Prostatazentrum Freiburg<\/a><\/p>\n","protected":false},"excerpt":{"rendered":"<p>Nuklearmedizin und psychische Gesundheit bei Prostatakrebs Jeder achte Mann erkrankt im Laufe seines Lebens an Prostatakrebs. Mit schweizweit j\u00e4hrlich \u00fcber 7400 neu registrierten F\u00e4llen (rund 200 davon im Kanton Freiburg) handelt es sich um die h\u00e4ufigste Krebserkrankung bei M\u00e4nnern. Prostatakrebs [&hellip;]<\/p>\n","protected":false},"author":19,"featured_media":4684,"comment_status":"closed","ping_status":"closed","sticky":false,"template":"","format":"standard","meta":{"footnotes":""},"categories":[2],"tags":[],"class_list":["post-7399","post","type-post","status-publish","format-standard","has-post-thumbnail","hentry","category-unkategorisiert"],"yoast_head":"<!-- This site is optimized with the Yoast SEO plugin v27.5 - https:\/\/yoast.com\/product\/yoast-seo-wordpress\/ -->\n<title>Movember - Daler-Spital<\/title>\n<meta name=\"robots\" content=\"index, follow, max-snippet:-1, max-image-preview:large, max-video-preview:-1\" \/>\n<link rel=\"canonical\" href=\"https:\/\/daler.ch\/de\/movember-3\/\" \/>\n<meta property=\"og:locale\" content=\"de_DE\" \/>\n<meta property=\"og:type\" content=\"article\" \/>\n<meta property=\"og:title\" content=\"Movember - Daler-Spital\" \/>\n<meta property=\"og:description\" content=\"Nuklearmedizin und psychische Gesundheit bei Prostatakrebs Jeder achte Mann erkrankt im Laufe seines Lebens an Prostatakrebs. Mit schweizweit j\u00e4hrlich \u00fcber 7400 neu registrierten F\u00e4llen (rund 200 davon im Kanton Freiburg) handelt es sich um die h\u00e4ufigste Krebserkrankung bei M\u00e4nnern. Prostatakrebs [&hellip;]\" \/>\n<meta property=\"og:url\" content=\"https:\/\/daler.ch\/de\/movember-3\/\" \/>\n<meta property=\"og:site_name\" content=\"Daler-Spital\" \/>\n<meta property=\"article:published_time\" content=\"2025-10-27T12:22:30+00:00\" \/>\n<meta property=\"article:modified_time\" content=\"2025-10-27T12:49:14+00:00\" \/>\n<meta property=\"og:image\" content=\"https:\/\/daler.ch\/wp-content\/uploads\/2021\/11\/Novembre-bleu-bandeau-site-neutre.png\" \/>\n\t<meta property=\"og:image:width\" content=\"2419\" \/>\n\t<meta property=\"og:image:height\" content=\"756\" \/>\n\t<meta property=\"og:image:type\" content=\"image\/png\" \/>\n<meta name=\"author\" content=\"H\u00f4pital Daler\" \/>\n<meta name=\"twitter:card\" content=\"summary_large_image\" \/>\n<meta name=\"twitter:label1\" content=\"Verfasst von\" \/>\n\t<meta name=\"twitter:data1\" content=\"H\u00f4pital Daler\" \/>\n\t<meta name=\"twitter:label2\" content=\"Gesch\u00e4tzte Lesezeit\" \/>\n\t<meta name=\"twitter:data2\" content=\"1\u00a0Minute\" \/>\n<script type=\"application\/ld+json\" class=\"yoast-schema-graph\">{\"@context\":\"https:\\\/\\\/schema.org\",\"@graph\":[{\"@type\":\"Article\",\"@id\":\"https:\\\/\\\/daler.ch\\\/de\\\/movember-3\\\/#article\",\"isPartOf\":{\"@id\":\"https:\\\/\\\/daler.ch\\\/de\\\/movember-3\\\/\"},\"author\":{\"name\":\"H\u00f4pital Daler\",\"@id\":\"https:\\\/\\\/daler.ch\\\/#\\\/schema\\\/person\\\/c95cd80fb196b450ba5c65c698361177\"},\"headline\":\"Movember\",\"datePublished\":\"2025-10-27T12:22:30+00:00\",\"dateModified\":\"2025-10-27T12:49:14+00:00\",\"mainEntityOfPage\":{\"@id\":\"https:\\\/\\\/daler.ch\\\/de\\\/movember-3\\\/\"},\"wordCount\":138,\"image\":{\"@id\":\"https:\\\/\\\/daler.ch\\\/de\\\/movember-3\\\/#primaryimage\"},\"thumbnailUrl\":\"https:\\\/\\\/daler.ch\\\/wp-content\\\/uploads\\\/2021\\\/11\\\/Novembre-bleu-bandeau-site-neutre.png\",\"articleSection\":[\"Unkategorisiert\"],\"inLanguage\":\"de\"},{\"@type\":\"WebPage\",\"@id\":\"https:\\\/\\\/daler.ch\\\/de\\\/movember-3\\\/\",\"url\":\"https:\\\/\\\/daler.ch\\\/de\\\/movember-3\\\/\",\"name\":\"Movember - Daler-Spital\",\"isPartOf\":{\"@id\":\"https:\\\/\\\/daler.ch\\\/#website\"},\"primaryImageOfPage\":{\"@id\":\"https:\\\/\\\/daler.ch\\\/de\\\/movember-3\\\/#primaryimage\"},\"image\":{\"@id\":\"https:\\\/\\\/daler.ch\\\/de\\\/movember-3\\\/#primaryimage\"},\"thumbnailUrl\":\"https:\\\/\\\/daler.ch\\\/wp-content\\\/uploads\\\/2021\\\/11\\\/Novembre-bleu-bandeau-site-neutre.png\",\"datePublished\":\"2025-10-27T12:22:30+00:00\",\"dateModified\":\"2025-10-27T12:49:14+00:00\",\"author\":{\"@id\":\"https:\\\/\\\/daler.ch\\\/#\\\/schema\\\/person\\\/c95cd80fb196b450ba5c65c698361177\"},\"breadcrumb\":{\"@id\":\"https:\\\/\\\/daler.ch\\\/de\\\/movember-3\\\/#breadcrumb\"},\"inLanguage\":\"de\",\"potentialAction\":[{\"@type\":\"ReadAction\",\"target\":[\"https:\\\/\\\/daler.ch\\\/de\\\/movember-3\\\/\"]}]},{\"@type\":\"ImageObject\",\"inLanguage\":\"de\",\"@id\":\"https:\\\/\\\/daler.ch\\\/de\\\/movember-3\\\/#primaryimage\",\"url\":\"https:\\\/\\\/daler.ch\\\/wp-content\\\/uploads\\\/2021\\\/11\\\/Novembre-bleu-bandeau-site-neutre.png\",\"contentUrl\":\"https:\\\/\\\/daler.ch\\\/wp-content\\\/uploads\\\/2021\\\/11\\\/Novembre-bleu-bandeau-site-neutre.png\",\"width\":2419,\"height\":756},{\"@type\":\"BreadcrumbList\",\"@id\":\"https:\\\/\\\/daler.ch\\\/de\\\/movember-3\\\/#breadcrumb\",\"itemListElement\":[{\"@type\":\"ListItem\",\"position\":1,\"name\":\"Home\",\"item\":\"https:\\\/\\\/daler.ch\\\/de\\\/\"},{\"@type\":\"ListItem\",\"position\":2,\"name\":\"Movember\"}]},{\"@type\":\"WebSite\",\"@id\":\"https:\\\/\\\/daler.ch\\\/#website\",\"url\":\"https:\\\/\\\/daler.ch\\\/\",\"name\":\"Daler-Spital\",\"description\":\"Hopital Daler\",\"potentialAction\":[{\"@type\":\"SearchAction\",\"target\":{\"@type\":\"EntryPoint\",\"urlTemplate\":\"https:\\\/\\\/daler.ch\\\/?s={search_term_string}\"},\"query-input\":{\"@type\":\"PropertyValueSpecification\",\"valueRequired\":true,\"valueName\":\"search_term_string\"}}],\"inLanguage\":\"de\"},{\"@type\":\"Person\",\"@id\":\"https:\\\/\\\/daler.ch\\\/#\\\/schema\\\/person\\\/c95cd80fb196b450ba5c65c698361177\",\"name\":\"H\u00f4pital Daler\",\"image\":{\"@type\":\"ImageObject\",\"inLanguage\":\"de\",\"@id\":\"https:\\\/\\\/secure.gravatar.com\\\/avatar\\\/9d7fe3e382138a2c682826ea8c2bedce532c025208dae85273950fcac5ed7771?s=96&d=mm&r=g\",\"url\":\"https:\\\/\\\/secure.gravatar.com\\\/avatar\\\/9d7fe3e382138a2c682826ea8c2bedce532c025208dae85273950fcac5ed7771?s=96&d=mm&r=g\",\"contentUrl\":\"https:\\\/\\\/secure.gravatar.com\\\/avatar\\\/9d7fe3e382138a2c682826ea8c2bedce532c025208dae85273950fcac5ed7771?s=96&d=mm&r=g\",\"caption\":\"H\u00f4pital Daler\"}}]}<\/script>\n<!-- \/ Yoast SEO plugin. -->","yoast_head_json":{"title":"Movember - Daler-Spital","robots":{"index":"index","follow":"follow","max-snippet":"max-snippet:-1","max-image-preview":"max-image-preview:large","max-video-preview":"max-video-preview:-1"},"canonical":"https:\/\/daler.ch\/de\/movember-3\/","og_locale":"de_DE","og_type":"article","og_title":"Movember - Daler-Spital","og_description":"Nuklearmedizin und psychische Gesundheit bei Prostatakrebs Jeder achte Mann erkrankt im Laufe seines Lebens an Prostatakrebs. Mit schweizweit j\u00e4hrlich \u00fcber 7400 neu registrierten F\u00e4llen (rund 200 davon im Kanton Freiburg) handelt es sich um die h\u00e4ufigste Krebserkrankung bei M\u00e4nnern. Prostatakrebs [&hellip;]","og_url":"https:\/\/daler.ch\/de\/movember-3\/","og_site_name":"Daler-Spital","article_published_time":"2025-10-27T12:22:30+00:00","article_modified_time":"2025-10-27T12:49:14+00:00","og_image":[{"width":2419,"height":756,"url":"https:\/\/daler.ch\/wp-content\/uploads\/2021\/11\/Novembre-bleu-bandeau-site-neutre.png","type":"image\/png"}],"author":"H\u00f4pital Daler","twitter_card":"summary_large_image","twitter_misc":{"Verfasst von":"H\u00f4pital Daler","Gesch\u00e4tzte Lesezeit":"1\u00a0Minute"},"schema":{"@context":"https:\/\/schema.org","@graph":[{"@type":"Article","@id":"https:\/\/daler.ch\/de\/movember-3\/#article","isPartOf":{"@id":"https:\/\/daler.ch\/de\/movember-3\/"},"author":{"name":"H\u00f4pital Daler","@id":"https:\/\/daler.ch\/#\/schema\/person\/c95cd80fb196b450ba5c65c698361177"},"headline":"Movember","datePublished":"2025-10-27T12:22:30+00:00","dateModified":"2025-10-27T12:49:14+00:00","mainEntityOfPage":{"@id":"https:\/\/daler.ch\/de\/movember-3\/"},"wordCount":138,"image":{"@id":"https:\/\/daler.ch\/de\/movember-3\/#primaryimage"},"thumbnailUrl":"https:\/\/daler.ch\/wp-content\/uploads\/2021\/11\/Novembre-bleu-bandeau-site-neutre.png","articleSection":["Unkategorisiert"],"inLanguage":"de"},{"@type":"WebPage","@id":"https:\/\/daler.ch\/de\/movember-3\/","url":"https:\/\/daler.ch\/de\/movember-3\/","name":"Movember - Daler-Spital","isPartOf":{"@id":"https:\/\/daler.ch\/#website"},"primaryImageOfPage":{"@id":"https:\/\/daler.ch\/de\/movember-3\/#primaryimage"},"image":{"@id":"https:\/\/daler.ch\/de\/movember-3\/#primaryimage"},"thumbnailUrl":"https:\/\/daler.ch\/wp-content\/uploads\/2021\/11\/Novembre-bleu-bandeau-site-neutre.png","datePublished":"2025-10-27T12:22:30+00:00","dateModified":"2025-10-27T12:49:14+00:00","author":{"@id":"https:\/\/daler.ch\/#\/schema\/person\/c95cd80fb196b450ba5c65c698361177"},"breadcrumb":{"@id":"https:\/\/daler.ch\/de\/movember-3\/#breadcrumb"},"inLanguage":"de","potentialAction":[{"@type":"ReadAction","target":["https:\/\/daler.ch\/de\/movember-3\/"]}]},{"@type":"ImageObject","inLanguage":"de","@id":"https:\/\/daler.ch\/de\/movember-3\/#primaryimage","url":"https:\/\/daler.ch\/wp-content\/uploads\/2021\/11\/Novembre-bleu-bandeau-site-neutre.png","contentUrl":"https:\/\/daler.ch\/wp-content\/uploads\/2021\/11\/Novembre-bleu-bandeau-site-neutre.png","width":2419,"height":756},{"@type":"BreadcrumbList","@id":"https:\/\/daler.ch\/de\/movember-3\/#breadcrumb","itemListElement":[{"@type":"ListItem","position":1,"name":"Home","item":"https:\/\/daler.ch\/de\/"},{"@type":"ListItem","position":2,"name":"Movember"}]},{"@type":"WebSite","@id":"https:\/\/daler.ch\/#website","url":"https:\/\/daler.ch\/","name":"Daler-Spital","description":"Hopital Daler","potentialAction":[{"@type":"SearchAction","target":{"@type":"EntryPoint","urlTemplate":"https:\/\/daler.ch\/?s={search_term_string}"},"query-input":{"@type":"PropertyValueSpecification","valueRequired":true,"valueName":"search_term_string"}}],"inLanguage":"de"},{"@type":"Person","@id":"https:\/\/daler.ch\/#\/schema\/person\/c95cd80fb196b450ba5c65c698361177","name":"H\u00f4pital Daler","image":{"@type":"ImageObject","inLanguage":"de","@id":"https:\/\/secure.gravatar.com\/avatar\/9d7fe3e382138a2c682826ea8c2bedce532c025208dae85273950fcac5ed7771?s=96&d=mm&r=g","url":"https:\/\/secure.gravatar.com\/avatar\/9d7fe3e382138a2c682826ea8c2bedce532c025208dae85273950fcac5ed7771?s=96&d=mm&r=g","contentUrl":"https:\/\/secure.gravatar.com\/avatar\/9d7fe3e382138a2c682826ea8c2bedce532c025208dae85273950fcac5ed7771?s=96&d=mm&r=g","caption":"H\u00f4pital Daler"}}]}},"_links":{"self":[{"href":"https:\/\/daler.ch\/de\/wp-json\/wp\/v2\/posts\/7399","targetHints":{"allow":["GET"]}}],"collection":[{"href":"https:\/\/daler.ch\/de\/wp-json\/wp\/v2\/posts"}],"about":[{"href":"https:\/\/daler.ch\/de\/wp-json\/wp\/v2\/types\/post"}],"author":[{"embeddable":true,"href":"https:\/\/daler.ch\/de\/wp-json\/wp\/v2\/users\/19"}],"replies":[{"embeddable":true,"href":"https:\/\/daler.ch\/de\/wp-json\/wp\/v2\/comments?post=7399"}],"version-history":[{"count":5,"href":"https:\/\/daler.ch\/de\/wp-json\/wp\/v2\/posts\/7399\/revisions"}],"predecessor-version":[{"id":7411,"href":"https:\/\/daler.ch\/de\/wp-json\/wp\/v2\/posts\/7399\/revisions\/7411"}],"wp:featuredmedia":[{"embeddable":true,"href":"https:\/\/daler.ch\/de\/wp-json\/wp\/v2\/media\/4684"}],"wp:attachment":[{"href":"https:\/\/daler.ch\/de\/wp-json\/wp\/v2\/media?parent=7399"}],"wp:term":[{"taxonomy":"category","embeddable":true,"href":"https:\/\/daler.ch\/de\/wp-json\/wp\/v2\/categories?post=7399"},{"taxonomy":"post_tag","embeddable":true,"href":"https:\/\/daler.ch\/de\/wp-json\/wp\/v2\/tags?post=7399"}],"curies":[{"name":"wp","href":"https:\/\/api.w.org\/{rel}","templated":true}]}}