{"id":7427,"date":"2025-11-13T11:14:20","date_gmt":"2025-11-13T10:14:20","guid":{"rendered":"https:\/\/daler.ch\/?p=7427"},"modified":"2025-12-16T09:50:02","modified_gmt":"2025-12-16T08:50:02","slug":"akkreditierung-von-dr-med-spyros-michilis-facharzt-fmh-fuer-gynaekologie-und-geburtshilfe","status":"publish","type":"post","link":"https:\/\/daler.ch\/de\/akkreditierung-von-dr-med-spyros-michilis-facharzt-fmh-fuer-gynaekologie-und-geburtshilfe\/","title":{"rendered":"Akkreditierung von Dr. med. Spyros Michilis, Facharzt FMH f\u00fcr Gyn\u00e4kologie und Geburtshilfe"},"content":{"rendered":"<p>Wir freuen uns, Sie \u00fcber die k\u00fcrzliche Akkreditierung von Dr.\u00a0med.\u00a0Spyros Michilis, Facharzt FMH f\u00fcr Gyn\u00e4kologie und Geburtshilfe, zu informieren.<\/p>\n<p>Dr.\u00a0med.\u00a0Michilis hat 2014 sein Medizinstudium an der Universit\u00e4t Athen abgeschlossen. Anschliessend absolvierte er seine Weiterbildung in mehreren Pariser Spit\u00e4lern, bevor er 2021 den Titel als Facharzt f\u00fcr Gyn\u00e4kologie und Geburtshilfe erlangte. K\u00fcrzlich hat er zudem eine vertiefte Ausbildung in operativer Gyn\u00e4kologie und Geburtshilfe abgeschlossen.<\/p>\n<p>In den vergangenen Jahren war er in verschiedenen Funktionen am Interkantonalen Spital der Broye sowie am Spital Riviera-Chablais t\u00e4tig. Seit 2024 leitet er als Chefarzt die Abteilung f\u00fcr Gyn\u00e4kologie und Geburtshilfe am Interkantonalen Spital der Broye, und seit September 2025 praktiziert er zus\u00e4tzlich mit einem Teilzeitpensum in einer Praxis in Freiburg.<\/p>\n<p>Wir freuen uns auf die Zusammenarbeit mit Dr. med. Michilis und w\u00fcnschen ihm viel Erfolg in seiner neuen T\u00e4tigkeit am Daler Spital.<\/p>\n","protected":false},"excerpt":{"rendered":"<p>Wir freuen uns, Sie \u00fcber die k\u00fcrzliche Akkreditierung von Dr.\u00a0med.\u00a0Spyros Michilis, Facharzt FMH f\u00fcr Gyn\u00e4kologie und Geburtshilfe, zu informieren. Dr.\u00a0med.\u00a0Michilis hat 2014 sein Medizinstudium an der Universit\u00e4t Athen abgeschlossen. Anschliessend absolvierte er seine Weiterbildung in mehreren Pariser Spit\u00e4lern, bevor er [&hellip;]<\/p>\n","protected":false},"author":19,"featured_media":6536,"comment_status":"closed","ping_status":"closed","sticky":false,"template":"","format":"standard","meta":{"footnotes":""},"categories":[2],"tags":[],"class_list":["post-7427","post","type-post","status-publish","format-standard","has-post-thumbnail","hentry","category-unkategorisiert"],"yoast_head":"<!-- This site is optimized with the Yoast SEO plugin v27.5 - https:\/\/yoast.com\/product\/yoast-seo-wordpress\/ -->\n<title>Akkreditierung von Dr. med. Spyros Michilis, Facharzt FMH f\u00fcr Gyn\u00e4kologie und Geburtshilfe - Daler-Spital<\/title>\n<meta name=\"robots\" content=\"index, follow, max-snippet:-1, max-image-preview:large, max-video-preview:-1\" \/>\n<link rel=\"canonical\" href=\"https:\/\/daler.ch\/de\/akkreditierung-von-dr-med-spyros-michilis-facharzt-fmh-fuer-gynaekologie-und-geburtshilfe\/\" \/>\n<meta property=\"og:locale\" content=\"de_DE\" \/>\n<meta property=\"og:type\" content=\"article\" \/>\n<meta property=\"og:title\" content=\"Akkreditierung von Dr. med. Spyros Michilis, Facharzt FMH f\u00fcr Gyn\u00e4kologie und Geburtshilfe - Daler-Spital\" \/>\n<meta property=\"og:description\" content=\"Wir freuen uns, Sie \u00fcber die k\u00fcrzliche Akkreditierung von Dr.\u00a0med.\u00a0Spyros Michilis, Facharzt FMH f\u00fcr Gyn\u00e4kologie und Geburtshilfe, zu informieren. Dr.\u00a0med.\u00a0Michilis hat 2014 sein Medizinstudium an der Universit\u00e4t Athen abgeschlossen. Anschliessend absolvierte er seine Weiterbildung in mehreren Pariser Spit\u00e4lern, bevor er [&hellip;]\" \/>\n<meta property=\"og:url\" content=\"https:\/\/daler.ch\/de\/akkreditierung-von-dr-med-spyros-michilis-facharzt-fmh-fuer-gynaekologie-und-geburtshilfe\/\" \/>\n<meta property=\"og:site_name\" content=\"Daler-Spital\" \/>\n<meta property=\"article:published_time\" content=\"2025-11-13T10:14:20+00:00\" \/>\n<meta property=\"article:modified_time\" content=\"2025-12-16T08:50:02+00:00\" \/>\n<meta property=\"og:image\" content=\"https:\/\/daler.ch\/wp-content\/uploads\/2024\/07\/Daler_lot1_072015_020-scaled.jpg\" \/>\n\t<meta property=\"og:image:width\" content=\"2560\" \/>\n\t<meta property=\"og:image:height\" content=\"800\" \/>\n\t<meta property=\"og:image:type\" content=\"image\/jpeg\" \/>\n<meta name=\"author\" content=\"H\u00f4pital Daler\" \/>\n<meta name=\"twitter:card\" content=\"summary_large_image\" \/>\n<meta name=\"twitter:label1\" content=\"Verfasst von\" \/>\n\t<meta name=\"twitter:data1\" content=\"H\u00f4pital Daler\" \/>\n\t<meta name=\"twitter:label2\" content=\"Gesch\u00e4tzte Lesezeit\" \/>\n\t<meta name=\"twitter:data2\" content=\"1\u00a0Minute\" \/>\n<script type=\"application\/ld+json\" class=\"yoast-schema-graph\">{\"@context\":\"https:\\\/\\\/schema.org\",\"@graph\":[{\"@type\":\"Article\",\"@id\":\"https:\\\/\\\/daler.ch\\\/de\\\/akkreditierung-von-dr-med-spyros-michilis-facharzt-fmh-fuer-gynaekologie-und-geburtshilfe\\\/#article\",\"isPartOf\":{\"@id\":\"https:\\\/\\\/daler.ch\\\/de\\\/akkreditierung-von-dr-med-spyros-michilis-facharzt-fmh-fuer-gynaekologie-und-geburtshilfe\\\/\"},\"author\":{\"name\":\"H\u00f4pital Daler\",\"@id\":\"https:\\\/\\\/daler.ch\\\/#\\\/schema\\\/person\\\/c95cd80fb196b450ba5c65c698361177\"},\"headline\":\"Akkreditierung von Dr. med. Spyros Michilis, Facharzt FMH f\u00fcr Gyn\u00e4kologie und Geburtshilfe\",\"datePublished\":\"2025-11-13T10:14:20+00:00\",\"dateModified\":\"2025-12-16T08:50:02+00:00\",\"mainEntityOfPage\":{\"@id\":\"https:\\\/\\\/daler.ch\\\/de\\\/akkreditierung-von-dr-med-spyros-michilis-facharzt-fmh-fuer-gynaekologie-und-geburtshilfe\\\/\"},\"wordCount\":165,\"image\":{\"@id\":\"https:\\\/\\\/daler.ch\\\/de\\\/akkreditierung-von-dr-med-spyros-michilis-facharzt-fmh-fuer-gynaekologie-und-geburtshilfe\\\/#primaryimage\"},\"thumbnailUrl\":\"https:\\\/\\\/daler.ch\\\/wp-content\\\/uploads\\\/2024\\\/07\\\/Daler_lot1_072015_020-scaled.jpg\",\"articleSection\":[\"Unkategorisiert\"],\"inLanguage\":\"de\"},{\"@type\":\"WebPage\",\"@id\":\"https:\\\/\\\/daler.ch\\\/de\\\/akkreditierung-von-dr-med-spyros-michilis-facharzt-fmh-fuer-gynaekologie-und-geburtshilfe\\\/\",\"url\":\"https:\\\/\\\/daler.ch\\\/de\\\/akkreditierung-von-dr-med-spyros-michilis-facharzt-fmh-fuer-gynaekologie-und-geburtshilfe\\\/\",\"name\":\"Akkreditierung von Dr. med. Spyros Michilis, Facharzt FMH f\u00fcr Gyn\u00e4kologie und Geburtshilfe - Daler-Spital\",\"isPartOf\":{\"@id\":\"https:\\\/\\\/daler.ch\\\/#website\"},\"primaryImageOfPage\":{\"@id\":\"https:\\\/\\\/daler.ch\\\/de\\\/akkreditierung-von-dr-med-spyros-michilis-facharzt-fmh-fuer-gynaekologie-und-geburtshilfe\\\/#primaryimage\"},\"image\":{\"@id\":\"https:\\\/\\\/daler.ch\\\/de\\\/akkreditierung-von-dr-med-spyros-michilis-facharzt-fmh-fuer-gynaekologie-und-geburtshilfe\\\/#primaryimage\"},\"thumbnailUrl\":\"https:\\\/\\\/daler.ch\\\/wp-content\\\/uploads\\\/2024\\\/07\\\/Daler_lot1_072015_020-scaled.jpg\",\"datePublished\":\"2025-11-13T10:14:20+00:00\",\"dateModified\":\"2025-12-16T08:50:02+00:00\",\"author\":{\"@id\":\"https:\\\/\\\/daler.ch\\\/#\\\/schema\\\/person\\\/c95cd80fb196b450ba5c65c698361177\"},\"breadcrumb\":{\"@id\":\"https:\\\/\\\/daler.ch\\\/de\\\/akkreditierung-von-dr-med-spyros-michilis-facharzt-fmh-fuer-gynaekologie-und-geburtshilfe\\\/#breadcrumb\"},\"inLanguage\":\"de\",\"potentialAction\":[{\"@type\":\"ReadAction\",\"target\":[\"https:\\\/\\\/daler.ch\\\/de\\\/akkreditierung-von-dr-med-spyros-michilis-facharzt-fmh-fuer-gynaekologie-und-geburtshilfe\\\/\"]}]},{\"@type\":\"ImageObject\",\"inLanguage\":\"de\",\"@id\":\"https:\\\/\\\/daler.ch\\\/de\\\/akkreditierung-von-dr-med-spyros-michilis-facharzt-fmh-fuer-gynaekologie-und-geburtshilfe\\\/#primaryimage\",\"url\":\"https:\\\/\\\/daler.ch\\\/wp-content\\\/uploads\\\/2024\\\/07\\\/Daler_lot1_072015_020-scaled.jpg\",\"contentUrl\":\"https:\\\/\\\/daler.ch\\\/wp-content\\\/uploads\\\/2024\\\/07\\\/Daler_lot1_072015_020-scaled.jpg\",\"width\":2560,\"height\":800},{\"@type\":\"BreadcrumbList\",\"@id\":\"https:\\\/\\\/daler.ch\\\/de\\\/akkreditierung-von-dr-med-spyros-michilis-facharzt-fmh-fuer-gynaekologie-und-geburtshilfe\\\/#breadcrumb\",\"itemListElement\":[{\"@type\":\"ListItem\",\"position\":1,\"name\":\"Home\",\"item\":\"https:\\\/\\\/daler.ch\\\/de\\\/\"},{\"@type\":\"ListItem\",\"position\":2,\"name\":\"Akkreditierung von Dr. med. Spyros Michilis, Facharzt FMH f\u00fcr Gyn\u00e4kologie und Geburtshilfe\"}]},{\"@type\":\"WebSite\",\"@id\":\"https:\\\/\\\/daler.ch\\\/#website\",\"url\":\"https:\\\/\\\/daler.ch\\\/\",\"name\":\"Daler-Spital\",\"description\":\"Hopital Daler\",\"potentialAction\":[{\"@type\":\"SearchAction\",\"target\":{\"@type\":\"EntryPoint\",\"urlTemplate\":\"https:\\\/\\\/daler.ch\\\/?s={search_term_string}\"},\"query-input\":{\"@type\":\"PropertyValueSpecification\",\"valueRequired\":true,\"valueName\":\"search_term_string\"}}],\"inLanguage\":\"de\"},{\"@type\":\"Person\",\"@id\":\"https:\\\/\\\/daler.ch\\\/#\\\/schema\\\/person\\\/c95cd80fb196b450ba5c65c698361177\",\"name\":\"H\u00f4pital Daler\",\"image\":{\"@type\":\"ImageObject\",\"inLanguage\":\"de\",\"@id\":\"https:\\\/\\\/secure.gravatar.com\\\/avatar\\\/9d7fe3e382138a2c682826ea8c2bedce532c025208dae85273950fcac5ed7771?s=96&d=mm&r=g\",\"url\":\"https:\\\/\\\/secure.gravatar.com\\\/avatar\\\/9d7fe3e382138a2c682826ea8c2bedce532c025208dae85273950fcac5ed7771?s=96&d=mm&r=g\",\"contentUrl\":\"https:\\\/\\\/secure.gravatar.com\\\/avatar\\\/9d7fe3e382138a2c682826ea8c2bedce532c025208dae85273950fcac5ed7771?s=96&d=mm&r=g\",\"caption\":\"H\u00f4pital Daler\"}}]}<\/script>\n<!-- \/ Yoast SEO plugin. -->","yoast_head_json":{"title":"Akkreditierung von Dr. med. Spyros Michilis, Facharzt FMH f\u00fcr Gyn\u00e4kologie und Geburtshilfe - Daler-Spital","robots":{"index":"index","follow":"follow","max-snippet":"max-snippet:-1","max-image-preview":"max-image-preview:large","max-video-preview":"max-video-preview:-1"},"canonical":"https:\/\/daler.ch\/de\/akkreditierung-von-dr-med-spyros-michilis-facharzt-fmh-fuer-gynaekologie-und-geburtshilfe\/","og_locale":"de_DE","og_type":"article","og_title":"Akkreditierung von Dr. med. Spyros Michilis, Facharzt FMH f\u00fcr Gyn\u00e4kologie und Geburtshilfe - Daler-Spital","og_description":"Wir freuen uns, Sie \u00fcber die k\u00fcrzliche Akkreditierung von Dr.\u00a0med.\u00a0Spyros Michilis, Facharzt FMH f\u00fcr Gyn\u00e4kologie und Geburtshilfe, zu informieren. Dr.\u00a0med.\u00a0Michilis hat 2014 sein Medizinstudium an der Universit\u00e4t Athen abgeschlossen. Anschliessend absolvierte er seine Weiterbildung in mehreren Pariser Spit\u00e4lern, bevor er [&hellip;]","og_url":"https:\/\/daler.ch\/de\/akkreditierung-von-dr-med-spyros-michilis-facharzt-fmh-fuer-gynaekologie-und-geburtshilfe\/","og_site_name":"Daler-Spital","article_published_time":"2025-11-13T10:14:20+00:00","article_modified_time":"2025-12-16T08:50:02+00:00","og_image":[{"width":2560,"height":800,"url":"https:\/\/daler.ch\/wp-content\/uploads\/2024\/07\/Daler_lot1_072015_020-scaled.jpg","type":"image\/jpeg"}],"author":"H\u00f4pital Daler","twitter_card":"summary_large_image","twitter_misc":{"Verfasst von":"H\u00f4pital Daler","Gesch\u00e4tzte Lesezeit":"1\u00a0Minute"},"schema":{"@context":"https:\/\/schema.org","@graph":[{"@type":"Article","@id":"https:\/\/daler.ch\/de\/akkreditierung-von-dr-med-spyros-michilis-facharzt-fmh-fuer-gynaekologie-und-geburtshilfe\/#article","isPartOf":{"@id":"https:\/\/daler.ch\/de\/akkreditierung-von-dr-med-spyros-michilis-facharzt-fmh-fuer-gynaekologie-und-geburtshilfe\/"},"author":{"name":"H\u00f4pital Daler","@id":"https:\/\/daler.ch\/#\/schema\/person\/c95cd80fb196b450ba5c65c698361177"},"headline":"Akkreditierung von Dr. med. Spyros Michilis, Facharzt FMH f\u00fcr Gyn\u00e4kologie und Geburtshilfe","datePublished":"2025-11-13T10:14:20+00:00","dateModified":"2025-12-16T08:50:02+00:00","mainEntityOfPage":{"@id":"https:\/\/daler.ch\/de\/akkreditierung-von-dr-med-spyros-michilis-facharzt-fmh-fuer-gynaekologie-und-geburtshilfe\/"},"wordCount":165,"image":{"@id":"https:\/\/daler.ch\/de\/akkreditierung-von-dr-med-spyros-michilis-facharzt-fmh-fuer-gynaekologie-und-geburtshilfe\/#primaryimage"},"thumbnailUrl":"https:\/\/daler.ch\/wp-content\/uploads\/2024\/07\/Daler_lot1_072015_020-scaled.jpg","articleSection":["Unkategorisiert"],"inLanguage":"de"},{"@type":"WebPage","@id":"https:\/\/daler.ch\/de\/akkreditierung-von-dr-med-spyros-michilis-facharzt-fmh-fuer-gynaekologie-und-geburtshilfe\/","url":"https:\/\/daler.ch\/de\/akkreditierung-von-dr-med-spyros-michilis-facharzt-fmh-fuer-gynaekologie-und-geburtshilfe\/","name":"Akkreditierung von Dr. med. Spyros Michilis, Facharzt FMH f\u00fcr Gyn\u00e4kologie und Geburtshilfe - Daler-Spital","isPartOf":{"@id":"https:\/\/daler.ch\/#website"},"primaryImageOfPage":{"@id":"https:\/\/daler.ch\/de\/akkreditierung-von-dr-med-spyros-michilis-facharzt-fmh-fuer-gynaekologie-und-geburtshilfe\/#primaryimage"},"image":{"@id":"https:\/\/daler.ch\/de\/akkreditierung-von-dr-med-spyros-michilis-facharzt-fmh-fuer-gynaekologie-und-geburtshilfe\/#primaryimage"},"thumbnailUrl":"https:\/\/daler.ch\/wp-content\/uploads\/2024\/07\/Daler_lot1_072015_020-scaled.jpg","datePublished":"2025-11-13T10:14:20+00:00","dateModified":"2025-12-16T08:50:02+00:00","author":{"@id":"https:\/\/daler.ch\/#\/schema\/person\/c95cd80fb196b450ba5c65c698361177"},"breadcrumb":{"@id":"https:\/\/daler.ch\/de\/akkreditierung-von-dr-med-spyros-michilis-facharzt-fmh-fuer-gynaekologie-und-geburtshilfe\/#breadcrumb"},"inLanguage":"de","potentialAction":[{"@type":"ReadAction","target":["https:\/\/daler.ch\/de\/akkreditierung-von-dr-med-spyros-michilis-facharzt-fmh-fuer-gynaekologie-und-geburtshilfe\/"]}]},{"@type":"ImageObject","inLanguage":"de","@id":"https:\/\/daler.ch\/de\/akkreditierung-von-dr-med-spyros-michilis-facharzt-fmh-fuer-gynaekologie-und-geburtshilfe\/#primaryimage","url":"https:\/\/daler.ch\/wp-content\/uploads\/2024\/07\/Daler_lot1_072015_020-scaled.jpg","contentUrl":"https:\/\/daler.ch\/wp-content\/uploads\/2024\/07\/Daler_lot1_072015_020-scaled.jpg","width":2560,"height":800},{"@type":"BreadcrumbList","@id":"https:\/\/daler.ch\/de\/akkreditierung-von-dr-med-spyros-michilis-facharzt-fmh-fuer-gynaekologie-und-geburtshilfe\/#breadcrumb","itemListElement":[{"@type":"ListItem","position":1,"name":"Home","item":"https:\/\/daler.ch\/de\/"},{"@type":"ListItem","position":2,"name":"Akkreditierung von Dr. med. Spyros Michilis, Facharzt FMH f\u00fcr Gyn\u00e4kologie und Geburtshilfe"}]},{"@type":"WebSite","@id":"https:\/\/daler.ch\/#website","url":"https:\/\/daler.ch\/","name":"Daler-Spital","description":"Hopital Daler","potentialAction":[{"@type":"SearchAction","target":{"@type":"EntryPoint","urlTemplate":"https:\/\/daler.ch\/?s={search_term_string}"},"query-input":{"@type":"PropertyValueSpecification","valueRequired":true,"valueName":"search_term_string"}}],"inLanguage":"de"},{"@type":"Person","@id":"https:\/\/daler.ch\/#\/schema\/person\/c95cd80fb196b450ba5c65c698361177","name":"H\u00f4pital Daler","image":{"@type":"ImageObject","inLanguage":"de","@id":"https:\/\/secure.gravatar.com\/avatar\/9d7fe3e382138a2c682826ea8c2bedce532c025208dae85273950fcac5ed7771?s=96&d=mm&r=g","url":"https:\/\/secure.gravatar.com\/avatar\/9d7fe3e382138a2c682826ea8c2bedce532c025208dae85273950fcac5ed7771?s=96&d=mm&r=g","contentUrl":"https:\/\/secure.gravatar.com\/avatar\/9d7fe3e382138a2c682826ea8c2bedce532c025208dae85273950fcac5ed7771?s=96&d=mm&r=g","caption":"H\u00f4pital Daler"}}]}},"_links":{"self":[{"href":"https:\/\/daler.ch\/de\/wp-json\/wp\/v2\/posts\/7427","targetHints":{"allow":["GET"]}}],"collection":[{"href":"https:\/\/daler.ch\/de\/wp-json\/wp\/v2\/posts"}],"about":[{"href":"https:\/\/daler.ch\/de\/wp-json\/wp\/v2\/types\/post"}],"author":[{"embeddable":true,"href":"https:\/\/daler.ch\/de\/wp-json\/wp\/v2\/users\/19"}],"replies":[{"embeddable":true,"href":"https:\/\/daler.ch\/de\/wp-json\/wp\/v2\/comments?post=7427"}],"version-history":[{"count":1,"href":"https:\/\/daler.ch\/de\/wp-json\/wp\/v2\/posts\/7427\/revisions"}],"predecessor-version":[{"id":7428,"href":"https:\/\/daler.ch\/de\/wp-json\/wp\/v2\/posts\/7427\/revisions\/7428"}],"wp:featuredmedia":[{"embeddable":true,"href":"https:\/\/daler.ch\/de\/wp-json\/wp\/v2\/media\/6536"}],"wp:attachment":[{"href":"https:\/\/daler.ch\/de\/wp-json\/wp\/v2\/media?parent=7427"}],"wp:term":[{"taxonomy":"category","embeddable":true,"href":"https:\/\/daler.ch\/de\/wp-json\/wp\/v2\/categories?post=7427"},{"taxonomy":"post_tag","embeddable":true,"href":"https:\/\/daler.ch\/de\/wp-json\/wp\/v2\/tags?post=7427"}],"curies":[{"name":"wp","href":"https:\/\/api.w.org\/{rel}","templated":true}]}}